{"id":12534,"date":"2024-07-19T11:28:34","date_gmt":"2024-07-19T14:28:34","guid":{"rendered":"https:\/\/revistaautobus.com.br\/?p=12534"},"modified":"2024-07-19T11:28:34","modified_gmt":"2024-07-19T14:28:34","slug":"crescimento-incentivado-pelo-bom-atendimento-das-solucoes-oferecidas-e-dos-atributos-veiculares","status":"publish","type":"post","link":"https:\/\/revistaautobus.com.br\/?p=12534","title":{"rendered":"Crescimento incentivado pelo bom atendimento, das solu\u00e7\u00f5es oferecidas e dos atributos veiculares"},"content":{"rendered":"<p>Os primeiros seis meses deste ano podem ser celebrados com muita felicidade pela marca Scania em rela\u00e7\u00e3o a sua participa\u00e7\u00e3o no mercado brasileiro de \u00f4nibus rodovi\u00e1rio. Seu ambiente de neg\u00f3cios se mostrou muito favor\u00e1vel, resultando em um crescimento expressivo de 152% se comparado ao mesmo per\u00edodo do ano passado.<\/p>\n<p>De acordo com a montadora, havia uma expectativa de aumento das vendas de chassis com motor traseiro para o transporte rodovi\u00e1rio e fretamento entre 10 e 15%, mas o que aconteceu surpreendeu em muito a sua gest\u00e3o comercial, com uma expans\u00e3o de 50% no geral. Gustavo Cecchetto, gerente de Vendas de Solu\u00e7\u00f5es para Mobilidade da Scania Opera\u00e7\u00f5es Comerciais Brasil, destacou uma evolu\u00e7\u00e3o e tanto nos neg\u00f3cios da montadora no setor que adota ve\u00edculos de \u00faltima gera\u00e7\u00e3o. \u201cEm 2023, emplacamos 123 chassis e neste ano, at\u00e9 agora, foram 311 ve\u00edculos emplacados. Isso representa 152% de crescimento, maior do que o mercado. Em consequ\u00eancia disso \u00e9 que n\u00f3s ganhamos <em>market share<\/em>, pois t\u00ednhamos no ano passado uma participa\u00e7\u00e3o de 20% e agora alcan\u00e7amos 31%\u201d, observou.<\/p>\n<p>Segundo ele, as operadoras regulares est\u00e3o investindo na renova\u00e7\u00e3o de suas frotas em virtude do aumento das viagens rodovi\u00e1rias em decorr\u00eancia aos altos pre\u00e7os das passagens a\u00e9reas. \u201cAs pessoas est\u00e3o preferindo viajar de \u00f4nibus. Outro fator que movimentou as nossas vendas foi o incremento do setor de fretamento industrial, demandando novos ve\u00edculos\u201d, disse Cecchetto.<\/p>\n<div id=\"attachment_12536\" style=\"width: 1010px\" class=\"wp-caption alignnone\"><img loading=\"lazy\" decoding=\"async\" aria-describedby=\"caption-attachment-12536\" class=\"wp-image-12536 size-full\" src=\"https:\/\/revistaautobus.com.br\/wp-content\/uploads\/2024\/07\/383bee490469858dc40a94dc560915f2.jpeg\" alt=\"\" width=\"1000\" height=\"665\" srcset=\"https:\/\/revistaautobus.com.br\/wp-content\/uploads\/2024\/07\/383bee490469858dc40a94dc560915f2.jpeg 1000w, https:\/\/revistaautobus.com.br\/wp-content\/uploads\/2024\/07\/383bee490469858dc40a94dc560915f2-300x200.jpeg 300w, https:\/\/revistaautobus.com.br\/wp-content\/uploads\/2024\/07\/383bee490469858dc40a94dc560915f2-768x511.jpeg 768w\" sizes=\"(max-width: 1000px) 100vw, 1000px\" \/><p id=\"caption-attachment-12536\" class=\"wp-caption-text\"><em><strong>Gustavo Cecchetto<\/strong><\/em><\/p><\/div>\n<p>E claro, as solu\u00e7\u00f5es tecnol\u00f3gicas e os servi\u00e7os disponibilizados pela marca, tamb\u00e9m, contribu\u00edram com a alta dos chassis emplacados. \u201cNossos clientes podem contar com a efici\u00eancia, a rentabilidade, a economia de combust\u00edvel e toda a tecnologia embarcada para que suas opera\u00e7\u00f5es possam ser as melhores no setor. A linha Euro VI de nossos chassis tem entregado muita efici\u00eancia energ\u00e9tica. Al\u00e9m disso, ficar pr\u00f3ximo ao cliente favorece uma rela\u00e7\u00e3o comercial muito positiva\u201d, explicou o gerente da Scania.<\/p>\n<p>A montadora salienta que sua atual gera\u00e7\u00e3o de motores promove uma economia de combust\u00edvel de 8%, contudo, em associa\u00e7\u00e3o ao sistema que se chama Acelerador Inteligente, ou controle de acelera\u00e7\u00e3o, essa economia pode ser de 11%. O recurso funciona ligado a uma an\u00e1lise do peso do ve\u00edculo, da posi\u00e7\u00e3o do pedal de acelera\u00e7\u00e3o e deslocamento do modelo, para evitar acelera\u00e7\u00f5es bruscas e desperd\u00edcio de combust\u00edvel. Dessa maneira, o \u00f4nibus \u00e9 conduzido de maneira mais confort\u00e1vel e econ\u00f4mica preservando outros componentes do trem de for\u00e7a e os freios.<\/p>\n<p>O Acelerador Inteligente trabalha de forma autom\u00e1tica e \u00e9 desativado quando o motorista pressiona o acelerador at\u00e9 o fundo (posi\u00e7\u00e3o do <em>Kickdown<\/em>), entendendo que o condutor precisa de toda a capacidade de acelera\u00e7\u00e3o. Ao soltar o pedal, o sistema volta a controlar a acelera\u00e7\u00e3o. Numa viagem com alta frequ\u00eancia de altern\u00e2ncias de velocidade, tr\u00e1fego intenso e em \u00f4nibus n\u00e3o totalmente ocupado, o acelerador inteligente contribui para maior economia de combust\u00edvel.<\/p>\n<p>Quanto ao volume emplacado nos primeiros seis meses deste ano, o modelo K410 (6&#215;2) lidera a comercializa\u00e7\u00e3o, num mercado que tem se mostrado diferente quanto a investir em ve\u00edculos de maior porte, pois h\u00e1 uma migra\u00e7\u00e3o dos clientes para essa vers\u00e3o em fun\u00e7\u00e3o dos menores custos operacionais e de aquisi\u00e7\u00e3o se comparados ao modelo 8&#215;2. \u201cA op\u00e7\u00e3o por um ve\u00edculo 6&#215;2 proporciona a redu\u00e7\u00e3o dos custos operacionais, dos valores pagos em ped\u00e1gio e de manuten\u00e7\u00e3o. Os operadores querem ter uma equa\u00e7\u00e3o vi\u00e1vel, que fa\u00e7a sentido em seus neg\u00f3cios. Claro que a vers\u00e3o 8&#215;2 continua tendo seu espa\u00e7o, em rotas de longas dist\u00e2ncias e em servi\u00e7os de turismo. O chassi K410 \u00e9 robusto e atende aos requisitos de nossos clientes\u201d, afirmou Cecchetto.<\/p>\n<p>Quanto aos componentes de seguran\u00e7a embarcados nos chassis, Gustavo lembrou que entre 20 e 30% do volume negociado sai de f\u00e1brica com esses dispositivos. Em se tratando da vers\u00e3o 8&#215;2, 80% dos chassis emplacados contam com o sistema ADAS, sendo que no modelo K500 a tecnologia passou a ser de s\u00e9rie h\u00e1 pouco tempo.<\/p>\n<p><img loading=\"lazy\" decoding=\"async\" class=\"wp-image-12537 size-large aligncenter\" src=\"https:\/\/revistaautobus.com.br\/wp-content\/uploads\/2024\/07\/DD-Scania-2-683x1024.png\" alt=\"\" width=\"683\" height=\"1024\" srcset=\"https:\/\/revistaautobus.com.br\/wp-content\/uploads\/2024\/07\/DD-Scania-2-683x1024.png 683w, https:\/\/revistaautobus.com.br\/wp-content\/uploads\/2024\/07\/DD-Scania-2-200x300.png 200w, https:\/\/revistaautobus.com.br\/wp-content\/uploads\/2024\/07\/DD-Scania-2-768x1152.png 768w, https:\/\/revistaautobus.com.br\/wp-content\/uploads\/2024\/07\/DD-Scania-2.png 800w\" sizes=\"(max-width: 683px) 100vw, 683px\" \/><\/p>\n<p>Solu\u00e7\u00f5es em monitoramento operacional e contratos de manuten\u00e7\u00e3o, ainda, se destacam nessa rela\u00e7\u00e3o entre a empresa e os seus clientes. Cecchetto contou que os servi\u00e7os conectados s\u00e3o fundamentais para os operadores extra\u00edrem o m\u00e1ximo de efici\u00eancia dos produtos e que o programa Scania PRO Personal proporciona maior disponibilidade do ve\u00edculo, permite uma manuten\u00e7\u00e3o personalizada, com menores custos, sob a supervis\u00e3o de um corpo t\u00e9cnico especializado. \u201cCom nossa conectividade, o operador consegue monitorar a opera\u00e7\u00e3o de seus \u00f4nibus, avaliar a condu\u00e7\u00e3o de seus motoristas e fazer uma gest\u00e3o aprimorada, tudo em tempo real. Quanto a manuten\u00e7\u00e3o, ela \u00e9 realizada por mec\u00e2nicos capacitados, com pe\u00e7as genu\u00ednas, sempre pensando na disponibilidade dos \u00f4nibus\u201d.<\/p>\n<p>A Scania, tamb\u00e9m, disp\u00f5e do FIT (Ferramenta de Intelig\u00eancia de Frotas na tradu\u00e7\u00e3o do ingl\u00eas), sendo que o cliente usa a conectividade para mensurar o potencial de economia dos \u00f4nibus, al\u00e9m de avaliar a situa\u00e7\u00e3o atual de cada um e as a\u00e7\u00f5es que devem ser tomadas para melhorar o consumo de combust\u00edvel. Ele funciona com base nos dados operacionais de milhares de ve\u00edculos conectados da marca, medindo o desempenho da frota e comparando a dados de opera\u00e7\u00f5es similares, para avaliar o estilo de condu\u00e7\u00e3o. S\u00e3o analisados cinco par\u00e2metros: marcha lenta, in\u00e9rcia, condu\u00e7\u00e3o em trecho de serra, antecipa\u00e7\u00e3o e freadas bruscas.<\/p>\n<p>Em rela\u00e7\u00e3o ao segundo semestre de 2024, a marca espera finalizar o ano com um crescimento entre 30 e 40% no volume total nos emplacamentos, com 850 unidades, ante 560 do ano passado. Durante a Lat.Bus, ela estar\u00e1 presente com dois chassis, um rodovi\u00e1rio (K500) e o outro com tra\u00e7\u00e3o el\u00e9trica, para o transporte urbano, novidade rec\u00e9m apresentada.<\/p>\n<p>Imagens &#8211; Divulga\u00e7\u00e3o<\/p>\n","protected":false},"excerpt":{"rendered":"<p>Scania apresenta expans\u00e3o significativa de emplacamentos de \u00f4nibus no primeiro semestre de 2024<\/p>\n","protected":false},"author":2,"featured_media":12535,"comment_status":"open","ping_status":"open","sticky":false,"template":"","format":"standard","meta":{"_et_pb_use_builder":"","_et_pb_old_content":"","_et_gb_content_width":"","_jetpack_memberships_contains_paid_content":false,"footnotes":""},"categories":[10,90,80],"tags":[803,100],"class_list":["post-12534","post","type-post","status-publish","format-standard","has-post-thumbnail","hentry","category-montadoras","category-noticias","category-transporte-rodoviario","tag-onibus-scania-euro-vi","tag-scania","et-has-post-format-content","et_post_format-et-post-format-standard"],"yoast_head":"<!-- This site is optimized with the Yoast SEO plugin v27.2 - https:\/\/yoast.com\/product\/yoast-seo-wordpress\/ -->\n<title>Crescimento incentivado pelo bom atendimento, das solu\u00e7\u00f5es oferecidas e dos atributos veiculares - Revista AutoBus<\/title>\n<meta name=\"robots\" content=\"index, follow, max-snippet:-1, max-image-preview:large, max-video-preview:-1\" \/>\n<link rel=\"canonical\" href=\"https:\/\/revistaautobus.com.br\/?p=12534\" \/>\n<meta property=\"og:locale\" content=\"pt_BR\" \/>\n<meta property=\"og:type\" content=\"article\" \/>\n<meta property=\"og:title\" content=\"Crescimento incentivado pelo bom atendimento, das solu\u00e7\u00f5es oferecidas e dos atributos veiculares - Revista AutoBus\" \/>\n<meta property=\"og:description\" content=\"Scania apresenta expans\u00e3o significativa de emplacamentos de \u00f4nibus no primeiro semestre de 2024\" \/>\n<meta property=\"og:url\" content=\"https:\/\/revistaautobus.com.br\/?p=12534\" \/>\n<meta property=\"og:site_name\" content=\"Revista AutoBus\" \/>\n<meta property=\"article:publisher\" content=\"https:\/\/www.facebook.com\/antonio.ferro.3150\" \/>\n<meta property=\"article:published_time\" content=\"2024-07-19T14:28:34+00:00\" \/>\n<meta property=\"og:image\" content=\"https:\/\/revistaautobus.com.br\/wp-content\/uploads\/2024\/07\/1626783917242.jpeg\" \/>\n\t<meta property=\"og:image:width\" content=\"768\" \/>\n\t<meta property=\"og:image:height\" content=\"768\" \/>\n\t<meta property=\"og:image:type\" content=\"image\/jpeg\" \/>\n<meta name=\"author\" content=\"Antonio Ferro\" \/>\n<meta name=\"twitter:card\" content=\"summary_large_image\" \/>\n<meta name=\"twitter:label1\" content=\"Escrito por\" \/>\n\t<meta name=\"twitter:data1\" content=\"Antonio Ferro\" \/>\n\t<meta name=\"twitter:label2\" content=\"Est. tempo de leitura\" \/>\n\t<meta name=\"twitter:data2\" content=\"5 minutos\" \/>\n<script type=\"application\/ld+json\" class=\"yoast-schema-graph\">{\"@context\":\"https:\/\/schema.org\",\"@graph\":[{\"@type\":\"Article\",\"@id\":\"https:\/\/revistaautobus.com.br\/?p=12534#article\",\"isPartOf\":{\"@id\":\"https:\/\/revistaautobus.com.br\/?p=12534\"},\"author\":{\"name\":\"Antonio Ferro\",\"@id\":\"https:\/\/revistaautobus.com.br\/#\/schema\/person\/54af7c3eb83a310e42ef686ef6d16f50\"},\"headline\":\"Crescimento incentivado pelo bom atendimento, das solu\u00e7\u00f5es oferecidas e dos atributos veiculares\",\"datePublished\":\"2024-07-19T14:28:34+00:00\",\"mainEntityOfPage\":{\"@id\":\"https:\/\/revistaautobus.com.br\/?p=12534\"},\"wordCount\":1033,\"commentCount\":0,\"publisher\":{\"@id\":\"https:\/\/revistaautobus.com.br\/#organization\"},\"image\":{\"@id\":\"https:\/\/revistaautobus.com.br\/?p=12534#primaryimage\"},\"thumbnailUrl\":\"https:\/\/revistaautobus.com.br\/wp-content\/uploads\/2024\/07\/1626783917242.jpeg\",\"keywords\":[\"\u00f4nibus Scania Euro VI\",\"Scania\"],\"articleSection\":[\"Montadoras\",\"Not\u00edcias\",\"Transporte rodovi\u00e1rio\"],\"inLanguage\":\"pt-BR\",\"potentialAction\":[{\"@type\":\"CommentAction\",\"name\":\"Comment\",\"target\":[\"https:\/\/revistaautobus.com.br\/?p=12534#respond\"]}]},{\"@type\":\"WebPage\",\"@id\":\"https:\/\/revistaautobus.com.br\/?p=12534\",\"url\":\"https:\/\/revistaautobus.com.br\/?p=12534\",\"name\":\"Crescimento incentivado pelo bom atendimento, das solu\u00e7\u00f5es oferecidas e dos atributos veiculares - Revista AutoBus\",\"isPartOf\":{\"@id\":\"https:\/\/revistaautobus.com.br\/#website\"},\"primaryImageOfPage\":{\"@id\":\"https:\/\/revistaautobus.com.br\/?p=12534#primaryimage\"},\"image\":{\"@id\":\"https:\/\/revistaautobus.com.br\/?p=12534#primaryimage\"},\"thumbnailUrl\":\"https:\/\/revistaautobus.com.br\/wp-content\/uploads\/2024\/07\/1626783917242.jpeg\",\"datePublished\":\"2024-07-19T14:28:34+00:00\",\"breadcrumb\":{\"@id\":\"https:\/\/revistaautobus.com.br\/?p=12534#breadcrumb\"},\"inLanguage\":\"pt-BR\",\"potentialAction\":[{\"@type\":\"ReadAction\",\"target\":[\"https:\/\/revistaautobus.com.br\/?p=12534\"]}]},{\"@type\":\"ImageObject\",\"inLanguage\":\"pt-BR\",\"@id\":\"https:\/\/revistaautobus.com.br\/?p=12534#primaryimage\",\"url\":\"https:\/\/revistaautobus.com.br\/wp-content\/uploads\/2024\/07\/1626783917242.jpeg\",\"contentUrl\":\"https:\/\/revistaautobus.com.br\/wp-content\/uploads\/2024\/07\/1626783917242.jpeg\",\"width\":768,\"height\":768},{\"@type\":\"BreadcrumbList\",\"@id\":\"https:\/\/revistaautobus.com.br\/?p=12534#breadcrumb\",\"itemListElement\":[{\"@type\":\"ListItem\",\"position\":1,\"name\":\"In\u00edcio\",\"item\":\"https:\/\/revistaautobus.com.br\/\"},{\"@type\":\"ListItem\",\"position\":2,\"name\":\"Crescimento incentivado pelo bom atendimento, das solu\u00e7\u00f5es oferecidas e dos atributos veiculares\"}]},{\"@type\":\"WebSite\",\"@id\":\"https:\/\/revistaautobus.com.br\/#website\",\"url\":\"https:\/\/revistaautobus.com.br\/\",\"name\":\"Revista AutoBus\",\"description\":\"\",\"publisher\":{\"@id\":\"https:\/\/revistaautobus.com.br\/#organization\"},\"potentialAction\":[{\"@type\":\"SearchAction\",\"target\":{\"@type\":\"EntryPoint\",\"urlTemplate\":\"https:\/\/revistaautobus.com.br\/?s={search_term_string}\"},\"query-input\":{\"@type\":\"PropertyValueSpecification\",\"valueRequired\":true,\"valueName\":\"search_term_string\"}}],\"inLanguage\":\"pt-BR\"},{\"@type\":\"Organization\",\"@id\":\"https:\/\/revistaautobus.com.br\/#organization\",\"name\":\"Revista AutoBus\",\"url\":\"https:\/\/revistaautobus.com.br\/\",\"logo\":{\"@type\":\"ImageObject\",\"inLanguage\":\"pt-BR\",\"@id\":\"https:\/\/revistaautobus.com.br\/#\/schema\/logo\/image\/\",\"url\":\"https:\/\/revistaautobus.com.br\/wp-content\/uploads\/2024\/11\/logo_revista_autobus_fb.png\",\"contentUrl\":\"https:\/\/revistaautobus.com.br\/wp-content\/uploads\/2024\/11\/logo_revista_autobus_fb.png\",\"width\":836,\"height\":227,\"caption\":\"Revista AutoBus\"},\"image\":{\"@id\":\"https:\/\/revistaautobus.com.br\/#\/schema\/logo\/image\/\"},\"sameAs\":[\"https:\/\/www.facebook.com\/antonio.ferro.3150\",\"https:\/\/www.instagram.com\/revistaautobus\/\"]},{\"@type\":\"Person\",\"@id\":\"https:\/\/revistaautobus.com.br\/#\/schema\/person\/54af7c3eb83a310e42ef686ef6d16f50\",\"name\":\"Antonio Ferro\",\"image\":{\"@type\":\"ImageObject\",\"inLanguage\":\"pt-BR\",\"@id\":\"https:\/\/revistaautobus.com.br\/wp-content\/uploads\/2025\/12\/editor_antonio_ferro-150x150.jpg\",\"url\":\"https:\/\/revistaautobus.com.br\/wp-content\/uploads\/2025\/12\/editor_antonio_ferro-150x150.jpg\",\"contentUrl\":\"https:\/\/revistaautobus.com.br\/wp-content\/uploads\/2025\/12\/editor_antonio_ferro-150x150.jpg\",\"caption\":\"Antonio Ferro\"},\"description\":\"infobus@uol.com.br\",\"url\":\"https:\/\/revistaautobus.com.br\/?author=2\"}]}<\/script>\n<!-- \/ Yoast SEO plugin. -->","yoast_head_json":{"title":"Crescimento incentivado pelo bom atendimento, das solu\u00e7\u00f5es oferecidas e dos atributos veiculares - Revista AutoBus","robots":{"index":"index","follow":"follow","max-snippet":"max-snippet:-1","max-image-preview":"max-image-preview:large","max-video-preview":"max-video-preview:-1"},"canonical":"https:\/\/revistaautobus.com.br\/?p=12534","og_locale":"pt_BR","og_type":"article","og_title":"Crescimento incentivado pelo bom atendimento, das solu\u00e7\u00f5es oferecidas e dos atributos veiculares - Revista AutoBus","og_description":"Scania apresenta expans\u00e3o significativa de emplacamentos de \u00f4nibus no primeiro semestre de 2024","og_url":"https:\/\/revistaautobus.com.br\/?p=12534","og_site_name":"Revista AutoBus","article_publisher":"https:\/\/www.facebook.com\/antonio.ferro.3150","article_published_time":"2024-07-19T14:28:34+00:00","og_image":[{"width":768,"height":768,"url":"https:\/\/revistaautobus.com.br\/wp-content\/uploads\/2024\/07\/1626783917242.jpeg","type":"image\/jpeg"}],"author":"Antonio Ferro","twitter_card":"summary_large_image","twitter_misc":{"Escrito por":"Antonio Ferro","Est. tempo de leitura":"5 minutos"},"schema":{"@context":"https:\/\/schema.org","@graph":[{"@type":"Article","@id":"https:\/\/revistaautobus.com.br\/?p=12534#article","isPartOf":{"@id":"https:\/\/revistaautobus.com.br\/?p=12534"},"author":{"name":"Antonio Ferro","@id":"https:\/\/revistaautobus.com.br\/#\/schema\/person\/54af7c3eb83a310e42ef686ef6d16f50"},"headline":"Crescimento incentivado pelo bom atendimento, das solu\u00e7\u00f5es oferecidas e dos atributos veiculares","datePublished":"2024-07-19T14:28:34+00:00","mainEntityOfPage":{"@id":"https:\/\/revistaautobus.com.br\/?p=12534"},"wordCount":1033,"commentCount":0,"publisher":{"@id":"https:\/\/revistaautobus.com.br\/#organization"},"image":{"@id":"https:\/\/revistaautobus.com.br\/?p=12534#primaryimage"},"thumbnailUrl":"https:\/\/revistaautobus.com.br\/wp-content\/uploads\/2024\/07\/1626783917242.jpeg","keywords":["\u00f4nibus Scania Euro VI","Scania"],"articleSection":["Montadoras","Not\u00edcias","Transporte rodovi\u00e1rio"],"inLanguage":"pt-BR","potentialAction":[{"@type":"CommentAction","name":"Comment","target":["https:\/\/revistaautobus.com.br\/?p=12534#respond"]}]},{"@type":"WebPage","@id":"https:\/\/revistaautobus.com.br\/?p=12534","url":"https:\/\/revistaautobus.com.br\/?p=12534","name":"Crescimento incentivado pelo bom atendimento, das solu\u00e7\u00f5es oferecidas e dos atributos veiculares - Revista AutoBus","isPartOf":{"@id":"https:\/\/revistaautobus.com.br\/#website"},"primaryImageOfPage":{"@id":"https:\/\/revistaautobus.com.br\/?p=12534#primaryimage"},"image":{"@id":"https:\/\/revistaautobus.com.br\/?p=12534#primaryimage"},"thumbnailUrl":"https:\/\/revistaautobus.com.br\/wp-content\/uploads\/2024\/07\/1626783917242.jpeg","datePublished":"2024-07-19T14:28:34+00:00","breadcrumb":{"@id":"https:\/\/revistaautobus.com.br\/?p=12534#breadcrumb"},"inLanguage":"pt-BR","potentialAction":[{"@type":"ReadAction","target":["https:\/\/revistaautobus.com.br\/?p=12534"]}]},{"@type":"ImageObject","inLanguage":"pt-BR","@id":"https:\/\/revistaautobus.com.br\/?p=12534#primaryimage","url":"https:\/\/revistaautobus.com.br\/wp-content\/uploads\/2024\/07\/1626783917242.jpeg","contentUrl":"https:\/\/revistaautobus.com.br\/wp-content\/uploads\/2024\/07\/1626783917242.jpeg","width":768,"height":768},{"@type":"BreadcrumbList","@id":"https:\/\/revistaautobus.com.br\/?p=12534#breadcrumb","itemListElement":[{"@type":"ListItem","position":1,"name":"In\u00edcio","item":"https:\/\/revistaautobus.com.br\/"},{"@type":"ListItem","position":2,"name":"Crescimento incentivado pelo bom atendimento, das solu\u00e7\u00f5es oferecidas e dos atributos veiculares"}]},{"@type":"WebSite","@id":"https:\/\/revistaautobus.com.br\/#website","url":"https:\/\/revistaautobus.com.br\/","name":"Revista AutoBus","description":"","publisher":{"@id":"https:\/\/revistaautobus.com.br\/#organization"},"potentialAction":[{"@type":"SearchAction","target":{"@type":"EntryPoint","urlTemplate":"https:\/\/revistaautobus.com.br\/?s={search_term_string}"},"query-input":{"@type":"PropertyValueSpecification","valueRequired":true,"valueName":"search_term_string"}}],"inLanguage":"pt-BR"},{"@type":"Organization","@id":"https:\/\/revistaautobus.com.br\/#organization","name":"Revista AutoBus","url":"https:\/\/revistaautobus.com.br\/","logo":{"@type":"ImageObject","inLanguage":"pt-BR","@id":"https:\/\/revistaautobus.com.br\/#\/schema\/logo\/image\/","url":"https:\/\/revistaautobus.com.br\/wp-content\/uploads\/2024\/11\/logo_revista_autobus_fb.png","contentUrl":"https:\/\/revistaautobus.com.br\/wp-content\/uploads\/2024\/11\/logo_revista_autobus_fb.png","width":836,"height":227,"caption":"Revista AutoBus"},"image":{"@id":"https:\/\/revistaautobus.com.br\/#\/schema\/logo\/image\/"},"sameAs":["https:\/\/www.facebook.com\/antonio.ferro.3150","https:\/\/www.instagram.com\/revistaautobus\/"]},{"@type":"Person","@id":"https:\/\/revistaautobus.com.br\/#\/schema\/person\/54af7c3eb83a310e42ef686ef6d16f50","name":"Antonio Ferro","image":{"@type":"ImageObject","inLanguage":"pt-BR","@id":"https:\/\/revistaautobus.com.br\/wp-content\/uploads\/2025\/12\/editor_antonio_ferro-150x150.jpg","url":"https:\/\/revistaautobus.com.br\/wp-content\/uploads\/2025\/12\/editor_antonio_ferro-150x150.jpg","contentUrl":"https:\/\/revistaautobus.com.br\/wp-content\/uploads\/2025\/12\/editor_antonio_ferro-150x150.jpg","caption":"Antonio Ferro"},"description":"infobus@uol.com.br","url":"https:\/\/revistaautobus.com.br\/?author=2"}]}},"jetpack_featured_media_url":"https:\/\/revistaautobus.com.br\/wp-content\/uploads\/2024\/07\/1626783917242.jpeg","jetpack_sharing_enabled":true,"_links":{"self":[{"href":"https:\/\/revistaautobus.com.br\/index.php?rest_route=\/wp\/v2\/posts\/12534","targetHints":{"allow":["GET"]}}],"collection":[{"href":"https:\/\/revistaautobus.com.br\/index.php?rest_route=\/wp\/v2\/posts"}],"about":[{"href":"https:\/\/revistaautobus.com.br\/index.php?rest_route=\/wp\/v2\/types\/post"}],"author":[{"embeddable":true,"href":"https:\/\/revistaautobus.com.br\/index.php?rest_route=\/wp\/v2\/users\/2"}],"replies":[{"embeddable":true,"href":"https:\/\/revistaautobus.com.br\/index.php?rest_route=%2Fwp%2Fv2%2Fcomments&post=12534"}],"version-history":[{"count":2,"href":"https:\/\/revistaautobus.com.br\/index.php?rest_route=\/wp\/v2\/posts\/12534\/revisions"}],"predecessor-version":[{"id":12539,"href":"https:\/\/revistaautobus.com.br\/index.php?rest_route=\/wp\/v2\/posts\/12534\/revisions\/12539"}],"wp:featuredmedia":[{"embeddable":true,"href":"https:\/\/revistaautobus.com.br\/index.php?rest_route=\/wp\/v2\/media\/12535"}],"wp:attachment":[{"href":"https:\/\/revistaautobus.com.br\/index.php?rest_route=%2Fwp%2Fv2%2Fmedia&parent=12534"}],"wp:term":[{"taxonomy":"category","embeddable":true,"href":"https:\/\/revistaautobus.com.br\/index.php?rest_route=%2Fwp%2Fv2%2Fcategories&post=12534"},{"taxonomy":"post_tag","embeddable":true,"href":"https:\/\/revistaautobus.com.br\/index.php?rest_route=%2Fwp%2Fv2%2Ftags&post=12534"}],"curies":[{"name":"wp","href":"https:\/\/api.w.org\/{rel}","templated":true}]}}