{"id":12541,"date":"2024-07-22T10:20:45","date_gmt":"2024-07-22T13:20:45","guid":{"rendered":"https:\/\/revistaautobus.com.br\/?p=12541"},"modified":"2024-07-22T10:20:45","modified_gmt":"2024-07-22T13:20:45","slug":"investimento-em-frota-e-no-meio-ambiente","status":"publish","type":"post","link":"https:\/\/revistaautobus.com.br\/?p=12541","title":{"rendered":"Investimento em frota e no meio ambiente"},"content":{"rendered":"<p>Com sede administrativa em Belo Horizonte e atuando por todo o Estado de Minas Gerais, a transportadora Cia Coordenadas, uni\u00e3o de empresas com mais de meio s\u00e9culo de experi\u00eancia no transporte de passageiros, dentre elas a Atual, cuja hist\u00f3ria remonta \u00e0 d\u00e9cada de 1930, com a funda\u00e7\u00e3o da empresa \u00datil S.A. da qual se originou por meio de uma cis\u00e3o, vem intensificando seu compromisso com a sustentabilidade ao conquistar a certifica\u00e7\u00e3o ISO 14001 para sua unidade em Uberl\u00e2ndia, como tamb\u00e9m no investimento em mais de 60 novos ve\u00edculos Euro VI, mais eficientes e menos poluentes.<\/p>\n<p>Atuando na oferta de servi\u00e7os de transporte urbano e rodovi\u00e1rio para milhares de pessoas em todo o estado mineiro, com foco na qualidade, seguran\u00e7a, efici\u00eancia e sustentabilidade, a Cia Coordenadas investe, ainda, no constante treinamento e capacita\u00e7\u00e3o de seus colaboradores, garantindo a excel\u00eancia na presta\u00e7\u00e3o de servi\u00e7os. &#8220;Somos uma empresa em constante evolu\u00e7\u00e3o, buscando sempre aprimorar nossas opera\u00e7\u00f5es e oferecer a melhor experi\u00eancia aos nossos clientes. A sustentabilidade \u00e9 um pilar fundamental em nossa estrat\u00e9gia de crescimento e estamos comprometidos em contribuir para um futuro mais verde e sustent\u00e1vel para o nosso estado&#8221;, destacou Robson Jos\u00e9 Lessa Carvalho, diretor e conselheiro da Cia Coordenadas de Transportes.<\/p>\n<p>A frota \u00e9 composta por 750 \u00f4nibus que atende as cidades mineiras de Belo Horizonte, Ribeir\u00e3o das Neves, Brumadinho, Caet\u00e9, Nova Uni\u00e3o, Itatiaiu\u00e7u, Sarzedo, Rio Manso, Juiz de Fora, Barbacena, Conselheiro Lafaiete, Piedade dos Gerais, Crucil\u00e2ndia, Ouro Preto, Itabirito e Uberl\u00e2ndia. &#8220;A renova\u00e7\u00e3o da frota com ve\u00edculos de \u00faltima gera\u00e7\u00e3o \u00e9 fundamental para fortalecermos nosso compromisso com a sustentabilidade e oferecermos um servi\u00e7o de transporte ainda mais eficiente e respons\u00e1vel com o meio ambiente&#8221;, afirmou Carvalho.<\/p>\n<p>Em se tratando da renova\u00e7\u00e3o da frota, at\u00e9 agora s\u00e3o 86 novos \u00f4nibus, todos com carro\u00e7arias Busscar e chassis Mercedes-Benz e Volvo. De acordo com a empresa, eles s\u00e3o mais econ\u00f4micos, o que contribui para a redu\u00e7\u00e3o dos custos operacionais e a otimiza\u00e7\u00e3o dos recursos.<\/p>\n<p>Imagens &#8211; Divulga\u00e7\u00e3o<\/p>\n","protected":false},"excerpt":{"rendered":"<p>Operadora mineira est\u00e1 em sintonia com o contexto ambiental por interm\u00e9dio da obten\u00e7\u00e3o da certifica\u00e7\u00e3o ISO 14001 e da aquisi\u00e7\u00e3o de \u00f4nibus com tecnologia Euro VI para opera\u00e7\u00f5es estradeiras<\/p>\n","protected":false},"author":2,"featured_media":12542,"comment_status":"open","ping_status":"open","sticky":false,"template":"","format":"standard","meta":{"_et_pb_use_builder":"","_et_pb_old_content":"","_et_gb_content_width":"","_jetpack_memberships_contains_paid_content":false,"footnotes":""},"categories":[90,80],"tags":[804],"class_list":["post-12541","post","type-post","status-publish","format-standard","has-post-thumbnail","hentry","category-noticias","category-transporte-rodoviario","tag-cia-coordenadas","et-has-post-format-content","et_post_format-et-post-format-standard"],"yoast_head":"<!-- This site is optimized with the Yoast SEO plugin v27.2 - https:\/\/yoast.com\/product\/yoast-seo-wordpress\/ -->\n<title>Investimento em frota e no meio ambiente - Revista AutoBus<\/title>\n<meta name=\"robots\" content=\"index, follow, max-snippet:-1, max-image-preview:large, max-video-preview:-1\" \/>\n<link rel=\"canonical\" href=\"https:\/\/revistaautobus.com.br\/?p=12541\" \/>\n<meta property=\"og:locale\" content=\"pt_BR\" \/>\n<meta property=\"og:type\" content=\"article\" \/>\n<meta property=\"og:title\" content=\"Investimento em frota e no meio ambiente - Revista AutoBus\" \/>\n<meta property=\"og:description\" content=\"Operadora mineira est\u00e1 em sintonia com o contexto ambiental por interm\u00e9dio da obten\u00e7\u00e3o da certifica\u00e7\u00e3o ISO 14001 e da aquisi\u00e7\u00e3o de \u00f4nibus com tecnologia Euro VI para opera\u00e7\u00f5es estradeiras\" \/>\n<meta property=\"og:url\" content=\"https:\/\/revistaautobus.com.br\/?p=12541\" \/>\n<meta property=\"og:site_name\" content=\"Revista AutoBus\" \/>\n<meta property=\"article:publisher\" content=\"https:\/\/www.facebook.com\/antonio.ferro.3150\" \/>\n<meta property=\"article:published_time\" content=\"2024-07-22T13:20:45+00:00\" \/>\n<meta property=\"og:image\" content=\"https:\/\/revistaautobus.com.br\/wp-content\/uploads\/2024\/07\/IMG_0577.jpg\" \/>\n\t<meta property=\"og:image:width\" content=\"1000\" \/>\n\t<meta property=\"og:image:height\" content=\"666\" \/>\n\t<meta property=\"og:image:type\" content=\"image\/jpeg\" \/>\n<meta name=\"author\" content=\"Antonio Ferro\" \/>\n<meta name=\"twitter:card\" content=\"summary_large_image\" \/>\n<meta name=\"twitter:label1\" content=\"Escrito por\" \/>\n\t<meta name=\"twitter:data1\" content=\"Antonio Ferro\" \/>\n\t<meta name=\"twitter:label2\" content=\"Est. tempo de leitura\" \/>\n\t<meta name=\"twitter:data2\" content=\"2 minutos\" \/>\n<script type=\"application\/ld+json\" class=\"yoast-schema-graph\">{\"@context\":\"https:\/\/schema.org\",\"@graph\":[{\"@type\":\"Article\",\"@id\":\"https:\/\/revistaautobus.com.br\/?p=12541#article\",\"isPartOf\":{\"@id\":\"https:\/\/revistaautobus.com.br\/?p=12541\"},\"author\":{\"name\":\"Antonio Ferro\",\"@id\":\"https:\/\/revistaautobus.com.br\/#\/schema\/person\/54af7c3eb83a310e42ef686ef6d16f50\"},\"headline\":\"Investimento em frota e no meio ambiente\",\"datePublished\":\"2024-07-22T13:20:45+00:00\",\"mainEntityOfPage\":{\"@id\":\"https:\/\/revistaautobus.com.br\/?p=12541\"},\"wordCount\":366,\"commentCount\":0,\"publisher\":{\"@id\":\"https:\/\/revistaautobus.com.br\/#organization\"},\"image\":{\"@id\":\"https:\/\/revistaautobus.com.br\/?p=12541#primaryimage\"},\"thumbnailUrl\":\"https:\/\/revistaautobus.com.br\/wp-content\/uploads\/2024\/07\/IMG_0577.jpg\",\"keywords\":[\"Cia Coordenadas\"],\"articleSection\":[\"Not\u00edcias\",\"Transporte rodovi\u00e1rio\"],\"inLanguage\":\"pt-BR\",\"potentialAction\":[{\"@type\":\"CommentAction\",\"name\":\"Comment\",\"target\":[\"https:\/\/revistaautobus.com.br\/?p=12541#respond\"]}]},{\"@type\":\"WebPage\",\"@id\":\"https:\/\/revistaautobus.com.br\/?p=12541\",\"url\":\"https:\/\/revistaautobus.com.br\/?p=12541\",\"name\":\"Investimento em frota e no meio ambiente - Revista AutoBus\",\"isPartOf\":{\"@id\":\"https:\/\/revistaautobus.com.br\/#website\"},\"primaryImageOfPage\":{\"@id\":\"https:\/\/revistaautobus.com.br\/?p=12541#primaryimage\"},\"image\":{\"@id\":\"https:\/\/revistaautobus.com.br\/?p=12541#primaryimage\"},\"thumbnailUrl\":\"https:\/\/revistaautobus.com.br\/wp-content\/uploads\/2024\/07\/IMG_0577.jpg\",\"datePublished\":\"2024-07-22T13:20:45+00:00\",\"breadcrumb\":{\"@id\":\"https:\/\/revistaautobus.com.br\/?p=12541#breadcrumb\"},\"inLanguage\":\"pt-BR\",\"potentialAction\":[{\"@type\":\"ReadAction\",\"target\":[\"https:\/\/revistaautobus.com.br\/?p=12541\"]}]},{\"@type\":\"ImageObject\",\"inLanguage\":\"pt-BR\",\"@id\":\"https:\/\/revistaautobus.com.br\/?p=12541#primaryimage\",\"url\":\"https:\/\/revistaautobus.com.br\/wp-content\/uploads\/2024\/07\/IMG_0577.jpg\",\"contentUrl\":\"https:\/\/revistaautobus.com.br\/wp-content\/uploads\/2024\/07\/IMG_0577.jpg\",\"width\":1000,\"height\":666},{\"@type\":\"BreadcrumbList\",\"@id\":\"https:\/\/revistaautobus.com.br\/?p=12541#breadcrumb\",\"itemListElement\":[{\"@type\":\"ListItem\",\"position\":1,\"name\":\"In\u00edcio\",\"item\":\"https:\/\/revistaautobus.com.br\/\"},{\"@type\":\"ListItem\",\"position\":2,\"name\":\"Investimento em frota e no meio ambiente\"}]},{\"@type\":\"WebSite\",\"@id\":\"https:\/\/revistaautobus.com.br\/#website\",\"url\":\"https:\/\/revistaautobus.com.br\/\",\"name\":\"Revista AutoBus\",\"description\":\"\",\"publisher\":{\"@id\":\"https:\/\/revistaautobus.com.br\/#organization\"},\"potentialAction\":[{\"@type\":\"SearchAction\",\"target\":{\"@type\":\"EntryPoint\",\"urlTemplate\":\"https:\/\/revistaautobus.com.br\/?s={search_term_string}\"},\"query-input\":{\"@type\":\"PropertyValueSpecification\",\"valueRequired\":true,\"valueName\":\"search_term_string\"}}],\"inLanguage\":\"pt-BR\"},{\"@type\":\"Organization\",\"@id\":\"https:\/\/revistaautobus.com.br\/#organization\",\"name\":\"Revista AutoBus\",\"url\":\"https:\/\/revistaautobus.com.br\/\",\"logo\":{\"@type\":\"ImageObject\",\"inLanguage\":\"pt-BR\",\"@id\":\"https:\/\/revistaautobus.com.br\/#\/schema\/logo\/image\/\",\"url\":\"https:\/\/revistaautobus.com.br\/wp-content\/uploads\/2024\/11\/logo_revista_autobus_fb.png\",\"contentUrl\":\"https:\/\/revistaautobus.com.br\/wp-content\/uploads\/2024\/11\/logo_revista_autobus_fb.png\",\"width\":836,\"height\":227,\"caption\":\"Revista AutoBus\"},\"image\":{\"@id\":\"https:\/\/revistaautobus.com.br\/#\/schema\/logo\/image\/\"},\"sameAs\":[\"https:\/\/www.facebook.com\/antonio.ferro.3150\",\"https:\/\/www.instagram.com\/revistaautobus\/\"]},{\"@type\":\"Person\",\"@id\":\"https:\/\/revistaautobus.com.br\/#\/schema\/person\/54af7c3eb83a310e42ef686ef6d16f50\",\"name\":\"Antonio Ferro\",\"image\":{\"@type\":\"ImageObject\",\"inLanguage\":\"pt-BR\",\"@id\":\"https:\/\/revistaautobus.com.br\/wp-content\/uploads\/2025\/12\/editor_antonio_ferro-150x150.jpg\",\"url\":\"https:\/\/revistaautobus.com.br\/wp-content\/uploads\/2025\/12\/editor_antonio_ferro-150x150.jpg\",\"contentUrl\":\"https:\/\/revistaautobus.com.br\/wp-content\/uploads\/2025\/12\/editor_antonio_ferro-150x150.jpg\",\"caption\":\"Antonio Ferro\"},\"description\":\"infobus@uol.com.br\",\"url\":\"https:\/\/revistaautobus.com.br\/?author=2\"}]}<\/script>\n<!-- \/ Yoast SEO plugin. -->","yoast_head_json":{"title":"Investimento em frota e no meio ambiente - Revista AutoBus","robots":{"index":"index","follow":"follow","max-snippet":"max-snippet:-1","max-image-preview":"max-image-preview:large","max-video-preview":"max-video-preview:-1"},"canonical":"https:\/\/revistaautobus.com.br\/?p=12541","og_locale":"pt_BR","og_type":"article","og_title":"Investimento em frota e no meio ambiente - Revista AutoBus","og_description":"Operadora mineira est\u00e1 em sintonia com o contexto ambiental por interm\u00e9dio da obten\u00e7\u00e3o da certifica\u00e7\u00e3o ISO 14001 e da aquisi\u00e7\u00e3o de \u00f4nibus com tecnologia Euro VI para opera\u00e7\u00f5es estradeiras","og_url":"https:\/\/revistaautobus.com.br\/?p=12541","og_site_name":"Revista AutoBus","article_publisher":"https:\/\/www.facebook.com\/antonio.ferro.3150","article_published_time":"2024-07-22T13:20:45+00:00","og_image":[{"width":1000,"height":666,"url":"https:\/\/revistaautobus.com.br\/wp-content\/uploads\/2024\/07\/IMG_0577.jpg","type":"image\/jpeg"}],"author":"Antonio Ferro","twitter_card":"summary_large_image","twitter_misc":{"Escrito por":"Antonio Ferro","Est. tempo de leitura":"2 minutos"},"schema":{"@context":"https:\/\/schema.org","@graph":[{"@type":"Article","@id":"https:\/\/revistaautobus.com.br\/?p=12541#article","isPartOf":{"@id":"https:\/\/revistaautobus.com.br\/?p=12541"},"author":{"name":"Antonio Ferro","@id":"https:\/\/revistaautobus.com.br\/#\/schema\/person\/54af7c3eb83a310e42ef686ef6d16f50"},"headline":"Investimento em frota e no meio ambiente","datePublished":"2024-07-22T13:20:45+00:00","mainEntityOfPage":{"@id":"https:\/\/revistaautobus.com.br\/?p=12541"},"wordCount":366,"commentCount":0,"publisher":{"@id":"https:\/\/revistaautobus.com.br\/#organization"},"image":{"@id":"https:\/\/revistaautobus.com.br\/?p=12541#primaryimage"},"thumbnailUrl":"https:\/\/revistaautobus.com.br\/wp-content\/uploads\/2024\/07\/IMG_0577.jpg","keywords":["Cia Coordenadas"],"articleSection":["Not\u00edcias","Transporte rodovi\u00e1rio"],"inLanguage":"pt-BR","potentialAction":[{"@type":"CommentAction","name":"Comment","target":["https:\/\/revistaautobus.com.br\/?p=12541#respond"]}]},{"@type":"WebPage","@id":"https:\/\/revistaautobus.com.br\/?p=12541","url":"https:\/\/revistaautobus.com.br\/?p=12541","name":"Investimento em frota e no meio ambiente - Revista AutoBus","isPartOf":{"@id":"https:\/\/revistaautobus.com.br\/#website"},"primaryImageOfPage":{"@id":"https:\/\/revistaautobus.com.br\/?p=12541#primaryimage"},"image":{"@id":"https:\/\/revistaautobus.com.br\/?p=12541#primaryimage"},"thumbnailUrl":"https:\/\/revistaautobus.com.br\/wp-content\/uploads\/2024\/07\/IMG_0577.jpg","datePublished":"2024-07-22T13:20:45+00:00","breadcrumb":{"@id":"https:\/\/revistaautobus.com.br\/?p=12541#breadcrumb"},"inLanguage":"pt-BR","potentialAction":[{"@type":"ReadAction","target":["https:\/\/revistaautobus.com.br\/?p=12541"]}]},{"@type":"ImageObject","inLanguage":"pt-BR","@id":"https:\/\/revistaautobus.com.br\/?p=12541#primaryimage","url":"https:\/\/revistaautobus.com.br\/wp-content\/uploads\/2024\/07\/IMG_0577.jpg","contentUrl":"https:\/\/revistaautobus.com.br\/wp-content\/uploads\/2024\/07\/IMG_0577.jpg","width":1000,"height":666},{"@type":"BreadcrumbList","@id":"https:\/\/revistaautobus.com.br\/?p=12541#breadcrumb","itemListElement":[{"@type":"ListItem","position":1,"name":"In\u00edcio","item":"https:\/\/revistaautobus.com.br\/"},{"@type":"ListItem","position":2,"name":"Investimento em frota e no meio ambiente"}]},{"@type":"WebSite","@id":"https:\/\/revistaautobus.com.br\/#website","url":"https:\/\/revistaautobus.com.br\/","name":"Revista AutoBus","description":"","publisher":{"@id":"https:\/\/revistaautobus.com.br\/#organization"},"potentialAction":[{"@type":"SearchAction","target":{"@type":"EntryPoint","urlTemplate":"https:\/\/revistaautobus.com.br\/?s={search_term_string}"},"query-input":{"@type":"PropertyValueSpecification","valueRequired":true,"valueName":"search_term_string"}}],"inLanguage":"pt-BR"},{"@type":"Organization","@id":"https:\/\/revistaautobus.com.br\/#organization","name":"Revista AutoBus","url":"https:\/\/revistaautobus.com.br\/","logo":{"@type":"ImageObject","inLanguage":"pt-BR","@id":"https:\/\/revistaautobus.com.br\/#\/schema\/logo\/image\/","url":"https:\/\/revistaautobus.com.br\/wp-content\/uploads\/2024\/11\/logo_revista_autobus_fb.png","contentUrl":"https:\/\/revistaautobus.com.br\/wp-content\/uploads\/2024\/11\/logo_revista_autobus_fb.png","width":836,"height":227,"caption":"Revista AutoBus"},"image":{"@id":"https:\/\/revistaautobus.com.br\/#\/schema\/logo\/image\/"},"sameAs":["https:\/\/www.facebook.com\/antonio.ferro.3150","https:\/\/www.instagram.com\/revistaautobus\/"]},{"@type":"Person","@id":"https:\/\/revistaautobus.com.br\/#\/schema\/person\/54af7c3eb83a310e42ef686ef6d16f50","name":"Antonio Ferro","image":{"@type":"ImageObject","inLanguage":"pt-BR","@id":"https:\/\/revistaautobus.com.br\/wp-content\/uploads\/2025\/12\/editor_antonio_ferro-150x150.jpg","url":"https:\/\/revistaautobus.com.br\/wp-content\/uploads\/2025\/12\/editor_antonio_ferro-150x150.jpg","contentUrl":"https:\/\/revistaautobus.com.br\/wp-content\/uploads\/2025\/12\/editor_antonio_ferro-150x150.jpg","caption":"Antonio Ferro"},"description":"infobus@uol.com.br","url":"https:\/\/revistaautobus.com.br\/?author=2"}]}},"jetpack_featured_media_url":"https:\/\/revistaautobus.com.br\/wp-content\/uploads\/2024\/07\/IMG_0577.jpg","jetpack_sharing_enabled":true,"_links":{"self":[{"href":"https:\/\/revistaautobus.com.br\/index.php?rest_route=\/wp\/v2\/posts\/12541","targetHints":{"allow":["GET"]}}],"collection":[{"href":"https:\/\/revistaautobus.com.br\/index.php?rest_route=\/wp\/v2\/posts"}],"about":[{"href":"https:\/\/revistaautobus.com.br\/index.php?rest_route=\/wp\/v2\/types\/post"}],"author":[{"embeddable":true,"href":"https:\/\/revistaautobus.com.br\/index.php?rest_route=\/wp\/v2\/users\/2"}],"replies":[{"embeddable":true,"href":"https:\/\/revistaautobus.com.br\/index.php?rest_route=%2Fwp%2Fv2%2Fcomments&post=12541"}],"version-history":[{"count":2,"href":"https:\/\/revistaautobus.com.br\/index.php?rest_route=\/wp\/v2\/posts\/12541\/revisions"}],"predecessor-version":[{"id":12544,"href":"https:\/\/revistaautobus.com.br\/index.php?rest_route=\/wp\/v2\/posts\/12541\/revisions\/12544"}],"wp:featuredmedia":[{"embeddable":true,"href":"https:\/\/revistaautobus.com.br\/index.php?rest_route=\/wp\/v2\/media\/12542"}],"wp:attachment":[{"href":"https:\/\/revistaautobus.com.br\/index.php?rest_route=%2Fwp%2Fv2%2Fmedia&parent=12541"}],"wp:term":[{"taxonomy":"category","embeddable":true,"href":"https:\/\/revistaautobus.com.br\/index.php?rest_route=%2Fwp%2Fv2%2Fcategories&post=12541"},{"taxonomy":"post_tag","embeddable":true,"href":"https:\/\/revistaautobus.com.br\/index.php?rest_route=%2Fwp%2Fv2%2Ftags&post=12541"}],"curies":[{"name":"wp","href":"https:\/\/api.w.org\/{rel}","templated":true}]}}