{"id":12545,"date":"2024-07-22T10:24:39","date_gmt":"2024-07-22T13:24:39","guid":{"rendered":"https:\/\/revistaautobus.com.br\/?p=12545"},"modified":"2024-07-22T10:24:39","modified_gmt":"2024-07-22T13:24:39","slug":"em-busca-de-motoristas-profissionais","status":"publish","type":"post","link":"https:\/\/revistaautobus.com.br\/?p=12545","title":{"rendered":"Em busca de motoristas profissionais"},"content":{"rendered":"<p>O sistema de transporte rodovi\u00e1rio de passageiros teve um aumento de 30% na oferta de hor\u00e1rios de \u00f4nibus interestaduais no m\u00eas de julho devido \u00e0 alta demanda nas f\u00e9rias escolares, comparado \u00e0 m\u00e9dia dos primeiros seis meses do ano. Isso demanda a forma\u00e7\u00e3o ou a contrata\u00e7\u00e3o de profissionais dedicados na condu\u00e7\u00e3o dos mais modernos \u00f4nibus.<\/p>\n<p>Segundo a Associa\u00e7\u00e3o Brasileira das Empresas de Transporte Terrestre de Passageiros (Abrati), h\u00e1 um <em>d\u00e9ficit<\/em> de motoristas qualificados, um problema que vem se agravando devido \u00e0 alta rotatividade dos profissionais. Let\u00edcia Pineschi, representante da entidade, comentou que muitos motoristas acabam migrando para outros ramos, como o setor de cargas, ou chegando em idade de aposentadoria. \u201cPara atrair os profissionais que deixaram o rodovi\u00e1rio ou que t\u00eam interesse em ingressar pela primeira vez na \u00e1rea, precisamos oferecer n\u00e3o apenas vagas, mas tamb\u00e9m um ambiente de trabalho que seja atrativo e sustent\u00e1vel a longo prazo&#8221;, afirmou.<\/p>\n<p>A Abrati destaca que para se candidatar a uma vaga de motorista, os processos seletivos variam de empresa para empresa. Como por exemplo, a gerente de Pessoas e Processos do Grupo \u00c1gua Branca, Fernanda Peroba, disse que h\u00e1 duas etapas na candidatura nas empresas do grupo. \u201cA primeira delas consiste em avalia\u00e7\u00e3o t\u00e9cnica, experi\u00eancia e requisitos regulamentares da fun\u00e7\u00e3o. A segunda \u00e9 baseada no treinamento pr\u00e1tico e comportamental. A recomenda\u00e7\u00e3o sempre \u00e9 para que o candidato fique calmo e focado no processo de avalia\u00e7\u00e3o. Isso faz diferen\u00e7a na hora da escolha do melhor profissional\u201d, observou.<\/p>\n<p>J\u00e1 Alessandro Souza, gerente de RH da Expresso Itamarati, refor\u00e7ou que o grupo busca profissionais que, al\u00e9m do aspecto t\u00e9cnico, compartilhem valores ambientais e sociais em conformidade com a organiza\u00e7\u00e3o. \u201cA empresa espera que cordialidade, integridade e comprometimento, valores que guiam a empresa, tamb\u00e9m fa\u00e7am parte do perfil do candidato\u201d, disse. &#8220;A preocupa\u00e7\u00e3o com a preserva\u00e7\u00e3o ambiental e a valoriza\u00e7\u00e3o da diversidade e inclus\u00e3o tamb\u00e9m s\u00e3o diferenciais para fortalecer a rela\u00e7\u00e3o da empresa com o cliente&#8221;, ressaltou.<\/p>\n<p>Para a Abrati, o candidato a motorista de \u00f4nibus rodovi\u00e1rio precisa, obrigatoriamente, ter carteira de trabalho e CNH nas categorias D ou E, sendo necess\u00e1rio, ainda, um curso de especializa\u00e7\u00e3o, conforme a Resolu\u00e7\u00e3o 789\/2020, que pode ser feito gratuitamente por motoristas com cadastro ativo no SEST-SENAT, o Servi\u00e7o Social do Transporte e Servi\u00e7o Nacional de Aprendizagem do Transporte. Outro detalhe \u00e9 que os profissionais contratados por empresas regulares realizam exames toxicol\u00f3gicos cont\u00ednuos \u2013 obrigat\u00f3rios por Lei \u2013 e t\u00eam toda a sua vida pregressa conferida, incluindo antecedentes criminais. Os condutores do transporte regular contam com padr\u00f5es de treinamentos rigorosos para saber dirigir em situa\u00e7\u00f5es adversas e reagir adequadamente a qualquer incidente.<\/p>\n<p>Imagem &#8211; Reprodu\u00e7\u00e3o<\/p>\n","protected":false},"excerpt":{"rendered":"<p>Mercado aquecido demanda de condutores regularizados e experientes no setor de \u00f4nibus<\/p>\n","protected":false},"author":2,"featured_media":12546,"comment_status":"open","ping_status":"open","sticky":false,"template":"","format":"standard","meta":{"_et_pb_use_builder":"","_et_pb_old_content":"","_et_gb_content_width":"","_jetpack_memberships_contains_paid_content":false,"footnotes":""},"categories":[90],"tags":[552],"class_list":["post-12545","post","type-post","status-publish","format-standard","has-post-thumbnail","hentry","category-noticias","tag-motoristas-de-onibus","et-has-post-format-content","et_post_format-et-post-format-standard"],"yoast_head":"<!-- This site is optimized with the Yoast SEO plugin v27.2 - https:\/\/yoast.com\/product\/yoast-seo-wordpress\/ -->\n<title>Em busca de motoristas profissionais - Revista AutoBus<\/title>\n<meta name=\"robots\" content=\"index, follow, max-snippet:-1, max-image-preview:large, max-video-preview:-1\" \/>\n<link rel=\"canonical\" href=\"https:\/\/revistaautobus.com.br\/?p=12545\" \/>\n<meta property=\"og:locale\" content=\"pt_BR\" \/>\n<meta property=\"og:type\" content=\"article\" \/>\n<meta property=\"og:title\" content=\"Em busca de motoristas profissionais - Revista AutoBus\" \/>\n<meta property=\"og:description\" content=\"Mercado aquecido demanda de condutores regularizados e experientes no setor de \u00f4nibus\" \/>\n<meta property=\"og:url\" content=\"https:\/\/revistaautobus.com.br\/?p=12545\" \/>\n<meta property=\"og:site_name\" content=\"Revista AutoBus\" \/>\n<meta property=\"article:publisher\" content=\"https:\/\/www.facebook.com\/antonio.ferro.3150\" \/>\n<meta property=\"article:published_time\" content=\"2024-07-22T13:24:39+00:00\" \/>\n<meta property=\"og:image\" content=\"https:\/\/revistaautobus.com.br\/wp-content\/uploads\/2024\/07\/IMG-20240628-WA0066.jpg\" \/>\n\t<meta property=\"og:image:width\" content=\"1200\" \/>\n\t<meta property=\"og:image:height\" content=\"1600\" \/>\n\t<meta property=\"og:image:type\" content=\"image\/jpeg\" \/>\n<meta name=\"author\" content=\"Antonio Ferro\" \/>\n<meta name=\"twitter:card\" content=\"summary_large_image\" \/>\n<meta name=\"twitter:label1\" content=\"Escrito por\" \/>\n\t<meta name=\"twitter:data1\" content=\"Antonio Ferro\" \/>\n\t<meta name=\"twitter:label2\" content=\"Est. tempo de leitura\" \/>\n\t<meta name=\"twitter:data2\" content=\"2 minutos\" \/>\n<script type=\"application\/ld+json\" class=\"yoast-schema-graph\">{\"@context\":\"https:\/\/schema.org\",\"@graph\":[{\"@type\":\"Article\",\"@id\":\"https:\/\/revistaautobus.com.br\/?p=12545#article\",\"isPartOf\":{\"@id\":\"https:\/\/revistaautobus.com.br\/?p=12545\"},\"author\":{\"name\":\"Antonio Ferro\",\"@id\":\"https:\/\/revistaautobus.com.br\/#\/schema\/person\/54af7c3eb83a310e42ef686ef6d16f50\"},\"headline\":\"Em busca de motoristas profissionais\",\"datePublished\":\"2024-07-22T13:24:39+00:00\",\"mainEntityOfPage\":{\"@id\":\"https:\/\/revistaautobus.com.br\/?p=12545\"},\"wordCount\":480,\"commentCount\":0,\"publisher\":{\"@id\":\"https:\/\/revistaautobus.com.br\/#organization\"},\"image\":{\"@id\":\"https:\/\/revistaautobus.com.br\/?p=12545#primaryimage\"},\"thumbnailUrl\":\"https:\/\/revistaautobus.com.br\/wp-content\/uploads\/2024\/07\/IMG-20240628-WA0066.jpg\",\"keywords\":[\"Motoristas de \u00f4nibus\"],\"articleSection\":[\"Not\u00edcias\"],\"inLanguage\":\"pt-BR\",\"potentialAction\":[{\"@type\":\"CommentAction\",\"name\":\"Comment\",\"target\":[\"https:\/\/revistaautobus.com.br\/?p=12545#respond\"]}]},{\"@type\":\"WebPage\",\"@id\":\"https:\/\/revistaautobus.com.br\/?p=12545\",\"url\":\"https:\/\/revistaautobus.com.br\/?p=12545\",\"name\":\"Em busca de motoristas profissionais - Revista AutoBus\",\"isPartOf\":{\"@id\":\"https:\/\/revistaautobus.com.br\/#website\"},\"primaryImageOfPage\":{\"@id\":\"https:\/\/revistaautobus.com.br\/?p=12545#primaryimage\"},\"image\":{\"@id\":\"https:\/\/revistaautobus.com.br\/?p=12545#primaryimage\"},\"thumbnailUrl\":\"https:\/\/revistaautobus.com.br\/wp-content\/uploads\/2024\/07\/IMG-20240628-WA0066.jpg\",\"datePublished\":\"2024-07-22T13:24:39+00:00\",\"breadcrumb\":{\"@id\":\"https:\/\/revistaautobus.com.br\/?p=12545#breadcrumb\"},\"inLanguage\":\"pt-BR\",\"potentialAction\":[{\"@type\":\"ReadAction\",\"target\":[\"https:\/\/revistaautobus.com.br\/?p=12545\"]}]},{\"@type\":\"ImageObject\",\"inLanguage\":\"pt-BR\",\"@id\":\"https:\/\/revistaautobus.com.br\/?p=12545#primaryimage\",\"url\":\"https:\/\/revistaautobus.com.br\/wp-content\/uploads\/2024\/07\/IMG-20240628-WA0066.jpg\",\"contentUrl\":\"https:\/\/revistaautobus.com.br\/wp-content\/uploads\/2024\/07\/IMG-20240628-WA0066.jpg\",\"width\":1200,\"height\":1600},{\"@type\":\"BreadcrumbList\",\"@id\":\"https:\/\/revistaautobus.com.br\/?p=12545#breadcrumb\",\"itemListElement\":[{\"@type\":\"ListItem\",\"position\":1,\"name\":\"In\u00edcio\",\"item\":\"https:\/\/revistaautobus.com.br\/\"},{\"@type\":\"ListItem\",\"position\":2,\"name\":\"Em busca de motoristas profissionais\"}]},{\"@type\":\"WebSite\",\"@id\":\"https:\/\/revistaautobus.com.br\/#website\",\"url\":\"https:\/\/revistaautobus.com.br\/\",\"name\":\"Revista AutoBus\",\"description\":\"\",\"publisher\":{\"@id\":\"https:\/\/revistaautobus.com.br\/#organization\"},\"potentialAction\":[{\"@type\":\"SearchAction\",\"target\":{\"@type\":\"EntryPoint\",\"urlTemplate\":\"https:\/\/revistaautobus.com.br\/?s={search_term_string}\"},\"query-input\":{\"@type\":\"PropertyValueSpecification\",\"valueRequired\":true,\"valueName\":\"search_term_string\"}}],\"inLanguage\":\"pt-BR\"},{\"@type\":\"Organization\",\"@id\":\"https:\/\/revistaautobus.com.br\/#organization\",\"name\":\"Revista AutoBus\",\"url\":\"https:\/\/revistaautobus.com.br\/\",\"logo\":{\"@type\":\"ImageObject\",\"inLanguage\":\"pt-BR\",\"@id\":\"https:\/\/revistaautobus.com.br\/#\/schema\/logo\/image\/\",\"url\":\"https:\/\/revistaautobus.com.br\/wp-content\/uploads\/2024\/11\/logo_revista_autobus_fb.png\",\"contentUrl\":\"https:\/\/revistaautobus.com.br\/wp-content\/uploads\/2024\/11\/logo_revista_autobus_fb.png\",\"width\":836,\"height\":227,\"caption\":\"Revista AutoBus\"},\"image\":{\"@id\":\"https:\/\/revistaautobus.com.br\/#\/schema\/logo\/image\/\"},\"sameAs\":[\"https:\/\/www.facebook.com\/antonio.ferro.3150\",\"https:\/\/www.instagram.com\/revistaautobus\/\"]},{\"@type\":\"Person\",\"@id\":\"https:\/\/revistaautobus.com.br\/#\/schema\/person\/54af7c3eb83a310e42ef686ef6d16f50\",\"name\":\"Antonio Ferro\",\"image\":{\"@type\":\"ImageObject\",\"inLanguage\":\"pt-BR\",\"@id\":\"https:\/\/revistaautobus.com.br\/wp-content\/uploads\/2025\/12\/editor_antonio_ferro-150x150.jpg\",\"url\":\"https:\/\/revistaautobus.com.br\/wp-content\/uploads\/2025\/12\/editor_antonio_ferro-150x150.jpg\",\"contentUrl\":\"https:\/\/revistaautobus.com.br\/wp-content\/uploads\/2025\/12\/editor_antonio_ferro-150x150.jpg\",\"caption\":\"Antonio Ferro\"},\"description\":\"infobus@uol.com.br\",\"url\":\"https:\/\/revistaautobus.com.br\/?author=2\"}]}<\/script>\n<!-- \/ Yoast SEO plugin. -->","yoast_head_json":{"title":"Em busca de motoristas profissionais - Revista AutoBus","robots":{"index":"index","follow":"follow","max-snippet":"max-snippet:-1","max-image-preview":"max-image-preview:large","max-video-preview":"max-video-preview:-1"},"canonical":"https:\/\/revistaautobus.com.br\/?p=12545","og_locale":"pt_BR","og_type":"article","og_title":"Em busca de motoristas profissionais - Revista AutoBus","og_description":"Mercado aquecido demanda de condutores regularizados e experientes no setor de \u00f4nibus","og_url":"https:\/\/revistaautobus.com.br\/?p=12545","og_site_name":"Revista AutoBus","article_publisher":"https:\/\/www.facebook.com\/antonio.ferro.3150","article_published_time":"2024-07-22T13:24:39+00:00","og_image":[{"width":1200,"height":1600,"url":"https:\/\/revistaautobus.com.br\/wp-content\/uploads\/2024\/07\/IMG-20240628-WA0066.jpg","type":"image\/jpeg"}],"author":"Antonio Ferro","twitter_card":"summary_large_image","twitter_misc":{"Escrito por":"Antonio Ferro","Est. tempo de leitura":"2 minutos"},"schema":{"@context":"https:\/\/schema.org","@graph":[{"@type":"Article","@id":"https:\/\/revistaautobus.com.br\/?p=12545#article","isPartOf":{"@id":"https:\/\/revistaautobus.com.br\/?p=12545"},"author":{"name":"Antonio Ferro","@id":"https:\/\/revistaautobus.com.br\/#\/schema\/person\/54af7c3eb83a310e42ef686ef6d16f50"},"headline":"Em busca de motoristas profissionais","datePublished":"2024-07-22T13:24:39+00:00","mainEntityOfPage":{"@id":"https:\/\/revistaautobus.com.br\/?p=12545"},"wordCount":480,"commentCount":0,"publisher":{"@id":"https:\/\/revistaautobus.com.br\/#organization"},"image":{"@id":"https:\/\/revistaautobus.com.br\/?p=12545#primaryimage"},"thumbnailUrl":"https:\/\/revistaautobus.com.br\/wp-content\/uploads\/2024\/07\/IMG-20240628-WA0066.jpg","keywords":["Motoristas de \u00f4nibus"],"articleSection":["Not\u00edcias"],"inLanguage":"pt-BR","potentialAction":[{"@type":"CommentAction","name":"Comment","target":["https:\/\/revistaautobus.com.br\/?p=12545#respond"]}]},{"@type":"WebPage","@id":"https:\/\/revistaautobus.com.br\/?p=12545","url":"https:\/\/revistaautobus.com.br\/?p=12545","name":"Em busca de motoristas profissionais - Revista AutoBus","isPartOf":{"@id":"https:\/\/revistaautobus.com.br\/#website"},"primaryImageOfPage":{"@id":"https:\/\/revistaautobus.com.br\/?p=12545#primaryimage"},"image":{"@id":"https:\/\/revistaautobus.com.br\/?p=12545#primaryimage"},"thumbnailUrl":"https:\/\/revistaautobus.com.br\/wp-content\/uploads\/2024\/07\/IMG-20240628-WA0066.jpg","datePublished":"2024-07-22T13:24:39+00:00","breadcrumb":{"@id":"https:\/\/revistaautobus.com.br\/?p=12545#breadcrumb"},"inLanguage":"pt-BR","potentialAction":[{"@type":"ReadAction","target":["https:\/\/revistaautobus.com.br\/?p=12545"]}]},{"@type":"ImageObject","inLanguage":"pt-BR","@id":"https:\/\/revistaautobus.com.br\/?p=12545#primaryimage","url":"https:\/\/revistaautobus.com.br\/wp-content\/uploads\/2024\/07\/IMG-20240628-WA0066.jpg","contentUrl":"https:\/\/revistaautobus.com.br\/wp-content\/uploads\/2024\/07\/IMG-20240628-WA0066.jpg","width":1200,"height":1600},{"@type":"BreadcrumbList","@id":"https:\/\/revistaautobus.com.br\/?p=12545#breadcrumb","itemListElement":[{"@type":"ListItem","position":1,"name":"In\u00edcio","item":"https:\/\/revistaautobus.com.br\/"},{"@type":"ListItem","position":2,"name":"Em busca de motoristas profissionais"}]},{"@type":"WebSite","@id":"https:\/\/revistaautobus.com.br\/#website","url":"https:\/\/revistaautobus.com.br\/","name":"Revista AutoBus","description":"","publisher":{"@id":"https:\/\/revistaautobus.com.br\/#organization"},"potentialAction":[{"@type":"SearchAction","target":{"@type":"EntryPoint","urlTemplate":"https:\/\/revistaautobus.com.br\/?s={search_term_string}"},"query-input":{"@type":"PropertyValueSpecification","valueRequired":true,"valueName":"search_term_string"}}],"inLanguage":"pt-BR"},{"@type":"Organization","@id":"https:\/\/revistaautobus.com.br\/#organization","name":"Revista AutoBus","url":"https:\/\/revistaautobus.com.br\/","logo":{"@type":"ImageObject","inLanguage":"pt-BR","@id":"https:\/\/revistaautobus.com.br\/#\/schema\/logo\/image\/","url":"https:\/\/revistaautobus.com.br\/wp-content\/uploads\/2024\/11\/logo_revista_autobus_fb.png","contentUrl":"https:\/\/revistaautobus.com.br\/wp-content\/uploads\/2024\/11\/logo_revista_autobus_fb.png","width":836,"height":227,"caption":"Revista AutoBus"},"image":{"@id":"https:\/\/revistaautobus.com.br\/#\/schema\/logo\/image\/"},"sameAs":["https:\/\/www.facebook.com\/antonio.ferro.3150","https:\/\/www.instagram.com\/revistaautobus\/"]},{"@type":"Person","@id":"https:\/\/revistaautobus.com.br\/#\/schema\/person\/54af7c3eb83a310e42ef686ef6d16f50","name":"Antonio Ferro","image":{"@type":"ImageObject","inLanguage":"pt-BR","@id":"https:\/\/revistaautobus.com.br\/wp-content\/uploads\/2025\/12\/editor_antonio_ferro-150x150.jpg","url":"https:\/\/revistaautobus.com.br\/wp-content\/uploads\/2025\/12\/editor_antonio_ferro-150x150.jpg","contentUrl":"https:\/\/revistaautobus.com.br\/wp-content\/uploads\/2025\/12\/editor_antonio_ferro-150x150.jpg","caption":"Antonio Ferro"},"description":"infobus@uol.com.br","url":"https:\/\/revistaautobus.com.br\/?author=2"}]}},"jetpack_featured_media_url":"https:\/\/revistaautobus.com.br\/wp-content\/uploads\/2024\/07\/IMG-20240628-WA0066.jpg","jetpack_sharing_enabled":true,"_links":{"self":[{"href":"https:\/\/revistaautobus.com.br\/index.php?rest_route=\/wp\/v2\/posts\/12545","targetHints":{"allow":["GET"]}}],"collection":[{"href":"https:\/\/revistaautobus.com.br\/index.php?rest_route=\/wp\/v2\/posts"}],"about":[{"href":"https:\/\/revistaautobus.com.br\/index.php?rest_route=\/wp\/v2\/types\/post"}],"author":[{"embeddable":true,"href":"https:\/\/revistaautobus.com.br\/index.php?rest_route=\/wp\/v2\/users\/2"}],"replies":[{"embeddable":true,"href":"https:\/\/revistaautobus.com.br\/index.php?rest_route=%2Fwp%2Fv2%2Fcomments&post=12545"}],"version-history":[{"count":2,"href":"https:\/\/revistaautobus.com.br\/index.php?rest_route=\/wp\/v2\/posts\/12545\/revisions"}],"predecessor-version":[{"id":12548,"href":"https:\/\/revistaautobus.com.br\/index.php?rest_route=\/wp\/v2\/posts\/12545\/revisions\/12548"}],"wp:featuredmedia":[{"embeddable":true,"href":"https:\/\/revistaautobus.com.br\/index.php?rest_route=\/wp\/v2\/media\/12546"}],"wp:attachment":[{"href":"https:\/\/revistaautobus.com.br\/index.php?rest_route=%2Fwp%2Fv2%2Fmedia&parent=12545"}],"wp:term":[{"taxonomy":"category","embeddable":true,"href":"https:\/\/revistaautobus.com.br\/index.php?rest_route=%2Fwp%2Fv2%2Fcategories&post=12545"},{"taxonomy":"post_tag","embeddable":true,"href":"https:\/\/revistaautobus.com.br\/index.php?rest_route=%2Fwp%2Fv2%2Ftags&post=12545"}],"curies":[{"name":"wp","href":"https:\/\/api.w.org\/{rel}","templated":true}]}}