{"id":12549,"date":"2024-07-22T10:27:08","date_gmt":"2024-07-22T13:27:08","guid":{"rendered":"https:\/\/revistaautobus.com.br\/?p=12549"},"modified":"2024-07-22T10:27:08","modified_gmt":"2024-07-22T13:27:08","slug":"o-futuro-do-transporte-rodoviario-de-passageiros-com-foco-em-sustentabilidade-e-inovacao-tecnologica","status":"publish","type":"post","link":"https:\/\/revistaautobus.com.br\/?p=12549","title":{"rendered":"O futuro do transporte rodovi\u00e1rio de passageiros com foco em sustentabilidade e inova\u00e7\u00e3o tecnol\u00f3gica"},"content":{"rendered":"<p>O SETPESP (Sindicato das Empresas de Transportes de Passageiros do Estado de S\u00e3o Paulo), ir\u00e1 pautar o tema &#8220;Transporte Rodovi\u00e1rio de Passageiros: a sustentabilidade com foco no meio ambiente, seguran\u00e7a e tecnologia&#8221;, por meio de seu evento que acontecer\u00e1 em 28 de novembro na capital paulista e que reunir\u00e1 especialistas para discutir quest\u00f5es fundamentais e emergentes do setor.<\/p>\n<p>De acordo com a entidade representativa, os participantes ter\u00e3o a oportunidade de explorar temas essenciais para garantir a sustentabilidade do setor e os princ\u00edpios de ESG (Ambiental, Social e Governan\u00e7a), com \u00eanfase na excel\u00eancia da presta\u00e7\u00e3o de servi\u00e7os essenciais \u00e0 sociedade. Antonio Laskos, diretor-executivo do SETPESP, explicou que abordar a sustentabilidade no setor n\u00e3o \u00e9 uma op\u00e7\u00e3o, mas uma responsabilidade. \u201cEstamos focados em encontrar solu\u00e7\u00f5es que reduzam a depend\u00eancia de combust\u00edveis f\u00f3sseis e promovam a ado\u00e7\u00e3o de novas tecnologias, sempre priorizando a seguran\u00e7a e o bem-estar dos passageiros. Este semin\u00e1rio \u00e9 uma oportunidade valiosa para unir especialistas e lideran\u00e7as em torno desse objetivo comum&#8221;, ressaltou.<\/p>\n<p>Entre os assuntos a serem abordados o desafio da transi\u00e7\u00e3o energ\u00e9tica justa, focada na descarboniza\u00e7\u00e3o do setor e na busca por alternativas aos combust\u00edveis f\u00f3sseis ser\u00e1 destaque. Outrossim, o evento enfatizar\u00e1 a incorpora\u00e7\u00e3o de novas tecnologias, como intelig\u00eancia artificial, telemetria, <em>business intelligence<\/em>, comunica\u00e7\u00e3o 5G e sistemas de \u00faltima gera\u00e7\u00e3o embarcados nos ve\u00edculos, avan\u00e7os tecnol\u00f3gicos que aprimoram a seguran\u00e7a dos passageiros e aumentam a efici\u00eancia dos servi\u00e7os prestados.<\/p>\n<p>Ainda, de acordo com o SETPESP, o semin\u00e1rio discutir\u00e1 a rela\u00e7\u00e3o jur\u00eddica do sistema de transporte de passageiros com o poder concedente, promovendo a viabilidade e seguran\u00e7a dos investimentos no setor, com abordagem ao combate aos transportes clandestinos e irregulares, que afetam diretamente a seguran\u00e7a p\u00fablica e os passageiros.<\/p>\n<p>As vagas s\u00e3o limitadas e as inscri\u00e7\u00f5es j\u00e1 podem ser realizadas no site<\/p>\n<p><a href=\"http:\/\/www.eventosetpesp.com.br\">www.eventosetpesp.com.br<\/a> . O valor da inscri\u00e7\u00e3o \u00e9 de R$ 88, que ser\u00e1 revertido para o plantio de \u00e1rvores do projeto Passagem Verde (www.passagemverde.com.br).<\/p>\n<p>Imagem &#8211; Divulga\u00e7\u00e3o<\/p>\n","protected":false},"excerpt":{"rendered":"<p>Em evento espec\u00edfico a ser realizado em novembro pr\u00f3ximo, as empresas de \u00f4nibus regulares de S\u00e3o Paulo querem mostrar um cen\u00e1rio desafiador e inovador quanto aos servi\u00e7os e opera\u00e7\u00e3o<\/p>\n","protected":false},"author":2,"featured_media":12550,"comment_status":"open","ping_status":"open","sticky":false,"template":"","format":"standard","meta":{"_et_pb_use_builder":"","_et_pb_old_content":"","_et_gb_content_width":"","_jetpack_memberships_contains_paid_content":false,"footnotes":""},"categories":[90,80],"tags":[165],"class_list":["post-12549","post","type-post","status-publish","format-standard","has-post-thumbnail","hentry","category-noticias","category-transporte-rodoviario","tag-setpesp","et-has-post-format-content","et_post_format-et-post-format-standard"],"yoast_head":"<!-- This site is optimized with the Yoast SEO plugin v27.2 - https:\/\/yoast.com\/product\/yoast-seo-wordpress\/ -->\n<title>O futuro do transporte rodovi\u00e1rio de passageiros com foco em sustentabilidade e inova\u00e7\u00e3o tecnol\u00f3gica - Revista AutoBus<\/title>\n<meta name=\"robots\" content=\"index, follow, max-snippet:-1, max-image-preview:large, max-video-preview:-1\" \/>\n<link rel=\"canonical\" href=\"https:\/\/revistaautobus.com.br\/?p=12549\" \/>\n<meta property=\"og:locale\" content=\"pt_BR\" \/>\n<meta property=\"og:type\" content=\"article\" \/>\n<meta property=\"og:title\" content=\"O futuro do transporte rodovi\u00e1rio de passageiros com foco em sustentabilidade e inova\u00e7\u00e3o tecnol\u00f3gica - Revista AutoBus\" \/>\n<meta property=\"og:description\" content=\"Em evento espec\u00edfico a ser realizado em novembro pr\u00f3ximo, as empresas de \u00f4nibus regulares de S\u00e3o Paulo querem mostrar um cen\u00e1rio desafiador e inovador quanto aos servi\u00e7os e opera\u00e7\u00e3o\" \/>\n<meta property=\"og:url\" content=\"https:\/\/revistaautobus.com.br\/?p=12549\" \/>\n<meta property=\"og:site_name\" content=\"Revista AutoBus\" \/>\n<meta property=\"article:publisher\" content=\"https:\/\/www.facebook.com\/antonio.ferro.3150\" \/>\n<meta property=\"article:published_time\" content=\"2024-07-22T13:27:08+00:00\" \/>\n<meta property=\"og:image\" content=\"https:\/\/revistaautobus.com.br\/wp-content\/uploads\/2024\/07\/IMG-20240717-WA00191.jpg\" \/>\n\t<meta property=\"og:image:width\" content=\"597\" \/>\n\t<meta property=\"og:image:height\" content=\"600\" \/>\n\t<meta property=\"og:image:type\" content=\"image\/jpeg\" \/>\n<meta name=\"author\" content=\"Antonio Ferro\" \/>\n<meta name=\"twitter:card\" content=\"summary_large_image\" \/>\n<meta name=\"twitter:label1\" content=\"Escrito por\" \/>\n\t<meta name=\"twitter:data1\" content=\"Antonio Ferro\" \/>\n\t<meta name=\"twitter:label2\" content=\"Est. tempo de leitura\" \/>\n\t<meta name=\"twitter:data2\" content=\"2 minutos\" \/>\n<script type=\"application\/ld+json\" class=\"yoast-schema-graph\">{\"@context\":\"https:\/\/schema.org\",\"@graph\":[{\"@type\":\"Article\",\"@id\":\"https:\/\/revistaautobus.com.br\/?p=12549#article\",\"isPartOf\":{\"@id\":\"https:\/\/revistaautobus.com.br\/?p=12549\"},\"author\":{\"name\":\"Antonio Ferro\",\"@id\":\"https:\/\/revistaautobus.com.br\/#\/schema\/person\/54af7c3eb83a310e42ef686ef6d16f50\"},\"headline\":\"O futuro do transporte rodovi\u00e1rio de passageiros com foco em sustentabilidade e inova\u00e7\u00e3o tecnol\u00f3gica\",\"datePublished\":\"2024-07-22T13:27:08+00:00\",\"mainEntityOfPage\":{\"@id\":\"https:\/\/revistaautobus.com.br\/?p=12549\"},\"wordCount\":379,\"commentCount\":0,\"publisher\":{\"@id\":\"https:\/\/revistaautobus.com.br\/#organization\"},\"image\":{\"@id\":\"https:\/\/revistaautobus.com.br\/?p=12549#primaryimage\"},\"thumbnailUrl\":\"https:\/\/revistaautobus.com.br\/wp-content\/uploads\/2024\/07\/IMG-20240717-WA00191.jpg\",\"keywords\":[\"SETPESP\"],\"articleSection\":[\"Not\u00edcias\",\"Transporte rodovi\u00e1rio\"],\"inLanguage\":\"pt-BR\",\"potentialAction\":[{\"@type\":\"CommentAction\",\"name\":\"Comment\",\"target\":[\"https:\/\/revistaautobus.com.br\/?p=12549#respond\"]}]},{\"@type\":\"WebPage\",\"@id\":\"https:\/\/revistaautobus.com.br\/?p=12549\",\"url\":\"https:\/\/revistaautobus.com.br\/?p=12549\",\"name\":\"O futuro do transporte rodovi\u00e1rio de passageiros com foco em sustentabilidade e inova\u00e7\u00e3o tecnol\u00f3gica - Revista AutoBus\",\"isPartOf\":{\"@id\":\"https:\/\/revistaautobus.com.br\/#website\"},\"primaryImageOfPage\":{\"@id\":\"https:\/\/revistaautobus.com.br\/?p=12549#primaryimage\"},\"image\":{\"@id\":\"https:\/\/revistaautobus.com.br\/?p=12549#primaryimage\"},\"thumbnailUrl\":\"https:\/\/revistaautobus.com.br\/wp-content\/uploads\/2024\/07\/IMG-20240717-WA00191.jpg\",\"datePublished\":\"2024-07-22T13:27:08+00:00\",\"breadcrumb\":{\"@id\":\"https:\/\/revistaautobus.com.br\/?p=12549#breadcrumb\"},\"inLanguage\":\"pt-BR\",\"potentialAction\":[{\"@type\":\"ReadAction\",\"target\":[\"https:\/\/revistaautobus.com.br\/?p=12549\"]}]},{\"@type\":\"ImageObject\",\"inLanguage\":\"pt-BR\",\"@id\":\"https:\/\/revistaautobus.com.br\/?p=12549#primaryimage\",\"url\":\"https:\/\/revistaautobus.com.br\/wp-content\/uploads\/2024\/07\/IMG-20240717-WA00191.jpg\",\"contentUrl\":\"https:\/\/revistaautobus.com.br\/wp-content\/uploads\/2024\/07\/IMG-20240717-WA00191.jpg\",\"width\":597,\"height\":600},{\"@type\":\"BreadcrumbList\",\"@id\":\"https:\/\/revistaautobus.com.br\/?p=12549#breadcrumb\",\"itemListElement\":[{\"@type\":\"ListItem\",\"position\":1,\"name\":\"In\u00edcio\",\"item\":\"https:\/\/revistaautobus.com.br\/\"},{\"@type\":\"ListItem\",\"position\":2,\"name\":\"O futuro do transporte rodovi\u00e1rio de passageiros com foco em sustentabilidade e inova\u00e7\u00e3o tecnol\u00f3gica\"}]},{\"@type\":\"WebSite\",\"@id\":\"https:\/\/revistaautobus.com.br\/#website\",\"url\":\"https:\/\/revistaautobus.com.br\/\",\"name\":\"Revista AutoBus\",\"description\":\"\",\"publisher\":{\"@id\":\"https:\/\/revistaautobus.com.br\/#organization\"},\"potentialAction\":[{\"@type\":\"SearchAction\",\"target\":{\"@type\":\"EntryPoint\",\"urlTemplate\":\"https:\/\/revistaautobus.com.br\/?s={search_term_string}\"},\"query-input\":{\"@type\":\"PropertyValueSpecification\",\"valueRequired\":true,\"valueName\":\"search_term_string\"}}],\"inLanguage\":\"pt-BR\"},{\"@type\":\"Organization\",\"@id\":\"https:\/\/revistaautobus.com.br\/#organization\",\"name\":\"Revista AutoBus\",\"url\":\"https:\/\/revistaautobus.com.br\/\",\"logo\":{\"@type\":\"ImageObject\",\"inLanguage\":\"pt-BR\",\"@id\":\"https:\/\/revistaautobus.com.br\/#\/schema\/logo\/image\/\",\"url\":\"https:\/\/revistaautobus.com.br\/wp-content\/uploads\/2024\/11\/logo_revista_autobus_fb.png\",\"contentUrl\":\"https:\/\/revistaautobus.com.br\/wp-content\/uploads\/2024\/11\/logo_revista_autobus_fb.png\",\"width\":836,\"height\":227,\"caption\":\"Revista AutoBus\"},\"image\":{\"@id\":\"https:\/\/revistaautobus.com.br\/#\/schema\/logo\/image\/\"},\"sameAs\":[\"https:\/\/www.facebook.com\/antonio.ferro.3150\",\"https:\/\/www.instagram.com\/revistaautobus\/\"]},{\"@type\":\"Person\",\"@id\":\"https:\/\/revistaautobus.com.br\/#\/schema\/person\/54af7c3eb83a310e42ef686ef6d16f50\",\"name\":\"Antonio Ferro\",\"image\":{\"@type\":\"ImageObject\",\"inLanguage\":\"pt-BR\",\"@id\":\"https:\/\/revistaautobus.com.br\/wp-content\/uploads\/2025\/12\/editor_antonio_ferro-150x150.jpg\",\"url\":\"https:\/\/revistaautobus.com.br\/wp-content\/uploads\/2025\/12\/editor_antonio_ferro-150x150.jpg\",\"contentUrl\":\"https:\/\/revistaautobus.com.br\/wp-content\/uploads\/2025\/12\/editor_antonio_ferro-150x150.jpg\",\"caption\":\"Antonio Ferro\"},\"description\":\"infobus@uol.com.br\",\"url\":\"https:\/\/revistaautobus.com.br\/?author=2\"}]}<\/script>\n<!-- \/ Yoast SEO plugin. -->","yoast_head_json":{"title":"O futuro do transporte rodovi\u00e1rio de passageiros com foco em sustentabilidade e inova\u00e7\u00e3o tecnol\u00f3gica - Revista AutoBus","robots":{"index":"index","follow":"follow","max-snippet":"max-snippet:-1","max-image-preview":"max-image-preview:large","max-video-preview":"max-video-preview:-1"},"canonical":"https:\/\/revistaautobus.com.br\/?p=12549","og_locale":"pt_BR","og_type":"article","og_title":"O futuro do transporte rodovi\u00e1rio de passageiros com foco em sustentabilidade e inova\u00e7\u00e3o tecnol\u00f3gica - Revista AutoBus","og_description":"Em evento espec\u00edfico a ser realizado em novembro pr\u00f3ximo, as empresas de \u00f4nibus regulares de S\u00e3o Paulo querem mostrar um cen\u00e1rio desafiador e inovador quanto aos servi\u00e7os e opera\u00e7\u00e3o","og_url":"https:\/\/revistaautobus.com.br\/?p=12549","og_site_name":"Revista AutoBus","article_publisher":"https:\/\/www.facebook.com\/antonio.ferro.3150","article_published_time":"2024-07-22T13:27:08+00:00","og_image":[{"width":597,"height":600,"url":"https:\/\/revistaautobus.com.br\/wp-content\/uploads\/2024\/07\/IMG-20240717-WA00191.jpg","type":"image\/jpeg"}],"author":"Antonio Ferro","twitter_card":"summary_large_image","twitter_misc":{"Escrito por":"Antonio Ferro","Est. tempo de leitura":"2 minutos"},"schema":{"@context":"https:\/\/schema.org","@graph":[{"@type":"Article","@id":"https:\/\/revistaautobus.com.br\/?p=12549#article","isPartOf":{"@id":"https:\/\/revistaautobus.com.br\/?p=12549"},"author":{"name":"Antonio Ferro","@id":"https:\/\/revistaautobus.com.br\/#\/schema\/person\/54af7c3eb83a310e42ef686ef6d16f50"},"headline":"O futuro do transporte rodovi\u00e1rio de passageiros com foco em sustentabilidade e inova\u00e7\u00e3o tecnol\u00f3gica","datePublished":"2024-07-22T13:27:08+00:00","mainEntityOfPage":{"@id":"https:\/\/revistaautobus.com.br\/?p=12549"},"wordCount":379,"commentCount":0,"publisher":{"@id":"https:\/\/revistaautobus.com.br\/#organization"},"image":{"@id":"https:\/\/revistaautobus.com.br\/?p=12549#primaryimage"},"thumbnailUrl":"https:\/\/revistaautobus.com.br\/wp-content\/uploads\/2024\/07\/IMG-20240717-WA00191.jpg","keywords":["SETPESP"],"articleSection":["Not\u00edcias","Transporte rodovi\u00e1rio"],"inLanguage":"pt-BR","potentialAction":[{"@type":"CommentAction","name":"Comment","target":["https:\/\/revistaautobus.com.br\/?p=12549#respond"]}]},{"@type":"WebPage","@id":"https:\/\/revistaautobus.com.br\/?p=12549","url":"https:\/\/revistaautobus.com.br\/?p=12549","name":"O futuro do transporte rodovi\u00e1rio de passageiros com foco em sustentabilidade e inova\u00e7\u00e3o tecnol\u00f3gica - Revista AutoBus","isPartOf":{"@id":"https:\/\/revistaautobus.com.br\/#website"},"primaryImageOfPage":{"@id":"https:\/\/revistaautobus.com.br\/?p=12549#primaryimage"},"image":{"@id":"https:\/\/revistaautobus.com.br\/?p=12549#primaryimage"},"thumbnailUrl":"https:\/\/revistaautobus.com.br\/wp-content\/uploads\/2024\/07\/IMG-20240717-WA00191.jpg","datePublished":"2024-07-22T13:27:08+00:00","breadcrumb":{"@id":"https:\/\/revistaautobus.com.br\/?p=12549#breadcrumb"},"inLanguage":"pt-BR","potentialAction":[{"@type":"ReadAction","target":["https:\/\/revistaautobus.com.br\/?p=12549"]}]},{"@type":"ImageObject","inLanguage":"pt-BR","@id":"https:\/\/revistaautobus.com.br\/?p=12549#primaryimage","url":"https:\/\/revistaautobus.com.br\/wp-content\/uploads\/2024\/07\/IMG-20240717-WA00191.jpg","contentUrl":"https:\/\/revistaautobus.com.br\/wp-content\/uploads\/2024\/07\/IMG-20240717-WA00191.jpg","width":597,"height":600},{"@type":"BreadcrumbList","@id":"https:\/\/revistaautobus.com.br\/?p=12549#breadcrumb","itemListElement":[{"@type":"ListItem","position":1,"name":"In\u00edcio","item":"https:\/\/revistaautobus.com.br\/"},{"@type":"ListItem","position":2,"name":"O futuro do transporte rodovi\u00e1rio de passageiros com foco em sustentabilidade e inova\u00e7\u00e3o tecnol\u00f3gica"}]},{"@type":"WebSite","@id":"https:\/\/revistaautobus.com.br\/#website","url":"https:\/\/revistaautobus.com.br\/","name":"Revista AutoBus","description":"","publisher":{"@id":"https:\/\/revistaautobus.com.br\/#organization"},"potentialAction":[{"@type":"SearchAction","target":{"@type":"EntryPoint","urlTemplate":"https:\/\/revistaautobus.com.br\/?s={search_term_string}"},"query-input":{"@type":"PropertyValueSpecification","valueRequired":true,"valueName":"search_term_string"}}],"inLanguage":"pt-BR"},{"@type":"Organization","@id":"https:\/\/revistaautobus.com.br\/#organization","name":"Revista AutoBus","url":"https:\/\/revistaautobus.com.br\/","logo":{"@type":"ImageObject","inLanguage":"pt-BR","@id":"https:\/\/revistaautobus.com.br\/#\/schema\/logo\/image\/","url":"https:\/\/revistaautobus.com.br\/wp-content\/uploads\/2024\/11\/logo_revista_autobus_fb.png","contentUrl":"https:\/\/revistaautobus.com.br\/wp-content\/uploads\/2024\/11\/logo_revista_autobus_fb.png","width":836,"height":227,"caption":"Revista AutoBus"},"image":{"@id":"https:\/\/revistaautobus.com.br\/#\/schema\/logo\/image\/"},"sameAs":["https:\/\/www.facebook.com\/antonio.ferro.3150","https:\/\/www.instagram.com\/revistaautobus\/"]},{"@type":"Person","@id":"https:\/\/revistaautobus.com.br\/#\/schema\/person\/54af7c3eb83a310e42ef686ef6d16f50","name":"Antonio Ferro","image":{"@type":"ImageObject","inLanguage":"pt-BR","@id":"https:\/\/revistaautobus.com.br\/wp-content\/uploads\/2025\/12\/editor_antonio_ferro-150x150.jpg","url":"https:\/\/revistaautobus.com.br\/wp-content\/uploads\/2025\/12\/editor_antonio_ferro-150x150.jpg","contentUrl":"https:\/\/revistaautobus.com.br\/wp-content\/uploads\/2025\/12\/editor_antonio_ferro-150x150.jpg","caption":"Antonio Ferro"},"description":"infobus@uol.com.br","url":"https:\/\/revistaautobus.com.br\/?author=2"}]}},"jetpack_featured_media_url":"https:\/\/revistaautobus.com.br\/wp-content\/uploads\/2024\/07\/IMG-20240717-WA00191.jpg","jetpack_sharing_enabled":true,"_links":{"self":[{"href":"https:\/\/revistaautobus.com.br\/index.php?rest_route=\/wp\/v2\/posts\/12549","targetHints":{"allow":["GET"]}}],"collection":[{"href":"https:\/\/revistaautobus.com.br\/index.php?rest_route=\/wp\/v2\/posts"}],"about":[{"href":"https:\/\/revistaautobus.com.br\/index.php?rest_route=\/wp\/v2\/types\/post"}],"author":[{"embeddable":true,"href":"https:\/\/revistaautobus.com.br\/index.php?rest_route=\/wp\/v2\/users\/2"}],"replies":[{"embeddable":true,"href":"https:\/\/revistaautobus.com.br\/index.php?rest_route=%2Fwp%2Fv2%2Fcomments&post=12549"}],"version-history":[{"count":3,"href":"https:\/\/revistaautobus.com.br\/index.php?rest_route=\/wp\/v2\/posts\/12549\/revisions"}],"predecessor-version":[{"id":12553,"href":"https:\/\/revistaautobus.com.br\/index.php?rest_route=\/wp\/v2\/posts\/12549\/revisions\/12553"}],"wp:featuredmedia":[{"embeddable":true,"href":"https:\/\/revistaautobus.com.br\/index.php?rest_route=\/wp\/v2\/media\/12550"}],"wp:attachment":[{"href":"https:\/\/revistaautobus.com.br\/index.php?rest_route=%2Fwp%2Fv2%2Fmedia&parent=12549"}],"wp:term":[{"taxonomy":"category","embeddable":true,"href":"https:\/\/revistaautobus.com.br\/index.php?rest_route=%2Fwp%2Fv2%2Fcategories&post=12549"},{"taxonomy":"post_tag","embeddable":true,"href":"https:\/\/revistaautobus.com.br\/index.php?rest_route=%2Fwp%2Fv2%2Ftags&post=12549"}],"curies":[{"name":"wp","href":"https:\/\/api.w.org\/{rel}","templated":true}]}}