{"id":12554,"date":"2024-07-22T10:32:31","date_gmt":"2024-07-22T13:32:31","guid":{"rendered":"https:\/\/revistaautobus.com.br\/?p=12554"},"modified":"2024-07-22T10:32:31","modified_gmt":"2024-07-22T13:32:31","slug":"scania-aposta-em-nova-bateria-para-o-seu-eletrico","status":"publish","type":"post","link":"https:\/\/revistaautobus.com.br\/?p=12554","title":{"rendered":"Scania aposta em nova bateria para o seu el\u00e9trico"},"content":{"rendered":"<p>A eletrifica\u00e7\u00e3o bate \u00e0s portas da marca Scania para o contexto do transporte coletivo urbano brasileiro. A fabricante, com significativo destaque quanto a desenvolver ve\u00edculos idealizados para uma mobilidade sem emiss\u00f5es poluentes, mostra ao mercado que seu novo chassi com tra\u00e7\u00e3o el\u00e9trica chega para ser um competidor de peso entre a concorr\u00eancia.<\/p>\n<p>Para seu futuro \u00f4nibus el\u00e9trico, ser\u00e3o usadas baterias NMC (l\u00edtio-n\u00edquel-mangan\u00eas-cobalto), diferentemente da maioria das usadas atualmente no mercado que s\u00e3o de LFP (l\u00edtio-ferro-fosfato). Segundo a marca, as baterias de NMC disp\u00f5em de uma maior densidade de carga, o que significa menos peso total do ve\u00edculo e, consequentemente, mais capacidade para transportar passageiros. E elas s\u00e3o modulares, facilitando a distribui\u00e7\u00e3o de carga, com pacotes de 104 kW\/h, cada, a serem instaladas no chassi K230E. \u201cDaremos a escolha ao cliente de equipar o produto com quatro ou cinco pacotes de baterias. Dessa forma, poderemos configurar as baterias em op\u00e7\u00f5es de tr\u00eas pacotes no teto e uma no fundo do \u00f4nibus, ou quatro baterias no teto e uma na posi\u00e7\u00e3o traseira\u201d, disse Marcelo Gallao, diretor de Desenvolvimento de Neg\u00f3cios da Scania Opera\u00e7\u00f5es Comerciais Brasil.<\/p>\n<p>O propulsor desse novo chassi \u00e9 o EMC 1-2 (Electric Machine Central com duas marchas), com pot\u00eancia cont\u00ednua de 230kW a 1.750 rpm, torque de 2.200Nm a 0 rpm (curva plana em regime cont\u00ednuo) e pot\u00eancia de pico de 300kW a 1.400 rpm. \u201cN\u00e3o chamaremos mais de motor el\u00e9trico, simplesmente. Optamos, agora, por ter uma fam\u00edlia de motoregenerativa, com a fun\u00e7\u00e3o de dar tra\u00e7\u00e3o ao ve\u00edculo com o pisar do acelerador e ao desacelerar ele se transforma num gerador de energia\u201d, explicou Gallao.<\/p>\n<p>A Scania prepara uma mudan\u00e7a em seu <em>layout<\/em> produtivo localizado em sua f\u00e1brica de S\u00e3o Bernardo do Campo (SP) para produzir o seu novo chassi. Ainda assim, ela pensa, em sua jornada de descarboniza\u00e7\u00e3o, nacionalizar o motor, que tem peso de 238 quilos, com um torque equivalente \u00e0 propulsor a diesel de 400 cv.<\/p>\n<p>Voltando ao tema da bateria, Gallao contou que no desenvolvimento da mesma houve uma demanda de tempo de dois anos, sendo um produto capaz de suprir as necessidades operacionais com novos elementos qu\u00edmicos que proporcionam maior carga energ\u00e9tica e menor emiss\u00e3o de CO2 (70%) em seu processo de fabrica\u00e7\u00e3o. \u201cA bateria sempre ser\u00e1 o componente mais pesado do \u00f4nibus, por isso temos que ter um produto com mais energia e menos peso para atendermos o mercado urbano\u201d.<\/p>\n<div id=\"attachment_12556\" style=\"width: 1010px\" class=\"wp-caption alignnone\"><img loading=\"lazy\" decoding=\"async\" aria-describedby=\"caption-attachment-12556\" class=\"wp-image-12556 size-full\" src=\"https:\/\/revistaautobus.com.br\/wp-content\/uploads\/2024\/07\/18ca992c70c5db13b222f03fceadc468.jpeg\" alt=\"\" width=\"1000\" height=\"665\" srcset=\"https:\/\/revistaautobus.com.br\/wp-content\/uploads\/2024\/07\/18ca992c70c5db13b222f03fceadc468.jpeg 1000w, https:\/\/revistaautobus.com.br\/wp-content\/uploads\/2024\/07\/18ca992c70c5db13b222f03fceadc468-300x200.jpeg 300w, https:\/\/revistaautobus.com.br\/wp-content\/uploads\/2024\/07\/18ca992c70c5db13b222f03fceadc468-768x511.jpeg 768w\" sizes=\"(max-width: 1000px) 100vw, 1000px\" \/><p id=\"caption-attachment-12556\" class=\"wp-caption-text\"><span style=\"color: #008000;\"><em><strong>A eletrifica\u00e7\u00e3o entra, de vez, nos planos da Scania<\/strong><\/em><\/span><\/p><\/div>\n<p>As baterias do novo chassi ser\u00e3o importadas da Su\u00e9cia via parceria entre Scania e a Northvolt, que as desenvolvem em conjunto para ve\u00edculos el\u00e9tricos, num acordo firmado em 2017, entre as l\u00edderes em sustentabilidade. Em 2023, a Scania inaugurou uma nova f\u00e1brica de baterias em S\u00f6dert\u00e4lje, na Su\u00e9cia, onde c\u00e9lulas de bateria s\u00e3o montadas para caminh\u00f5es e \u00f4nibus el\u00e9tricos pesados. \u201c90% das baterias de LFP s\u00e3o produzidas na \u00c1sia. Agora, com o modelo NMC, podemos produzir sob a marca da Scania para ser utilizada em nossos \u00f4nibus\u201d, explicou Gallao.<\/p>\n<p>A montadora especifica a instala\u00e7\u00e3o de quatro ou cinco <em>packs<\/em> de baterias, dependendo da capacidade carga ou de autonomia determinada pelo operador. Com isso, o \u00f4nibus poder\u00e1 rodar at\u00e9 300 km em condi\u00e7\u00f5es severas de aplica\u00e7\u00e3o. Marcelo Gallao destacou que h\u00e1 um sistema de seguran\u00e7a redundante para que as baterias possam operar de maneira eficiente perante os mais diversos desafios do transporte brasileiro. O sistema de recarga utilizar\u00e1 carregadores de mercado, que giram em torno de 150 a 180kW. Por\u00e9m, a empresa tem a liberdade para desenvolver uma solu\u00e7\u00e3o local. \u201cO perfeito processo de monitoramento da opera\u00e7\u00e3o \u00e9 essencial para o sucesso desse novo produto no mercado brasileiro. Queremos nos diferenciar por isso\u201d.<\/p>\n<p>Imagens &#8211; Divulga\u00e7\u00e3o<\/p>\n","protected":false},"excerpt":{"rendered":"<p>Com um produto identificado para atender as demandas operacionais brasileiras, a maior densidade de carga \u00e9 um dos seus diferenciais<\/p>\n","protected":false},"author":2,"featured_media":12555,"comment_status":"open","ping_status":"open","sticky":false,"template":"","format":"standard","meta":{"_et_pb_use_builder":"","_et_pb_old_content":"","_et_gb_content_width":"","_jetpack_memberships_contains_paid_content":false,"footnotes":""},"categories":[562,10,90],"tags":[805,100],"class_list":["post-12554","post","type-post","status-publish","format-standard","has-post-thumbnail","hentry","category-eletrificacao","category-montadoras","category-noticias","tag-onibus-eletrico-scania","tag-scania","et-has-post-format-content","et_post_format-et-post-format-standard"],"yoast_head":"<!-- This site is optimized with the Yoast SEO plugin v27.2 - https:\/\/yoast.com\/product\/yoast-seo-wordpress\/ -->\n<title>Scania aposta em nova bateria para o seu el\u00e9trico - Revista AutoBus<\/title>\n<meta name=\"robots\" content=\"index, follow, max-snippet:-1, max-image-preview:large, max-video-preview:-1\" \/>\n<link rel=\"canonical\" href=\"https:\/\/revistaautobus.com.br\/?p=12554\" \/>\n<meta property=\"og:locale\" content=\"pt_BR\" \/>\n<meta property=\"og:type\" content=\"article\" \/>\n<meta property=\"og:title\" content=\"Scania aposta em nova bateria para o seu el\u00e9trico - Revista AutoBus\" \/>\n<meta property=\"og:description\" content=\"Com um produto identificado para atender as demandas operacionais brasileiras, a maior densidade de carga \u00e9 um dos seus diferenciais\" \/>\n<meta property=\"og:url\" content=\"https:\/\/revistaautobus.com.br\/?p=12554\" \/>\n<meta property=\"og:site_name\" content=\"Revista AutoBus\" \/>\n<meta property=\"article:publisher\" content=\"https:\/\/www.facebook.com\/antonio.ferro.3150\" \/>\n<meta property=\"article:published_time\" content=\"2024-07-22T13:32:31+00:00\" \/>\n<meta property=\"og:image\" content=\"https:\/\/revistaautobus.com.br\/wp-content\/uploads\/2024\/07\/Eletro-Scania.png\" \/>\n\t<meta property=\"og:image:width\" content=\"1000\" \/>\n\t<meta property=\"og:image:height\" content=\"1502\" \/>\n\t<meta property=\"og:image:type\" content=\"image\/png\" \/>\n<meta name=\"author\" content=\"Antonio Ferro\" \/>\n<meta name=\"twitter:card\" content=\"summary_large_image\" \/>\n<meta name=\"twitter:label1\" content=\"Escrito por\" \/>\n\t<meta name=\"twitter:data1\" content=\"Antonio Ferro\" \/>\n\t<meta name=\"twitter:label2\" content=\"Est. tempo de leitura\" \/>\n\t<meta name=\"twitter:data2\" content=\"3 minutos\" \/>\n<script type=\"application\/ld+json\" class=\"yoast-schema-graph\">{\"@context\":\"https:\/\/schema.org\",\"@graph\":[{\"@type\":\"Article\",\"@id\":\"https:\/\/revistaautobus.com.br\/?p=12554#article\",\"isPartOf\":{\"@id\":\"https:\/\/revistaautobus.com.br\/?p=12554\"},\"author\":{\"name\":\"Antonio Ferro\",\"@id\":\"https:\/\/revistaautobus.com.br\/#\/schema\/person\/54af7c3eb83a310e42ef686ef6d16f50\"},\"headline\":\"Scania aposta em nova bateria para o seu el\u00e9trico\",\"datePublished\":\"2024-07-22T13:32:31+00:00\",\"mainEntityOfPage\":{\"@id\":\"https:\/\/revistaautobus.com.br\/?p=12554\"},\"wordCount\":678,\"commentCount\":0,\"publisher\":{\"@id\":\"https:\/\/revistaautobus.com.br\/#organization\"},\"image\":{\"@id\":\"https:\/\/revistaautobus.com.br\/?p=12554#primaryimage\"},\"thumbnailUrl\":\"https:\/\/revistaautobus.com.br\/wp-content\/uploads\/2024\/07\/Eletro-Scania.png\",\"keywords\":[\"\u00d4nibus el\u00e9trico Scania\",\"Scania\"],\"articleSection\":[\"Eletrifica\u00e7\u00e3o\",\"Montadoras\",\"Not\u00edcias\"],\"inLanguage\":\"pt-BR\",\"potentialAction\":[{\"@type\":\"CommentAction\",\"name\":\"Comment\",\"target\":[\"https:\/\/revistaautobus.com.br\/?p=12554#respond\"]}]},{\"@type\":\"WebPage\",\"@id\":\"https:\/\/revistaautobus.com.br\/?p=12554\",\"url\":\"https:\/\/revistaautobus.com.br\/?p=12554\",\"name\":\"Scania aposta em nova bateria para o seu el\u00e9trico - Revista AutoBus\",\"isPartOf\":{\"@id\":\"https:\/\/revistaautobus.com.br\/#website\"},\"primaryImageOfPage\":{\"@id\":\"https:\/\/revistaautobus.com.br\/?p=12554#primaryimage\"},\"image\":{\"@id\":\"https:\/\/revistaautobus.com.br\/?p=12554#primaryimage\"},\"thumbnailUrl\":\"https:\/\/revistaautobus.com.br\/wp-content\/uploads\/2024\/07\/Eletro-Scania.png\",\"datePublished\":\"2024-07-22T13:32:31+00:00\",\"breadcrumb\":{\"@id\":\"https:\/\/revistaautobus.com.br\/?p=12554#breadcrumb\"},\"inLanguage\":\"pt-BR\",\"potentialAction\":[{\"@type\":\"ReadAction\",\"target\":[\"https:\/\/revistaautobus.com.br\/?p=12554\"]}]},{\"@type\":\"ImageObject\",\"inLanguage\":\"pt-BR\",\"@id\":\"https:\/\/revistaautobus.com.br\/?p=12554#primaryimage\",\"url\":\"https:\/\/revistaautobus.com.br\/wp-content\/uploads\/2024\/07\/Eletro-Scania.png\",\"contentUrl\":\"https:\/\/revistaautobus.com.br\/wp-content\/uploads\/2024\/07\/Eletro-Scania.png\",\"width\":1000,\"height\":1502},{\"@type\":\"BreadcrumbList\",\"@id\":\"https:\/\/revistaautobus.com.br\/?p=12554#breadcrumb\",\"itemListElement\":[{\"@type\":\"ListItem\",\"position\":1,\"name\":\"In\u00edcio\",\"item\":\"https:\/\/revistaautobus.com.br\/\"},{\"@type\":\"ListItem\",\"position\":2,\"name\":\"Scania aposta em nova bateria para o seu el\u00e9trico\"}]},{\"@type\":\"WebSite\",\"@id\":\"https:\/\/revistaautobus.com.br\/#website\",\"url\":\"https:\/\/revistaautobus.com.br\/\",\"name\":\"Revista AutoBus\",\"description\":\"\",\"publisher\":{\"@id\":\"https:\/\/revistaautobus.com.br\/#organization\"},\"potentialAction\":[{\"@type\":\"SearchAction\",\"target\":{\"@type\":\"EntryPoint\",\"urlTemplate\":\"https:\/\/revistaautobus.com.br\/?s={search_term_string}\"},\"query-input\":{\"@type\":\"PropertyValueSpecification\",\"valueRequired\":true,\"valueName\":\"search_term_string\"}}],\"inLanguage\":\"pt-BR\"},{\"@type\":\"Organization\",\"@id\":\"https:\/\/revistaautobus.com.br\/#organization\",\"name\":\"Revista AutoBus\",\"url\":\"https:\/\/revistaautobus.com.br\/\",\"logo\":{\"@type\":\"ImageObject\",\"inLanguage\":\"pt-BR\",\"@id\":\"https:\/\/revistaautobus.com.br\/#\/schema\/logo\/image\/\",\"url\":\"https:\/\/revistaautobus.com.br\/wp-content\/uploads\/2024\/11\/logo_revista_autobus_fb.png\",\"contentUrl\":\"https:\/\/revistaautobus.com.br\/wp-content\/uploads\/2024\/11\/logo_revista_autobus_fb.png\",\"width\":836,\"height\":227,\"caption\":\"Revista AutoBus\"},\"image\":{\"@id\":\"https:\/\/revistaautobus.com.br\/#\/schema\/logo\/image\/\"},\"sameAs\":[\"https:\/\/www.facebook.com\/antonio.ferro.3150\",\"https:\/\/www.instagram.com\/revistaautobus\/\"]},{\"@type\":\"Person\",\"@id\":\"https:\/\/revistaautobus.com.br\/#\/schema\/person\/54af7c3eb83a310e42ef686ef6d16f50\",\"name\":\"Antonio Ferro\",\"image\":{\"@type\":\"ImageObject\",\"inLanguage\":\"pt-BR\",\"@id\":\"https:\/\/revistaautobus.com.br\/wp-content\/uploads\/2025\/12\/editor_antonio_ferro-150x150.jpg\",\"url\":\"https:\/\/revistaautobus.com.br\/wp-content\/uploads\/2025\/12\/editor_antonio_ferro-150x150.jpg\",\"contentUrl\":\"https:\/\/revistaautobus.com.br\/wp-content\/uploads\/2025\/12\/editor_antonio_ferro-150x150.jpg\",\"caption\":\"Antonio Ferro\"},\"description\":\"infobus@uol.com.br\",\"url\":\"https:\/\/revistaautobus.com.br\/?author=2\"}]}<\/script>\n<!-- \/ Yoast SEO plugin. -->","yoast_head_json":{"title":"Scania aposta em nova bateria para o seu el\u00e9trico - Revista AutoBus","robots":{"index":"index","follow":"follow","max-snippet":"max-snippet:-1","max-image-preview":"max-image-preview:large","max-video-preview":"max-video-preview:-1"},"canonical":"https:\/\/revistaautobus.com.br\/?p=12554","og_locale":"pt_BR","og_type":"article","og_title":"Scania aposta em nova bateria para o seu el\u00e9trico - Revista AutoBus","og_description":"Com um produto identificado para atender as demandas operacionais brasileiras, a maior densidade de carga \u00e9 um dos seus diferenciais","og_url":"https:\/\/revistaautobus.com.br\/?p=12554","og_site_name":"Revista AutoBus","article_publisher":"https:\/\/www.facebook.com\/antonio.ferro.3150","article_published_time":"2024-07-22T13:32:31+00:00","og_image":[{"width":1000,"height":1502,"url":"https:\/\/revistaautobus.com.br\/wp-content\/uploads\/2024\/07\/Eletro-Scania.png","type":"image\/png"}],"author":"Antonio Ferro","twitter_card":"summary_large_image","twitter_misc":{"Escrito por":"Antonio Ferro","Est. tempo de leitura":"3 minutos"},"schema":{"@context":"https:\/\/schema.org","@graph":[{"@type":"Article","@id":"https:\/\/revistaautobus.com.br\/?p=12554#article","isPartOf":{"@id":"https:\/\/revistaautobus.com.br\/?p=12554"},"author":{"name":"Antonio Ferro","@id":"https:\/\/revistaautobus.com.br\/#\/schema\/person\/54af7c3eb83a310e42ef686ef6d16f50"},"headline":"Scania aposta em nova bateria para o seu el\u00e9trico","datePublished":"2024-07-22T13:32:31+00:00","mainEntityOfPage":{"@id":"https:\/\/revistaautobus.com.br\/?p=12554"},"wordCount":678,"commentCount":0,"publisher":{"@id":"https:\/\/revistaautobus.com.br\/#organization"},"image":{"@id":"https:\/\/revistaautobus.com.br\/?p=12554#primaryimage"},"thumbnailUrl":"https:\/\/revistaautobus.com.br\/wp-content\/uploads\/2024\/07\/Eletro-Scania.png","keywords":["\u00d4nibus el\u00e9trico Scania","Scania"],"articleSection":["Eletrifica\u00e7\u00e3o","Montadoras","Not\u00edcias"],"inLanguage":"pt-BR","potentialAction":[{"@type":"CommentAction","name":"Comment","target":["https:\/\/revistaautobus.com.br\/?p=12554#respond"]}]},{"@type":"WebPage","@id":"https:\/\/revistaautobus.com.br\/?p=12554","url":"https:\/\/revistaautobus.com.br\/?p=12554","name":"Scania aposta em nova bateria para o seu el\u00e9trico - Revista AutoBus","isPartOf":{"@id":"https:\/\/revistaautobus.com.br\/#website"},"primaryImageOfPage":{"@id":"https:\/\/revistaautobus.com.br\/?p=12554#primaryimage"},"image":{"@id":"https:\/\/revistaautobus.com.br\/?p=12554#primaryimage"},"thumbnailUrl":"https:\/\/revistaautobus.com.br\/wp-content\/uploads\/2024\/07\/Eletro-Scania.png","datePublished":"2024-07-22T13:32:31+00:00","breadcrumb":{"@id":"https:\/\/revistaautobus.com.br\/?p=12554#breadcrumb"},"inLanguage":"pt-BR","potentialAction":[{"@type":"ReadAction","target":["https:\/\/revistaautobus.com.br\/?p=12554"]}]},{"@type":"ImageObject","inLanguage":"pt-BR","@id":"https:\/\/revistaautobus.com.br\/?p=12554#primaryimage","url":"https:\/\/revistaautobus.com.br\/wp-content\/uploads\/2024\/07\/Eletro-Scania.png","contentUrl":"https:\/\/revistaautobus.com.br\/wp-content\/uploads\/2024\/07\/Eletro-Scania.png","width":1000,"height":1502},{"@type":"BreadcrumbList","@id":"https:\/\/revistaautobus.com.br\/?p=12554#breadcrumb","itemListElement":[{"@type":"ListItem","position":1,"name":"In\u00edcio","item":"https:\/\/revistaautobus.com.br\/"},{"@type":"ListItem","position":2,"name":"Scania aposta em nova bateria para o seu el\u00e9trico"}]},{"@type":"WebSite","@id":"https:\/\/revistaautobus.com.br\/#website","url":"https:\/\/revistaautobus.com.br\/","name":"Revista AutoBus","description":"","publisher":{"@id":"https:\/\/revistaautobus.com.br\/#organization"},"potentialAction":[{"@type":"SearchAction","target":{"@type":"EntryPoint","urlTemplate":"https:\/\/revistaautobus.com.br\/?s={search_term_string}"},"query-input":{"@type":"PropertyValueSpecification","valueRequired":true,"valueName":"search_term_string"}}],"inLanguage":"pt-BR"},{"@type":"Organization","@id":"https:\/\/revistaautobus.com.br\/#organization","name":"Revista AutoBus","url":"https:\/\/revistaautobus.com.br\/","logo":{"@type":"ImageObject","inLanguage":"pt-BR","@id":"https:\/\/revistaautobus.com.br\/#\/schema\/logo\/image\/","url":"https:\/\/revistaautobus.com.br\/wp-content\/uploads\/2024\/11\/logo_revista_autobus_fb.png","contentUrl":"https:\/\/revistaautobus.com.br\/wp-content\/uploads\/2024\/11\/logo_revista_autobus_fb.png","width":836,"height":227,"caption":"Revista AutoBus"},"image":{"@id":"https:\/\/revistaautobus.com.br\/#\/schema\/logo\/image\/"},"sameAs":["https:\/\/www.facebook.com\/antonio.ferro.3150","https:\/\/www.instagram.com\/revistaautobus\/"]},{"@type":"Person","@id":"https:\/\/revistaautobus.com.br\/#\/schema\/person\/54af7c3eb83a310e42ef686ef6d16f50","name":"Antonio Ferro","image":{"@type":"ImageObject","inLanguage":"pt-BR","@id":"https:\/\/revistaautobus.com.br\/wp-content\/uploads\/2025\/12\/editor_antonio_ferro-150x150.jpg","url":"https:\/\/revistaautobus.com.br\/wp-content\/uploads\/2025\/12\/editor_antonio_ferro-150x150.jpg","contentUrl":"https:\/\/revistaautobus.com.br\/wp-content\/uploads\/2025\/12\/editor_antonio_ferro-150x150.jpg","caption":"Antonio Ferro"},"description":"infobus@uol.com.br","url":"https:\/\/revistaautobus.com.br\/?author=2"}]}},"jetpack_featured_media_url":"https:\/\/revistaautobus.com.br\/wp-content\/uploads\/2024\/07\/Eletro-Scania.png","jetpack_sharing_enabled":true,"_links":{"self":[{"href":"https:\/\/revistaautobus.com.br\/index.php?rest_route=\/wp\/v2\/posts\/12554","targetHints":{"allow":["GET"]}}],"collection":[{"href":"https:\/\/revistaautobus.com.br\/index.php?rest_route=\/wp\/v2\/posts"}],"about":[{"href":"https:\/\/revistaautobus.com.br\/index.php?rest_route=\/wp\/v2\/types\/post"}],"author":[{"embeddable":true,"href":"https:\/\/revistaautobus.com.br\/index.php?rest_route=\/wp\/v2\/users\/2"}],"replies":[{"embeddable":true,"href":"https:\/\/revistaautobus.com.br\/index.php?rest_route=%2Fwp%2Fv2%2Fcomments&post=12554"}],"version-history":[{"count":3,"href":"https:\/\/revistaautobus.com.br\/index.php?rest_route=\/wp\/v2\/posts\/12554\/revisions"}],"predecessor-version":[{"id":12559,"href":"https:\/\/revistaautobus.com.br\/index.php?rest_route=\/wp\/v2\/posts\/12554\/revisions\/12559"}],"wp:featuredmedia":[{"embeddable":true,"href":"https:\/\/revistaautobus.com.br\/index.php?rest_route=\/wp\/v2\/media\/12555"}],"wp:attachment":[{"href":"https:\/\/revistaautobus.com.br\/index.php?rest_route=%2Fwp%2Fv2%2Fmedia&parent=12554"}],"wp:term":[{"taxonomy":"category","embeddable":true,"href":"https:\/\/revistaautobus.com.br\/index.php?rest_route=%2Fwp%2Fv2%2Fcategories&post=12554"},{"taxonomy":"post_tag","embeddable":true,"href":"https:\/\/revistaautobus.com.br\/index.php?rest_route=%2Fwp%2Fv2%2Ftags&post=12554"}],"curies":[{"name":"wp","href":"https:\/\/api.w.org\/{rel}","templated":true}]}}