{"id":12560,"date":"2024-07-22T10:39:06","date_gmt":"2024-07-22T13:39:06","guid":{"rendered":"https:\/\/revistaautobus.com.br\/?p=12560"},"modified":"2024-07-22T10:39:06","modified_gmt":"2024-07-22T13:39:06","slug":"banco-mercedes-em-sintonia-com-a-sustentabilidade-ambiental","status":"publish","type":"post","link":"https:\/\/revistaautobus.com.br\/?p=12560","title":{"rendered":"Banco Mercedes em sintonia com a sustentabilidade ambiental"},"content":{"rendered":"<p>O Finame Fundo Clima, produto do BNDES (Banco Nacional de Desenvolvimento Econ\u00f4mico e Social), e o Refrota, financiamento do Programa de Infraestrutura de Transporte e da Mobilidade Urbana (Pr\u00f3-Transporte), com os investimentos do Novo PAC do Governo Federal, j\u00e1 podem ser atendidos por meio de cr\u00e9ditos dispon\u00edveis pelo Banco Mercedes-Benz, que \u00e9 a primeira institui\u00e7\u00e3o financeira a operacionalizar esses novos produtos.<\/p>\n<p>Segundo a casa banc\u00e1ria, o Finame Fundo Clima chega para facilitar o cr\u00e9dito para clientes Mercedes-Benz na compra do \u00f4nibus urbano eO500U, primeiro chassi de \u00f4nibus 100% el\u00e9trico da marca. O produto oferece custos mais baixos que o Finame convencional e condi\u00e7\u00f5es mais atraentes, como taxas fixas de juros. \u201cA iniciativa trar\u00e1 benef\u00edcios para nossos clientes, mas principalmente para o meio ambiente e para a sociedade, refor\u00e7ando o compromisso da marca Mercedes-Benz em oferecer solu\u00e7\u00f5es de mobilidade sustent\u00e1veis e ambientalmente respons\u00e1veis\u201d, disse Leonardo Piccinini, presidente e CEO do Banco Mercedes-Benz.<\/p>\n<p>J\u00e1 Marcello Larussa, diretor-comercial do Banco Mercedes-Benz, destacou que as empresas interessadas podem financiar at\u00e9 100% do valor do bem, com prazo de at\u00e9 180 meses e car\u00eancia de at\u00e9 60 meses para o primeiro pagamento, com taxas de juros fixas de at\u00e9 10,33% ao ano e condi\u00e7\u00f5es sujeitas \u00e0 pol\u00edtica de cr\u00e9dito da institui\u00e7\u00e3o. \u201cCom o Finame Fundo Clima, estamos ajudando a mitigar os efeitos das mudan\u00e7as clim\u00e1ticas e ainda oferecendo condi\u00e7\u00f5es especiais para a aquisi\u00e7\u00e3o de um ve\u00edculo com tecnologia de \u00faltima gera\u00e7\u00e3o, como o eO500U. Al\u00e9m do benef\u00edcio para o meio ambiente, trazemos mais seguran\u00e7a, modernidade e conforto para os usu\u00e1rios de \u00f4nibus\u201d, afirmou. No BMB, s\u00e3o eleg\u00edveis ao financiamento companhias de transporte p\u00fablico e urbano com faturamento superior a R$ 300 milh\u00f5es.<\/p>\n<p>Quanto ao Refrota, programa lan\u00e7ado em 2017 destinado \u00e0 renova\u00e7\u00e3o e amplia\u00e7\u00e3o das frotas de \u00f4nibus urbanos em todo o Pa\u00eds, o Banco Mercedes-Benz ser\u00e1 o primeiro a operacionalizar o produto nesta nova fase. Ele faz parte do Programa de Infraestrutura de Transporte e da Mobilidade Urbana (Pr\u00f3-Transporte), em conson\u00e2ncia com os investimentos do Novo PAC do Governo Federal. O cr\u00e9dito \u00e9 concedido com recursos do FGTS (Fundo de Garantia por Tempo de Servi\u00e7o). Com isso, as empresas poder\u00e3o financiar at\u00e9 95% do valor do ve\u00edculo em at\u00e9 96 meses, j\u00e1 inclusa a car\u00eancia de at\u00e9 seis meses, com condi\u00e7\u00f5es sujeitas \u00e0 pol\u00edtica de cr\u00e9dito da institui\u00e7\u00e3o. A taxa total de juros para o cliente final \u00e9 de 9% ao ano e o indexador \u00e9 a Taxa Referencial (TR).\u00a0 N\u00e3o h\u00e1 cobran\u00e7a de IOF (Imposto sobre Opera\u00e7\u00f5es Financeiras). \u201cTemos orgulho de sermos especialistas na opera\u00e7\u00e3o do Refrota e estamos comprometidos em continuar oferecendo solu\u00e7\u00f5es financeiras que promovam a moderniza\u00e7\u00e3o e efici\u00eancia do transporte p\u00fablico. Nosso empenho e expertise neste setor refor\u00e7am nossa miss\u00e3o de contribuir para um futuro mais sustent\u00e1vel e conectado\u201d, conclui Larussa.<\/p>\n<p>Imagem &#8211; Divulga\u00e7\u00e3o<\/p>\n","protected":false},"excerpt":{"rendered":"<p>Suporte financeiro para a renova\u00e7\u00e3o de frota do transporte coletivo urbano<\/p>\n","protected":false},"author":2,"featured_media":12561,"comment_status":"open","ping_status":"open","sticky":false,"template":"","format":"standard","meta":{"_et_pb_use_builder":"","_et_pb_old_content":"","_et_gb_content_width":"","_jetpack_memberships_contains_paid_content":false,"footnotes":""},"categories":[562,10,526],"tags":[806,17],"class_list":["post-12560","post","type-post","status-publish","format-standard","has-post-thumbnail","hentry","category-eletrificacao","category-montadoras","category-onibus-eletrico","tag-mercedes-finame-fundo-clima","tag-mercedes-benz","et-has-post-format-content","et_post_format-et-post-format-standard"],"yoast_head":"<!-- This site is optimized with the Yoast SEO plugin v27.2 - https:\/\/yoast.com\/product\/yoast-seo-wordpress\/ -->\n<title>Banco Mercedes em sintonia com a sustentabilidade ambiental - Revista AutoBus<\/title>\n<meta name=\"robots\" content=\"index, follow, max-snippet:-1, max-image-preview:large, max-video-preview:-1\" \/>\n<link rel=\"canonical\" href=\"https:\/\/revistaautobus.com.br\/?p=12560\" \/>\n<meta property=\"og:locale\" content=\"pt_BR\" \/>\n<meta property=\"og:type\" content=\"article\" \/>\n<meta property=\"og:title\" content=\"Banco Mercedes em sintonia com a sustentabilidade ambiental - Revista AutoBus\" \/>\n<meta property=\"og:description\" content=\"Suporte financeiro para a renova\u00e7\u00e3o de frota do transporte coletivo urbano\" \/>\n<meta property=\"og:url\" content=\"https:\/\/revistaautobus.com.br\/?p=12560\" \/>\n<meta property=\"og:site_name\" content=\"Revista AutoBus\" \/>\n<meta property=\"article:publisher\" content=\"https:\/\/www.facebook.com\/antonio.ferro.3150\" \/>\n<meta property=\"article:published_time\" content=\"2024-07-22T13:39:06+00:00\" \/>\n<meta property=\"og:image\" content=\"https:\/\/revistaautobus.com.br\/wp-content\/uploads\/2024\/07\/Onibus-Eletrico-2.jpg\" \/>\n\t<meta property=\"og:image:width\" content=\"1000\" \/>\n\t<meta property=\"og:image:height\" content=\"665\" \/>\n\t<meta property=\"og:image:type\" content=\"image\/jpeg\" \/>\n<meta name=\"author\" content=\"Antonio Ferro\" \/>\n<meta name=\"twitter:card\" content=\"summary_large_image\" \/>\n<meta name=\"twitter:label1\" content=\"Escrito por\" \/>\n\t<meta name=\"twitter:data1\" content=\"Antonio Ferro\" \/>\n\t<meta name=\"twitter:label2\" content=\"Est. tempo de leitura\" \/>\n\t<meta name=\"twitter:data2\" content=\"3 minutos\" \/>\n<script type=\"application\/ld+json\" class=\"yoast-schema-graph\">{\"@context\":\"https:\/\/schema.org\",\"@graph\":[{\"@type\":\"Article\",\"@id\":\"https:\/\/revistaautobus.com.br\/?p=12560#article\",\"isPartOf\":{\"@id\":\"https:\/\/revistaautobus.com.br\/?p=12560\"},\"author\":{\"name\":\"Antonio Ferro\",\"@id\":\"https:\/\/revistaautobus.com.br\/#\/schema\/person\/54af7c3eb83a310e42ef686ef6d16f50\"},\"headline\":\"Banco Mercedes em sintonia com a sustentabilidade ambiental\",\"datePublished\":\"2024-07-22T13:39:06+00:00\",\"mainEntityOfPage\":{\"@id\":\"https:\/\/revistaautobus.com.br\/?p=12560\"},\"wordCount\":517,\"commentCount\":0,\"publisher\":{\"@id\":\"https:\/\/revistaautobus.com.br\/#organization\"},\"image\":{\"@id\":\"https:\/\/revistaautobus.com.br\/?p=12560#primaryimage\"},\"thumbnailUrl\":\"https:\/\/revistaautobus.com.br\/wp-content\/uploads\/2024\/07\/Onibus-Eletrico-2.jpg\",\"keywords\":[\"Mercedes Finame Fundo Clima\",\"mercedes-benz\"],\"articleSection\":[\"Eletrifica\u00e7\u00e3o\",\"Montadoras\",\"\u00d4nibus el\u00e9trico\"],\"inLanguage\":\"pt-BR\",\"potentialAction\":[{\"@type\":\"CommentAction\",\"name\":\"Comment\",\"target\":[\"https:\/\/revistaautobus.com.br\/?p=12560#respond\"]}]},{\"@type\":\"WebPage\",\"@id\":\"https:\/\/revistaautobus.com.br\/?p=12560\",\"url\":\"https:\/\/revistaautobus.com.br\/?p=12560\",\"name\":\"Banco Mercedes em sintonia com a sustentabilidade ambiental - Revista AutoBus\",\"isPartOf\":{\"@id\":\"https:\/\/revistaautobus.com.br\/#website\"},\"primaryImageOfPage\":{\"@id\":\"https:\/\/revistaautobus.com.br\/?p=12560#primaryimage\"},\"image\":{\"@id\":\"https:\/\/revistaautobus.com.br\/?p=12560#primaryimage\"},\"thumbnailUrl\":\"https:\/\/revistaautobus.com.br\/wp-content\/uploads\/2024\/07\/Onibus-Eletrico-2.jpg\",\"datePublished\":\"2024-07-22T13:39:06+00:00\",\"breadcrumb\":{\"@id\":\"https:\/\/revistaautobus.com.br\/?p=12560#breadcrumb\"},\"inLanguage\":\"pt-BR\",\"potentialAction\":[{\"@type\":\"ReadAction\",\"target\":[\"https:\/\/revistaautobus.com.br\/?p=12560\"]}]},{\"@type\":\"ImageObject\",\"inLanguage\":\"pt-BR\",\"@id\":\"https:\/\/revistaautobus.com.br\/?p=12560#primaryimage\",\"url\":\"https:\/\/revistaautobus.com.br\/wp-content\/uploads\/2024\/07\/Onibus-Eletrico-2.jpg\",\"contentUrl\":\"https:\/\/revistaautobus.com.br\/wp-content\/uploads\/2024\/07\/Onibus-Eletrico-2.jpg\",\"width\":1000,\"height\":665},{\"@type\":\"BreadcrumbList\",\"@id\":\"https:\/\/revistaautobus.com.br\/?p=12560#breadcrumb\",\"itemListElement\":[{\"@type\":\"ListItem\",\"position\":1,\"name\":\"In\u00edcio\",\"item\":\"https:\/\/revistaautobus.com.br\/\"},{\"@type\":\"ListItem\",\"position\":2,\"name\":\"Banco Mercedes em sintonia com a sustentabilidade ambiental\"}]},{\"@type\":\"WebSite\",\"@id\":\"https:\/\/revistaautobus.com.br\/#website\",\"url\":\"https:\/\/revistaautobus.com.br\/\",\"name\":\"Revista AutoBus\",\"description\":\"\",\"publisher\":{\"@id\":\"https:\/\/revistaautobus.com.br\/#organization\"},\"potentialAction\":[{\"@type\":\"SearchAction\",\"target\":{\"@type\":\"EntryPoint\",\"urlTemplate\":\"https:\/\/revistaautobus.com.br\/?s={search_term_string}\"},\"query-input\":{\"@type\":\"PropertyValueSpecification\",\"valueRequired\":true,\"valueName\":\"search_term_string\"}}],\"inLanguage\":\"pt-BR\"},{\"@type\":\"Organization\",\"@id\":\"https:\/\/revistaautobus.com.br\/#organization\",\"name\":\"Revista AutoBus\",\"url\":\"https:\/\/revistaautobus.com.br\/\",\"logo\":{\"@type\":\"ImageObject\",\"inLanguage\":\"pt-BR\",\"@id\":\"https:\/\/revistaautobus.com.br\/#\/schema\/logo\/image\/\",\"url\":\"https:\/\/revistaautobus.com.br\/wp-content\/uploads\/2024\/11\/logo_revista_autobus_fb.png\",\"contentUrl\":\"https:\/\/revistaautobus.com.br\/wp-content\/uploads\/2024\/11\/logo_revista_autobus_fb.png\",\"width\":836,\"height\":227,\"caption\":\"Revista AutoBus\"},\"image\":{\"@id\":\"https:\/\/revistaautobus.com.br\/#\/schema\/logo\/image\/\"},\"sameAs\":[\"https:\/\/www.facebook.com\/antonio.ferro.3150\",\"https:\/\/www.instagram.com\/revistaautobus\/\"]},{\"@type\":\"Person\",\"@id\":\"https:\/\/revistaautobus.com.br\/#\/schema\/person\/54af7c3eb83a310e42ef686ef6d16f50\",\"name\":\"Antonio Ferro\",\"image\":{\"@type\":\"ImageObject\",\"inLanguage\":\"pt-BR\",\"@id\":\"https:\/\/revistaautobus.com.br\/wp-content\/uploads\/2025\/12\/editor_antonio_ferro-150x150.jpg\",\"url\":\"https:\/\/revistaautobus.com.br\/wp-content\/uploads\/2025\/12\/editor_antonio_ferro-150x150.jpg\",\"contentUrl\":\"https:\/\/revistaautobus.com.br\/wp-content\/uploads\/2025\/12\/editor_antonio_ferro-150x150.jpg\",\"caption\":\"Antonio Ferro\"},\"description\":\"infobus@uol.com.br\",\"url\":\"https:\/\/revistaautobus.com.br\/?author=2\"}]}<\/script>\n<!-- \/ Yoast SEO plugin. -->","yoast_head_json":{"title":"Banco Mercedes em sintonia com a sustentabilidade ambiental - Revista AutoBus","robots":{"index":"index","follow":"follow","max-snippet":"max-snippet:-1","max-image-preview":"max-image-preview:large","max-video-preview":"max-video-preview:-1"},"canonical":"https:\/\/revistaautobus.com.br\/?p=12560","og_locale":"pt_BR","og_type":"article","og_title":"Banco Mercedes em sintonia com a sustentabilidade ambiental - Revista AutoBus","og_description":"Suporte financeiro para a renova\u00e7\u00e3o de frota do transporte coletivo urbano","og_url":"https:\/\/revistaautobus.com.br\/?p=12560","og_site_name":"Revista AutoBus","article_publisher":"https:\/\/www.facebook.com\/antonio.ferro.3150","article_published_time":"2024-07-22T13:39:06+00:00","og_image":[{"width":1000,"height":665,"url":"https:\/\/revistaautobus.com.br\/wp-content\/uploads\/2024\/07\/Onibus-Eletrico-2.jpg","type":"image\/jpeg"}],"author":"Antonio Ferro","twitter_card":"summary_large_image","twitter_misc":{"Escrito por":"Antonio Ferro","Est. tempo de leitura":"3 minutos"},"schema":{"@context":"https:\/\/schema.org","@graph":[{"@type":"Article","@id":"https:\/\/revistaautobus.com.br\/?p=12560#article","isPartOf":{"@id":"https:\/\/revistaautobus.com.br\/?p=12560"},"author":{"name":"Antonio Ferro","@id":"https:\/\/revistaautobus.com.br\/#\/schema\/person\/54af7c3eb83a310e42ef686ef6d16f50"},"headline":"Banco Mercedes em sintonia com a sustentabilidade ambiental","datePublished":"2024-07-22T13:39:06+00:00","mainEntityOfPage":{"@id":"https:\/\/revistaautobus.com.br\/?p=12560"},"wordCount":517,"commentCount":0,"publisher":{"@id":"https:\/\/revistaautobus.com.br\/#organization"},"image":{"@id":"https:\/\/revistaautobus.com.br\/?p=12560#primaryimage"},"thumbnailUrl":"https:\/\/revistaautobus.com.br\/wp-content\/uploads\/2024\/07\/Onibus-Eletrico-2.jpg","keywords":["Mercedes Finame Fundo Clima","mercedes-benz"],"articleSection":["Eletrifica\u00e7\u00e3o","Montadoras","\u00d4nibus el\u00e9trico"],"inLanguage":"pt-BR","potentialAction":[{"@type":"CommentAction","name":"Comment","target":["https:\/\/revistaautobus.com.br\/?p=12560#respond"]}]},{"@type":"WebPage","@id":"https:\/\/revistaautobus.com.br\/?p=12560","url":"https:\/\/revistaautobus.com.br\/?p=12560","name":"Banco Mercedes em sintonia com a sustentabilidade ambiental - Revista AutoBus","isPartOf":{"@id":"https:\/\/revistaautobus.com.br\/#website"},"primaryImageOfPage":{"@id":"https:\/\/revistaautobus.com.br\/?p=12560#primaryimage"},"image":{"@id":"https:\/\/revistaautobus.com.br\/?p=12560#primaryimage"},"thumbnailUrl":"https:\/\/revistaautobus.com.br\/wp-content\/uploads\/2024\/07\/Onibus-Eletrico-2.jpg","datePublished":"2024-07-22T13:39:06+00:00","breadcrumb":{"@id":"https:\/\/revistaautobus.com.br\/?p=12560#breadcrumb"},"inLanguage":"pt-BR","potentialAction":[{"@type":"ReadAction","target":["https:\/\/revistaautobus.com.br\/?p=12560"]}]},{"@type":"ImageObject","inLanguage":"pt-BR","@id":"https:\/\/revistaautobus.com.br\/?p=12560#primaryimage","url":"https:\/\/revistaautobus.com.br\/wp-content\/uploads\/2024\/07\/Onibus-Eletrico-2.jpg","contentUrl":"https:\/\/revistaautobus.com.br\/wp-content\/uploads\/2024\/07\/Onibus-Eletrico-2.jpg","width":1000,"height":665},{"@type":"BreadcrumbList","@id":"https:\/\/revistaautobus.com.br\/?p=12560#breadcrumb","itemListElement":[{"@type":"ListItem","position":1,"name":"In\u00edcio","item":"https:\/\/revistaautobus.com.br\/"},{"@type":"ListItem","position":2,"name":"Banco Mercedes em sintonia com a sustentabilidade ambiental"}]},{"@type":"WebSite","@id":"https:\/\/revistaautobus.com.br\/#website","url":"https:\/\/revistaautobus.com.br\/","name":"Revista AutoBus","description":"","publisher":{"@id":"https:\/\/revistaautobus.com.br\/#organization"},"potentialAction":[{"@type":"SearchAction","target":{"@type":"EntryPoint","urlTemplate":"https:\/\/revistaautobus.com.br\/?s={search_term_string}"},"query-input":{"@type":"PropertyValueSpecification","valueRequired":true,"valueName":"search_term_string"}}],"inLanguage":"pt-BR"},{"@type":"Organization","@id":"https:\/\/revistaautobus.com.br\/#organization","name":"Revista AutoBus","url":"https:\/\/revistaautobus.com.br\/","logo":{"@type":"ImageObject","inLanguage":"pt-BR","@id":"https:\/\/revistaautobus.com.br\/#\/schema\/logo\/image\/","url":"https:\/\/revistaautobus.com.br\/wp-content\/uploads\/2024\/11\/logo_revista_autobus_fb.png","contentUrl":"https:\/\/revistaautobus.com.br\/wp-content\/uploads\/2024\/11\/logo_revista_autobus_fb.png","width":836,"height":227,"caption":"Revista AutoBus"},"image":{"@id":"https:\/\/revistaautobus.com.br\/#\/schema\/logo\/image\/"},"sameAs":["https:\/\/www.facebook.com\/antonio.ferro.3150","https:\/\/www.instagram.com\/revistaautobus\/"]},{"@type":"Person","@id":"https:\/\/revistaautobus.com.br\/#\/schema\/person\/54af7c3eb83a310e42ef686ef6d16f50","name":"Antonio Ferro","image":{"@type":"ImageObject","inLanguage":"pt-BR","@id":"https:\/\/revistaautobus.com.br\/wp-content\/uploads\/2025\/12\/editor_antonio_ferro-150x150.jpg","url":"https:\/\/revistaautobus.com.br\/wp-content\/uploads\/2025\/12\/editor_antonio_ferro-150x150.jpg","contentUrl":"https:\/\/revistaautobus.com.br\/wp-content\/uploads\/2025\/12\/editor_antonio_ferro-150x150.jpg","caption":"Antonio Ferro"},"description":"infobus@uol.com.br","url":"https:\/\/revistaautobus.com.br\/?author=2"}]}},"jetpack_featured_media_url":"https:\/\/revistaautobus.com.br\/wp-content\/uploads\/2024\/07\/Onibus-Eletrico-2.jpg","jetpack_sharing_enabled":true,"_links":{"self":[{"href":"https:\/\/revistaautobus.com.br\/index.php?rest_route=\/wp\/v2\/posts\/12560","targetHints":{"allow":["GET"]}}],"collection":[{"href":"https:\/\/revistaautobus.com.br\/index.php?rest_route=\/wp\/v2\/posts"}],"about":[{"href":"https:\/\/revistaautobus.com.br\/index.php?rest_route=\/wp\/v2\/types\/post"}],"author":[{"embeddable":true,"href":"https:\/\/revistaautobus.com.br\/index.php?rest_route=\/wp\/v2\/users\/2"}],"replies":[{"embeddable":true,"href":"https:\/\/revistaautobus.com.br\/index.php?rest_route=%2Fwp%2Fv2%2Fcomments&post=12560"}],"version-history":[{"count":2,"href":"https:\/\/revistaautobus.com.br\/index.php?rest_route=\/wp\/v2\/posts\/12560\/revisions"}],"predecessor-version":[{"id":12563,"href":"https:\/\/revistaautobus.com.br\/index.php?rest_route=\/wp\/v2\/posts\/12560\/revisions\/12563"}],"wp:featuredmedia":[{"embeddable":true,"href":"https:\/\/revistaautobus.com.br\/index.php?rest_route=\/wp\/v2\/media\/12561"}],"wp:attachment":[{"href":"https:\/\/revistaautobus.com.br\/index.php?rest_route=%2Fwp%2Fv2%2Fmedia&parent=12560"}],"wp:term":[{"taxonomy":"category","embeddable":true,"href":"https:\/\/revistaautobus.com.br\/index.php?rest_route=%2Fwp%2Fv2%2Fcategories&post=12560"},{"taxonomy":"post_tag","embeddable":true,"href":"https:\/\/revistaautobus.com.br\/index.php?rest_route=%2Fwp%2Fv2%2Ftags&post=12560"}],"curies":[{"name":"wp","href":"https:\/\/api.w.org\/{rel}","templated":true}]}}