{"id":12572,"date":"2024-07-22T10:49:25","date_gmt":"2024-07-22T13:49:25","guid":{"rendered":"https:\/\/revistaautobus.com.br\/?p=12572"},"modified":"2024-07-22T10:49:25","modified_gmt":"2024-07-22T13:49:25","slug":"a-novata-scminas-adquire-onibus-busscar-e-mercedes-benz","status":"publish","type":"post","link":"https:\/\/revistaautobus.com.br\/?p=12572","title":{"rendered":"A novata SCMinas adquire \u00f4nibus Busscar e Mercedes-Benz"},"content":{"rendered":"<p>Pertencente \u00e0 Via\u00e7\u00e3o Santa Cruz, a operadora SCMinas recebeu, recentemente, dez novos \u00f4nibus com carro\u00e7aria Vissta Buss 365 NB1 da fabricante catarinense Busscar. Os ve\u00edculos contam com chassis Mercedes-Benz O-500 RS, dotados de transmiss\u00e3o automatizada.<\/p>\n<p>Do total adquirido, cinco \u00f4nibus t\u00eam comprimento de 14 metros, com 46 poltronas Class Leito Turismo e outras cinco unidades com 13,2 metros de comprimento, tendo 46 poltronas Class Superpullman. Em ambas as unidades, as poltronas s\u00e3o equipadas com tomadas USB individuais, porta-copos e apoio de bra\u00e7os e p\u00e9s. Outros detalhes completam a configura\u00e7\u00e3o, como o sanit\u00e1rio e a geladeira no final do corredor, al\u00e9m de aparelho multim\u00eddia <em>touchscreen<\/em>, aparelho de r\u00e1dio adicional e c\u00e2mera de r\u00e9.<\/p>\n<p><img loading=\"lazy\" decoding=\"async\" class=\"alignnone wp-image-12574 size-large\" src=\"https:\/\/revistaautobus.com.br\/wp-content\/uploads\/2024\/07\/DSC_0280-1024x682.jpg\" alt=\"\" width=\"1024\" height=\"682\" srcset=\"https:\/\/revistaautobus.com.br\/wp-content\/uploads\/2024\/07\/DSC_0280-1024x682.jpg 1024w, https:\/\/revistaautobus.com.br\/wp-content\/uploads\/2024\/07\/DSC_0280-300x200.jpg 300w, https:\/\/revistaautobus.com.br\/wp-content\/uploads\/2024\/07\/DSC_0280-768x512.jpg 768w, https:\/\/revistaautobus.com.br\/wp-content\/uploads\/2024\/07\/DSC_0280-1536x1024.jpg 1536w, https:\/\/revistaautobus.com.br\/wp-content\/uploads\/2024\/07\/DSC_0280-1080x720.jpg 1080w, https:\/\/revistaautobus.com.br\/wp-content\/uploads\/2024\/07\/DSC_0280.jpg 2000w\" sizes=\"(max-width: 1024px) 100vw, 1024px\" \/><\/p>\n<p>A SCMinas foi fundada em 2022 pela Via\u00e7\u00e3o Santa Cruz, na cidade de Alfenas (MG), atuando, basicamente, no Sul de Minas Gerais com uma frota de 70 ve\u00edculos e 180 profissionais, atendendo a 65 cidades. \u201cNossa frota \u00e9, praticamente, toda nova. Com a chegada dos \u00faltimos ve\u00edculos adquiridos temos 100% dela dotados da tecnologia Euro VI. E, a escolha por esses novos \u00f4nibus, \u00e9 para atender as caracter\u00edsticas das linhas que demandam ve\u00edculos com esse padr\u00e3o, o que proporciona maior conforto e seguran\u00e7a para os clientes, bem como o melhor desempenho operacional\u201d, ressaltou Francisco Mazon, diretor da empresa.<\/p>\n<p>Lembrando que a frota \u00e9 composta por \u00f4nibus com carro\u00e7arias Busscar e chassis Mercedes-Benz, com motoriza\u00e7\u00e3o dianteira e traseira.<\/p>\n<p>Imagens &#8211; Divulga\u00e7\u00e3o<\/p>\n","protected":false},"excerpt":{"rendered":"<p>Com uma frota predominantemente das duas marcas, empresa mineira se destaca por atuar na regi\u00e3o sul-mineira<\/p>\n","protected":false},"author":2,"featured_media":12573,"comment_status":"open","ping_status":"open","sticky":false,"template":"","format":"standard","meta":{"_et_pb_use_builder":"","_et_pb_old_content":"","_et_gb_content_width":"","_jetpack_memberships_contains_paid_content":false,"footnotes":""},"categories":[90,80],"tags":[56,808],"class_list":["post-12572","post","type-post","status-publish","format-standard","has-post-thumbnail","hentry","category-noticias","category-transporte-rodoviario","tag-busscar","tag-scminas","et-has-post-format-content","et_post_format-et-post-format-standard"],"yoast_head":"<!-- This site is optimized with the Yoast SEO plugin v27.2 - https:\/\/yoast.com\/product\/yoast-seo-wordpress\/ -->\n<title>A novata SCMinas adquire \u00f4nibus Busscar e Mercedes-Benz - Revista AutoBus<\/title>\n<meta name=\"robots\" content=\"index, follow, max-snippet:-1, max-image-preview:large, max-video-preview:-1\" \/>\n<link rel=\"canonical\" href=\"https:\/\/revistaautobus.com.br\/?p=12572\" \/>\n<meta property=\"og:locale\" content=\"pt_BR\" \/>\n<meta property=\"og:type\" content=\"article\" \/>\n<meta property=\"og:title\" content=\"A novata SCMinas adquire \u00f4nibus Busscar e Mercedes-Benz - Revista AutoBus\" \/>\n<meta property=\"og:description\" content=\"Com uma frota predominantemente das duas marcas, empresa mineira se destaca por atuar na regi\u00e3o sul-mineira\" \/>\n<meta property=\"og:url\" content=\"https:\/\/revistaautobus.com.br\/?p=12572\" \/>\n<meta property=\"og:site_name\" content=\"Revista AutoBus\" \/>\n<meta property=\"article:publisher\" content=\"https:\/\/www.facebook.com\/antonio.ferro.3150\" \/>\n<meta property=\"article:published_time\" content=\"2024-07-22T13:49:25+00:00\" \/>\n<meta property=\"og:image\" content=\"https:\/\/revistaautobus.com.br\/wp-content\/uploads\/2024\/07\/DSC_0292.jpg\" \/>\n\t<meta property=\"og:image:width\" content=\"2000\" \/>\n\t<meta property=\"og:image:height\" content=\"1333\" \/>\n\t<meta property=\"og:image:type\" content=\"image\/jpeg\" \/>\n<meta name=\"author\" content=\"Antonio Ferro\" \/>\n<meta name=\"twitter:card\" content=\"summary_large_image\" \/>\n<meta name=\"twitter:label1\" content=\"Escrito por\" \/>\n\t<meta name=\"twitter:data1\" content=\"Antonio Ferro\" \/>\n\t<meta name=\"twitter:label2\" content=\"Est. tempo de leitura\" \/>\n\t<meta name=\"twitter:data2\" content=\"1 minuto\" \/>\n<script type=\"application\/ld+json\" class=\"yoast-schema-graph\">{\"@context\":\"https:\/\/schema.org\",\"@graph\":[{\"@type\":\"Article\",\"@id\":\"https:\/\/revistaautobus.com.br\/?p=12572#article\",\"isPartOf\":{\"@id\":\"https:\/\/revistaautobus.com.br\/?p=12572\"},\"author\":{\"name\":\"Antonio Ferro\",\"@id\":\"https:\/\/revistaautobus.com.br\/#\/schema\/person\/54af7c3eb83a310e42ef686ef6d16f50\"},\"headline\":\"A novata SCMinas adquire \u00f4nibus Busscar e Mercedes-Benz\",\"datePublished\":\"2024-07-22T13:49:25+00:00\",\"mainEntityOfPage\":{\"@id\":\"https:\/\/revistaautobus.com.br\/?p=12572\"},\"wordCount\":250,\"commentCount\":0,\"publisher\":{\"@id\":\"https:\/\/revistaautobus.com.br\/#organization\"},\"image\":{\"@id\":\"https:\/\/revistaautobus.com.br\/?p=12572#primaryimage\"},\"thumbnailUrl\":\"https:\/\/revistaautobus.com.br\/wp-content\/uploads\/2024\/07\/DSC_0292.jpg\",\"keywords\":[\"Busscar\",\"SCMinas\"],\"articleSection\":[\"Not\u00edcias\",\"Transporte rodovi\u00e1rio\"],\"inLanguage\":\"pt-BR\",\"potentialAction\":[{\"@type\":\"CommentAction\",\"name\":\"Comment\",\"target\":[\"https:\/\/revistaautobus.com.br\/?p=12572#respond\"]}]},{\"@type\":\"WebPage\",\"@id\":\"https:\/\/revistaautobus.com.br\/?p=12572\",\"url\":\"https:\/\/revistaautobus.com.br\/?p=12572\",\"name\":\"A novata SCMinas adquire \u00f4nibus Busscar e Mercedes-Benz - Revista AutoBus\",\"isPartOf\":{\"@id\":\"https:\/\/revistaautobus.com.br\/#website\"},\"primaryImageOfPage\":{\"@id\":\"https:\/\/revistaautobus.com.br\/?p=12572#primaryimage\"},\"image\":{\"@id\":\"https:\/\/revistaautobus.com.br\/?p=12572#primaryimage\"},\"thumbnailUrl\":\"https:\/\/revistaautobus.com.br\/wp-content\/uploads\/2024\/07\/DSC_0292.jpg\",\"datePublished\":\"2024-07-22T13:49:25+00:00\",\"breadcrumb\":{\"@id\":\"https:\/\/revistaautobus.com.br\/?p=12572#breadcrumb\"},\"inLanguage\":\"pt-BR\",\"potentialAction\":[{\"@type\":\"ReadAction\",\"target\":[\"https:\/\/revistaautobus.com.br\/?p=12572\"]}]},{\"@type\":\"ImageObject\",\"inLanguage\":\"pt-BR\",\"@id\":\"https:\/\/revistaautobus.com.br\/?p=12572#primaryimage\",\"url\":\"https:\/\/revistaautobus.com.br\/wp-content\/uploads\/2024\/07\/DSC_0292.jpg\",\"contentUrl\":\"https:\/\/revistaautobus.com.br\/wp-content\/uploads\/2024\/07\/DSC_0292.jpg\",\"width\":2000,\"height\":1333},{\"@type\":\"BreadcrumbList\",\"@id\":\"https:\/\/revistaautobus.com.br\/?p=12572#breadcrumb\",\"itemListElement\":[{\"@type\":\"ListItem\",\"position\":1,\"name\":\"In\u00edcio\",\"item\":\"https:\/\/revistaautobus.com.br\/\"},{\"@type\":\"ListItem\",\"position\":2,\"name\":\"A novata SCMinas adquire \u00f4nibus Busscar e Mercedes-Benz\"}]},{\"@type\":\"WebSite\",\"@id\":\"https:\/\/revistaautobus.com.br\/#website\",\"url\":\"https:\/\/revistaautobus.com.br\/\",\"name\":\"Revista AutoBus\",\"description\":\"\",\"publisher\":{\"@id\":\"https:\/\/revistaautobus.com.br\/#organization\"},\"potentialAction\":[{\"@type\":\"SearchAction\",\"target\":{\"@type\":\"EntryPoint\",\"urlTemplate\":\"https:\/\/revistaautobus.com.br\/?s={search_term_string}\"},\"query-input\":{\"@type\":\"PropertyValueSpecification\",\"valueRequired\":true,\"valueName\":\"search_term_string\"}}],\"inLanguage\":\"pt-BR\"},{\"@type\":\"Organization\",\"@id\":\"https:\/\/revistaautobus.com.br\/#organization\",\"name\":\"Revista AutoBus\",\"url\":\"https:\/\/revistaautobus.com.br\/\",\"logo\":{\"@type\":\"ImageObject\",\"inLanguage\":\"pt-BR\",\"@id\":\"https:\/\/revistaautobus.com.br\/#\/schema\/logo\/image\/\",\"url\":\"https:\/\/revistaautobus.com.br\/wp-content\/uploads\/2024\/11\/logo_revista_autobus_fb.png\",\"contentUrl\":\"https:\/\/revistaautobus.com.br\/wp-content\/uploads\/2024\/11\/logo_revista_autobus_fb.png\",\"width\":836,\"height\":227,\"caption\":\"Revista AutoBus\"},\"image\":{\"@id\":\"https:\/\/revistaautobus.com.br\/#\/schema\/logo\/image\/\"},\"sameAs\":[\"https:\/\/www.facebook.com\/antonio.ferro.3150\",\"https:\/\/www.instagram.com\/revistaautobus\/\"]},{\"@type\":\"Person\",\"@id\":\"https:\/\/revistaautobus.com.br\/#\/schema\/person\/54af7c3eb83a310e42ef686ef6d16f50\",\"name\":\"Antonio Ferro\",\"image\":{\"@type\":\"ImageObject\",\"inLanguage\":\"pt-BR\",\"@id\":\"https:\/\/revistaautobus.com.br\/wp-content\/uploads\/2025\/12\/editor_antonio_ferro-150x150.jpg\",\"url\":\"https:\/\/revistaautobus.com.br\/wp-content\/uploads\/2025\/12\/editor_antonio_ferro-150x150.jpg\",\"contentUrl\":\"https:\/\/revistaautobus.com.br\/wp-content\/uploads\/2025\/12\/editor_antonio_ferro-150x150.jpg\",\"caption\":\"Antonio Ferro\"},\"description\":\"infobus@uol.com.br\",\"url\":\"https:\/\/revistaautobus.com.br\/?author=2\"}]}<\/script>\n<!-- \/ Yoast SEO plugin. -->","yoast_head_json":{"title":"A novata SCMinas adquire \u00f4nibus Busscar e Mercedes-Benz - Revista AutoBus","robots":{"index":"index","follow":"follow","max-snippet":"max-snippet:-1","max-image-preview":"max-image-preview:large","max-video-preview":"max-video-preview:-1"},"canonical":"https:\/\/revistaautobus.com.br\/?p=12572","og_locale":"pt_BR","og_type":"article","og_title":"A novata SCMinas adquire \u00f4nibus Busscar e Mercedes-Benz - Revista AutoBus","og_description":"Com uma frota predominantemente das duas marcas, empresa mineira se destaca por atuar na regi\u00e3o sul-mineira","og_url":"https:\/\/revistaautobus.com.br\/?p=12572","og_site_name":"Revista AutoBus","article_publisher":"https:\/\/www.facebook.com\/antonio.ferro.3150","article_published_time":"2024-07-22T13:49:25+00:00","og_image":[{"width":2000,"height":1333,"url":"https:\/\/revistaautobus.com.br\/wp-content\/uploads\/2024\/07\/DSC_0292.jpg","type":"image\/jpeg"}],"author":"Antonio Ferro","twitter_card":"summary_large_image","twitter_misc":{"Escrito por":"Antonio Ferro","Est. tempo de leitura":"1 minuto"},"schema":{"@context":"https:\/\/schema.org","@graph":[{"@type":"Article","@id":"https:\/\/revistaautobus.com.br\/?p=12572#article","isPartOf":{"@id":"https:\/\/revistaautobus.com.br\/?p=12572"},"author":{"name":"Antonio Ferro","@id":"https:\/\/revistaautobus.com.br\/#\/schema\/person\/54af7c3eb83a310e42ef686ef6d16f50"},"headline":"A novata SCMinas adquire \u00f4nibus Busscar e Mercedes-Benz","datePublished":"2024-07-22T13:49:25+00:00","mainEntityOfPage":{"@id":"https:\/\/revistaautobus.com.br\/?p=12572"},"wordCount":250,"commentCount":0,"publisher":{"@id":"https:\/\/revistaautobus.com.br\/#organization"},"image":{"@id":"https:\/\/revistaautobus.com.br\/?p=12572#primaryimage"},"thumbnailUrl":"https:\/\/revistaautobus.com.br\/wp-content\/uploads\/2024\/07\/DSC_0292.jpg","keywords":["Busscar","SCMinas"],"articleSection":["Not\u00edcias","Transporte rodovi\u00e1rio"],"inLanguage":"pt-BR","potentialAction":[{"@type":"CommentAction","name":"Comment","target":["https:\/\/revistaautobus.com.br\/?p=12572#respond"]}]},{"@type":"WebPage","@id":"https:\/\/revistaautobus.com.br\/?p=12572","url":"https:\/\/revistaautobus.com.br\/?p=12572","name":"A novata SCMinas adquire \u00f4nibus Busscar e Mercedes-Benz - Revista AutoBus","isPartOf":{"@id":"https:\/\/revistaautobus.com.br\/#website"},"primaryImageOfPage":{"@id":"https:\/\/revistaautobus.com.br\/?p=12572#primaryimage"},"image":{"@id":"https:\/\/revistaautobus.com.br\/?p=12572#primaryimage"},"thumbnailUrl":"https:\/\/revistaautobus.com.br\/wp-content\/uploads\/2024\/07\/DSC_0292.jpg","datePublished":"2024-07-22T13:49:25+00:00","breadcrumb":{"@id":"https:\/\/revistaautobus.com.br\/?p=12572#breadcrumb"},"inLanguage":"pt-BR","potentialAction":[{"@type":"ReadAction","target":["https:\/\/revistaautobus.com.br\/?p=12572"]}]},{"@type":"ImageObject","inLanguage":"pt-BR","@id":"https:\/\/revistaautobus.com.br\/?p=12572#primaryimage","url":"https:\/\/revistaautobus.com.br\/wp-content\/uploads\/2024\/07\/DSC_0292.jpg","contentUrl":"https:\/\/revistaautobus.com.br\/wp-content\/uploads\/2024\/07\/DSC_0292.jpg","width":2000,"height":1333},{"@type":"BreadcrumbList","@id":"https:\/\/revistaautobus.com.br\/?p=12572#breadcrumb","itemListElement":[{"@type":"ListItem","position":1,"name":"In\u00edcio","item":"https:\/\/revistaautobus.com.br\/"},{"@type":"ListItem","position":2,"name":"A novata SCMinas adquire \u00f4nibus Busscar e Mercedes-Benz"}]},{"@type":"WebSite","@id":"https:\/\/revistaautobus.com.br\/#website","url":"https:\/\/revistaautobus.com.br\/","name":"Revista AutoBus","description":"","publisher":{"@id":"https:\/\/revistaautobus.com.br\/#organization"},"potentialAction":[{"@type":"SearchAction","target":{"@type":"EntryPoint","urlTemplate":"https:\/\/revistaautobus.com.br\/?s={search_term_string}"},"query-input":{"@type":"PropertyValueSpecification","valueRequired":true,"valueName":"search_term_string"}}],"inLanguage":"pt-BR"},{"@type":"Organization","@id":"https:\/\/revistaautobus.com.br\/#organization","name":"Revista AutoBus","url":"https:\/\/revistaautobus.com.br\/","logo":{"@type":"ImageObject","inLanguage":"pt-BR","@id":"https:\/\/revistaautobus.com.br\/#\/schema\/logo\/image\/","url":"https:\/\/revistaautobus.com.br\/wp-content\/uploads\/2024\/11\/logo_revista_autobus_fb.png","contentUrl":"https:\/\/revistaautobus.com.br\/wp-content\/uploads\/2024\/11\/logo_revista_autobus_fb.png","width":836,"height":227,"caption":"Revista AutoBus"},"image":{"@id":"https:\/\/revistaautobus.com.br\/#\/schema\/logo\/image\/"},"sameAs":["https:\/\/www.facebook.com\/antonio.ferro.3150","https:\/\/www.instagram.com\/revistaautobus\/"]},{"@type":"Person","@id":"https:\/\/revistaautobus.com.br\/#\/schema\/person\/54af7c3eb83a310e42ef686ef6d16f50","name":"Antonio Ferro","image":{"@type":"ImageObject","inLanguage":"pt-BR","@id":"https:\/\/revistaautobus.com.br\/wp-content\/uploads\/2025\/12\/editor_antonio_ferro-150x150.jpg","url":"https:\/\/revistaautobus.com.br\/wp-content\/uploads\/2025\/12\/editor_antonio_ferro-150x150.jpg","contentUrl":"https:\/\/revistaautobus.com.br\/wp-content\/uploads\/2025\/12\/editor_antonio_ferro-150x150.jpg","caption":"Antonio Ferro"},"description":"infobus@uol.com.br","url":"https:\/\/revistaautobus.com.br\/?author=2"}]}},"jetpack_featured_media_url":"https:\/\/revistaautobus.com.br\/wp-content\/uploads\/2024\/07\/DSC_0292.jpg","jetpack_sharing_enabled":true,"_links":{"self":[{"href":"https:\/\/revistaautobus.com.br\/index.php?rest_route=\/wp\/v2\/posts\/12572","targetHints":{"allow":["GET"]}}],"collection":[{"href":"https:\/\/revistaautobus.com.br\/index.php?rest_route=\/wp\/v2\/posts"}],"about":[{"href":"https:\/\/revistaautobus.com.br\/index.php?rest_route=\/wp\/v2\/types\/post"}],"author":[{"embeddable":true,"href":"https:\/\/revistaautobus.com.br\/index.php?rest_route=\/wp\/v2\/users\/2"}],"replies":[{"embeddable":true,"href":"https:\/\/revistaautobus.com.br\/index.php?rest_route=%2Fwp%2Fv2%2Fcomments&post=12572"}],"version-history":[{"count":3,"href":"https:\/\/revistaautobus.com.br\/index.php?rest_route=\/wp\/v2\/posts\/12572\/revisions"}],"predecessor-version":[{"id":12577,"href":"https:\/\/revistaautobus.com.br\/index.php?rest_route=\/wp\/v2\/posts\/12572\/revisions\/12577"}],"wp:featuredmedia":[{"embeddable":true,"href":"https:\/\/revistaautobus.com.br\/index.php?rest_route=\/wp\/v2\/media\/12573"}],"wp:attachment":[{"href":"https:\/\/revistaautobus.com.br\/index.php?rest_route=%2Fwp%2Fv2%2Fmedia&parent=12572"}],"wp:term":[{"taxonomy":"category","embeddable":true,"href":"https:\/\/revistaautobus.com.br\/index.php?rest_route=%2Fwp%2Fv2%2Fcategories&post=12572"},{"taxonomy":"post_tag","embeddable":true,"href":"https:\/\/revistaautobus.com.br\/index.php?rest_route=%2Fwp%2Fv2%2Ftags&post=12572"}],"curies":[{"name":"wp","href":"https:\/\/api.w.org\/{rel}","templated":true}]}}