{"id":12578,"date":"2024-07-22T10:55:10","date_gmt":"2024-07-22T13:55:10","guid":{"rendered":"https:\/\/revistaautobus.com.br\/?p=12578"},"modified":"2024-07-22T10:55:10","modified_gmt":"2024-07-22T13:55:10","slug":"sul-africanos-conhecem-o-onibus-g8","status":"publish","type":"post","link":"https:\/\/revistaautobus.com.br\/?p=12578","title":{"rendered":"Sul-africanos conhecem o \u00f4nibus G8"},"content":{"rendered":"<p>O mercado africano \u00e9 o segundo maior para a fabricante brasileira de carro\u00e7arias, Marcopolo, superado apenas pela Am\u00e9rica Latina. Em 2023, o <em>market share<\/em> da companhia na \u00c1frica do Sul foi de 48%, um avan\u00e7o consider\u00e1vel em compara\u00e7\u00e3o ao ano de 2020, quando a participa\u00e7\u00e3o de mercado representava 24%. No ano passado, a Marcopolo \u00c1frica do Sul (MASA) faturou 362 unidades e, para 2024, a previs\u00e3o \u00e9 de mais de 400 ve\u00edculos.<\/p>\n<p>Com esses volumes, a encarro\u00e7adora ga\u00facha revelou a chegada da Gera\u00e7\u00e3o 8 de ve\u00edculos rodovi\u00e1rios \u00e0 \u00c1frica do Sul, com mais de 30 unidades j\u00e1 em produ\u00e7\u00e3o para atender \u00e0 demanda da regi\u00e3o. De acordo com a fabricante, o primeiro modelo da Gera\u00e7\u00e3o 8 que chega ao mercado africano \u00e9 o Paradiso 1350, exclusivamente importado do Brasil, tendo 15 metros de comprimento, com 60 poltronas semileito. A carro\u00e7aria tem o volante posicionado \u00e0 direita, para circula\u00e7\u00e3o nas vias do pa\u00eds, com m\u00e3o inglesa, e conta, ainda, com sistema de ar-condicionado, com calefa\u00e7\u00e3o, sanit\u00e1rio, carregadores USB-C, cafeteira e far\u00f3is Full LED, al\u00e9m de atender as normas ECE R66.02 \/SABS.<\/p>\n<p>Ali\u00e1s, desde 2018 que a marca brasileira conta com a certifica\u00e7\u00e3o ECE R66.02, concedida pela ag\u00eancia brit\u00e2nica VCA (Vehicle Certification Agency) e v\u00e1lida em mais de 30 pa\u00edses, para homologar seus \u00f4nibus por meio do seu pr\u00f3prio processo de desenvolvimento de produto.<\/p>\n<p><img loading=\"lazy\" decoding=\"async\" class=\"alignnone wp-image-12580 size-full\" src=\"https:\/\/revistaautobus.com.br\/wp-content\/uploads\/2024\/07\/18072024-Marcopolo-G8-Africa-do-Sul_4.jpg\" alt=\"\" width=\"1000\" height=\"666\" srcset=\"https:\/\/revistaautobus.com.br\/wp-content\/uploads\/2024\/07\/18072024-Marcopolo-G8-Africa-do-Sul_4.jpg 1000w, https:\/\/revistaautobus.com.br\/wp-content\/uploads\/2024\/07\/18072024-Marcopolo-G8-Africa-do-Sul_4-300x200.jpg 300w, https:\/\/revistaautobus.com.br\/wp-content\/uploads\/2024\/07\/18072024-Marcopolo-G8-Africa-do-Sul_4-768x511.jpg 768w\" sizes=\"(max-width: 1000px) 100vw, 1000px\" \/><\/p>\n<p>E n\u00e3o s\u00f3 a \u00c1frica do Sul ser\u00e1 privilegiada com as carro\u00e7arias. A Marcopolo realizou um evento de lan\u00e7amento no dia 17 de julho passado, que contou com a presen\u00e7a de empresas da \u00c1frica do Sul, Botsuana, Mo\u00e7ambique, Nam\u00edbia, Zimb\u00e1bue, dentre outros pa\u00edses que j\u00e1 contam com ve\u00edculos da marca. \u201cNos \u00faltimos anos, realizamos vendas importantes de modelos New G7 para empresas da regi\u00e3o. Para dar continuidade ao nosso crescimento e oferecer os mais avan\u00e7ados modelos dispon\u00edveis, estamos lan\u00e7ando o G8 para ampliar a nossa participa\u00e7\u00e3o no segmento de rodovi\u00e1rios\u201d, disse Jos\u00e9 Luis Moraes Goes, diretor de Opera\u00e7\u00f5es Internacionais e Comercial Mercado Externo da Marcopolo.<\/p>\n<p>O executivo, tamb\u00e9m, afirmou que a empresa est\u00e1 sempre em busca de meios para expandir os seus neg\u00f3cios, realizando diversos estudos para identificar poss\u00edveis novas \u00e1reas de atua\u00e7\u00e3o, sempre focados em levar solu\u00e7\u00f5es de mobilidade que proporcionam benef\u00edcios para os usu\u00e1rios e operadores.<\/p>\n<p>Imagens &#8211; Divulga\u00e7\u00e3o<\/p>\n","protected":false},"excerpt":{"rendered":"<p>A Marcopolo anuncia a chegada de suas carro\u00e7arias de \u00faltima gera\u00e7\u00e3o \u00e0 \u00c1frica do Sul<\/p>\n","protected":false},"author":2,"featured_media":12579,"comment_status":"open","ping_status":"open","sticky":false,"template":"","format":"standard","meta":{"_et_pb_use_builder":"","_et_pb_old_content":"","_et_gb_content_width":"","_jetpack_memberships_contains_paid_content":false,"footnotes":""},"categories":[53,90,80],"tags":[809],"class_list":["post-12578","post","type-post","status-publish","format-standard","has-post-thumbnail","hentry","category-internacional","category-noticias","category-transporte-rodoviario","tag-marcopolo-africa-do-sul","et-has-post-format-content","et_post_format-et-post-format-standard"],"yoast_head":"<!-- This site is optimized with the Yoast SEO plugin v27.2 - https:\/\/yoast.com\/product\/yoast-seo-wordpress\/ -->\n<title>Sul-africanos conhecem o \u00f4nibus G8 - Revista AutoBus<\/title>\n<meta name=\"robots\" content=\"index, follow, max-snippet:-1, max-image-preview:large, max-video-preview:-1\" \/>\n<link rel=\"canonical\" href=\"https:\/\/revistaautobus.com.br\/?p=12578\" \/>\n<meta property=\"og:locale\" content=\"pt_BR\" \/>\n<meta property=\"og:type\" content=\"article\" \/>\n<meta property=\"og:title\" content=\"Sul-africanos conhecem o \u00f4nibus G8 - Revista AutoBus\" \/>\n<meta property=\"og:description\" content=\"A Marcopolo anuncia a chegada de suas carro\u00e7arias de \u00faltima gera\u00e7\u00e3o \u00e0 \u00c1frica do Sul\" \/>\n<meta property=\"og:url\" content=\"https:\/\/revistaautobus.com.br\/?p=12578\" \/>\n<meta property=\"og:site_name\" content=\"Revista AutoBus\" \/>\n<meta property=\"article:publisher\" content=\"https:\/\/www.facebook.com\/antonio.ferro.3150\" \/>\n<meta property=\"article:published_time\" content=\"2024-07-22T13:55:10+00:00\" \/>\n<meta property=\"og:image\" content=\"https:\/\/revistaautobus.com.br\/wp-content\/uploads\/2024\/07\/18072024-Marcopolo-G8-Africa-do-Sul_1.jpg\" \/>\n\t<meta property=\"og:image:width\" content=\"1000\" \/>\n\t<meta property=\"og:image:height\" content=\"700\" \/>\n\t<meta property=\"og:image:type\" content=\"image\/jpeg\" \/>\n<meta name=\"author\" content=\"Antonio Ferro\" \/>\n<meta name=\"twitter:card\" content=\"summary_large_image\" \/>\n<meta name=\"twitter:label1\" content=\"Escrito por\" \/>\n\t<meta name=\"twitter:data1\" content=\"Antonio Ferro\" \/>\n\t<meta name=\"twitter:label2\" content=\"Est. tempo de leitura\" \/>\n\t<meta name=\"twitter:data2\" content=\"2 minutos\" \/>\n<script type=\"application\/ld+json\" class=\"yoast-schema-graph\">{\"@context\":\"https:\/\/schema.org\",\"@graph\":[{\"@type\":\"Article\",\"@id\":\"https:\/\/revistaautobus.com.br\/?p=12578#article\",\"isPartOf\":{\"@id\":\"https:\/\/revistaautobus.com.br\/?p=12578\"},\"author\":{\"name\":\"Antonio Ferro\",\"@id\":\"https:\/\/revistaautobus.com.br\/#\/schema\/person\/54af7c3eb83a310e42ef686ef6d16f50\"},\"headline\":\"Sul-africanos conhecem o \u00f4nibus G8\",\"datePublished\":\"2024-07-22T13:55:10+00:00\",\"mainEntityOfPage\":{\"@id\":\"https:\/\/revistaautobus.com.br\/?p=12578\"},\"wordCount\":411,\"commentCount\":0,\"publisher\":{\"@id\":\"https:\/\/revistaautobus.com.br\/#organization\"},\"image\":{\"@id\":\"https:\/\/revistaautobus.com.br\/?p=12578#primaryimage\"},\"thumbnailUrl\":\"https:\/\/revistaautobus.com.br\/wp-content\/uploads\/2024\/07\/18072024-Marcopolo-G8-Africa-do-Sul_1.jpg\",\"keywords\":[\"Marcopolo \u00c1frica do Sul\"],\"articleSection\":[\"Internacional\",\"Not\u00edcias\",\"Transporte rodovi\u00e1rio\"],\"inLanguage\":\"pt-BR\",\"potentialAction\":[{\"@type\":\"CommentAction\",\"name\":\"Comment\",\"target\":[\"https:\/\/revistaautobus.com.br\/?p=12578#respond\"]}]},{\"@type\":\"WebPage\",\"@id\":\"https:\/\/revistaautobus.com.br\/?p=12578\",\"url\":\"https:\/\/revistaautobus.com.br\/?p=12578\",\"name\":\"Sul-africanos conhecem o \u00f4nibus G8 - Revista AutoBus\",\"isPartOf\":{\"@id\":\"https:\/\/revistaautobus.com.br\/#website\"},\"primaryImageOfPage\":{\"@id\":\"https:\/\/revistaautobus.com.br\/?p=12578#primaryimage\"},\"image\":{\"@id\":\"https:\/\/revistaautobus.com.br\/?p=12578#primaryimage\"},\"thumbnailUrl\":\"https:\/\/revistaautobus.com.br\/wp-content\/uploads\/2024\/07\/18072024-Marcopolo-G8-Africa-do-Sul_1.jpg\",\"datePublished\":\"2024-07-22T13:55:10+00:00\",\"breadcrumb\":{\"@id\":\"https:\/\/revistaautobus.com.br\/?p=12578#breadcrumb\"},\"inLanguage\":\"pt-BR\",\"potentialAction\":[{\"@type\":\"ReadAction\",\"target\":[\"https:\/\/revistaautobus.com.br\/?p=12578\"]}]},{\"@type\":\"ImageObject\",\"inLanguage\":\"pt-BR\",\"@id\":\"https:\/\/revistaautobus.com.br\/?p=12578#primaryimage\",\"url\":\"https:\/\/revistaautobus.com.br\/wp-content\/uploads\/2024\/07\/18072024-Marcopolo-G8-Africa-do-Sul_1.jpg\",\"contentUrl\":\"https:\/\/revistaautobus.com.br\/wp-content\/uploads\/2024\/07\/18072024-Marcopolo-G8-Africa-do-Sul_1.jpg\",\"width\":1000,\"height\":700},{\"@type\":\"BreadcrumbList\",\"@id\":\"https:\/\/revistaautobus.com.br\/?p=12578#breadcrumb\",\"itemListElement\":[{\"@type\":\"ListItem\",\"position\":1,\"name\":\"In\u00edcio\",\"item\":\"https:\/\/revistaautobus.com.br\/\"},{\"@type\":\"ListItem\",\"position\":2,\"name\":\"Sul-africanos conhecem o \u00f4nibus G8\"}]},{\"@type\":\"WebSite\",\"@id\":\"https:\/\/revistaautobus.com.br\/#website\",\"url\":\"https:\/\/revistaautobus.com.br\/\",\"name\":\"Revista AutoBus\",\"description\":\"\",\"publisher\":{\"@id\":\"https:\/\/revistaautobus.com.br\/#organization\"},\"potentialAction\":[{\"@type\":\"SearchAction\",\"target\":{\"@type\":\"EntryPoint\",\"urlTemplate\":\"https:\/\/revistaautobus.com.br\/?s={search_term_string}\"},\"query-input\":{\"@type\":\"PropertyValueSpecification\",\"valueRequired\":true,\"valueName\":\"search_term_string\"}}],\"inLanguage\":\"pt-BR\"},{\"@type\":\"Organization\",\"@id\":\"https:\/\/revistaautobus.com.br\/#organization\",\"name\":\"Revista AutoBus\",\"url\":\"https:\/\/revistaautobus.com.br\/\",\"logo\":{\"@type\":\"ImageObject\",\"inLanguage\":\"pt-BR\",\"@id\":\"https:\/\/revistaautobus.com.br\/#\/schema\/logo\/image\/\",\"url\":\"https:\/\/revistaautobus.com.br\/wp-content\/uploads\/2024\/11\/logo_revista_autobus_fb.png\",\"contentUrl\":\"https:\/\/revistaautobus.com.br\/wp-content\/uploads\/2024\/11\/logo_revista_autobus_fb.png\",\"width\":836,\"height\":227,\"caption\":\"Revista AutoBus\"},\"image\":{\"@id\":\"https:\/\/revistaautobus.com.br\/#\/schema\/logo\/image\/\"},\"sameAs\":[\"https:\/\/www.facebook.com\/antonio.ferro.3150\",\"https:\/\/www.instagram.com\/revistaautobus\/\"]},{\"@type\":\"Person\",\"@id\":\"https:\/\/revistaautobus.com.br\/#\/schema\/person\/54af7c3eb83a310e42ef686ef6d16f50\",\"name\":\"Antonio Ferro\",\"image\":{\"@type\":\"ImageObject\",\"inLanguage\":\"pt-BR\",\"@id\":\"https:\/\/revistaautobus.com.br\/wp-content\/uploads\/2025\/12\/editor_antonio_ferro-150x150.jpg\",\"url\":\"https:\/\/revistaautobus.com.br\/wp-content\/uploads\/2025\/12\/editor_antonio_ferro-150x150.jpg\",\"contentUrl\":\"https:\/\/revistaautobus.com.br\/wp-content\/uploads\/2025\/12\/editor_antonio_ferro-150x150.jpg\",\"caption\":\"Antonio Ferro\"},\"description\":\"infobus@uol.com.br\",\"url\":\"https:\/\/revistaautobus.com.br\/?author=2\"}]}<\/script>\n<!-- \/ Yoast SEO plugin. -->","yoast_head_json":{"title":"Sul-africanos conhecem o \u00f4nibus G8 - Revista AutoBus","robots":{"index":"index","follow":"follow","max-snippet":"max-snippet:-1","max-image-preview":"max-image-preview:large","max-video-preview":"max-video-preview:-1"},"canonical":"https:\/\/revistaautobus.com.br\/?p=12578","og_locale":"pt_BR","og_type":"article","og_title":"Sul-africanos conhecem o \u00f4nibus G8 - Revista AutoBus","og_description":"A Marcopolo anuncia a chegada de suas carro\u00e7arias de \u00faltima gera\u00e7\u00e3o \u00e0 \u00c1frica do Sul","og_url":"https:\/\/revistaautobus.com.br\/?p=12578","og_site_name":"Revista AutoBus","article_publisher":"https:\/\/www.facebook.com\/antonio.ferro.3150","article_published_time":"2024-07-22T13:55:10+00:00","og_image":[{"width":1000,"height":700,"url":"https:\/\/revistaautobus.com.br\/wp-content\/uploads\/2024\/07\/18072024-Marcopolo-G8-Africa-do-Sul_1.jpg","type":"image\/jpeg"}],"author":"Antonio Ferro","twitter_card":"summary_large_image","twitter_misc":{"Escrito por":"Antonio Ferro","Est. tempo de leitura":"2 minutos"},"schema":{"@context":"https:\/\/schema.org","@graph":[{"@type":"Article","@id":"https:\/\/revistaautobus.com.br\/?p=12578#article","isPartOf":{"@id":"https:\/\/revistaautobus.com.br\/?p=12578"},"author":{"name":"Antonio Ferro","@id":"https:\/\/revistaautobus.com.br\/#\/schema\/person\/54af7c3eb83a310e42ef686ef6d16f50"},"headline":"Sul-africanos conhecem o \u00f4nibus G8","datePublished":"2024-07-22T13:55:10+00:00","mainEntityOfPage":{"@id":"https:\/\/revistaautobus.com.br\/?p=12578"},"wordCount":411,"commentCount":0,"publisher":{"@id":"https:\/\/revistaautobus.com.br\/#organization"},"image":{"@id":"https:\/\/revistaautobus.com.br\/?p=12578#primaryimage"},"thumbnailUrl":"https:\/\/revistaautobus.com.br\/wp-content\/uploads\/2024\/07\/18072024-Marcopolo-G8-Africa-do-Sul_1.jpg","keywords":["Marcopolo \u00c1frica do Sul"],"articleSection":["Internacional","Not\u00edcias","Transporte rodovi\u00e1rio"],"inLanguage":"pt-BR","potentialAction":[{"@type":"CommentAction","name":"Comment","target":["https:\/\/revistaautobus.com.br\/?p=12578#respond"]}]},{"@type":"WebPage","@id":"https:\/\/revistaautobus.com.br\/?p=12578","url":"https:\/\/revistaautobus.com.br\/?p=12578","name":"Sul-africanos conhecem o \u00f4nibus G8 - Revista AutoBus","isPartOf":{"@id":"https:\/\/revistaautobus.com.br\/#website"},"primaryImageOfPage":{"@id":"https:\/\/revistaautobus.com.br\/?p=12578#primaryimage"},"image":{"@id":"https:\/\/revistaautobus.com.br\/?p=12578#primaryimage"},"thumbnailUrl":"https:\/\/revistaautobus.com.br\/wp-content\/uploads\/2024\/07\/18072024-Marcopolo-G8-Africa-do-Sul_1.jpg","datePublished":"2024-07-22T13:55:10+00:00","breadcrumb":{"@id":"https:\/\/revistaautobus.com.br\/?p=12578#breadcrumb"},"inLanguage":"pt-BR","potentialAction":[{"@type":"ReadAction","target":["https:\/\/revistaautobus.com.br\/?p=12578"]}]},{"@type":"ImageObject","inLanguage":"pt-BR","@id":"https:\/\/revistaautobus.com.br\/?p=12578#primaryimage","url":"https:\/\/revistaautobus.com.br\/wp-content\/uploads\/2024\/07\/18072024-Marcopolo-G8-Africa-do-Sul_1.jpg","contentUrl":"https:\/\/revistaautobus.com.br\/wp-content\/uploads\/2024\/07\/18072024-Marcopolo-G8-Africa-do-Sul_1.jpg","width":1000,"height":700},{"@type":"BreadcrumbList","@id":"https:\/\/revistaautobus.com.br\/?p=12578#breadcrumb","itemListElement":[{"@type":"ListItem","position":1,"name":"In\u00edcio","item":"https:\/\/revistaautobus.com.br\/"},{"@type":"ListItem","position":2,"name":"Sul-africanos conhecem o \u00f4nibus G8"}]},{"@type":"WebSite","@id":"https:\/\/revistaautobus.com.br\/#website","url":"https:\/\/revistaautobus.com.br\/","name":"Revista AutoBus","description":"","publisher":{"@id":"https:\/\/revistaautobus.com.br\/#organization"},"potentialAction":[{"@type":"SearchAction","target":{"@type":"EntryPoint","urlTemplate":"https:\/\/revistaautobus.com.br\/?s={search_term_string}"},"query-input":{"@type":"PropertyValueSpecification","valueRequired":true,"valueName":"search_term_string"}}],"inLanguage":"pt-BR"},{"@type":"Organization","@id":"https:\/\/revistaautobus.com.br\/#organization","name":"Revista AutoBus","url":"https:\/\/revistaautobus.com.br\/","logo":{"@type":"ImageObject","inLanguage":"pt-BR","@id":"https:\/\/revistaautobus.com.br\/#\/schema\/logo\/image\/","url":"https:\/\/revistaautobus.com.br\/wp-content\/uploads\/2024\/11\/logo_revista_autobus_fb.png","contentUrl":"https:\/\/revistaautobus.com.br\/wp-content\/uploads\/2024\/11\/logo_revista_autobus_fb.png","width":836,"height":227,"caption":"Revista AutoBus"},"image":{"@id":"https:\/\/revistaautobus.com.br\/#\/schema\/logo\/image\/"},"sameAs":["https:\/\/www.facebook.com\/antonio.ferro.3150","https:\/\/www.instagram.com\/revistaautobus\/"]},{"@type":"Person","@id":"https:\/\/revistaautobus.com.br\/#\/schema\/person\/54af7c3eb83a310e42ef686ef6d16f50","name":"Antonio Ferro","image":{"@type":"ImageObject","inLanguage":"pt-BR","@id":"https:\/\/revistaautobus.com.br\/wp-content\/uploads\/2025\/12\/editor_antonio_ferro-150x150.jpg","url":"https:\/\/revistaautobus.com.br\/wp-content\/uploads\/2025\/12\/editor_antonio_ferro-150x150.jpg","contentUrl":"https:\/\/revistaautobus.com.br\/wp-content\/uploads\/2025\/12\/editor_antonio_ferro-150x150.jpg","caption":"Antonio Ferro"},"description":"infobus@uol.com.br","url":"https:\/\/revistaautobus.com.br\/?author=2"}]}},"jetpack_featured_media_url":"https:\/\/revistaautobus.com.br\/wp-content\/uploads\/2024\/07\/18072024-Marcopolo-G8-Africa-do-Sul_1.jpg","jetpack_sharing_enabled":true,"_links":{"self":[{"href":"https:\/\/revistaautobus.com.br\/index.php?rest_route=\/wp\/v2\/posts\/12578","targetHints":{"allow":["GET"]}}],"collection":[{"href":"https:\/\/revistaautobus.com.br\/index.php?rest_route=\/wp\/v2\/posts"}],"about":[{"href":"https:\/\/revistaautobus.com.br\/index.php?rest_route=\/wp\/v2\/types\/post"}],"author":[{"embeddable":true,"href":"https:\/\/revistaautobus.com.br\/index.php?rest_route=\/wp\/v2\/users\/2"}],"replies":[{"embeddable":true,"href":"https:\/\/revistaautobus.com.br\/index.php?rest_route=%2Fwp%2Fv2%2Fcomments&post=12578"}],"version-history":[{"count":3,"href":"https:\/\/revistaautobus.com.br\/index.php?rest_route=\/wp\/v2\/posts\/12578\/revisions"}],"predecessor-version":[{"id":12583,"href":"https:\/\/revistaautobus.com.br\/index.php?rest_route=\/wp\/v2\/posts\/12578\/revisions\/12583"}],"wp:featuredmedia":[{"embeddable":true,"href":"https:\/\/revistaautobus.com.br\/index.php?rest_route=\/wp\/v2\/media\/12579"}],"wp:attachment":[{"href":"https:\/\/revistaautobus.com.br\/index.php?rest_route=%2Fwp%2Fv2%2Fmedia&parent=12578"}],"wp:term":[{"taxonomy":"category","embeddable":true,"href":"https:\/\/revistaautobus.com.br\/index.php?rest_route=%2Fwp%2Fv2%2Fcategories&post=12578"},{"taxonomy":"post_tag","embeddable":true,"href":"https:\/\/revistaautobus.com.br\/index.php?rest_route=%2Fwp%2Fv2%2Ftags&post=12578"}],"curies":[{"name":"wp","href":"https:\/\/api.w.org\/{rel}","templated":true}]}}