{"id":12584,"date":"2024-07-22T15:16:48","date_gmt":"2024-07-22T18:16:48","guid":{"rendered":"https:\/\/revistaautobus.com.br\/?p=12584"},"modified":"2024-07-22T15:17:44","modified_gmt":"2024-07-22T18:17:44","slug":"eletrificacao-do-transporte-coletivo-exige-planejamento","status":"publish","type":"post","link":"https:\/\/revistaautobus.com.br\/?p=12584","title":{"rendered":"Eletrifica\u00e7\u00e3o do transporte coletivo exige planejamento"},"content":{"rendered":"<p>Por <span style=\"color: #808000;\"><strong><em>Mauro Herszkowicz<\/em><\/strong><\/span>, presidente da FETPESP<\/p>\n<p>Foi, sem d\u00favida, esclarecedor o posicionamento de autoridades federais sobre a descarboniza\u00e7\u00e3o da frota de \u00f4nibus do transporte de passageiros e sobre a utiliza\u00e7\u00e3o de ve\u00edculos el\u00e9tricos para a redu\u00e7\u00e3o da emiss\u00e3o de poluentes, durante o 8\u00ba F\u00f3rum CNT de Debates \u2013 Mobilidade Urbana Sustent\u00e1vel, organizado pela Confedera\u00e7\u00e3o Nacional dos Transportes e realizado no \u00faltimo dia 09 de julho. Na ocasi\u00e3o, o ministro das Cidades, Jader Barbalho Filho, foi enf\u00e1tico ao destacar que o Brasil n\u00e3o est\u00e1 preparado para a eletrifica\u00e7\u00e3o plena da frota de \u00f4nibus das cidades e que deve ser buscada uma solu\u00e7\u00e3o adequada para cada regi\u00e3o do pa\u00eds.<\/p>\n<p>Inegavelmente, a introdu\u00e7\u00e3o de \u00f4nibus el\u00e9tricos \u00e0 bateria no transporte de passageiros vem sendo tratada como solu\u00e7\u00e3o para melhorar a qualidade dos servi\u00e7os e garantir a redu\u00e7\u00e3o de emiss\u00f5es de poluentes. No entanto, como destacou o ministro das Cidades, n\u00e3o adianta pensar em eletrifica\u00e7\u00e3o sem planejar o modelo de transporte adequado para cada localidade.<\/p>\n<p>H\u00e1 um consenso sobre os desafios que precisam ser enfrentados para se adotar a eletromobilidade no transporte, que v\u00e3o al\u00e9m da simples compra do material rodante. Principalmente, a complexa quest\u00e3o dos investimentos para a infraestrutura de carregamento dos ve\u00edculos, que envolve a capacidade de fornecimento da rede de distribui\u00e7\u00e3o de energia el\u00e9trica e a cria\u00e7\u00e3o de pontos de recarga.<\/p>\n<p>Por isso, foi destacado pelo ministro que o Programa de Renova\u00e7\u00e3o da Frota (Refrota) prev\u00ea a destina\u00e7\u00e3o de R$ 10,5 bilh\u00f5es, para substitui\u00e7\u00e3o de 5.350 ve\u00edculos antigos, e diminui\u00e7\u00e3o da idade m\u00e9dia da frota de transporte urbano, sendo cerca de 2.500 \u00f4nibus el\u00e9tricos e outros 2.800 com motor Euro 6, mais eficientes e, de acordo com Jader Filho, \u201c18 vezes menos poluentes do que os \u00f4nibus comuns\u201d.<\/p>\n<p>Durante as discuss\u00f5es no F\u00f3rum CNT ficou clara a necessidade de uma pol\u00edtica nacional que priorize o transporte coletivo em nosso pa\u00eds, com planejamento e diretrizes a serem adotadas em cada localidade, para, ent\u00e3o, ser definida a infraestrutura necess\u00e1ria para a melhoria operacional dos sistemas de transporte, a an\u00e1lise dos custos e, por fim, a escolha da tecnologia que permitir\u00e1 um transporte sustent\u00e1vel e um atendimento mais qualificado \u00e0 popula\u00e7\u00e3o.<\/p>\n<p>Imagem &#8211; Divulga\u00e7\u00e3o<\/p>\n<p>&nbsp;<\/p>\n<p>&nbsp;<\/p>\n","protected":false},"excerpt":{"rendered":"<p>&#8220;H\u00e1 um consenso sobre os desafios que precisam ser enfrentados para se adotar a eletromobilidade no transporte, que v\u00e3o al\u00e9m da simples compra do material rodante&#8221;<\/p>\n","protected":false},"author":2,"featured_media":12585,"comment_status":"open","ping_status":"open","sticky":false,"template":"","format":"standard","meta":{"_et_pb_use_builder":"","_et_pb_old_content":"","_et_gb_content_width":"","_jetpack_memberships_contains_paid_content":false,"footnotes":""},"categories":[562,588,41],"tags":[143],"class_list":["post-12584","post","type-post","status-publish","format-standard","has-post-thumbnail","hentry","category-eletrificacao","category-opiniao","category-ponto-de-vista","tag-fetpesp","et-has-post-format-content","et_post_format-et-post-format-standard"],"yoast_head":"<!-- This site is optimized with the Yoast SEO plugin v27.2 - https:\/\/yoast.com\/product\/yoast-seo-wordpress\/ -->\n<title>Eletrifica\u00e7\u00e3o do transporte coletivo exige planejamento - Revista AutoBus<\/title>\n<meta name=\"robots\" content=\"index, follow, max-snippet:-1, max-image-preview:large, max-video-preview:-1\" \/>\n<link rel=\"canonical\" href=\"https:\/\/revistaautobus.com.br\/?p=12584\" \/>\n<meta property=\"og:locale\" content=\"pt_BR\" \/>\n<meta property=\"og:type\" content=\"article\" \/>\n<meta property=\"og:title\" content=\"Eletrifica\u00e7\u00e3o do transporte coletivo exige planejamento - Revista AutoBus\" \/>\n<meta property=\"og:description\" content=\"&quot;H\u00e1 um consenso sobre os desafios que precisam ser enfrentados para se adotar a eletromobilidade no transporte, que v\u00e3o al\u00e9m da simples compra do material rodante&quot;\" \/>\n<meta property=\"og:url\" content=\"https:\/\/revistaautobus.com.br\/?p=12584\" \/>\n<meta property=\"og:site_name\" content=\"Revista AutoBus\" \/>\n<meta property=\"article:publisher\" content=\"https:\/\/www.facebook.com\/antonio.ferro.3150\" \/>\n<meta property=\"article:published_time\" content=\"2024-07-22T18:16:48+00:00\" \/>\n<meta property=\"article:modified_time\" content=\"2024-07-22T18:17:44+00:00\" \/>\n<meta property=\"og:image\" content=\"https:\/\/revistaautobus.com.br\/wp-content\/uploads\/2024\/07\/IMG-20240513-WA0037.jpg\" \/>\n\t<meta property=\"og:image:width\" content=\"1600\" \/>\n\t<meta property=\"og:image:height\" content=\"1066\" \/>\n\t<meta property=\"og:image:type\" content=\"image\/jpeg\" \/>\n<meta name=\"author\" content=\"Antonio Ferro\" \/>\n<meta name=\"twitter:card\" content=\"summary_large_image\" \/>\n<meta name=\"twitter:label1\" content=\"Escrito por\" \/>\n\t<meta name=\"twitter:data1\" content=\"Antonio Ferro\" \/>\n\t<meta name=\"twitter:label2\" content=\"Est. tempo de leitura\" \/>\n\t<meta name=\"twitter:data2\" content=\"2 minutos\" \/>\n<script type=\"application\/ld+json\" class=\"yoast-schema-graph\">{\"@context\":\"https:\/\/schema.org\",\"@graph\":[{\"@type\":\"Article\",\"@id\":\"https:\/\/revistaautobus.com.br\/?p=12584#article\",\"isPartOf\":{\"@id\":\"https:\/\/revistaautobus.com.br\/?p=12584\"},\"author\":{\"name\":\"Antonio Ferro\",\"@id\":\"https:\/\/revistaautobus.com.br\/#\/schema\/person\/54af7c3eb83a310e42ef686ef6d16f50\"},\"headline\":\"Eletrifica\u00e7\u00e3o do transporte coletivo exige planejamento\",\"datePublished\":\"2024-07-22T18:16:48+00:00\",\"dateModified\":\"2024-07-22T18:17:44+00:00\",\"mainEntityOfPage\":{\"@id\":\"https:\/\/revistaautobus.com.br\/?p=12584\"},\"wordCount\":408,\"commentCount\":0,\"publisher\":{\"@id\":\"https:\/\/revistaautobus.com.br\/#organization\"},\"image\":{\"@id\":\"https:\/\/revistaautobus.com.br\/?p=12584#primaryimage\"},\"thumbnailUrl\":\"https:\/\/revistaautobus.com.br\/wp-content\/uploads\/2024\/07\/IMG-20240513-WA0037.jpg\",\"keywords\":[\"FETPESP\"],\"articleSection\":[\"Eletrifica\u00e7\u00e3o\",\"Opini\u00e3o\",\"Ponto de Vista\"],\"inLanguage\":\"pt-BR\",\"potentialAction\":[{\"@type\":\"CommentAction\",\"name\":\"Comment\",\"target\":[\"https:\/\/revistaautobus.com.br\/?p=12584#respond\"]}]},{\"@type\":\"WebPage\",\"@id\":\"https:\/\/revistaautobus.com.br\/?p=12584\",\"url\":\"https:\/\/revistaautobus.com.br\/?p=12584\",\"name\":\"Eletrifica\u00e7\u00e3o do transporte coletivo exige planejamento - Revista AutoBus\",\"isPartOf\":{\"@id\":\"https:\/\/revistaautobus.com.br\/#website\"},\"primaryImageOfPage\":{\"@id\":\"https:\/\/revistaautobus.com.br\/?p=12584#primaryimage\"},\"image\":{\"@id\":\"https:\/\/revistaautobus.com.br\/?p=12584#primaryimage\"},\"thumbnailUrl\":\"https:\/\/revistaautobus.com.br\/wp-content\/uploads\/2024\/07\/IMG-20240513-WA0037.jpg\",\"datePublished\":\"2024-07-22T18:16:48+00:00\",\"dateModified\":\"2024-07-22T18:17:44+00:00\",\"breadcrumb\":{\"@id\":\"https:\/\/revistaautobus.com.br\/?p=12584#breadcrumb\"},\"inLanguage\":\"pt-BR\",\"potentialAction\":[{\"@type\":\"ReadAction\",\"target\":[\"https:\/\/revistaautobus.com.br\/?p=12584\"]}]},{\"@type\":\"ImageObject\",\"inLanguage\":\"pt-BR\",\"@id\":\"https:\/\/revistaautobus.com.br\/?p=12584#primaryimage\",\"url\":\"https:\/\/revistaautobus.com.br\/wp-content\/uploads\/2024\/07\/IMG-20240513-WA0037.jpg\",\"contentUrl\":\"https:\/\/revistaautobus.com.br\/wp-content\/uploads\/2024\/07\/IMG-20240513-WA0037.jpg\",\"width\":1600,\"height\":1066},{\"@type\":\"BreadcrumbList\",\"@id\":\"https:\/\/revistaautobus.com.br\/?p=12584#breadcrumb\",\"itemListElement\":[{\"@type\":\"ListItem\",\"position\":1,\"name\":\"In\u00edcio\",\"item\":\"https:\/\/revistaautobus.com.br\/\"},{\"@type\":\"ListItem\",\"position\":2,\"name\":\"Eletrifica\u00e7\u00e3o do transporte coletivo exige planejamento\"}]},{\"@type\":\"WebSite\",\"@id\":\"https:\/\/revistaautobus.com.br\/#website\",\"url\":\"https:\/\/revistaautobus.com.br\/\",\"name\":\"Revista AutoBus\",\"description\":\"\",\"publisher\":{\"@id\":\"https:\/\/revistaautobus.com.br\/#organization\"},\"potentialAction\":[{\"@type\":\"SearchAction\",\"target\":{\"@type\":\"EntryPoint\",\"urlTemplate\":\"https:\/\/revistaautobus.com.br\/?s={search_term_string}\"},\"query-input\":{\"@type\":\"PropertyValueSpecification\",\"valueRequired\":true,\"valueName\":\"search_term_string\"}}],\"inLanguage\":\"pt-BR\"},{\"@type\":\"Organization\",\"@id\":\"https:\/\/revistaautobus.com.br\/#organization\",\"name\":\"Revista AutoBus\",\"url\":\"https:\/\/revistaautobus.com.br\/\",\"logo\":{\"@type\":\"ImageObject\",\"inLanguage\":\"pt-BR\",\"@id\":\"https:\/\/revistaautobus.com.br\/#\/schema\/logo\/image\/\",\"url\":\"https:\/\/revistaautobus.com.br\/wp-content\/uploads\/2024\/11\/logo_revista_autobus_fb.png\",\"contentUrl\":\"https:\/\/revistaautobus.com.br\/wp-content\/uploads\/2024\/11\/logo_revista_autobus_fb.png\",\"width\":836,\"height\":227,\"caption\":\"Revista AutoBus\"},\"image\":{\"@id\":\"https:\/\/revistaautobus.com.br\/#\/schema\/logo\/image\/\"},\"sameAs\":[\"https:\/\/www.facebook.com\/antonio.ferro.3150\",\"https:\/\/www.instagram.com\/revistaautobus\/\"]},{\"@type\":\"Person\",\"@id\":\"https:\/\/revistaautobus.com.br\/#\/schema\/person\/54af7c3eb83a310e42ef686ef6d16f50\",\"name\":\"Antonio Ferro\",\"image\":{\"@type\":\"ImageObject\",\"inLanguage\":\"pt-BR\",\"@id\":\"https:\/\/revistaautobus.com.br\/wp-content\/uploads\/2025\/12\/editor_antonio_ferro-150x150.jpg\",\"url\":\"https:\/\/revistaautobus.com.br\/wp-content\/uploads\/2025\/12\/editor_antonio_ferro-150x150.jpg\",\"contentUrl\":\"https:\/\/revistaautobus.com.br\/wp-content\/uploads\/2025\/12\/editor_antonio_ferro-150x150.jpg\",\"caption\":\"Antonio Ferro\"},\"description\":\"infobus@uol.com.br\",\"url\":\"https:\/\/revistaautobus.com.br\/?author=2\"}]}<\/script>\n<!-- \/ Yoast SEO plugin. -->","yoast_head_json":{"title":"Eletrifica\u00e7\u00e3o do transporte coletivo exige planejamento - Revista AutoBus","robots":{"index":"index","follow":"follow","max-snippet":"max-snippet:-1","max-image-preview":"max-image-preview:large","max-video-preview":"max-video-preview:-1"},"canonical":"https:\/\/revistaautobus.com.br\/?p=12584","og_locale":"pt_BR","og_type":"article","og_title":"Eletrifica\u00e7\u00e3o do transporte coletivo exige planejamento - Revista AutoBus","og_description":"\"H\u00e1 um consenso sobre os desafios que precisam ser enfrentados para se adotar a eletromobilidade no transporte, que v\u00e3o al\u00e9m da simples compra do material rodante\"","og_url":"https:\/\/revistaautobus.com.br\/?p=12584","og_site_name":"Revista AutoBus","article_publisher":"https:\/\/www.facebook.com\/antonio.ferro.3150","article_published_time":"2024-07-22T18:16:48+00:00","article_modified_time":"2024-07-22T18:17:44+00:00","og_image":[{"width":1600,"height":1066,"url":"https:\/\/revistaautobus.com.br\/wp-content\/uploads\/2024\/07\/IMG-20240513-WA0037.jpg","type":"image\/jpeg"}],"author":"Antonio Ferro","twitter_card":"summary_large_image","twitter_misc":{"Escrito por":"Antonio Ferro","Est. tempo de leitura":"2 minutos"},"schema":{"@context":"https:\/\/schema.org","@graph":[{"@type":"Article","@id":"https:\/\/revistaautobus.com.br\/?p=12584#article","isPartOf":{"@id":"https:\/\/revistaautobus.com.br\/?p=12584"},"author":{"name":"Antonio Ferro","@id":"https:\/\/revistaautobus.com.br\/#\/schema\/person\/54af7c3eb83a310e42ef686ef6d16f50"},"headline":"Eletrifica\u00e7\u00e3o do transporte coletivo exige planejamento","datePublished":"2024-07-22T18:16:48+00:00","dateModified":"2024-07-22T18:17:44+00:00","mainEntityOfPage":{"@id":"https:\/\/revistaautobus.com.br\/?p=12584"},"wordCount":408,"commentCount":0,"publisher":{"@id":"https:\/\/revistaautobus.com.br\/#organization"},"image":{"@id":"https:\/\/revistaautobus.com.br\/?p=12584#primaryimage"},"thumbnailUrl":"https:\/\/revistaautobus.com.br\/wp-content\/uploads\/2024\/07\/IMG-20240513-WA0037.jpg","keywords":["FETPESP"],"articleSection":["Eletrifica\u00e7\u00e3o","Opini\u00e3o","Ponto de Vista"],"inLanguage":"pt-BR","potentialAction":[{"@type":"CommentAction","name":"Comment","target":["https:\/\/revistaautobus.com.br\/?p=12584#respond"]}]},{"@type":"WebPage","@id":"https:\/\/revistaautobus.com.br\/?p=12584","url":"https:\/\/revistaautobus.com.br\/?p=12584","name":"Eletrifica\u00e7\u00e3o do transporte coletivo exige planejamento - Revista AutoBus","isPartOf":{"@id":"https:\/\/revistaautobus.com.br\/#website"},"primaryImageOfPage":{"@id":"https:\/\/revistaautobus.com.br\/?p=12584#primaryimage"},"image":{"@id":"https:\/\/revistaautobus.com.br\/?p=12584#primaryimage"},"thumbnailUrl":"https:\/\/revistaautobus.com.br\/wp-content\/uploads\/2024\/07\/IMG-20240513-WA0037.jpg","datePublished":"2024-07-22T18:16:48+00:00","dateModified":"2024-07-22T18:17:44+00:00","breadcrumb":{"@id":"https:\/\/revistaautobus.com.br\/?p=12584#breadcrumb"},"inLanguage":"pt-BR","potentialAction":[{"@type":"ReadAction","target":["https:\/\/revistaautobus.com.br\/?p=12584"]}]},{"@type":"ImageObject","inLanguage":"pt-BR","@id":"https:\/\/revistaautobus.com.br\/?p=12584#primaryimage","url":"https:\/\/revistaautobus.com.br\/wp-content\/uploads\/2024\/07\/IMG-20240513-WA0037.jpg","contentUrl":"https:\/\/revistaautobus.com.br\/wp-content\/uploads\/2024\/07\/IMG-20240513-WA0037.jpg","width":1600,"height":1066},{"@type":"BreadcrumbList","@id":"https:\/\/revistaautobus.com.br\/?p=12584#breadcrumb","itemListElement":[{"@type":"ListItem","position":1,"name":"In\u00edcio","item":"https:\/\/revistaautobus.com.br\/"},{"@type":"ListItem","position":2,"name":"Eletrifica\u00e7\u00e3o do transporte coletivo exige planejamento"}]},{"@type":"WebSite","@id":"https:\/\/revistaautobus.com.br\/#website","url":"https:\/\/revistaautobus.com.br\/","name":"Revista AutoBus","description":"","publisher":{"@id":"https:\/\/revistaautobus.com.br\/#organization"},"potentialAction":[{"@type":"SearchAction","target":{"@type":"EntryPoint","urlTemplate":"https:\/\/revistaautobus.com.br\/?s={search_term_string}"},"query-input":{"@type":"PropertyValueSpecification","valueRequired":true,"valueName":"search_term_string"}}],"inLanguage":"pt-BR"},{"@type":"Organization","@id":"https:\/\/revistaautobus.com.br\/#organization","name":"Revista AutoBus","url":"https:\/\/revistaautobus.com.br\/","logo":{"@type":"ImageObject","inLanguage":"pt-BR","@id":"https:\/\/revistaautobus.com.br\/#\/schema\/logo\/image\/","url":"https:\/\/revistaautobus.com.br\/wp-content\/uploads\/2024\/11\/logo_revista_autobus_fb.png","contentUrl":"https:\/\/revistaautobus.com.br\/wp-content\/uploads\/2024\/11\/logo_revista_autobus_fb.png","width":836,"height":227,"caption":"Revista AutoBus"},"image":{"@id":"https:\/\/revistaautobus.com.br\/#\/schema\/logo\/image\/"},"sameAs":["https:\/\/www.facebook.com\/antonio.ferro.3150","https:\/\/www.instagram.com\/revistaautobus\/"]},{"@type":"Person","@id":"https:\/\/revistaautobus.com.br\/#\/schema\/person\/54af7c3eb83a310e42ef686ef6d16f50","name":"Antonio Ferro","image":{"@type":"ImageObject","inLanguage":"pt-BR","@id":"https:\/\/revistaautobus.com.br\/wp-content\/uploads\/2025\/12\/editor_antonio_ferro-150x150.jpg","url":"https:\/\/revistaautobus.com.br\/wp-content\/uploads\/2025\/12\/editor_antonio_ferro-150x150.jpg","contentUrl":"https:\/\/revistaautobus.com.br\/wp-content\/uploads\/2025\/12\/editor_antonio_ferro-150x150.jpg","caption":"Antonio Ferro"},"description":"infobus@uol.com.br","url":"https:\/\/revistaautobus.com.br\/?author=2"}]}},"jetpack_featured_media_url":"https:\/\/revistaautobus.com.br\/wp-content\/uploads\/2024\/07\/IMG-20240513-WA0037.jpg","jetpack_sharing_enabled":true,"_links":{"self":[{"href":"https:\/\/revistaautobus.com.br\/index.php?rest_route=\/wp\/v2\/posts\/12584","targetHints":{"allow":["GET"]}}],"collection":[{"href":"https:\/\/revistaautobus.com.br\/index.php?rest_route=\/wp\/v2\/posts"}],"about":[{"href":"https:\/\/revistaautobus.com.br\/index.php?rest_route=\/wp\/v2\/types\/post"}],"author":[{"embeddable":true,"href":"https:\/\/revistaautobus.com.br\/index.php?rest_route=\/wp\/v2\/users\/2"}],"replies":[{"embeddable":true,"href":"https:\/\/revistaautobus.com.br\/index.php?rest_route=%2Fwp%2Fv2%2Fcomments&post=12584"}],"version-history":[{"count":4,"href":"https:\/\/revistaautobus.com.br\/index.php?rest_route=\/wp\/v2\/posts\/12584\/revisions"}],"predecessor-version":[{"id":12589,"href":"https:\/\/revistaautobus.com.br\/index.php?rest_route=\/wp\/v2\/posts\/12584\/revisions\/12589"}],"wp:featuredmedia":[{"embeddable":true,"href":"https:\/\/revistaautobus.com.br\/index.php?rest_route=\/wp\/v2\/media\/12585"}],"wp:attachment":[{"href":"https:\/\/revistaautobus.com.br\/index.php?rest_route=%2Fwp%2Fv2%2Fmedia&parent=12584"}],"wp:term":[{"taxonomy":"category","embeddable":true,"href":"https:\/\/revistaautobus.com.br\/index.php?rest_route=%2Fwp%2Fv2%2Fcategories&post=12584"},{"taxonomy":"post_tag","embeddable":true,"href":"https:\/\/revistaautobus.com.br\/index.php?rest_route=%2Fwp%2Fv2%2Ftags&post=12584"}],"curies":[{"name":"wp","href":"https:\/\/api.w.org\/{rel}","templated":true}]}}