{"id":12648,"date":"2024-07-30T13:58:04","date_gmt":"2024-07-30T16:58:04","guid":{"rendered":"https:\/\/revistaautobus.com.br\/?p=12648"},"modified":"2024-07-30T13:58:04","modified_gmt":"2024-07-30T16:58:04","slug":"o-transporte-publico-coletivo-em-debate","status":"publish","type":"post","link":"https:\/\/revistaautobus.com.br\/?p=12648","title":{"rendered":"O transporte p\u00fablico coletivo em debate"},"content":{"rendered":"<p>Espa\u00e7o NTU<\/p>\n<p>A Associa\u00e7\u00e3o Nacional das Empresas de Transportes Urbanos (NTU) se prepara para realizar a 37\u00aa. edi\u00e7\u00e3o de seu Semin\u00e1rio Nacional, um dos maiores eventos de mobilidade urbana da Am\u00e9rica Latina. O encontro vai reunir especialistas, representantes do poder p\u00fablico e empres\u00e1rios de todos os segmentos do transporte coletivo urbano, rodovi\u00e1rio e de fretamento do Brasil e pa\u00edses latino-americanos. O Semin\u00e1rio acontecer\u00e1 no S\u00e3o Paulo Expo, nos dias 6 a 8 de agosto, e ocorrer\u00e1 junto com a Lat.Bus Transp\u00fablico \u2013 Feira Latino-Americana do Transporte.<\/p>\n<p>O Semin\u00e1rio tem como tema principal \u201cA Revitaliza\u00e7\u00e3o do Transporte P\u00fablico e a Reconquista do Passageiro\u201d, e busca destacar o papel fundamental do transporte coletivo na mobilidade urbana sustent\u00e1vel e na melhoria da qualidade de vida dos passageiros. Como todo ano, abre espa\u00e7o para uma discuss\u00e3o qualificada sobre as prioridades do transporte p\u00fablico e propostas para melhoria da mobilidade urbana, j\u00e1 que traz para o debate personalidades de peso sobre o tema.<\/p>\n<p>Tamb\u00e9m ser\u00e1 apresentada, no primeiro dia do evento, uma publica\u00e7\u00e3o que re\u00fane as propostas setoriais com foco nas elei\u00e7\u00f5es municiais de outubro. O material, desenvolvido sob a coordena\u00e7\u00e3o da Associa\u00e7\u00e3o Nacional de Transportes P\u00fablicos (ANTP) com contribui\u00e7\u00f5es de v\u00e1rias entidades do setor, est\u00e1 direcionado para candidatos \u00e0s elei\u00e7\u00f5es e, tamb\u00e9m, representantes de \u00f3rg\u00e3os gestores e servir\u00e1 de orienta\u00e7\u00e3o para elabora\u00e7\u00e3o de propostas e programas de governo voltados \u00e0 mobilidade urbana.<\/p>\n<div id=\"attachment_12650\" style=\"width: 810px\" class=\"wp-caption aligncenter\"><img loading=\"lazy\" decoding=\"async\" aria-describedby=\"caption-attachment-12650\" class=\"wp-image-12650 size-full\" src=\"https:\/\/revistaautobus.com.br\/wp-content\/uploads\/2024\/07\/IMG-20240730-WA0039.jpg\" alt=\"\" width=\"800\" height=\"533\" srcset=\"https:\/\/revistaautobus.com.br\/wp-content\/uploads\/2024\/07\/IMG-20240730-WA0039.jpg 800w, https:\/\/revistaautobus.com.br\/wp-content\/uploads\/2024\/07\/IMG-20240730-WA0039-300x200.jpg 300w, https:\/\/revistaautobus.com.br\/wp-content\/uploads\/2024\/07\/IMG-20240730-WA0039-768x512.jpg 768w\" sizes=\"(max-width: 800px) 100vw, 800px\" \/><p id=\"caption-attachment-12650\" class=\"wp-caption-text\"><span style=\"color: #003366;\"><em><strong>A presen\u00e7a da NTU em debates sobre a mobilidade e o transporte coletivo traz luz para se alcan\u00e7ar solu\u00e7\u00f5es<\/strong><\/em><\/span><\/p><\/div>\n<p>\u201cEssa \u00e9 a terceira cartilha com propostas para elei\u00e7\u00f5es que ser\u00e1 publicada pela ANTP e estabelece prioridades e propostas para os programas de governo, orientando os candidatos com perguntas para debates e contribuindo para a prepara\u00e7\u00e3o dos candidatos a prefeito. Ent\u00e3o, o nosso semin\u00e1rio tamb\u00e9m ter\u00e1 uma conex\u00e3o muito forte com esse momento que estamos vivendo de ano eleitoral\u201d, revela o diretor executivo da NTU, Francisco Christovam.<\/p>\n<p>Outro lan\u00e7amento importante e de grande expectativa \u00e9 o da pesquisa nacional \u201cMobilidade da Popula\u00e7\u00e3o Urbana 2024\u201d, produzida pela Confedera\u00e7\u00e3o Nacional do Transporte (CNT), com apoio t\u00e9cnico da NTU. A pesquisa tra\u00e7a um perfil do passageiro usu\u00e1rio do transporte p\u00fablico no Brasil. Al\u00e9m disso, o evento tamb\u00e9m vai contar com os dados atualizados sobre os indicadores de desempenho do setor e subs\u00eddios ao transporte p\u00fablico, com o lan\u00e7amento da publica\u00e7\u00e3o Anu\u00e1rio NTU 2023-2024.<\/p>\n<p><strong>Lat.Bus Transp\u00fablico <\/strong><\/p>\n<p>Paralelamente ao Semin\u00e1rio Nacional NTU, ser\u00e1 realizada a Feira Lat.Bus Transp\u00fablico, que reunir\u00e1 os principais representantes e fornecedores do setor na Am\u00e9rica Latina. Conforme relatou Marcelo Fontana, diretor da OTM Editora, parceira da NTU na organiza\u00e7\u00e3o do evento, \u201c[este ano] contamos com 100% das f\u00e1bricas presentes no mercado brasileiro. Nesta edi\u00e7\u00e3o, os expositores v\u00eam com mais for\u00e7a do que vieram em 2022. A expectativa \u00e9 de um aumento significativo de p\u00fablico, podendo chegar a 15 mil visitantes \u00fanicos\u201d, conta.<\/p>\n<p>Durante a feira, os expositores promover\u00e3o lan\u00e7amentos de carrocerias, chassis e demais produtos, proporcionando v\u00e1rias oportunidades de neg\u00f3cios para os visitantes. Espera-se a presen\u00e7a de, ao menos, 600 participantes de todos os pa\u00edses latino-americanos e at\u00e9 mesmo de outros continentes.<\/p>\n<p><strong>Confira a programa\u00e7\u00e3o<\/strong><\/p>\n<p>A programa\u00e7\u00e3o do evento \u00e9 extensa: s\u00e3o v\u00e1rios pain\u00e9is, palestra master, homenagens e alguns eventos paralelos. Para conferir tudo que vai acontecer nos tr\u00eas dias e fazer a sua inscri\u00e7\u00e3o, acesse o site <a href=\"https:\/\/seminariontu-latbus.org.br\/\">https:\/\/seminariontu-latbus.org.br\/<\/a>.<\/p>\n<p>O Semin\u00e1rio Nacional NTU e a Feira Lat.Bus Transp\u00fablico ser\u00e3o realizados no S\u00e3o Paulo Expo Exhibition &amp; Convention Center. Os debates e pain\u00e9is tamb\u00e9m ser\u00e3o transmitidos pelo canal NTU Brasil no YouTube (<a href=\"https:\/\/www.youtube.com\/@TransporteUrbanoNTU\">https:\/\/www.youtube.com\/@TransporteUrbanoNTU<\/a>).<\/p>\n<p>&nbsp;<\/p>\n","protected":false},"excerpt":{"rendered":"<p>O Semin\u00e1rio Nacional NTU 2024 ser\u00e1 realizado em S\u00e3o Paulo, no m\u00eas de agosto, e ir\u00e1 debater pautas importantes para o setor como: os novos modelos de gest\u00e3o do transporte p\u00fablico no Brasil e na Am\u00e9rica Latina; o avan\u00e7o da descarboniza\u00e7\u00e3o; propostas para elei\u00e7\u00f5es municipais; e muito mais <\/p>\n","protected":false},"author":2,"featured_media":12649,"comment_status":"open","ping_status":"open","sticky":false,"template":"","format":"standard","meta":{"_et_pb_use_builder":"","_et_pb_old_content":"","_et_gb_content_width":"","_jetpack_memberships_contains_paid_content":false,"footnotes":""},"categories":[7,90,80],"tags":[13,11,19],"class_list":["post-12648","post","type-post","status-publish","format-standard","has-post-thumbnail","hentry","category-mobilidade-urbana","category-noticias","category-transporte-rodoviario","tag-ntu","tag-onibus","tag-transporte-coletivo","et-has-post-format-content","et_post_format-et-post-format-standard"],"yoast_head":"<!-- This site is optimized with the Yoast SEO plugin v27.2 - https:\/\/yoast.com\/product\/yoast-seo-wordpress\/ -->\n<title>O transporte p\u00fablico coletivo em debate - Revista AutoBus<\/title>\n<meta name=\"robots\" content=\"index, follow, max-snippet:-1, max-image-preview:large, max-video-preview:-1\" \/>\n<link rel=\"canonical\" href=\"https:\/\/revistaautobus.com.br\/?p=12648\" \/>\n<meta property=\"og:locale\" content=\"pt_BR\" \/>\n<meta property=\"og:type\" content=\"article\" \/>\n<meta property=\"og:title\" content=\"O transporte p\u00fablico coletivo em debate - Revista AutoBus\" \/>\n<meta property=\"og:description\" content=\"O Semin\u00e1rio Nacional NTU 2024 ser\u00e1 realizado em S\u00e3o Paulo, no m\u00eas de agosto, e ir\u00e1 debater pautas importantes para o setor como: os novos modelos de gest\u00e3o do transporte p\u00fablico no Brasil e na Am\u00e9rica Latina; o avan\u00e7o da descarboniza\u00e7\u00e3o; propostas para elei\u00e7\u00f5es municipais; e muito mais\" \/>\n<meta property=\"og:url\" content=\"https:\/\/revistaautobus.com.br\/?p=12648\" \/>\n<meta property=\"og:site_name\" content=\"Revista AutoBus\" \/>\n<meta property=\"article:publisher\" content=\"https:\/\/www.facebook.com\/antonio.ferro.3150\" \/>\n<meta property=\"article:published_time\" content=\"2024-07-30T16:58:04+00:00\" \/>\n<meta property=\"og:image\" content=\"https:\/\/revistaautobus.com.br\/wp-content\/uploads\/2024\/07\/IMG-20240730-WA0033.jpg\" \/>\n\t<meta property=\"og:image:width\" content=\"1600\" \/>\n\t<meta property=\"og:image:height\" content=\"900\" \/>\n\t<meta property=\"og:image:type\" content=\"image\/jpeg\" \/>\n<meta name=\"author\" content=\"Antonio Ferro\" \/>\n<meta name=\"twitter:card\" content=\"summary_large_image\" \/>\n<meta name=\"twitter:label1\" content=\"Escrito por\" \/>\n\t<meta name=\"twitter:data1\" content=\"Antonio Ferro\" \/>\n\t<meta name=\"twitter:label2\" content=\"Est. tempo de leitura\" \/>\n\t<meta name=\"twitter:data2\" content=\"3 minutos\" \/>\n<script type=\"application\/ld+json\" class=\"yoast-schema-graph\">{\"@context\":\"https:\/\/schema.org\",\"@graph\":[{\"@type\":\"Article\",\"@id\":\"https:\/\/revistaautobus.com.br\/?p=12648#article\",\"isPartOf\":{\"@id\":\"https:\/\/revistaautobus.com.br\/?p=12648\"},\"author\":{\"name\":\"Antonio Ferro\",\"@id\":\"https:\/\/revistaautobus.com.br\/#\/schema\/person\/54af7c3eb83a310e42ef686ef6d16f50\"},\"headline\":\"O transporte p\u00fablico coletivo em debate\",\"datePublished\":\"2024-07-30T16:58:04+00:00\",\"mainEntityOfPage\":{\"@id\":\"https:\/\/revistaautobus.com.br\/?p=12648\"},\"wordCount\":676,\"commentCount\":0,\"publisher\":{\"@id\":\"https:\/\/revistaautobus.com.br\/#organization\"},\"image\":{\"@id\":\"https:\/\/revistaautobus.com.br\/?p=12648#primaryimage\"},\"thumbnailUrl\":\"https:\/\/revistaautobus.com.br\/wp-content\/uploads\/2024\/07\/IMG-20240730-WA0033.jpg\",\"keywords\":[\"ntu\",\"\u00f4nibus\",\"transporte coletivo\"],\"articleSection\":[\"Mobilidade Urbana\",\"Not\u00edcias\",\"Transporte rodovi\u00e1rio\"],\"inLanguage\":\"pt-BR\",\"potentialAction\":[{\"@type\":\"CommentAction\",\"name\":\"Comment\",\"target\":[\"https:\/\/revistaautobus.com.br\/?p=12648#respond\"]}]},{\"@type\":\"WebPage\",\"@id\":\"https:\/\/revistaautobus.com.br\/?p=12648\",\"url\":\"https:\/\/revistaautobus.com.br\/?p=12648\",\"name\":\"O transporte p\u00fablico coletivo em debate - Revista AutoBus\",\"isPartOf\":{\"@id\":\"https:\/\/revistaautobus.com.br\/#website\"},\"primaryImageOfPage\":{\"@id\":\"https:\/\/revistaautobus.com.br\/?p=12648#primaryimage\"},\"image\":{\"@id\":\"https:\/\/revistaautobus.com.br\/?p=12648#primaryimage\"},\"thumbnailUrl\":\"https:\/\/revistaautobus.com.br\/wp-content\/uploads\/2024\/07\/IMG-20240730-WA0033.jpg\",\"datePublished\":\"2024-07-30T16:58:04+00:00\",\"breadcrumb\":{\"@id\":\"https:\/\/revistaautobus.com.br\/?p=12648#breadcrumb\"},\"inLanguage\":\"pt-BR\",\"potentialAction\":[{\"@type\":\"ReadAction\",\"target\":[\"https:\/\/revistaautobus.com.br\/?p=12648\"]}]},{\"@type\":\"ImageObject\",\"inLanguage\":\"pt-BR\",\"@id\":\"https:\/\/revistaautobus.com.br\/?p=12648#primaryimage\",\"url\":\"https:\/\/revistaautobus.com.br\/wp-content\/uploads\/2024\/07\/IMG-20240730-WA0033.jpg\",\"contentUrl\":\"https:\/\/revistaautobus.com.br\/wp-content\/uploads\/2024\/07\/IMG-20240730-WA0033.jpg\",\"width\":1600,\"height\":900},{\"@type\":\"BreadcrumbList\",\"@id\":\"https:\/\/revistaautobus.com.br\/?p=12648#breadcrumb\",\"itemListElement\":[{\"@type\":\"ListItem\",\"position\":1,\"name\":\"In\u00edcio\",\"item\":\"https:\/\/revistaautobus.com.br\/\"},{\"@type\":\"ListItem\",\"position\":2,\"name\":\"O transporte p\u00fablico coletivo em debate\"}]},{\"@type\":\"WebSite\",\"@id\":\"https:\/\/revistaautobus.com.br\/#website\",\"url\":\"https:\/\/revistaautobus.com.br\/\",\"name\":\"Revista AutoBus\",\"description\":\"\",\"publisher\":{\"@id\":\"https:\/\/revistaautobus.com.br\/#organization\"},\"potentialAction\":[{\"@type\":\"SearchAction\",\"target\":{\"@type\":\"EntryPoint\",\"urlTemplate\":\"https:\/\/revistaautobus.com.br\/?s={search_term_string}\"},\"query-input\":{\"@type\":\"PropertyValueSpecification\",\"valueRequired\":true,\"valueName\":\"search_term_string\"}}],\"inLanguage\":\"pt-BR\"},{\"@type\":\"Organization\",\"@id\":\"https:\/\/revistaautobus.com.br\/#organization\",\"name\":\"Revista AutoBus\",\"url\":\"https:\/\/revistaautobus.com.br\/\",\"logo\":{\"@type\":\"ImageObject\",\"inLanguage\":\"pt-BR\",\"@id\":\"https:\/\/revistaautobus.com.br\/#\/schema\/logo\/image\/\",\"url\":\"https:\/\/revistaautobus.com.br\/wp-content\/uploads\/2024\/11\/logo_revista_autobus_fb.png\",\"contentUrl\":\"https:\/\/revistaautobus.com.br\/wp-content\/uploads\/2024\/11\/logo_revista_autobus_fb.png\",\"width\":836,\"height\":227,\"caption\":\"Revista AutoBus\"},\"image\":{\"@id\":\"https:\/\/revistaautobus.com.br\/#\/schema\/logo\/image\/\"},\"sameAs\":[\"https:\/\/www.facebook.com\/antonio.ferro.3150\",\"https:\/\/www.instagram.com\/revistaautobus\/\"]},{\"@type\":\"Person\",\"@id\":\"https:\/\/revistaautobus.com.br\/#\/schema\/person\/54af7c3eb83a310e42ef686ef6d16f50\",\"name\":\"Antonio Ferro\",\"image\":{\"@type\":\"ImageObject\",\"inLanguage\":\"pt-BR\",\"@id\":\"https:\/\/revistaautobus.com.br\/wp-content\/uploads\/2025\/12\/editor_antonio_ferro-150x150.jpg\",\"url\":\"https:\/\/revistaautobus.com.br\/wp-content\/uploads\/2025\/12\/editor_antonio_ferro-150x150.jpg\",\"contentUrl\":\"https:\/\/revistaautobus.com.br\/wp-content\/uploads\/2025\/12\/editor_antonio_ferro-150x150.jpg\",\"caption\":\"Antonio Ferro\"},\"description\":\"infobus@uol.com.br\",\"url\":\"https:\/\/revistaautobus.com.br\/?author=2\"}]}<\/script>\n<!-- \/ Yoast SEO plugin. -->","yoast_head_json":{"title":"O transporte p\u00fablico coletivo em debate - Revista AutoBus","robots":{"index":"index","follow":"follow","max-snippet":"max-snippet:-1","max-image-preview":"max-image-preview:large","max-video-preview":"max-video-preview:-1"},"canonical":"https:\/\/revistaautobus.com.br\/?p=12648","og_locale":"pt_BR","og_type":"article","og_title":"O transporte p\u00fablico coletivo em debate - Revista AutoBus","og_description":"O Semin\u00e1rio Nacional NTU 2024 ser\u00e1 realizado em S\u00e3o Paulo, no m\u00eas de agosto, e ir\u00e1 debater pautas importantes para o setor como: os novos modelos de gest\u00e3o do transporte p\u00fablico no Brasil e na Am\u00e9rica Latina; o avan\u00e7o da descarboniza\u00e7\u00e3o; propostas para elei\u00e7\u00f5es municipais; e muito mais","og_url":"https:\/\/revistaautobus.com.br\/?p=12648","og_site_name":"Revista AutoBus","article_publisher":"https:\/\/www.facebook.com\/antonio.ferro.3150","article_published_time":"2024-07-30T16:58:04+00:00","og_image":[{"width":1600,"height":900,"url":"https:\/\/revistaautobus.com.br\/wp-content\/uploads\/2024\/07\/IMG-20240730-WA0033.jpg","type":"image\/jpeg"}],"author":"Antonio Ferro","twitter_card":"summary_large_image","twitter_misc":{"Escrito por":"Antonio Ferro","Est. tempo de leitura":"3 minutos"},"schema":{"@context":"https:\/\/schema.org","@graph":[{"@type":"Article","@id":"https:\/\/revistaautobus.com.br\/?p=12648#article","isPartOf":{"@id":"https:\/\/revistaautobus.com.br\/?p=12648"},"author":{"name":"Antonio Ferro","@id":"https:\/\/revistaautobus.com.br\/#\/schema\/person\/54af7c3eb83a310e42ef686ef6d16f50"},"headline":"O transporte p\u00fablico coletivo em debate","datePublished":"2024-07-30T16:58:04+00:00","mainEntityOfPage":{"@id":"https:\/\/revistaautobus.com.br\/?p=12648"},"wordCount":676,"commentCount":0,"publisher":{"@id":"https:\/\/revistaautobus.com.br\/#organization"},"image":{"@id":"https:\/\/revistaautobus.com.br\/?p=12648#primaryimage"},"thumbnailUrl":"https:\/\/revistaautobus.com.br\/wp-content\/uploads\/2024\/07\/IMG-20240730-WA0033.jpg","keywords":["ntu","\u00f4nibus","transporte coletivo"],"articleSection":["Mobilidade Urbana","Not\u00edcias","Transporte rodovi\u00e1rio"],"inLanguage":"pt-BR","potentialAction":[{"@type":"CommentAction","name":"Comment","target":["https:\/\/revistaautobus.com.br\/?p=12648#respond"]}]},{"@type":"WebPage","@id":"https:\/\/revistaautobus.com.br\/?p=12648","url":"https:\/\/revistaautobus.com.br\/?p=12648","name":"O transporte p\u00fablico coletivo em debate - Revista AutoBus","isPartOf":{"@id":"https:\/\/revistaautobus.com.br\/#website"},"primaryImageOfPage":{"@id":"https:\/\/revistaautobus.com.br\/?p=12648#primaryimage"},"image":{"@id":"https:\/\/revistaautobus.com.br\/?p=12648#primaryimage"},"thumbnailUrl":"https:\/\/revistaautobus.com.br\/wp-content\/uploads\/2024\/07\/IMG-20240730-WA0033.jpg","datePublished":"2024-07-30T16:58:04+00:00","breadcrumb":{"@id":"https:\/\/revistaautobus.com.br\/?p=12648#breadcrumb"},"inLanguage":"pt-BR","potentialAction":[{"@type":"ReadAction","target":["https:\/\/revistaautobus.com.br\/?p=12648"]}]},{"@type":"ImageObject","inLanguage":"pt-BR","@id":"https:\/\/revistaautobus.com.br\/?p=12648#primaryimage","url":"https:\/\/revistaautobus.com.br\/wp-content\/uploads\/2024\/07\/IMG-20240730-WA0033.jpg","contentUrl":"https:\/\/revistaautobus.com.br\/wp-content\/uploads\/2024\/07\/IMG-20240730-WA0033.jpg","width":1600,"height":900},{"@type":"BreadcrumbList","@id":"https:\/\/revistaautobus.com.br\/?p=12648#breadcrumb","itemListElement":[{"@type":"ListItem","position":1,"name":"In\u00edcio","item":"https:\/\/revistaautobus.com.br\/"},{"@type":"ListItem","position":2,"name":"O transporte p\u00fablico coletivo em debate"}]},{"@type":"WebSite","@id":"https:\/\/revistaautobus.com.br\/#website","url":"https:\/\/revistaautobus.com.br\/","name":"Revista AutoBus","description":"","publisher":{"@id":"https:\/\/revistaautobus.com.br\/#organization"},"potentialAction":[{"@type":"SearchAction","target":{"@type":"EntryPoint","urlTemplate":"https:\/\/revistaautobus.com.br\/?s={search_term_string}"},"query-input":{"@type":"PropertyValueSpecification","valueRequired":true,"valueName":"search_term_string"}}],"inLanguage":"pt-BR"},{"@type":"Organization","@id":"https:\/\/revistaautobus.com.br\/#organization","name":"Revista AutoBus","url":"https:\/\/revistaautobus.com.br\/","logo":{"@type":"ImageObject","inLanguage":"pt-BR","@id":"https:\/\/revistaautobus.com.br\/#\/schema\/logo\/image\/","url":"https:\/\/revistaautobus.com.br\/wp-content\/uploads\/2024\/11\/logo_revista_autobus_fb.png","contentUrl":"https:\/\/revistaautobus.com.br\/wp-content\/uploads\/2024\/11\/logo_revista_autobus_fb.png","width":836,"height":227,"caption":"Revista AutoBus"},"image":{"@id":"https:\/\/revistaautobus.com.br\/#\/schema\/logo\/image\/"},"sameAs":["https:\/\/www.facebook.com\/antonio.ferro.3150","https:\/\/www.instagram.com\/revistaautobus\/"]},{"@type":"Person","@id":"https:\/\/revistaautobus.com.br\/#\/schema\/person\/54af7c3eb83a310e42ef686ef6d16f50","name":"Antonio Ferro","image":{"@type":"ImageObject","inLanguage":"pt-BR","@id":"https:\/\/revistaautobus.com.br\/wp-content\/uploads\/2025\/12\/editor_antonio_ferro-150x150.jpg","url":"https:\/\/revistaautobus.com.br\/wp-content\/uploads\/2025\/12\/editor_antonio_ferro-150x150.jpg","contentUrl":"https:\/\/revistaautobus.com.br\/wp-content\/uploads\/2025\/12\/editor_antonio_ferro-150x150.jpg","caption":"Antonio Ferro"},"description":"infobus@uol.com.br","url":"https:\/\/revistaautobus.com.br\/?author=2"}]}},"jetpack_featured_media_url":"https:\/\/revistaautobus.com.br\/wp-content\/uploads\/2024\/07\/IMG-20240730-WA0033.jpg","jetpack_sharing_enabled":true,"_links":{"self":[{"href":"https:\/\/revistaautobus.com.br\/index.php?rest_route=\/wp\/v2\/posts\/12648","targetHints":{"allow":["GET"]}}],"collection":[{"href":"https:\/\/revistaautobus.com.br\/index.php?rest_route=\/wp\/v2\/posts"}],"about":[{"href":"https:\/\/revistaautobus.com.br\/index.php?rest_route=\/wp\/v2\/types\/post"}],"author":[{"embeddable":true,"href":"https:\/\/revistaautobus.com.br\/index.php?rest_route=\/wp\/v2\/users\/2"}],"replies":[{"embeddable":true,"href":"https:\/\/revistaautobus.com.br\/index.php?rest_route=%2Fwp%2Fv2%2Fcomments&post=12648"}],"version-history":[{"count":2,"href":"https:\/\/revistaautobus.com.br\/index.php?rest_route=\/wp\/v2\/posts\/12648\/revisions"}],"predecessor-version":[{"id":12652,"href":"https:\/\/revistaautobus.com.br\/index.php?rest_route=\/wp\/v2\/posts\/12648\/revisions\/12652"}],"wp:featuredmedia":[{"embeddable":true,"href":"https:\/\/revistaautobus.com.br\/index.php?rest_route=\/wp\/v2\/media\/12649"}],"wp:attachment":[{"href":"https:\/\/revistaautobus.com.br\/index.php?rest_route=%2Fwp%2Fv2%2Fmedia&parent=12648"}],"wp:term":[{"taxonomy":"category","embeddable":true,"href":"https:\/\/revistaautobus.com.br\/index.php?rest_route=%2Fwp%2Fv2%2Fcategories&post=12648"},{"taxonomy":"post_tag","embeddable":true,"href":"https:\/\/revistaautobus.com.br\/index.php?rest_route=%2Fwp%2Fv2%2Ftags&post=12648"}],"curies":[{"name":"wp","href":"https:\/\/api.w.org\/{rel}","templated":true}]}}