{"id":12795,"date":"2024-08-14T09:57:09","date_gmt":"2024-08-14T12:57:09","guid":{"rendered":"https:\/\/revistaautobus.com.br\/?p=12795"},"modified":"2024-08-14T09:57:09","modified_gmt":"2024-08-14T12:57:09","slug":"o-futuro-do-onibus-em-feira-de-hoje","status":"publish","type":"post","link":"https:\/\/revistaautobus.com.br\/?p=12795","title":{"rendered":"O futuro do \u00f4nibus em feira de hoje"},"content":{"rendered":"<p><span style=\"color: #ff6600;\"><em><strong>Editorial<\/strong><\/em><\/span><\/p>\n<p>Passageiros, esperem seus \u00f4nibus urbanos no ponto da modernidade, onde estar\u00e1 conectado com a nova realidade do transporte coletivo, alcan\u00e7ando os melhores servi\u00e7os e a aten\u00e7\u00e3o que lhes merecem. Fa\u00e7am uso da tecnologia em seus trajetos e aproveitam da prioridade operacional nas ruas para chegarem rapidamente aos seus destinos. Dentro dos \u00f4nibus, os mais modernos, inseridos no contexto da descarboniza\u00e7\u00e3o, apreciem as viagens comandadas por profissionais valorizados e treinados para oferecerem seguran\u00e7a e comodidade.<\/p>\n<p>Pode parecer utopia a introdu\u00e7\u00e3o deste editorial num momento t\u00e3o complicado do modal em uma situa\u00e7\u00e3o que mostra a sua competitividade se perdendo em meio a tantos concorrentes que disp\u00f5em de condi\u00e7\u00f5es mais atrativas, que n\u00e3o a do aperto e tarifas que pesam nos bolsos daqueles que precisam utilizar de seus servi\u00e7os.<\/p>\n<p>O \u00f4nibus urbano \u00e9 o principal meio de deslocamento coletivo do Brasil. Veja um dado informado pela recente Pesquisa CNT de Mobilidade da Popula\u00e7\u00e3o Brasileira, onde a faixa populacional de baixa renda, haja vista as classes C e D\/E, \u00e9 a que mais se desloca por \u00f4nibus (79,2%). O alto percentual ressalta a import\u00e2ncia de maior aten\u00e7\u00e3o ao acesso da popula\u00e7\u00e3o com menor poder aquisitivo.<\/p>\n<p>Contudo, segundo o levantamento, de 2017 para c\u00e1, houve um crescimento significativo da motoriza\u00e7\u00e3o individual, mostrando que a insatisfa\u00e7\u00e3o do p\u00fablico com os servi\u00e7os de \u00f4nibus. Falta de conforto, da flexibilidade dos servi\u00e7os, da velocidade nas viagens e o maior pre\u00e7o das tarifas foram os principais aspectos observados na pesquisa da CNT (Confedera\u00e7\u00e3o Nacional do Transporte).<\/p>\n<p><img loading=\"lazy\" decoding=\"async\" class=\"alignnone wp-image-12797 size-full\" src=\"https:\/\/revistaautobus.com.br\/wp-content\/uploads\/2024\/08\/Lat-Bus-9.jpg\" alt=\"\" width=\"1000\" height=\"666\" srcset=\"https:\/\/revistaautobus.com.br\/wp-content\/uploads\/2024\/08\/Lat-Bus-9.jpg 1000w, https:\/\/revistaautobus.com.br\/wp-content\/uploads\/2024\/08\/Lat-Bus-9-300x200.jpg 300w, https:\/\/revistaautobus.com.br\/wp-content\/uploads\/2024\/08\/Lat-Bus-9-768x511.jpg 768w\" sizes=\"(max-width: 1000px) 100vw, 1000px\" \/><\/p>\n<p>Mas, h\u00e1 op\u00e7\u00f5es vistas nesse trabalho que d\u00e3o algum favorecimento ao modal para recuperar o seu p\u00fablico. 63% dos entrevistados ser\u00e3o capazes de retornar a usar o \u00f4nibus, desde que haja redu\u00e7\u00e3o dos valores das tarifas e os servi\u00e7os possam apresentar rapidez nas viagens. Outros fatores, como viajar sentado e at\u00e9 mesmo a opera\u00e7\u00e3o de \u00f4nibus com tra\u00e7\u00f5es mais limpas, est\u00e3o no radar daqueles que se mostram interessados em voltar ao sistema de transporte coletivo.<\/p>\n<p>A mencionada pesquisa, muito bem elaborada, por sinal, pela CNT, destacou ainda que a prioriza\u00e7\u00e3o dada ao \u00f4nibus durante suas viagens tem um \u00edndice positivo alto, com uma avalia\u00e7\u00e3o de 45,1% bom. Este espa\u00e7o reafirma que ao privilegiar a velocidade aos \u00f4nibus \u00e9 poss\u00edvel encontrar previsibilidade e rapidez nos deslocamentos, algo que todos queremos quando usamos os servi\u00e7os.<\/p>\n<p>Portanto, as solu\u00e7\u00f5es para a sangria vivida pelo setor est\u00e3o ao alcance dos gestores p\u00fablicos. N\u00e3o faz sentido qualquer tipo de tecnologia relacionada ao modal (existem muitas, hoje) que d\u00ea ao passageiro um certo favorecimento em suas viagens, se o seu \u00f4nibus continua preso no tr\u00e2nsito.<\/p>\n<p>Neste ano, ap\u00f3s a realiza\u00e7\u00e3o de mais uma edi\u00e7\u00e3o de importante feira do segmento, \u00e9 poss\u00edvel repetir que o Brasil continua na vanguarda de ter uma ind\u00fastria capaz de disponibilizar o melhor em tecnologia veicular e de gest\u00e3o operacional para que o transporte coletivo, principalmente o urbano, seja uma refer\u00eancia com o objetivo de recuperar o seu p\u00fablico e modernizar a sua rela\u00e7\u00e3o com as cidades, instigando um desenvolvimento sustent\u00e1vel.<\/p>\n<p>O poder p\u00fablico \u00e9 o senhor da causa, pois os servi\u00e7os e as opera\u00e7\u00f5es dos \u00f4nibus seguem regras determinadas pelas prefeituras. Dessa maneira, os prefeitos s\u00e3o os principais respons\u00e1veis para essa transforma\u00e7\u00e3o de conceitos que elevem o n\u00edvel de qualifica\u00e7\u00e3o do \u00f4nibus.<\/p>\n<p>A Lat.Bus deste ano (mais de 22 mil visitantes e 150 marcas expositoras), maior feira do modal das Am\u00e9ricas, foi o palco para que todo o setor produtivo de \u00f4nibus e seus componentes, al\u00e9m da tecnologia de gest\u00e3o e de servi\u00e7os, apresentasse o melhor de si. Em paralelo, aconteceu o Semin\u00e1rio Nacional da NTU, com debates e explana\u00e7\u00f5es sobre os principais problemas do modal e indica\u00e7\u00f5es para se alcan\u00e7ar a qualifica\u00e7\u00e3o dos sistemas, dentre outros temas, como eletrifica\u00e7\u00e3o, governan\u00e7a e prioridade. Foi uma rica oportunidade para que os gestores p\u00fablicos pudessem se inteirar sobre assunto.<\/p>\n<p>O ano de 2024 tem elei\u00e7\u00f5es municipais. Est\u00e1 a\u00ed uma \u00f3tima oportunidade para cobrarmos melhorias. A sociedade precisa estar engajada e a governan\u00e7a compromissada com o transporte.<\/p>\n<p>Imagens &#8211; Divulga\u00e7\u00e3o\/Lat.Bus<\/p>\n","protected":false},"excerpt":{"rendered":"<p>A Lat.Bus deste ano (mais de 22 mil visitantes e 150 marcas expositoras), maior feira do modal das Am\u00e9ricas, foi o palco para que todo o setor produtivo de \u00f4nibus e seus componentes, al\u00e9m da tecnologia de gest\u00e3o e de servi\u00e7os, apresentasse o melhor de si<\/p>\n","protected":false},"author":2,"featured_media":12796,"comment_status":"open","ping_status":"open","sticky":false,"template":"","format":"standard","meta":{"_et_pb_use_builder":"","_et_pb_old_content":"","_et_gb_content_width":"","_jetpack_memberships_contains_paid_content":false,"footnotes":""},"categories":[7,588],"tags":[818,817],"class_list":["post-12795","post","type-post","status-publish","format-standard","has-post-thumbnail","hentry","category-mobilidade-urbana","category-opiniao","tag-lat-bus","tag-seminario-nacional-ntu","et-has-post-format-content","et_post_format-et-post-format-standard"],"yoast_head":"<!-- This site is optimized with the Yoast SEO plugin v27.2 - https:\/\/yoast.com\/product\/yoast-seo-wordpress\/ -->\n<title>O futuro do \u00f4nibus em feira de hoje - Revista AutoBus<\/title>\n<meta name=\"robots\" content=\"index, follow, max-snippet:-1, max-image-preview:large, max-video-preview:-1\" \/>\n<link rel=\"canonical\" href=\"https:\/\/revistaautobus.com.br\/?p=12795\" \/>\n<meta property=\"og:locale\" content=\"pt_BR\" \/>\n<meta property=\"og:type\" content=\"article\" \/>\n<meta property=\"og:title\" content=\"O futuro do \u00f4nibus em feira de hoje - Revista AutoBus\" \/>\n<meta property=\"og:description\" content=\"A Lat.Bus deste ano (mais de 22 mil visitantes e 150 marcas expositoras), maior feira do modal das Am\u00e9ricas, foi o palco para que todo o setor produtivo de \u00f4nibus e seus componentes, al\u00e9m da tecnologia de gest\u00e3o e de servi\u00e7os, apresentasse o melhor de si\" \/>\n<meta property=\"og:url\" content=\"https:\/\/revistaautobus.com.br\/?p=12795\" \/>\n<meta property=\"og:site_name\" content=\"Revista AutoBus\" \/>\n<meta property=\"article:publisher\" content=\"https:\/\/www.facebook.com\/antonio.ferro.3150\" \/>\n<meta property=\"article:published_time\" content=\"2024-08-14T12:57:09+00:00\" \/>\n<meta property=\"og:image\" content=\"https:\/\/revistaautobus.com.br\/wp-content\/uploads\/2024\/08\/LatBus-3.jpg\" \/>\n\t<meta property=\"og:image:width\" content=\"1000\" \/>\n\t<meta property=\"og:image:height\" content=\"666\" \/>\n\t<meta property=\"og:image:type\" content=\"image\/jpeg\" \/>\n<meta name=\"author\" content=\"Antonio Ferro\" \/>\n<meta name=\"twitter:card\" content=\"summary_large_image\" \/>\n<meta name=\"twitter:label1\" content=\"Escrito por\" \/>\n\t<meta name=\"twitter:data1\" content=\"Antonio Ferro\" \/>\n\t<meta name=\"twitter:label2\" content=\"Est. tempo de leitura\" \/>\n\t<meta name=\"twitter:data2\" content=\"4 minutos\" \/>\n<script type=\"application\/ld+json\" class=\"yoast-schema-graph\">{\"@context\":\"https:\/\/schema.org\",\"@graph\":[{\"@type\":\"Article\",\"@id\":\"https:\/\/revistaautobus.com.br\/?p=12795#article\",\"isPartOf\":{\"@id\":\"https:\/\/revistaautobus.com.br\/?p=12795\"},\"author\":{\"name\":\"Antonio Ferro\",\"@id\":\"https:\/\/revistaautobus.com.br\/#\/schema\/person\/54af7c3eb83a310e42ef686ef6d16f50\"},\"headline\":\"O futuro do \u00f4nibus em feira de hoje\",\"datePublished\":\"2024-08-14T12:57:09+00:00\",\"mainEntityOfPage\":{\"@id\":\"https:\/\/revistaautobus.com.br\/?p=12795\"},\"wordCount\":740,\"commentCount\":0,\"publisher\":{\"@id\":\"https:\/\/revistaautobus.com.br\/#organization\"},\"image\":{\"@id\":\"https:\/\/revistaautobus.com.br\/?p=12795#primaryimage\"},\"thumbnailUrl\":\"https:\/\/revistaautobus.com.br\/wp-content\/uploads\/2024\/08\/LatBus-3.jpg\",\"keywords\":[\"Lat.Bus\",\"Semin\u00e1rio Nacional NTU\"],\"articleSection\":[\"Mobilidade Urbana\",\"Opini\u00e3o\"],\"inLanguage\":\"pt-BR\",\"potentialAction\":[{\"@type\":\"CommentAction\",\"name\":\"Comment\",\"target\":[\"https:\/\/revistaautobus.com.br\/?p=12795#respond\"]}]},{\"@type\":\"WebPage\",\"@id\":\"https:\/\/revistaautobus.com.br\/?p=12795\",\"url\":\"https:\/\/revistaautobus.com.br\/?p=12795\",\"name\":\"O futuro do \u00f4nibus em feira de hoje - Revista AutoBus\",\"isPartOf\":{\"@id\":\"https:\/\/revistaautobus.com.br\/#website\"},\"primaryImageOfPage\":{\"@id\":\"https:\/\/revistaautobus.com.br\/?p=12795#primaryimage\"},\"image\":{\"@id\":\"https:\/\/revistaautobus.com.br\/?p=12795#primaryimage\"},\"thumbnailUrl\":\"https:\/\/revistaautobus.com.br\/wp-content\/uploads\/2024\/08\/LatBus-3.jpg\",\"datePublished\":\"2024-08-14T12:57:09+00:00\",\"breadcrumb\":{\"@id\":\"https:\/\/revistaautobus.com.br\/?p=12795#breadcrumb\"},\"inLanguage\":\"pt-BR\",\"potentialAction\":[{\"@type\":\"ReadAction\",\"target\":[\"https:\/\/revistaautobus.com.br\/?p=12795\"]}]},{\"@type\":\"ImageObject\",\"inLanguage\":\"pt-BR\",\"@id\":\"https:\/\/revistaautobus.com.br\/?p=12795#primaryimage\",\"url\":\"https:\/\/revistaautobus.com.br\/wp-content\/uploads\/2024\/08\/LatBus-3.jpg\",\"contentUrl\":\"https:\/\/revistaautobus.com.br\/wp-content\/uploads\/2024\/08\/LatBus-3.jpg\",\"width\":1000,\"height\":666},{\"@type\":\"BreadcrumbList\",\"@id\":\"https:\/\/revistaautobus.com.br\/?p=12795#breadcrumb\",\"itemListElement\":[{\"@type\":\"ListItem\",\"position\":1,\"name\":\"In\u00edcio\",\"item\":\"https:\/\/revistaautobus.com.br\/\"},{\"@type\":\"ListItem\",\"position\":2,\"name\":\"O futuro do \u00f4nibus em feira de hoje\"}]},{\"@type\":\"WebSite\",\"@id\":\"https:\/\/revistaautobus.com.br\/#website\",\"url\":\"https:\/\/revistaautobus.com.br\/\",\"name\":\"Revista AutoBus\",\"description\":\"\",\"publisher\":{\"@id\":\"https:\/\/revistaautobus.com.br\/#organization\"},\"potentialAction\":[{\"@type\":\"SearchAction\",\"target\":{\"@type\":\"EntryPoint\",\"urlTemplate\":\"https:\/\/revistaautobus.com.br\/?s={search_term_string}\"},\"query-input\":{\"@type\":\"PropertyValueSpecification\",\"valueRequired\":true,\"valueName\":\"search_term_string\"}}],\"inLanguage\":\"pt-BR\"},{\"@type\":\"Organization\",\"@id\":\"https:\/\/revistaautobus.com.br\/#organization\",\"name\":\"Revista AutoBus\",\"url\":\"https:\/\/revistaautobus.com.br\/\",\"logo\":{\"@type\":\"ImageObject\",\"inLanguage\":\"pt-BR\",\"@id\":\"https:\/\/revistaautobus.com.br\/#\/schema\/logo\/image\/\",\"url\":\"https:\/\/revistaautobus.com.br\/wp-content\/uploads\/2024\/11\/logo_revista_autobus_fb.png\",\"contentUrl\":\"https:\/\/revistaautobus.com.br\/wp-content\/uploads\/2024\/11\/logo_revista_autobus_fb.png\",\"width\":836,\"height\":227,\"caption\":\"Revista AutoBus\"},\"image\":{\"@id\":\"https:\/\/revistaautobus.com.br\/#\/schema\/logo\/image\/\"},\"sameAs\":[\"https:\/\/www.facebook.com\/antonio.ferro.3150\",\"https:\/\/www.instagram.com\/revistaautobus\/\"]},{\"@type\":\"Person\",\"@id\":\"https:\/\/revistaautobus.com.br\/#\/schema\/person\/54af7c3eb83a310e42ef686ef6d16f50\",\"name\":\"Antonio Ferro\",\"image\":{\"@type\":\"ImageObject\",\"inLanguage\":\"pt-BR\",\"@id\":\"https:\/\/revistaautobus.com.br\/wp-content\/uploads\/2025\/12\/editor_antonio_ferro-150x150.jpg\",\"url\":\"https:\/\/revistaautobus.com.br\/wp-content\/uploads\/2025\/12\/editor_antonio_ferro-150x150.jpg\",\"contentUrl\":\"https:\/\/revistaautobus.com.br\/wp-content\/uploads\/2025\/12\/editor_antonio_ferro-150x150.jpg\",\"caption\":\"Antonio Ferro\"},\"description\":\"infobus@uol.com.br\",\"url\":\"https:\/\/revistaautobus.com.br\/?author=2\"}]}<\/script>\n<!-- \/ Yoast SEO plugin. -->","yoast_head_json":{"title":"O futuro do \u00f4nibus em feira de hoje - Revista AutoBus","robots":{"index":"index","follow":"follow","max-snippet":"max-snippet:-1","max-image-preview":"max-image-preview:large","max-video-preview":"max-video-preview:-1"},"canonical":"https:\/\/revistaautobus.com.br\/?p=12795","og_locale":"pt_BR","og_type":"article","og_title":"O futuro do \u00f4nibus em feira de hoje - Revista AutoBus","og_description":"A Lat.Bus deste ano (mais de 22 mil visitantes e 150 marcas expositoras), maior feira do modal das Am\u00e9ricas, foi o palco para que todo o setor produtivo de \u00f4nibus e seus componentes, al\u00e9m da tecnologia de gest\u00e3o e de servi\u00e7os, apresentasse o melhor de si","og_url":"https:\/\/revistaautobus.com.br\/?p=12795","og_site_name":"Revista AutoBus","article_publisher":"https:\/\/www.facebook.com\/antonio.ferro.3150","article_published_time":"2024-08-14T12:57:09+00:00","og_image":[{"width":1000,"height":666,"url":"https:\/\/revistaautobus.com.br\/wp-content\/uploads\/2024\/08\/LatBus-3.jpg","type":"image\/jpeg"}],"author":"Antonio Ferro","twitter_card":"summary_large_image","twitter_misc":{"Escrito por":"Antonio Ferro","Est. tempo de leitura":"4 minutos"},"schema":{"@context":"https:\/\/schema.org","@graph":[{"@type":"Article","@id":"https:\/\/revistaautobus.com.br\/?p=12795#article","isPartOf":{"@id":"https:\/\/revistaautobus.com.br\/?p=12795"},"author":{"name":"Antonio Ferro","@id":"https:\/\/revistaautobus.com.br\/#\/schema\/person\/54af7c3eb83a310e42ef686ef6d16f50"},"headline":"O futuro do \u00f4nibus em feira de hoje","datePublished":"2024-08-14T12:57:09+00:00","mainEntityOfPage":{"@id":"https:\/\/revistaautobus.com.br\/?p=12795"},"wordCount":740,"commentCount":0,"publisher":{"@id":"https:\/\/revistaautobus.com.br\/#organization"},"image":{"@id":"https:\/\/revistaautobus.com.br\/?p=12795#primaryimage"},"thumbnailUrl":"https:\/\/revistaautobus.com.br\/wp-content\/uploads\/2024\/08\/LatBus-3.jpg","keywords":["Lat.Bus","Semin\u00e1rio Nacional NTU"],"articleSection":["Mobilidade Urbana","Opini\u00e3o"],"inLanguage":"pt-BR","potentialAction":[{"@type":"CommentAction","name":"Comment","target":["https:\/\/revistaautobus.com.br\/?p=12795#respond"]}]},{"@type":"WebPage","@id":"https:\/\/revistaautobus.com.br\/?p=12795","url":"https:\/\/revistaautobus.com.br\/?p=12795","name":"O futuro do \u00f4nibus em feira de hoje - Revista AutoBus","isPartOf":{"@id":"https:\/\/revistaautobus.com.br\/#website"},"primaryImageOfPage":{"@id":"https:\/\/revistaautobus.com.br\/?p=12795#primaryimage"},"image":{"@id":"https:\/\/revistaautobus.com.br\/?p=12795#primaryimage"},"thumbnailUrl":"https:\/\/revistaautobus.com.br\/wp-content\/uploads\/2024\/08\/LatBus-3.jpg","datePublished":"2024-08-14T12:57:09+00:00","breadcrumb":{"@id":"https:\/\/revistaautobus.com.br\/?p=12795#breadcrumb"},"inLanguage":"pt-BR","potentialAction":[{"@type":"ReadAction","target":["https:\/\/revistaautobus.com.br\/?p=12795"]}]},{"@type":"ImageObject","inLanguage":"pt-BR","@id":"https:\/\/revistaautobus.com.br\/?p=12795#primaryimage","url":"https:\/\/revistaautobus.com.br\/wp-content\/uploads\/2024\/08\/LatBus-3.jpg","contentUrl":"https:\/\/revistaautobus.com.br\/wp-content\/uploads\/2024\/08\/LatBus-3.jpg","width":1000,"height":666},{"@type":"BreadcrumbList","@id":"https:\/\/revistaautobus.com.br\/?p=12795#breadcrumb","itemListElement":[{"@type":"ListItem","position":1,"name":"In\u00edcio","item":"https:\/\/revistaautobus.com.br\/"},{"@type":"ListItem","position":2,"name":"O futuro do \u00f4nibus em feira de hoje"}]},{"@type":"WebSite","@id":"https:\/\/revistaautobus.com.br\/#website","url":"https:\/\/revistaautobus.com.br\/","name":"Revista AutoBus","description":"","publisher":{"@id":"https:\/\/revistaautobus.com.br\/#organization"},"potentialAction":[{"@type":"SearchAction","target":{"@type":"EntryPoint","urlTemplate":"https:\/\/revistaautobus.com.br\/?s={search_term_string}"},"query-input":{"@type":"PropertyValueSpecification","valueRequired":true,"valueName":"search_term_string"}}],"inLanguage":"pt-BR"},{"@type":"Organization","@id":"https:\/\/revistaautobus.com.br\/#organization","name":"Revista AutoBus","url":"https:\/\/revistaautobus.com.br\/","logo":{"@type":"ImageObject","inLanguage":"pt-BR","@id":"https:\/\/revistaautobus.com.br\/#\/schema\/logo\/image\/","url":"https:\/\/revistaautobus.com.br\/wp-content\/uploads\/2024\/11\/logo_revista_autobus_fb.png","contentUrl":"https:\/\/revistaautobus.com.br\/wp-content\/uploads\/2024\/11\/logo_revista_autobus_fb.png","width":836,"height":227,"caption":"Revista AutoBus"},"image":{"@id":"https:\/\/revistaautobus.com.br\/#\/schema\/logo\/image\/"},"sameAs":["https:\/\/www.facebook.com\/antonio.ferro.3150","https:\/\/www.instagram.com\/revistaautobus\/"]},{"@type":"Person","@id":"https:\/\/revistaautobus.com.br\/#\/schema\/person\/54af7c3eb83a310e42ef686ef6d16f50","name":"Antonio Ferro","image":{"@type":"ImageObject","inLanguage":"pt-BR","@id":"https:\/\/revistaautobus.com.br\/wp-content\/uploads\/2025\/12\/editor_antonio_ferro-150x150.jpg","url":"https:\/\/revistaautobus.com.br\/wp-content\/uploads\/2025\/12\/editor_antonio_ferro-150x150.jpg","contentUrl":"https:\/\/revistaautobus.com.br\/wp-content\/uploads\/2025\/12\/editor_antonio_ferro-150x150.jpg","caption":"Antonio Ferro"},"description":"infobus@uol.com.br","url":"https:\/\/revistaautobus.com.br\/?author=2"}]}},"jetpack_featured_media_url":"https:\/\/revistaautobus.com.br\/wp-content\/uploads\/2024\/08\/LatBus-3.jpg","jetpack_sharing_enabled":true,"_links":{"self":[{"href":"https:\/\/revistaautobus.com.br\/index.php?rest_route=\/wp\/v2\/posts\/12795","targetHints":{"allow":["GET"]}}],"collection":[{"href":"https:\/\/revistaautobus.com.br\/index.php?rest_route=\/wp\/v2\/posts"}],"about":[{"href":"https:\/\/revistaautobus.com.br\/index.php?rest_route=\/wp\/v2\/types\/post"}],"author":[{"embeddable":true,"href":"https:\/\/revistaautobus.com.br\/index.php?rest_route=\/wp\/v2\/users\/2"}],"replies":[{"embeddable":true,"href":"https:\/\/revistaautobus.com.br\/index.php?rest_route=%2Fwp%2Fv2%2Fcomments&post=12795"}],"version-history":[{"count":3,"href":"https:\/\/revistaautobus.com.br\/index.php?rest_route=\/wp\/v2\/posts\/12795\/revisions"}],"predecessor-version":[{"id":12800,"href":"https:\/\/revistaautobus.com.br\/index.php?rest_route=\/wp\/v2\/posts\/12795\/revisions\/12800"}],"wp:featuredmedia":[{"embeddable":true,"href":"https:\/\/revistaautobus.com.br\/index.php?rest_route=\/wp\/v2\/media\/12796"}],"wp:attachment":[{"href":"https:\/\/revistaautobus.com.br\/index.php?rest_route=%2Fwp%2Fv2%2Fmedia&parent=12795"}],"wp:term":[{"taxonomy":"category","embeddable":true,"href":"https:\/\/revistaautobus.com.br\/index.php?rest_route=%2Fwp%2Fv2%2Fcategories&post=12795"},{"taxonomy":"post_tag","embeddable":true,"href":"https:\/\/revistaautobus.com.br\/index.php?rest_route=%2Fwp%2Fv2%2Ftags&post=12795"}],"curies":[{"name":"wp","href":"https:\/\/api.w.org\/{rel}","templated":true}]}}