{"id":12982,"date":"2024-09-02T08:52:04","date_gmt":"2024-09-02T11:52:04","guid":{"rendered":"https:\/\/revistaautobus.com.br\/?p=12982"},"modified":"2024-09-02T08:52:04","modified_gmt":"2024-09-02T11:52:04","slug":"no-rock-in-rio-o-onibus-rodoviario-leva-a-galera","status":"publish","type":"post","link":"https:\/\/revistaautobus.com.br\/?p=12982","title":{"rendered":"No Rock in Rio, o \u00f4nibus rodovi\u00e1rio leva a galera"},"content":{"rendered":"<p>A Cidade Maravilhosa logo ser\u00e1 palco para a realiza\u00e7\u00e3o do Rock in Rio, durante o m\u00eas de setembro. E quem vier dos estados de S\u00e3o Paulo e Minas Gerais para curtir todas as atra\u00e7\u00f5es ter\u00e1 a disposi\u00e7\u00e3o o transporte promovido pela parceria entre o grupo Guanabara e o Primeira Classe, servi\u00e7o de transporte oficial do evento. As empresas firmaram uma parceria que pretende facilitar a vida dos viajantes de outras cidades brasileiras que se deslocam, exclusivamente, para o festival, sendo que o embarque e desembarque ser\u00e1, diretamente, na Cidade do Rock (Barra da Tijuca, no Rio de Janeiro).<\/p>\n<p>O transporte ser\u00e1 feito em \u00f4nibus de luxo para uma experi\u00eancia de viagem confort\u00e1vel e pr\u00e1tica e as partidas, di\u00e1rias, ocorrer\u00e3o em todos os dias do festival nas cidades de Juiz de Fora (MG), Belo Horizonte (MG) e Barbacena (MG), S\u00e3o Jos\u00e9 dos Campos (SP), Taubat\u00e9 (SP) e Guarulhos (SP).<\/p>\n<p>Al\u00e9m do impacto positivo na mobilidade, a opera\u00e7\u00e3o deve contribuir para o aumento do turismo no Rio de Janeiro durante o festival. Alfredo Lopes, presidente do Hot\u00e9isRIO, disse que a expectativa \u00e9 de alta na ocupa\u00e7\u00e3o hoteleira na cidade. &#8220;A maioria do p\u00fablico do Rock in Rio \u00e9 formada por jovens e a tend\u00eancia \u00e9 que a ocupa\u00e7\u00e3o dos hot\u00e9is cres\u00e7a \u00e0 medida que o evento se aproxima&#8221;, comentou. Dados da entidade representativa indicam que, na primeira semana de shows, a cidade deve atingir uma m\u00e9dia de ocupa\u00e7\u00e3o de 54%. Na segunda semana, esses n\u00fameros devem permanecer altos.<\/p>\n<p>O Grupo Guanabara, composto por seis empresas (Expresso Guanabara, Real Expresso, R\u00e1pido Federal, UTIL, Sampaio e Brisa), \u00e9 um dos mais importante no transporte rodovi\u00e1rio do Brasil, empregando mais de cinco mil funcion\u00e1rios, com atua\u00e7\u00e3o em todas as regi\u00f5es do Brasil, com predomin\u00e2ncia nos estados de Goi\u00e1s, Rio de Janeiro, S\u00e3o Paulo, Minas Gerais, Cear\u00e1, Par\u00e1, Para\u00edba, Piau\u00ed, Maranh\u00e3o, Rio Grande do Norte, Rio Grande do Sul e no Distrito Federal. Um dos destaques do conglomerado no sentido de melhorar os seus servi\u00e7os e otimizar as opera\u00e7\u00f5es, foi o investimento de mais de R$ 320 milh\u00f5es na renova\u00e7\u00e3o de sua frota, de 2022 at\u00e9 agora.<\/p>\n<p><img loading=\"lazy\" decoding=\"async\" class=\"alignnone wp-image-12984 size-full\" src=\"https:\/\/revistaautobus.com.br\/wp-content\/uploads\/2024\/09\/IMG-20240828-WA0055.jpg\" alt=\"\" width=\"1000\" height=\"667\" srcset=\"https:\/\/revistaautobus.com.br\/wp-content\/uploads\/2024\/09\/IMG-20240828-WA0055.jpg 1000w, https:\/\/revistaautobus.com.br\/wp-content\/uploads\/2024\/09\/IMG-20240828-WA0055-300x200.jpg 300w, https:\/\/revistaautobus.com.br\/wp-content\/uploads\/2024\/09\/IMG-20240828-WA0055-768x512.jpg 768w\" sizes=\"(max-width: 1000px) 100vw, 1000px\" \/><\/p>\n<p>Let\u00edcia Pineschi, diretora de marketing do Grupo Guanabara, comentou que a parceria \u00e9 uma grande novidade para os passageiros, pois, al\u00e9m de viajarem com o conforto das categorias leito ou semileito da atual frota, eles ter\u00e3o a comodidade de desembarcar diretamente na Cidade do Rock, onde poder\u00e3o desfrutar de conveni\u00eancias como banheiros, <em>food trucks<\/em>, enquanto aguardam para retornar para casa. \u201cEstamos esperando um aumento significativo no n\u00famero de viagens durante Rock in Rio. Nas rotas vindas de cidades mais pr\u00f3ximas ao Rio, como Juiz de Fora e o Sul de Minas Gerais, projetamos um aumento superior a 50% no nosso movimento nas linhas regulares normais. Igualmente iremos aproveitar a intensa movimenta\u00e7\u00e3o para cadastrar novos clientes em nosso programa de fidelidade, o Viva&#8221;, explicou Pineschi.<\/p>\n<p>Quem quiser adquirir os bilhetes de viagem tendo como origem estes destinos, deve garantir logo por interm\u00e9dio do site oficial do parceiro o link <a href=\"http:\/\/transporteprimeiraclasse.com.br\/\">http:\/\/transporteprimeiraclasse.com.br\/<\/a>.<\/p>\n<p>Imagens &#8211; Divulga\u00e7\u00e3o<\/p>\n","protected":false},"excerpt":{"rendered":"<p>Empresas do Grupo Guanabara levar\u00e3o o p\u00fablico \u00e0 um dos maiores festivais de m\u00fasica da Terra<\/p>\n","protected":false},"author":2,"featured_media":12983,"comment_status":"open","ping_status":"open","sticky":false,"template":"","format":"standard","meta":{"_et_pb_use_builder":"","_et_pb_old_content":"","_et_gb_content_width":"","_jetpack_memberships_contains_paid_content":false,"footnotes":""},"categories":[90,80],"tags":[239],"class_list":["post-12982","post","type-post","status-publish","format-standard","has-post-thumbnail","hentry","category-noticias","category-transporte-rodoviario","tag-grupo-guanabara","et-has-post-format-content","et_post_format-et-post-format-standard"],"yoast_head":"<!-- This site is optimized with the Yoast SEO plugin v27.2 - https:\/\/yoast.com\/product\/yoast-seo-wordpress\/ -->\n<title>No Rock in Rio, o \u00f4nibus rodovi\u00e1rio leva a galera - Revista AutoBus<\/title>\n<meta name=\"robots\" content=\"index, follow, max-snippet:-1, max-image-preview:large, max-video-preview:-1\" \/>\n<link rel=\"canonical\" href=\"https:\/\/revistaautobus.com.br\/?p=12982\" \/>\n<meta property=\"og:locale\" content=\"pt_BR\" \/>\n<meta property=\"og:type\" content=\"article\" \/>\n<meta property=\"og:title\" content=\"No Rock in Rio, o \u00f4nibus rodovi\u00e1rio leva a galera - Revista AutoBus\" \/>\n<meta property=\"og:description\" content=\"Empresas do Grupo Guanabara levar\u00e3o o p\u00fablico \u00e0 um dos maiores festivais de m\u00fasica da Terra\" \/>\n<meta property=\"og:url\" content=\"https:\/\/revistaautobus.com.br\/?p=12982\" \/>\n<meta property=\"og:site_name\" content=\"Revista AutoBus\" \/>\n<meta property=\"article:publisher\" content=\"https:\/\/www.facebook.com\/antonio.ferro.3150\" \/>\n<meta property=\"article:published_time\" content=\"2024-09-02T11:52:04+00:00\" \/>\n<meta property=\"og:image\" content=\"https:\/\/revistaautobus.com.br\/wp-content\/uploads\/2024\/09\/IMG-20240828-WA0056.jpg\" \/>\n\t<meta property=\"og:image:width\" content=\"1000\" \/>\n\t<meta property=\"og:image:height\" content=\"667\" \/>\n\t<meta property=\"og:image:type\" content=\"image\/jpeg\" \/>\n<meta name=\"author\" content=\"Antonio Ferro\" \/>\n<meta name=\"twitter:card\" content=\"summary_large_image\" \/>\n<meta name=\"twitter:label1\" content=\"Escrito por\" \/>\n\t<meta name=\"twitter:data1\" content=\"Antonio Ferro\" \/>\n\t<meta name=\"twitter:label2\" content=\"Est. tempo de leitura\" \/>\n\t<meta name=\"twitter:data2\" content=\"3 minutos\" \/>\n<script type=\"application\/ld+json\" class=\"yoast-schema-graph\">{\"@context\":\"https:\/\/schema.org\",\"@graph\":[{\"@type\":\"Article\",\"@id\":\"https:\/\/revistaautobus.com.br\/?p=12982#article\",\"isPartOf\":{\"@id\":\"https:\/\/revistaautobus.com.br\/?p=12982\"},\"author\":{\"name\":\"Antonio Ferro\",\"@id\":\"https:\/\/revistaautobus.com.br\/#\/schema\/person\/54af7c3eb83a310e42ef686ef6d16f50\"},\"headline\":\"No Rock in Rio, o \u00f4nibus rodovi\u00e1rio leva a galera\",\"datePublished\":\"2024-09-02T11:52:04+00:00\",\"mainEntityOfPage\":{\"@id\":\"https:\/\/revistaautobus.com.br\/?p=12982\"},\"wordCount\":555,\"commentCount\":0,\"publisher\":{\"@id\":\"https:\/\/revistaautobus.com.br\/#organization\"},\"image\":{\"@id\":\"https:\/\/revistaautobus.com.br\/?p=12982#primaryimage\"},\"thumbnailUrl\":\"https:\/\/revistaautobus.com.br\/wp-content\/uploads\/2024\/09\/IMG-20240828-WA0056.jpg\",\"keywords\":[\"Grupo Guanabara\"],\"articleSection\":[\"Not\u00edcias\",\"Transporte rodovi\u00e1rio\"],\"inLanguage\":\"pt-BR\",\"potentialAction\":[{\"@type\":\"CommentAction\",\"name\":\"Comment\",\"target\":[\"https:\/\/revistaautobus.com.br\/?p=12982#respond\"]}]},{\"@type\":\"WebPage\",\"@id\":\"https:\/\/revistaautobus.com.br\/?p=12982\",\"url\":\"https:\/\/revistaautobus.com.br\/?p=12982\",\"name\":\"No Rock in Rio, o \u00f4nibus rodovi\u00e1rio leva a galera - Revista AutoBus\",\"isPartOf\":{\"@id\":\"https:\/\/revistaautobus.com.br\/#website\"},\"primaryImageOfPage\":{\"@id\":\"https:\/\/revistaautobus.com.br\/?p=12982#primaryimage\"},\"image\":{\"@id\":\"https:\/\/revistaautobus.com.br\/?p=12982#primaryimage\"},\"thumbnailUrl\":\"https:\/\/revistaautobus.com.br\/wp-content\/uploads\/2024\/09\/IMG-20240828-WA0056.jpg\",\"datePublished\":\"2024-09-02T11:52:04+00:00\",\"breadcrumb\":{\"@id\":\"https:\/\/revistaautobus.com.br\/?p=12982#breadcrumb\"},\"inLanguage\":\"pt-BR\",\"potentialAction\":[{\"@type\":\"ReadAction\",\"target\":[\"https:\/\/revistaautobus.com.br\/?p=12982\"]}]},{\"@type\":\"ImageObject\",\"inLanguage\":\"pt-BR\",\"@id\":\"https:\/\/revistaautobus.com.br\/?p=12982#primaryimage\",\"url\":\"https:\/\/revistaautobus.com.br\/wp-content\/uploads\/2024\/09\/IMG-20240828-WA0056.jpg\",\"contentUrl\":\"https:\/\/revistaautobus.com.br\/wp-content\/uploads\/2024\/09\/IMG-20240828-WA0056.jpg\",\"width\":1000,\"height\":667},{\"@type\":\"BreadcrumbList\",\"@id\":\"https:\/\/revistaautobus.com.br\/?p=12982#breadcrumb\",\"itemListElement\":[{\"@type\":\"ListItem\",\"position\":1,\"name\":\"In\u00edcio\",\"item\":\"https:\/\/revistaautobus.com.br\/\"},{\"@type\":\"ListItem\",\"position\":2,\"name\":\"No Rock in Rio, o \u00f4nibus rodovi\u00e1rio leva a galera\"}]},{\"@type\":\"WebSite\",\"@id\":\"https:\/\/revistaautobus.com.br\/#website\",\"url\":\"https:\/\/revistaautobus.com.br\/\",\"name\":\"Revista AutoBus\",\"description\":\"\",\"publisher\":{\"@id\":\"https:\/\/revistaautobus.com.br\/#organization\"},\"potentialAction\":[{\"@type\":\"SearchAction\",\"target\":{\"@type\":\"EntryPoint\",\"urlTemplate\":\"https:\/\/revistaautobus.com.br\/?s={search_term_string}\"},\"query-input\":{\"@type\":\"PropertyValueSpecification\",\"valueRequired\":true,\"valueName\":\"search_term_string\"}}],\"inLanguage\":\"pt-BR\"},{\"@type\":\"Organization\",\"@id\":\"https:\/\/revistaautobus.com.br\/#organization\",\"name\":\"Revista AutoBus\",\"url\":\"https:\/\/revistaautobus.com.br\/\",\"logo\":{\"@type\":\"ImageObject\",\"inLanguage\":\"pt-BR\",\"@id\":\"https:\/\/revistaautobus.com.br\/#\/schema\/logo\/image\/\",\"url\":\"https:\/\/revistaautobus.com.br\/wp-content\/uploads\/2024\/11\/logo_revista_autobus_fb.png\",\"contentUrl\":\"https:\/\/revistaautobus.com.br\/wp-content\/uploads\/2024\/11\/logo_revista_autobus_fb.png\",\"width\":836,\"height\":227,\"caption\":\"Revista AutoBus\"},\"image\":{\"@id\":\"https:\/\/revistaautobus.com.br\/#\/schema\/logo\/image\/\"},\"sameAs\":[\"https:\/\/www.facebook.com\/antonio.ferro.3150\",\"https:\/\/www.instagram.com\/revistaautobus\/\"]},{\"@type\":\"Person\",\"@id\":\"https:\/\/revistaautobus.com.br\/#\/schema\/person\/54af7c3eb83a310e42ef686ef6d16f50\",\"name\":\"Antonio Ferro\",\"image\":{\"@type\":\"ImageObject\",\"inLanguage\":\"pt-BR\",\"@id\":\"https:\/\/revistaautobus.com.br\/wp-content\/uploads\/2025\/12\/editor_antonio_ferro-150x150.jpg\",\"url\":\"https:\/\/revistaautobus.com.br\/wp-content\/uploads\/2025\/12\/editor_antonio_ferro-150x150.jpg\",\"contentUrl\":\"https:\/\/revistaautobus.com.br\/wp-content\/uploads\/2025\/12\/editor_antonio_ferro-150x150.jpg\",\"caption\":\"Antonio Ferro\"},\"description\":\"infobus@uol.com.br\",\"url\":\"https:\/\/revistaautobus.com.br\/?author=2\"}]}<\/script>\n<!-- \/ Yoast SEO plugin. -->","yoast_head_json":{"title":"No Rock in Rio, o \u00f4nibus rodovi\u00e1rio leva a galera - Revista AutoBus","robots":{"index":"index","follow":"follow","max-snippet":"max-snippet:-1","max-image-preview":"max-image-preview:large","max-video-preview":"max-video-preview:-1"},"canonical":"https:\/\/revistaautobus.com.br\/?p=12982","og_locale":"pt_BR","og_type":"article","og_title":"No Rock in Rio, o \u00f4nibus rodovi\u00e1rio leva a galera - Revista AutoBus","og_description":"Empresas do Grupo Guanabara levar\u00e3o o p\u00fablico \u00e0 um dos maiores festivais de m\u00fasica da Terra","og_url":"https:\/\/revistaautobus.com.br\/?p=12982","og_site_name":"Revista AutoBus","article_publisher":"https:\/\/www.facebook.com\/antonio.ferro.3150","article_published_time":"2024-09-02T11:52:04+00:00","og_image":[{"width":1000,"height":667,"url":"https:\/\/revistaautobus.com.br\/wp-content\/uploads\/2024\/09\/IMG-20240828-WA0056.jpg","type":"image\/jpeg"}],"author":"Antonio Ferro","twitter_card":"summary_large_image","twitter_misc":{"Escrito por":"Antonio Ferro","Est. tempo de leitura":"3 minutos"},"schema":{"@context":"https:\/\/schema.org","@graph":[{"@type":"Article","@id":"https:\/\/revistaautobus.com.br\/?p=12982#article","isPartOf":{"@id":"https:\/\/revistaautobus.com.br\/?p=12982"},"author":{"name":"Antonio Ferro","@id":"https:\/\/revistaautobus.com.br\/#\/schema\/person\/54af7c3eb83a310e42ef686ef6d16f50"},"headline":"No Rock in Rio, o \u00f4nibus rodovi\u00e1rio leva a galera","datePublished":"2024-09-02T11:52:04+00:00","mainEntityOfPage":{"@id":"https:\/\/revistaautobus.com.br\/?p=12982"},"wordCount":555,"commentCount":0,"publisher":{"@id":"https:\/\/revistaautobus.com.br\/#organization"},"image":{"@id":"https:\/\/revistaautobus.com.br\/?p=12982#primaryimage"},"thumbnailUrl":"https:\/\/revistaautobus.com.br\/wp-content\/uploads\/2024\/09\/IMG-20240828-WA0056.jpg","keywords":["Grupo Guanabara"],"articleSection":["Not\u00edcias","Transporte rodovi\u00e1rio"],"inLanguage":"pt-BR","potentialAction":[{"@type":"CommentAction","name":"Comment","target":["https:\/\/revistaautobus.com.br\/?p=12982#respond"]}]},{"@type":"WebPage","@id":"https:\/\/revistaautobus.com.br\/?p=12982","url":"https:\/\/revistaautobus.com.br\/?p=12982","name":"No Rock in Rio, o \u00f4nibus rodovi\u00e1rio leva a galera - Revista AutoBus","isPartOf":{"@id":"https:\/\/revistaautobus.com.br\/#website"},"primaryImageOfPage":{"@id":"https:\/\/revistaautobus.com.br\/?p=12982#primaryimage"},"image":{"@id":"https:\/\/revistaautobus.com.br\/?p=12982#primaryimage"},"thumbnailUrl":"https:\/\/revistaautobus.com.br\/wp-content\/uploads\/2024\/09\/IMG-20240828-WA0056.jpg","datePublished":"2024-09-02T11:52:04+00:00","breadcrumb":{"@id":"https:\/\/revistaautobus.com.br\/?p=12982#breadcrumb"},"inLanguage":"pt-BR","potentialAction":[{"@type":"ReadAction","target":["https:\/\/revistaautobus.com.br\/?p=12982"]}]},{"@type":"ImageObject","inLanguage":"pt-BR","@id":"https:\/\/revistaautobus.com.br\/?p=12982#primaryimage","url":"https:\/\/revistaautobus.com.br\/wp-content\/uploads\/2024\/09\/IMG-20240828-WA0056.jpg","contentUrl":"https:\/\/revistaautobus.com.br\/wp-content\/uploads\/2024\/09\/IMG-20240828-WA0056.jpg","width":1000,"height":667},{"@type":"BreadcrumbList","@id":"https:\/\/revistaautobus.com.br\/?p=12982#breadcrumb","itemListElement":[{"@type":"ListItem","position":1,"name":"In\u00edcio","item":"https:\/\/revistaautobus.com.br\/"},{"@type":"ListItem","position":2,"name":"No Rock in Rio, o \u00f4nibus rodovi\u00e1rio leva a galera"}]},{"@type":"WebSite","@id":"https:\/\/revistaautobus.com.br\/#website","url":"https:\/\/revistaautobus.com.br\/","name":"Revista AutoBus","description":"","publisher":{"@id":"https:\/\/revistaautobus.com.br\/#organization"},"potentialAction":[{"@type":"SearchAction","target":{"@type":"EntryPoint","urlTemplate":"https:\/\/revistaautobus.com.br\/?s={search_term_string}"},"query-input":{"@type":"PropertyValueSpecification","valueRequired":true,"valueName":"search_term_string"}}],"inLanguage":"pt-BR"},{"@type":"Organization","@id":"https:\/\/revistaautobus.com.br\/#organization","name":"Revista AutoBus","url":"https:\/\/revistaautobus.com.br\/","logo":{"@type":"ImageObject","inLanguage":"pt-BR","@id":"https:\/\/revistaautobus.com.br\/#\/schema\/logo\/image\/","url":"https:\/\/revistaautobus.com.br\/wp-content\/uploads\/2024\/11\/logo_revista_autobus_fb.png","contentUrl":"https:\/\/revistaautobus.com.br\/wp-content\/uploads\/2024\/11\/logo_revista_autobus_fb.png","width":836,"height":227,"caption":"Revista AutoBus"},"image":{"@id":"https:\/\/revistaautobus.com.br\/#\/schema\/logo\/image\/"},"sameAs":["https:\/\/www.facebook.com\/antonio.ferro.3150","https:\/\/www.instagram.com\/revistaautobus\/"]},{"@type":"Person","@id":"https:\/\/revistaautobus.com.br\/#\/schema\/person\/54af7c3eb83a310e42ef686ef6d16f50","name":"Antonio Ferro","image":{"@type":"ImageObject","inLanguage":"pt-BR","@id":"https:\/\/revistaautobus.com.br\/wp-content\/uploads\/2025\/12\/editor_antonio_ferro-150x150.jpg","url":"https:\/\/revistaautobus.com.br\/wp-content\/uploads\/2025\/12\/editor_antonio_ferro-150x150.jpg","contentUrl":"https:\/\/revistaautobus.com.br\/wp-content\/uploads\/2025\/12\/editor_antonio_ferro-150x150.jpg","caption":"Antonio Ferro"},"description":"infobus@uol.com.br","url":"https:\/\/revistaautobus.com.br\/?author=2"}]}},"jetpack_featured_media_url":"https:\/\/revistaautobus.com.br\/wp-content\/uploads\/2024\/09\/IMG-20240828-WA0056.jpg","jetpack_sharing_enabled":true,"_links":{"self":[{"href":"https:\/\/revistaautobus.com.br\/index.php?rest_route=\/wp\/v2\/posts\/12982","targetHints":{"allow":["GET"]}}],"collection":[{"href":"https:\/\/revistaautobus.com.br\/index.php?rest_route=\/wp\/v2\/posts"}],"about":[{"href":"https:\/\/revistaautobus.com.br\/index.php?rest_route=\/wp\/v2\/types\/post"}],"author":[{"embeddable":true,"href":"https:\/\/revistaautobus.com.br\/index.php?rest_route=\/wp\/v2\/users\/2"}],"replies":[{"embeddable":true,"href":"https:\/\/revistaautobus.com.br\/index.php?rest_route=%2Fwp%2Fv2%2Fcomments&post=12982"}],"version-history":[{"count":2,"href":"https:\/\/revistaautobus.com.br\/index.php?rest_route=\/wp\/v2\/posts\/12982\/revisions"}],"predecessor-version":[{"id":12986,"href":"https:\/\/revistaautobus.com.br\/index.php?rest_route=\/wp\/v2\/posts\/12982\/revisions\/12986"}],"wp:featuredmedia":[{"embeddable":true,"href":"https:\/\/revistaautobus.com.br\/index.php?rest_route=\/wp\/v2\/media\/12983"}],"wp:attachment":[{"href":"https:\/\/revistaautobus.com.br\/index.php?rest_route=%2Fwp%2Fv2%2Fmedia&parent=12982"}],"wp:term":[{"taxonomy":"category","embeddable":true,"href":"https:\/\/revistaautobus.com.br\/index.php?rest_route=%2Fwp%2Fv2%2Fcategories&post=12982"},{"taxonomy":"post_tag","embeddable":true,"href":"https:\/\/revistaautobus.com.br\/index.php?rest_route=%2Fwp%2Fv2%2Ftags&post=12982"}],"curies":[{"name":"wp","href":"https:\/\/api.w.org\/{rel}","templated":true}]}}