{"id":13020,"date":"2024-09-04T09:52:18","date_gmt":"2024-09-04T12:52:18","guid":{"rendered":"https:\/\/revistaautobus.com.br\/?p=13020"},"modified":"2024-09-04T09:52:18","modified_gmt":"2024-09-04T12:52:18","slug":"londrina-investe-em-novo-gerenciamento-de-seu-transporte","status":"publish","type":"post","link":"https:\/\/revistaautobus.com.br\/?p=13020","title":{"rendered":"Londrina investe em novo gerenciamento de seu transporte"},"content":{"rendered":"<p>A Companhia Municipal de Tr\u00e2nsito e Urbaniza\u00e7\u00e3o (CMTU), de Londrina, investiu na instala\u00e7\u00e3o de um moderno centro de gerenciamento do transporte coletivo local. Instalado no pr\u00e9dio da Companhia de Tecnologia e Desenvolvimento (CTD), ele abriga as equipes especializadas da CMTU e das concession\u00e1rias TCGL e Londrisul, respons\u00e1veis por planejar, gerenciar, controlar e executar a opera\u00e7\u00e3o do servi\u00e7o de transporte p\u00fablico coletivo do Munic\u00edpio.<\/p>\n<p>Chamado de Ciop, ele disp\u00f5e de um amplo espa\u00e7o com <em>videowall<\/em>, cujas telas digitais exibem, em tempo real, as informa\u00e7\u00f5es de gest\u00e3o e de opera\u00e7\u00e3o extra\u00eddas do sistema ITS, com a apresenta\u00e7\u00e3o dos dados que, no entanto, integra apenas uma das etapas de utiliza\u00e7\u00e3o dessa tecnologia.<\/p>\n<p>De acordo com a CMTU, para que o objetivo principal das ferramentas seja alcan\u00e7ado, s\u00e3o exigidos indicadores de performance que garantem a confiabilidade do servi\u00e7o, sendo necess\u00e1rio um intenso trabalho de planejamento em ambiente de <em>software<\/em>. \u00c9 nessa fase que a CMTU prepara a rede de transporte coletivo, projetando e tra\u00e7ando as linhas de \u00f4nibus, identificando locais de embarque e desembarque,<\/p>\n<p>estabelecendo pontos de controle de passagem, definindo tempos de viagem e as tabelas hor\u00e1rias. Todas essas informa\u00e7\u00f5es s\u00e3o disponibilizadas, por meio de sistema, \u00e0s empresas TCGL e Londrisul para atribui\u00e7\u00e3o de ve\u00edculos e motoristas.<\/p>\n<p><img loading=\"lazy\" decoding=\"async\" class=\"alignnone wp-image-13022 size-large\" src=\"https:\/\/revistaautobus.com.br\/wp-content\/uploads\/2024\/09\/IMG-20240903-WA0016-1024x768.jpg\" alt=\"\" width=\"1024\" height=\"768\" srcset=\"https:\/\/revistaautobus.com.br\/wp-content\/uploads\/2024\/09\/IMG-20240903-WA0016-1024x768.jpg 1024w, https:\/\/revistaautobus.com.br\/wp-content\/uploads\/2024\/09\/IMG-20240903-WA0016-300x225.jpg 300w, https:\/\/revistaautobus.com.br\/wp-content\/uploads\/2024\/09\/IMG-20240903-WA0016-768x576.jpg 768w, https:\/\/revistaautobus.com.br\/wp-content\/uploads\/2024\/09\/IMG-20240903-WA0016-1080x810.jpg 1080w, https:\/\/revistaautobus.com.br\/wp-content\/uploads\/2024\/09\/IMG-20240903-WA0016.jpg 1280w\" sizes=\"(max-width: 1024px) 100vw, 1024px\" \/><\/p>\n<p>Dessa maneira, \u00e9 poss\u00edvel identificar epis\u00f3dios, como atrasos, adiantamentos, desvios dos \u00f4nibus, bem como o registro de outros eventos em desacordo com o que foi previamente estabelecido, que, por meio de alertas, possibilita que o time de gest\u00e3o e controle possa intervir na opera\u00e7\u00e3o em tempo real, acionando os motoristas ou os fiscais nos terminais de integra\u00e7\u00e3o &#8211; munidos de <em>tablets<\/em> \u2013 para solucionar os incidentes identificados.<\/p>\n<p>Wilson de Jesus, diretor de transportes da CMTU, disse que \u00e9 preciso diferenciar o ITS classe mundial de um sistema de rastreamento. \u201cO ITS classe mundial utiliza o que h\u00e1 de melhor para gest\u00e3o do servi\u00e7o de transporte coletivo, desde o planejamento at\u00e9 a sua execu\u00e7\u00e3o, com a possibilidade de interven\u00e7\u00e3o, em tempo real, na opera\u00e7\u00e3o. Os sistemas de rastreamento, por outro lado, se limitam ao simples monitoramento da localiza\u00e7\u00e3o dos \u00f4nibus. Inova\u00e7\u00e3o e intelig\u00eancia diferem o CiOp dos CCO\u2019s de rastreamento\u201d, explicou.<\/p>\n<p>Para os passageiros, vantagens que podem otimizar os seus deslocamentos, pois com as ferramentas haver\u00e1 melhoria na experi\u00eancia deles, com economia de tempo e planejamento das viagens. Com a implanta\u00e7\u00e3o destes sistemas ser\u00e1 disponibilizado aos usu\u00e1rios um servi\u00e7o de informa\u00e7\u00f5es em tempo real, composto por pain\u00e9is e sistema de \u00e1udio nos terminais, avisos de pr\u00f3xima parada durante os deslocamentos nos \u00f4nibus e, tamb\u00e9m, por meio da plataforma MOV BusTime.<\/p>\n<p>Imagens &#8211; Divulga\u00e7\u00e3o<\/p>\n","protected":false},"excerpt":{"rendered":"<p>Cidade paranaense inaugurou o seu moderno Centro de Intelig\u00eancia Operacional (Ciop), dando in\u00edcio \u00e0 utiliza\u00e7\u00e3o do Sistema de Transporte Inteligente (ITS, na sigla em ingl\u00eas), classe mundial, com tecnologia e inova\u00e7\u00e3o para garantir regularidade, pontualidade e frequ\u00eancia na presta\u00e7\u00e3o do servi\u00e7o e, assim, oferecer previsibilidade e qualidade aos passageiros<\/p>\n","protected":false},"author":2,"featured_media":13021,"comment_status":"open","ping_status":"open","sticky":false,"template":"","format":"standard","meta":{"_et_pb_use_builder":"","_et_pb_old_content":"","_et_gb_content_width":"","_jetpack_memberships_contains_paid_content":false,"footnotes":""},"categories":[7,90,73],"tags":[826],"class_list":["post-13020","post","type-post","status-publish","format-standard","has-post-thumbnail","hentry","category-mobilidade-urbana","category-noticias","category-tecnologia","tag-transporte-coletivo-de-londrina","et-has-post-format-content","et_post_format-et-post-format-standard"],"yoast_head":"<!-- This site is optimized with the Yoast SEO plugin v27.2 - https:\/\/yoast.com\/product\/yoast-seo-wordpress\/ -->\n<title>Londrina investe em novo gerenciamento de seu transporte - Revista AutoBus<\/title>\n<meta name=\"robots\" content=\"index, follow, max-snippet:-1, max-image-preview:large, max-video-preview:-1\" \/>\n<link rel=\"canonical\" href=\"https:\/\/revistaautobus.com.br\/?p=13020\" \/>\n<meta property=\"og:locale\" content=\"pt_BR\" \/>\n<meta property=\"og:type\" content=\"article\" \/>\n<meta property=\"og:title\" content=\"Londrina investe em novo gerenciamento de seu transporte - Revista AutoBus\" \/>\n<meta property=\"og:description\" content=\"Cidade paranaense inaugurou o seu moderno Centro de Intelig\u00eancia Operacional (Ciop), dando in\u00edcio \u00e0 utiliza\u00e7\u00e3o do Sistema de Transporte Inteligente (ITS, na sigla em ingl\u00eas), classe mundial, com tecnologia e inova\u00e7\u00e3o para garantir regularidade, pontualidade e frequ\u00eancia na presta\u00e7\u00e3o do servi\u00e7o e, assim, oferecer previsibilidade e qualidade aos passageiros\" \/>\n<meta property=\"og:url\" content=\"https:\/\/revistaautobus.com.br\/?p=13020\" \/>\n<meta property=\"og:site_name\" content=\"Revista AutoBus\" \/>\n<meta property=\"article:publisher\" content=\"https:\/\/www.facebook.com\/antonio.ferro.3150\" \/>\n<meta property=\"article:published_time\" content=\"2024-09-04T12:52:18+00:00\" \/>\n<meta property=\"og:image\" content=\"https:\/\/revistaautobus.com.br\/wp-content\/uploads\/2024\/09\/IMG-20240903-WA0017.jpg\" \/>\n\t<meta property=\"og:image:width\" content=\"1280\" \/>\n\t<meta property=\"og:image:height\" content=\"720\" \/>\n\t<meta property=\"og:image:type\" content=\"image\/jpeg\" \/>\n<meta name=\"author\" content=\"Antonio Ferro\" \/>\n<meta name=\"twitter:card\" content=\"summary_large_image\" \/>\n<meta name=\"twitter:label1\" content=\"Escrito por\" \/>\n\t<meta name=\"twitter:data1\" content=\"Antonio Ferro\" \/>\n\t<meta name=\"twitter:label2\" content=\"Est. tempo de leitura\" \/>\n\t<meta name=\"twitter:data2\" content=\"2 minutos\" \/>\n<script type=\"application\/ld+json\" class=\"yoast-schema-graph\">{\"@context\":\"https:\/\/schema.org\",\"@graph\":[{\"@type\":\"Article\",\"@id\":\"https:\/\/revistaautobus.com.br\/?p=13020#article\",\"isPartOf\":{\"@id\":\"https:\/\/revistaautobus.com.br\/?p=13020\"},\"author\":{\"name\":\"Antonio Ferro\",\"@id\":\"https:\/\/revistaautobus.com.br\/#\/schema\/person\/54af7c3eb83a310e42ef686ef6d16f50\"},\"headline\":\"Londrina investe em novo gerenciamento de seu transporte\",\"datePublished\":\"2024-09-04T12:52:18+00:00\",\"mainEntityOfPage\":{\"@id\":\"https:\/\/revistaautobus.com.br\/?p=13020\"},\"wordCount\":481,\"commentCount\":1,\"publisher\":{\"@id\":\"https:\/\/revistaautobus.com.br\/#organization\"},\"image\":{\"@id\":\"https:\/\/revistaautobus.com.br\/?p=13020#primaryimage\"},\"thumbnailUrl\":\"https:\/\/revistaautobus.com.br\/wp-content\/uploads\/2024\/09\/IMG-20240903-WA0017.jpg\",\"keywords\":[\"Transporte coletivo de Londrina\"],\"articleSection\":[\"Mobilidade Urbana\",\"Not\u00edcias\",\"Tecnologia\"],\"inLanguage\":\"pt-BR\",\"potentialAction\":[{\"@type\":\"CommentAction\",\"name\":\"Comment\",\"target\":[\"https:\/\/revistaautobus.com.br\/?p=13020#respond\"]}]},{\"@type\":\"WebPage\",\"@id\":\"https:\/\/revistaautobus.com.br\/?p=13020\",\"url\":\"https:\/\/revistaautobus.com.br\/?p=13020\",\"name\":\"Londrina investe em novo gerenciamento de seu transporte - Revista AutoBus\",\"isPartOf\":{\"@id\":\"https:\/\/revistaautobus.com.br\/#website\"},\"primaryImageOfPage\":{\"@id\":\"https:\/\/revistaautobus.com.br\/?p=13020#primaryimage\"},\"image\":{\"@id\":\"https:\/\/revistaautobus.com.br\/?p=13020#primaryimage\"},\"thumbnailUrl\":\"https:\/\/revistaautobus.com.br\/wp-content\/uploads\/2024\/09\/IMG-20240903-WA0017.jpg\",\"datePublished\":\"2024-09-04T12:52:18+00:00\",\"breadcrumb\":{\"@id\":\"https:\/\/revistaautobus.com.br\/?p=13020#breadcrumb\"},\"inLanguage\":\"pt-BR\",\"potentialAction\":[{\"@type\":\"ReadAction\",\"target\":[\"https:\/\/revistaautobus.com.br\/?p=13020\"]}]},{\"@type\":\"ImageObject\",\"inLanguage\":\"pt-BR\",\"@id\":\"https:\/\/revistaautobus.com.br\/?p=13020#primaryimage\",\"url\":\"https:\/\/revistaautobus.com.br\/wp-content\/uploads\/2024\/09\/IMG-20240903-WA0017.jpg\",\"contentUrl\":\"https:\/\/revistaautobus.com.br\/wp-content\/uploads\/2024\/09\/IMG-20240903-WA0017.jpg\",\"width\":1280,\"height\":720},{\"@type\":\"BreadcrumbList\",\"@id\":\"https:\/\/revistaautobus.com.br\/?p=13020#breadcrumb\",\"itemListElement\":[{\"@type\":\"ListItem\",\"position\":1,\"name\":\"In\u00edcio\",\"item\":\"https:\/\/revistaautobus.com.br\/\"},{\"@type\":\"ListItem\",\"position\":2,\"name\":\"Londrina investe em novo gerenciamento de seu transporte\"}]},{\"@type\":\"WebSite\",\"@id\":\"https:\/\/revistaautobus.com.br\/#website\",\"url\":\"https:\/\/revistaautobus.com.br\/\",\"name\":\"Revista AutoBus\",\"description\":\"\",\"publisher\":{\"@id\":\"https:\/\/revistaautobus.com.br\/#organization\"},\"potentialAction\":[{\"@type\":\"SearchAction\",\"target\":{\"@type\":\"EntryPoint\",\"urlTemplate\":\"https:\/\/revistaautobus.com.br\/?s={search_term_string}\"},\"query-input\":{\"@type\":\"PropertyValueSpecification\",\"valueRequired\":true,\"valueName\":\"search_term_string\"}}],\"inLanguage\":\"pt-BR\"},{\"@type\":\"Organization\",\"@id\":\"https:\/\/revistaautobus.com.br\/#organization\",\"name\":\"Revista AutoBus\",\"url\":\"https:\/\/revistaautobus.com.br\/\",\"logo\":{\"@type\":\"ImageObject\",\"inLanguage\":\"pt-BR\",\"@id\":\"https:\/\/revistaautobus.com.br\/#\/schema\/logo\/image\/\",\"url\":\"https:\/\/revistaautobus.com.br\/wp-content\/uploads\/2024\/11\/logo_revista_autobus_fb.png\",\"contentUrl\":\"https:\/\/revistaautobus.com.br\/wp-content\/uploads\/2024\/11\/logo_revista_autobus_fb.png\",\"width\":836,\"height\":227,\"caption\":\"Revista AutoBus\"},\"image\":{\"@id\":\"https:\/\/revistaautobus.com.br\/#\/schema\/logo\/image\/\"},\"sameAs\":[\"https:\/\/www.facebook.com\/antonio.ferro.3150\",\"https:\/\/www.instagram.com\/revistaautobus\/\"]},{\"@type\":\"Person\",\"@id\":\"https:\/\/revistaautobus.com.br\/#\/schema\/person\/54af7c3eb83a310e42ef686ef6d16f50\",\"name\":\"Antonio Ferro\",\"image\":{\"@type\":\"ImageObject\",\"inLanguage\":\"pt-BR\",\"@id\":\"https:\/\/revistaautobus.com.br\/wp-content\/uploads\/2025\/12\/editor_antonio_ferro-150x150.jpg\",\"url\":\"https:\/\/revistaautobus.com.br\/wp-content\/uploads\/2025\/12\/editor_antonio_ferro-150x150.jpg\",\"contentUrl\":\"https:\/\/revistaautobus.com.br\/wp-content\/uploads\/2025\/12\/editor_antonio_ferro-150x150.jpg\",\"caption\":\"Antonio Ferro\"},\"description\":\"infobus@uol.com.br\",\"url\":\"https:\/\/revistaautobus.com.br\/?author=2\"}]}<\/script>\n<!-- \/ Yoast SEO plugin. -->","yoast_head_json":{"title":"Londrina investe em novo gerenciamento de seu transporte - Revista AutoBus","robots":{"index":"index","follow":"follow","max-snippet":"max-snippet:-1","max-image-preview":"max-image-preview:large","max-video-preview":"max-video-preview:-1"},"canonical":"https:\/\/revistaautobus.com.br\/?p=13020","og_locale":"pt_BR","og_type":"article","og_title":"Londrina investe em novo gerenciamento de seu transporte - Revista AutoBus","og_description":"Cidade paranaense inaugurou o seu moderno Centro de Intelig\u00eancia Operacional (Ciop), dando in\u00edcio \u00e0 utiliza\u00e7\u00e3o do Sistema de Transporte Inteligente (ITS, na sigla em ingl\u00eas), classe mundial, com tecnologia e inova\u00e7\u00e3o para garantir regularidade, pontualidade e frequ\u00eancia na presta\u00e7\u00e3o do servi\u00e7o e, assim, oferecer previsibilidade e qualidade aos passageiros","og_url":"https:\/\/revistaautobus.com.br\/?p=13020","og_site_name":"Revista AutoBus","article_publisher":"https:\/\/www.facebook.com\/antonio.ferro.3150","article_published_time":"2024-09-04T12:52:18+00:00","og_image":[{"width":1280,"height":720,"url":"https:\/\/revistaautobus.com.br\/wp-content\/uploads\/2024\/09\/IMG-20240903-WA0017.jpg","type":"image\/jpeg"}],"author":"Antonio Ferro","twitter_card":"summary_large_image","twitter_misc":{"Escrito por":"Antonio Ferro","Est. tempo de leitura":"2 minutos"},"schema":{"@context":"https:\/\/schema.org","@graph":[{"@type":"Article","@id":"https:\/\/revistaautobus.com.br\/?p=13020#article","isPartOf":{"@id":"https:\/\/revistaautobus.com.br\/?p=13020"},"author":{"name":"Antonio Ferro","@id":"https:\/\/revistaautobus.com.br\/#\/schema\/person\/54af7c3eb83a310e42ef686ef6d16f50"},"headline":"Londrina investe em novo gerenciamento de seu transporte","datePublished":"2024-09-04T12:52:18+00:00","mainEntityOfPage":{"@id":"https:\/\/revistaautobus.com.br\/?p=13020"},"wordCount":481,"commentCount":1,"publisher":{"@id":"https:\/\/revistaautobus.com.br\/#organization"},"image":{"@id":"https:\/\/revistaautobus.com.br\/?p=13020#primaryimage"},"thumbnailUrl":"https:\/\/revistaautobus.com.br\/wp-content\/uploads\/2024\/09\/IMG-20240903-WA0017.jpg","keywords":["Transporte coletivo de Londrina"],"articleSection":["Mobilidade Urbana","Not\u00edcias","Tecnologia"],"inLanguage":"pt-BR","potentialAction":[{"@type":"CommentAction","name":"Comment","target":["https:\/\/revistaautobus.com.br\/?p=13020#respond"]}]},{"@type":"WebPage","@id":"https:\/\/revistaautobus.com.br\/?p=13020","url":"https:\/\/revistaautobus.com.br\/?p=13020","name":"Londrina investe em novo gerenciamento de seu transporte - Revista AutoBus","isPartOf":{"@id":"https:\/\/revistaautobus.com.br\/#website"},"primaryImageOfPage":{"@id":"https:\/\/revistaautobus.com.br\/?p=13020#primaryimage"},"image":{"@id":"https:\/\/revistaautobus.com.br\/?p=13020#primaryimage"},"thumbnailUrl":"https:\/\/revistaautobus.com.br\/wp-content\/uploads\/2024\/09\/IMG-20240903-WA0017.jpg","datePublished":"2024-09-04T12:52:18+00:00","breadcrumb":{"@id":"https:\/\/revistaautobus.com.br\/?p=13020#breadcrumb"},"inLanguage":"pt-BR","potentialAction":[{"@type":"ReadAction","target":["https:\/\/revistaautobus.com.br\/?p=13020"]}]},{"@type":"ImageObject","inLanguage":"pt-BR","@id":"https:\/\/revistaautobus.com.br\/?p=13020#primaryimage","url":"https:\/\/revistaautobus.com.br\/wp-content\/uploads\/2024\/09\/IMG-20240903-WA0017.jpg","contentUrl":"https:\/\/revistaautobus.com.br\/wp-content\/uploads\/2024\/09\/IMG-20240903-WA0017.jpg","width":1280,"height":720},{"@type":"BreadcrumbList","@id":"https:\/\/revistaautobus.com.br\/?p=13020#breadcrumb","itemListElement":[{"@type":"ListItem","position":1,"name":"In\u00edcio","item":"https:\/\/revistaautobus.com.br\/"},{"@type":"ListItem","position":2,"name":"Londrina investe em novo gerenciamento de seu transporte"}]},{"@type":"WebSite","@id":"https:\/\/revistaautobus.com.br\/#website","url":"https:\/\/revistaautobus.com.br\/","name":"Revista AutoBus","description":"","publisher":{"@id":"https:\/\/revistaautobus.com.br\/#organization"},"potentialAction":[{"@type":"SearchAction","target":{"@type":"EntryPoint","urlTemplate":"https:\/\/revistaautobus.com.br\/?s={search_term_string}"},"query-input":{"@type":"PropertyValueSpecification","valueRequired":true,"valueName":"search_term_string"}}],"inLanguage":"pt-BR"},{"@type":"Organization","@id":"https:\/\/revistaautobus.com.br\/#organization","name":"Revista AutoBus","url":"https:\/\/revistaautobus.com.br\/","logo":{"@type":"ImageObject","inLanguage":"pt-BR","@id":"https:\/\/revistaautobus.com.br\/#\/schema\/logo\/image\/","url":"https:\/\/revistaautobus.com.br\/wp-content\/uploads\/2024\/11\/logo_revista_autobus_fb.png","contentUrl":"https:\/\/revistaautobus.com.br\/wp-content\/uploads\/2024\/11\/logo_revista_autobus_fb.png","width":836,"height":227,"caption":"Revista AutoBus"},"image":{"@id":"https:\/\/revistaautobus.com.br\/#\/schema\/logo\/image\/"},"sameAs":["https:\/\/www.facebook.com\/antonio.ferro.3150","https:\/\/www.instagram.com\/revistaautobus\/"]},{"@type":"Person","@id":"https:\/\/revistaautobus.com.br\/#\/schema\/person\/54af7c3eb83a310e42ef686ef6d16f50","name":"Antonio Ferro","image":{"@type":"ImageObject","inLanguage":"pt-BR","@id":"https:\/\/revistaautobus.com.br\/wp-content\/uploads\/2025\/12\/editor_antonio_ferro-150x150.jpg","url":"https:\/\/revistaautobus.com.br\/wp-content\/uploads\/2025\/12\/editor_antonio_ferro-150x150.jpg","contentUrl":"https:\/\/revistaautobus.com.br\/wp-content\/uploads\/2025\/12\/editor_antonio_ferro-150x150.jpg","caption":"Antonio Ferro"},"description":"infobus@uol.com.br","url":"https:\/\/revistaautobus.com.br\/?author=2"}]}},"jetpack_featured_media_url":"https:\/\/revistaautobus.com.br\/wp-content\/uploads\/2024\/09\/IMG-20240903-WA0017.jpg","jetpack_sharing_enabled":true,"_links":{"self":[{"href":"https:\/\/revistaautobus.com.br\/index.php?rest_route=\/wp\/v2\/posts\/13020","targetHints":{"allow":["GET"]}}],"collection":[{"href":"https:\/\/revistaautobus.com.br\/index.php?rest_route=\/wp\/v2\/posts"}],"about":[{"href":"https:\/\/revistaautobus.com.br\/index.php?rest_route=\/wp\/v2\/types\/post"}],"author":[{"embeddable":true,"href":"https:\/\/revistaautobus.com.br\/index.php?rest_route=\/wp\/v2\/users\/2"}],"replies":[{"embeddable":true,"href":"https:\/\/revistaautobus.com.br\/index.php?rest_route=%2Fwp%2Fv2%2Fcomments&post=13020"}],"version-history":[{"count":3,"href":"https:\/\/revistaautobus.com.br\/index.php?rest_route=\/wp\/v2\/posts\/13020\/revisions"}],"predecessor-version":[{"id":13025,"href":"https:\/\/revistaautobus.com.br\/index.php?rest_route=\/wp\/v2\/posts\/13020\/revisions\/13025"}],"wp:featuredmedia":[{"embeddable":true,"href":"https:\/\/revistaautobus.com.br\/index.php?rest_route=\/wp\/v2\/media\/13021"}],"wp:attachment":[{"href":"https:\/\/revistaautobus.com.br\/index.php?rest_route=%2Fwp%2Fv2%2Fmedia&parent=13020"}],"wp:term":[{"taxonomy":"category","embeddable":true,"href":"https:\/\/revistaautobus.com.br\/index.php?rest_route=%2Fwp%2Fv2%2Fcategories&post=13020"},{"taxonomy":"post_tag","embeddable":true,"href":"https:\/\/revistaautobus.com.br\/index.php?rest_route=%2Fwp%2Fv2%2Ftags&post=13020"}],"curies":[{"name":"wp","href":"https:\/\/api.w.org\/{rel}","templated":true}]}}