{"id":13068,"date":"2024-09-09T09:51:03","date_gmt":"2024-09-09T12:51:03","guid":{"rendered":"https:\/\/revistaautobus.com.br\/?p=13068"},"modified":"2024-09-09T09:51:03","modified_gmt":"2024-09-09T12:51:03","slug":"35-anos-de-historia-familiar","status":"publish","type":"post","link":"https:\/\/revistaautobus.com.br\/?p=13068","title":{"rendered":"35 anos de hist\u00f3ria familiar"},"content":{"rendered":"<p>Pode-se dizer que a operadora porto-alegrense, Turis Silva, n\u00e3o nasceu por acaso, at\u00e9 porque o transporte j\u00e1 estava presente no ramo da fam\u00edlia que a criou, atuando no segmento de passageiros ou de cargas. Seu surgimento tem a ver com a necessidade de assumir um ve\u00edculo que j\u00e1 vinha sendo utilizado e que pelos infort\u00fanios da vida, acabou parando nas m\u00e3os de Jaime Silva (fala-se J\u00e3ime), que em 1987 iniciou suas atividades em viagens de turismo de compras, entre Porto Alegre e S\u00e3o Paulo.<\/p>\n<p>O come\u00e7o se deu pelo \u00f4nibus herdado, um Viaggio G IV (carro\u00e7aria Marcopolo) sobre plataforma Mercedes-Benz O-370 RS, que tinha o n\u00famero 737, uma refer\u00eancia ao modelo de avi\u00e3o Boeing 737 pelo conforto e <em>status<\/em>. Jaime, que por muitas vezes assumiu a dire\u00e7\u00e3o desse ve\u00edculo na rota entre as capitais ga\u00facha e a paulista, queria mais e, em 1989, funda, com sua esposa, a Turis Silva, mantendo as excurs\u00f5es, levando lojistas para as suas compras.<\/p>\n<p>Em 1990, visualizando uma oportunidade para o crescimento de seus neg\u00f3cios, o empres\u00e1rio se insere no ramo do fretamento cont\u00ednuo para empresas, pois o segmento dava mostras de expans\u00e3o no setor comercial. \u201cNosso primeiro cliente nesse nicho foi a Memphis, fabricante de sabonetes. E, a partir daquele ano, come\u00e7amos a nos especializar nesse setor, conquistando diversos e importantes clientes de v\u00e1rias \u00e1reas\u201d, ressaltou Carina Silva, diretora da transportadora.<\/p>\n<p>A operadora realiza, ainda, o fretamento eventual, esporadicamente em especiais atendimentos. Contudo, seu foco \u00e9 explorar os seus clientes fixos, oferecendo a presta\u00e7\u00e3o desse transporte eventual com uma \u00e1rea comercial espec\u00edfica, para manter o mesmo padr\u00e3o de atendimento numa estrat\u00e9gia comercial diferenciada.<\/p>\n<div id=\"attachment_13070\" style=\"width: 778px\" class=\"wp-caption aligncenter\"><img loading=\"lazy\" decoding=\"async\" aria-describedby=\"caption-attachment-13070\" class=\"wp-image-13070 size-large\" src=\"https:\/\/revistaautobus.com.br\/wp-content\/uploads\/2024\/09\/IMG-20240905-WA0109-768x1024.jpg\" alt=\"\" width=\"768\" height=\"1024\" srcset=\"https:\/\/revistaautobus.com.br\/wp-content\/uploads\/2024\/09\/IMG-20240905-WA0109-768x1024.jpg 768w, https:\/\/revistaautobus.com.br\/wp-content\/uploads\/2024\/09\/IMG-20240905-WA0109-225x300.jpg 225w, https:\/\/revistaautobus.com.br\/wp-content\/uploads\/2024\/09\/IMG-20240905-WA0109-1152x1536.jpg 1152w, https:\/\/revistaautobus.com.br\/wp-content\/uploads\/2024\/09\/IMG-20240905-WA0109-1080x1440.jpg 1080w, https:\/\/revistaautobus.com.br\/wp-content\/uploads\/2024\/09\/IMG-20240905-WA0109.jpg 1200w\" sizes=\"(max-width: 768px) 100vw, 768px\" \/><p id=\"caption-attachment-13070\" class=\"wp-caption-text\"><strong><em><span style=\"color: #333399;\">O come\u00e7o de tudo. O ve\u00edculo 737, uma refer\u00eancia ao modelo da Boeing pela sua configura\u00e7\u00e3o interna<\/span><\/em><\/strong><\/p><\/div>\n<p>Hoje, com 24 empresas sendo atendidas por sua opera\u00e7\u00e3o, a Turis Silva se destaca no setor por promover qualidade, sempre com os melhores \u00f4nibus, com \u00eanfase na satisfa\u00e7\u00e3o do cliente. A inova\u00e7\u00e3o, tamb\u00e9m, faz parte de seu cotidiano administrativo. Em 2018, por exemplo, a empresa criou um aplicativo para a gest\u00e3o operacional de seus servi\u00e7os, permitindo ao cliente dispor de informa\u00e7\u00f5es sobre a realiza\u00e7\u00e3o dos servi\u00e7os e aos passageiros na quest\u00e3o da roteiriza\u00e7\u00e3o do transporte. \u201cCom a tecnologia \u00e9 poss\u00edvel atender os nossos clientes com uma gest\u00e3o dos servi\u00e7os de maneira que eles possam acompanhar a opera\u00e7\u00e3o, visando a otimiza\u00e7\u00e3o de todos os processos envolvidos com a demanda\u201d, afirmou Carina.<\/p>\n<p>A frota da empresa, com cerca de 330 unidades (h\u00e1 outras 50 unidades da transportadora F\u00e1tima, pertencente a ela e que atua em linhas regulares), tem configura\u00e7\u00f5es diferenciadas para os diversos nichos de opera\u00e7\u00e3o, com carro\u00e7arias nas vers\u00f5es micro-\u00f4nibus e dotadas de chassis com motoriza\u00e7\u00e3o dianteira e traseira. Quanto as carro\u00e7arias, o protagonismo s\u00e3o da Marcopolo, desde o in\u00edcio das atividades da operadora, sendo a frota 100% da marca. \u201cSomos exclusivos com a marca ga\u00facha por ela proporcionar ve\u00edculos personalizados para os nossos neg\u00f3cios e por nos dar um atendimento especial que sempre alcan\u00e7a respostas as nossas solicita\u00e7\u00f5es em termos de configura\u00e7\u00e3o interna. Aqui, o cliente determina o que ele quer em \u00f4nibus\u201d, disse Carina.<\/p>\n<p>Quanto as quest\u00f5es ESG (Ambiental, Social e Governan\u00e7a), a empresa revelou que segue seus atributos, tendo a\u00e7\u00f5es voltadas para que sua presen\u00e7a no mercado seja diferenciada. Dessa maneira, ela tem esta\u00e7\u00e3o de tratamento de \u00e1gua de lavagem para a sua reutiliza\u00e7\u00e3o, participa do Programa Despoluir do Sest\/Senat nos testes de opacidade de toda frota, sendo que no ano passado foi ganhadora do Pr\u00eamio Ga\u00facho Despoluir na categoria Fretamento e Turismo e, ainda, no trabalho de indicadores ambientais para a redu\u00e7\u00e3o de consumo de recursos. \u201cTamb\u00e9m, provocamos e somos provocados por nossos clientes para adotarmos conceitos inovadores e sustent\u00e1veis que possam contribuir com a causa do meio ambiente. Temos um \u00f4nibus a g\u00e1s natural em nossa frota e j\u00e1 testamos \u00f4nibus com tra\u00e7\u00e3o el\u00e9trica. Contudo, tudo depende de investimentos e como o mercado ir\u00e1 pagar pelos servi\u00e7os\u201d, observou.<\/p>\n<div id=\"attachment_13071\" style=\"width: 1034px\" class=\"wp-caption aligncenter\"><img loading=\"lazy\" decoding=\"async\" aria-describedby=\"caption-attachment-13071\" class=\"wp-image-13071 size-large\" src=\"https:\/\/revistaautobus.com.br\/wp-content\/uploads\/2024\/09\/3-1024x768.jpg\" alt=\"\" width=\"1024\" height=\"768\" srcset=\"https:\/\/revistaautobus.com.br\/wp-content\/uploads\/2024\/09\/3-1024x768.jpg 1024w, https:\/\/revistaautobus.com.br\/wp-content\/uploads\/2024\/09\/3-300x225.jpg 300w, https:\/\/revistaautobus.com.br\/wp-content\/uploads\/2024\/09\/3-768x576.jpg 768w, https:\/\/revistaautobus.com.br\/wp-content\/uploads\/2024\/09\/3-1536x1152.jpg 1536w, https:\/\/revistaautobus.com.br\/wp-content\/uploads\/2024\/09\/3-1080x810.jpg 1080w, https:\/\/revistaautobus.com.br\/wp-content\/uploads\/2024\/09\/3.jpg 1600w\" sizes=\"(max-width: 1024px) 100vw, 1024px\" \/><p id=\"caption-attachment-13071\" class=\"wp-caption-text\"><span style=\"color: #333399;\"><em><strong>O cuidado com a frota, sempre com ve\u00edculos de \u00faltima gera\u00e7\u00e3o, faz da Turis Silva um exemplo em como proporcionar os melhores servi\u00e7os<\/strong><\/em><\/span><\/p><\/div>\n<p>Em rela\u00e7\u00e3o ao Social, a operadora atua junta aos seus clientes em projetos sociais, al\u00e9m de prezar o total cumprimento quanto a respeito a legisla\u00e7\u00e3o, assim como quest\u00f5es \u00e9ticas e sociais em sua pol\u00edtica do Sistema Integrado de Gest\u00e3o. \u201cA Turis Silva, comprometida com a melhoria cont\u00ednua dos seus servi\u00e7os e a satisfa\u00e7\u00e3o dos clientes, s\u00f3cios, colaboradores, fornecedores e sociedade, realiza suas atividades de transporte de pessoas em conformidade com a legisla\u00e7\u00e3o, de forma \u00e9tica e com responsabilidade social, preservando o meio ambiente e a elimina\u00e7\u00e3o ou redu\u00e7\u00e3o dos riscos que afetam a integridade das pessoas\u201d, afirmou Carina Silva. Sobre diversidades, seu quadro funcional \u00e9 formado por mulheres na fun\u00e7\u00e3o de motoristas e em posi\u00e7\u00f5es de lideran\u00e7as, sendo que a pr\u00f3pria dire\u00e7\u00e3o da empresa \u00e9 composta, na maioria, por mulheres. S\u00e3o cerca de 500 colaboradoras atuando na transportadora.<\/p>\n<p>A diretora destacou que, na \u00e1rea da Governan\u00e7a, embora a transportara seja constitu\u00edda na ess\u00eancia familiar, ela trabalha com ferramentas para an\u00e1lise de contexto, riscos e oportunidades com intuito de tornar clara, fundamentada e efetiva as a\u00e7\u00f5es e decis\u00f5es da dire\u00e7\u00e3o, ponderando todas as partes envolvidas, tanto interna quanto externa.<\/p>\n<p>Nestes 35 anos de hist\u00f3ria, Carina salientou a for\u00e7a de vontade de sua fam\u00edlia, principalmente de seus pais, a frente da dire\u00e7\u00e3o da empresa, sendo que a supera\u00e7\u00e3o sempre acompanhou o cotidiano de suas atividades, onde os problemas n\u00e3o foram obst\u00e1culos para o crescimento da operadora. \u201cMeus pais sempre procuraram suplantar as dificuldades com a dedica\u00e7\u00e3o e muito trabalho no decorrer dos anos. Eu e minhas duas irm\u00e3s brincamos, aqui, que a Turis Silva \u00e9 a nossa irm\u00e3 mais nova\u201d, concluiu.<\/p>\n<p>Imagens &#8211; Divulga\u00e7\u00e3o<\/p>\n","protected":false},"excerpt":{"rendered":"<p>Tudo come\u00e7ou em 1989, com um \u00f4nibus e um sonho de promover o transporte de passageiros, estimulados pelo sangue da mobilidade que j\u00e1 corria nas veias de seus fundadores<\/p>\n","protected":false},"author":2,"featured_media":13069,"comment_status":"open","ping_status":"open","sticky":false,"template":"","format":"standard","meta":{"_et_pb_use_builder":"","_et_pb_old_content":"","_et_gb_content_width":"","_jetpack_memberships_contains_paid_content":false,"footnotes":""},"categories":[90],"tags":[370],"class_list":["post-13068","post","type-post","status-publish","format-standard","has-post-thumbnail","hentry","category-noticias","tag-turis-silva","et-has-post-format-content","et_post_format-et-post-format-standard"],"yoast_head":"<!-- This site is optimized with the Yoast SEO plugin v27.2 - https:\/\/yoast.com\/product\/yoast-seo-wordpress\/ -->\n<title>35 anos de hist\u00f3ria familiar - Revista AutoBus<\/title>\n<meta name=\"robots\" content=\"index, follow, max-snippet:-1, max-image-preview:large, max-video-preview:-1\" \/>\n<link rel=\"canonical\" href=\"https:\/\/revistaautobus.com.br\/?p=13068\" \/>\n<meta property=\"og:locale\" content=\"pt_BR\" \/>\n<meta property=\"og:type\" content=\"article\" \/>\n<meta property=\"og:title\" content=\"35 anos de hist\u00f3ria familiar - Revista AutoBus\" \/>\n<meta property=\"og:description\" content=\"Tudo come\u00e7ou em 1989, com um \u00f4nibus e um sonho de promover o transporte de passageiros, estimulados pelo sangue da mobilidade que j\u00e1 corria nas veias de seus fundadores\" \/>\n<meta property=\"og:url\" content=\"https:\/\/revistaautobus.com.br\/?p=13068\" \/>\n<meta property=\"og:site_name\" content=\"Revista AutoBus\" \/>\n<meta property=\"article:publisher\" content=\"https:\/\/www.facebook.com\/antonio.ferro.3150\" \/>\n<meta property=\"article:published_time\" content=\"2024-09-09T12:51:03+00:00\" \/>\n<meta property=\"og:image\" content=\"https:\/\/revistaautobus.com.br\/wp-content\/uploads\/2024\/09\/IMG-20240905-WA0108.jpg\" \/>\n\t<meta property=\"og:image:width\" content=\"1080\" \/>\n\t<meta property=\"og:image:height\" content=\"1080\" \/>\n\t<meta property=\"og:image:type\" content=\"image\/jpeg\" \/>\n<meta name=\"author\" content=\"Antonio Ferro\" \/>\n<meta name=\"twitter:card\" content=\"summary_large_image\" \/>\n<meta name=\"twitter:label1\" content=\"Escrito por\" \/>\n\t<meta name=\"twitter:data1\" content=\"Antonio Ferro\" \/>\n\t<meta name=\"twitter:label2\" content=\"Est. tempo de leitura\" \/>\n\t<meta name=\"twitter:data2\" content=\"5 minutos\" \/>\n<script type=\"application\/ld+json\" class=\"yoast-schema-graph\">{\"@context\":\"https:\/\/schema.org\",\"@graph\":[{\"@type\":\"Article\",\"@id\":\"https:\/\/revistaautobus.com.br\/?p=13068#article\",\"isPartOf\":{\"@id\":\"https:\/\/revistaautobus.com.br\/?p=13068\"},\"author\":{\"name\":\"Antonio Ferro\",\"@id\":\"https:\/\/revistaautobus.com.br\/#\/schema\/person\/54af7c3eb83a310e42ef686ef6d16f50\"},\"headline\":\"35 anos de hist\u00f3ria familiar\",\"datePublished\":\"2024-09-09T12:51:03+00:00\",\"mainEntityOfPage\":{\"@id\":\"https:\/\/revistaautobus.com.br\/?p=13068\"},\"wordCount\":1061,\"commentCount\":0,\"publisher\":{\"@id\":\"https:\/\/revistaautobus.com.br\/#organization\"},\"image\":{\"@id\":\"https:\/\/revistaautobus.com.br\/?p=13068#primaryimage\"},\"thumbnailUrl\":\"https:\/\/revistaautobus.com.br\/wp-content\/uploads\/2024\/09\/IMG-20240905-WA0108.jpg\",\"keywords\":[\"Turis Silva\"],\"articleSection\":[\"Not\u00edcias\"],\"inLanguage\":\"pt-BR\",\"potentialAction\":[{\"@type\":\"CommentAction\",\"name\":\"Comment\",\"target\":[\"https:\/\/revistaautobus.com.br\/?p=13068#respond\"]}]},{\"@type\":\"WebPage\",\"@id\":\"https:\/\/revistaautobus.com.br\/?p=13068\",\"url\":\"https:\/\/revistaautobus.com.br\/?p=13068\",\"name\":\"35 anos de hist\u00f3ria familiar - Revista AutoBus\",\"isPartOf\":{\"@id\":\"https:\/\/revistaautobus.com.br\/#website\"},\"primaryImageOfPage\":{\"@id\":\"https:\/\/revistaautobus.com.br\/?p=13068#primaryimage\"},\"image\":{\"@id\":\"https:\/\/revistaautobus.com.br\/?p=13068#primaryimage\"},\"thumbnailUrl\":\"https:\/\/revistaautobus.com.br\/wp-content\/uploads\/2024\/09\/IMG-20240905-WA0108.jpg\",\"datePublished\":\"2024-09-09T12:51:03+00:00\",\"breadcrumb\":{\"@id\":\"https:\/\/revistaautobus.com.br\/?p=13068#breadcrumb\"},\"inLanguage\":\"pt-BR\",\"potentialAction\":[{\"@type\":\"ReadAction\",\"target\":[\"https:\/\/revistaautobus.com.br\/?p=13068\"]}]},{\"@type\":\"ImageObject\",\"inLanguage\":\"pt-BR\",\"@id\":\"https:\/\/revistaautobus.com.br\/?p=13068#primaryimage\",\"url\":\"https:\/\/revistaautobus.com.br\/wp-content\/uploads\/2024\/09\/IMG-20240905-WA0108.jpg\",\"contentUrl\":\"https:\/\/revistaautobus.com.br\/wp-content\/uploads\/2024\/09\/IMG-20240905-WA0108.jpg\",\"width\":1080,\"height\":1080},{\"@type\":\"BreadcrumbList\",\"@id\":\"https:\/\/revistaautobus.com.br\/?p=13068#breadcrumb\",\"itemListElement\":[{\"@type\":\"ListItem\",\"position\":1,\"name\":\"In\u00edcio\",\"item\":\"https:\/\/revistaautobus.com.br\/\"},{\"@type\":\"ListItem\",\"position\":2,\"name\":\"35 anos de hist\u00f3ria familiar\"}]},{\"@type\":\"WebSite\",\"@id\":\"https:\/\/revistaautobus.com.br\/#website\",\"url\":\"https:\/\/revistaautobus.com.br\/\",\"name\":\"Revista AutoBus\",\"description\":\"\",\"publisher\":{\"@id\":\"https:\/\/revistaautobus.com.br\/#organization\"},\"potentialAction\":[{\"@type\":\"SearchAction\",\"target\":{\"@type\":\"EntryPoint\",\"urlTemplate\":\"https:\/\/revistaautobus.com.br\/?s={search_term_string}\"},\"query-input\":{\"@type\":\"PropertyValueSpecification\",\"valueRequired\":true,\"valueName\":\"search_term_string\"}}],\"inLanguage\":\"pt-BR\"},{\"@type\":\"Organization\",\"@id\":\"https:\/\/revistaautobus.com.br\/#organization\",\"name\":\"Revista AutoBus\",\"url\":\"https:\/\/revistaautobus.com.br\/\",\"logo\":{\"@type\":\"ImageObject\",\"inLanguage\":\"pt-BR\",\"@id\":\"https:\/\/revistaautobus.com.br\/#\/schema\/logo\/image\/\",\"url\":\"https:\/\/revistaautobus.com.br\/wp-content\/uploads\/2024\/11\/logo_revista_autobus_fb.png\",\"contentUrl\":\"https:\/\/revistaautobus.com.br\/wp-content\/uploads\/2024\/11\/logo_revista_autobus_fb.png\",\"width\":836,\"height\":227,\"caption\":\"Revista AutoBus\"},\"image\":{\"@id\":\"https:\/\/revistaautobus.com.br\/#\/schema\/logo\/image\/\"},\"sameAs\":[\"https:\/\/www.facebook.com\/antonio.ferro.3150\",\"https:\/\/www.instagram.com\/revistaautobus\/\"]},{\"@type\":\"Person\",\"@id\":\"https:\/\/revistaautobus.com.br\/#\/schema\/person\/54af7c3eb83a310e42ef686ef6d16f50\",\"name\":\"Antonio Ferro\",\"image\":{\"@type\":\"ImageObject\",\"inLanguage\":\"pt-BR\",\"@id\":\"https:\/\/revistaautobus.com.br\/wp-content\/uploads\/2025\/12\/editor_antonio_ferro-150x150.jpg\",\"url\":\"https:\/\/revistaautobus.com.br\/wp-content\/uploads\/2025\/12\/editor_antonio_ferro-150x150.jpg\",\"contentUrl\":\"https:\/\/revistaautobus.com.br\/wp-content\/uploads\/2025\/12\/editor_antonio_ferro-150x150.jpg\",\"caption\":\"Antonio Ferro\"},\"description\":\"infobus@uol.com.br\",\"url\":\"https:\/\/revistaautobus.com.br\/?author=2\"}]}<\/script>\n<!-- \/ Yoast SEO plugin. -->","yoast_head_json":{"title":"35 anos de hist\u00f3ria familiar - Revista AutoBus","robots":{"index":"index","follow":"follow","max-snippet":"max-snippet:-1","max-image-preview":"max-image-preview:large","max-video-preview":"max-video-preview:-1"},"canonical":"https:\/\/revistaautobus.com.br\/?p=13068","og_locale":"pt_BR","og_type":"article","og_title":"35 anos de hist\u00f3ria familiar - Revista AutoBus","og_description":"Tudo come\u00e7ou em 1989, com um \u00f4nibus e um sonho de promover o transporte de passageiros, estimulados pelo sangue da mobilidade que j\u00e1 corria nas veias de seus fundadores","og_url":"https:\/\/revistaautobus.com.br\/?p=13068","og_site_name":"Revista AutoBus","article_publisher":"https:\/\/www.facebook.com\/antonio.ferro.3150","article_published_time":"2024-09-09T12:51:03+00:00","og_image":[{"width":1080,"height":1080,"url":"https:\/\/revistaautobus.com.br\/wp-content\/uploads\/2024\/09\/IMG-20240905-WA0108.jpg","type":"image\/jpeg"}],"author":"Antonio Ferro","twitter_card":"summary_large_image","twitter_misc":{"Escrito por":"Antonio Ferro","Est. tempo de leitura":"5 minutos"},"schema":{"@context":"https:\/\/schema.org","@graph":[{"@type":"Article","@id":"https:\/\/revistaautobus.com.br\/?p=13068#article","isPartOf":{"@id":"https:\/\/revistaautobus.com.br\/?p=13068"},"author":{"name":"Antonio Ferro","@id":"https:\/\/revistaautobus.com.br\/#\/schema\/person\/54af7c3eb83a310e42ef686ef6d16f50"},"headline":"35 anos de hist\u00f3ria familiar","datePublished":"2024-09-09T12:51:03+00:00","mainEntityOfPage":{"@id":"https:\/\/revistaautobus.com.br\/?p=13068"},"wordCount":1061,"commentCount":0,"publisher":{"@id":"https:\/\/revistaautobus.com.br\/#organization"},"image":{"@id":"https:\/\/revistaautobus.com.br\/?p=13068#primaryimage"},"thumbnailUrl":"https:\/\/revistaautobus.com.br\/wp-content\/uploads\/2024\/09\/IMG-20240905-WA0108.jpg","keywords":["Turis Silva"],"articleSection":["Not\u00edcias"],"inLanguage":"pt-BR","potentialAction":[{"@type":"CommentAction","name":"Comment","target":["https:\/\/revistaautobus.com.br\/?p=13068#respond"]}]},{"@type":"WebPage","@id":"https:\/\/revistaautobus.com.br\/?p=13068","url":"https:\/\/revistaautobus.com.br\/?p=13068","name":"35 anos de hist\u00f3ria familiar - Revista AutoBus","isPartOf":{"@id":"https:\/\/revistaautobus.com.br\/#website"},"primaryImageOfPage":{"@id":"https:\/\/revistaautobus.com.br\/?p=13068#primaryimage"},"image":{"@id":"https:\/\/revistaautobus.com.br\/?p=13068#primaryimage"},"thumbnailUrl":"https:\/\/revistaautobus.com.br\/wp-content\/uploads\/2024\/09\/IMG-20240905-WA0108.jpg","datePublished":"2024-09-09T12:51:03+00:00","breadcrumb":{"@id":"https:\/\/revistaautobus.com.br\/?p=13068#breadcrumb"},"inLanguage":"pt-BR","potentialAction":[{"@type":"ReadAction","target":["https:\/\/revistaautobus.com.br\/?p=13068"]}]},{"@type":"ImageObject","inLanguage":"pt-BR","@id":"https:\/\/revistaautobus.com.br\/?p=13068#primaryimage","url":"https:\/\/revistaautobus.com.br\/wp-content\/uploads\/2024\/09\/IMG-20240905-WA0108.jpg","contentUrl":"https:\/\/revistaautobus.com.br\/wp-content\/uploads\/2024\/09\/IMG-20240905-WA0108.jpg","width":1080,"height":1080},{"@type":"BreadcrumbList","@id":"https:\/\/revistaautobus.com.br\/?p=13068#breadcrumb","itemListElement":[{"@type":"ListItem","position":1,"name":"In\u00edcio","item":"https:\/\/revistaautobus.com.br\/"},{"@type":"ListItem","position":2,"name":"35 anos de hist\u00f3ria familiar"}]},{"@type":"WebSite","@id":"https:\/\/revistaautobus.com.br\/#website","url":"https:\/\/revistaautobus.com.br\/","name":"Revista AutoBus","description":"","publisher":{"@id":"https:\/\/revistaautobus.com.br\/#organization"},"potentialAction":[{"@type":"SearchAction","target":{"@type":"EntryPoint","urlTemplate":"https:\/\/revistaautobus.com.br\/?s={search_term_string}"},"query-input":{"@type":"PropertyValueSpecification","valueRequired":true,"valueName":"search_term_string"}}],"inLanguage":"pt-BR"},{"@type":"Organization","@id":"https:\/\/revistaautobus.com.br\/#organization","name":"Revista AutoBus","url":"https:\/\/revistaautobus.com.br\/","logo":{"@type":"ImageObject","inLanguage":"pt-BR","@id":"https:\/\/revistaautobus.com.br\/#\/schema\/logo\/image\/","url":"https:\/\/revistaautobus.com.br\/wp-content\/uploads\/2024\/11\/logo_revista_autobus_fb.png","contentUrl":"https:\/\/revistaautobus.com.br\/wp-content\/uploads\/2024\/11\/logo_revista_autobus_fb.png","width":836,"height":227,"caption":"Revista AutoBus"},"image":{"@id":"https:\/\/revistaautobus.com.br\/#\/schema\/logo\/image\/"},"sameAs":["https:\/\/www.facebook.com\/antonio.ferro.3150","https:\/\/www.instagram.com\/revistaautobus\/"]},{"@type":"Person","@id":"https:\/\/revistaautobus.com.br\/#\/schema\/person\/54af7c3eb83a310e42ef686ef6d16f50","name":"Antonio Ferro","image":{"@type":"ImageObject","inLanguage":"pt-BR","@id":"https:\/\/revistaautobus.com.br\/wp-content\/uploads\/2025\/12\/editor_antonio_ferro-150x150.jpg","url":"https:\/\/revistaautobus.com.br\/wp-content\/uploads\/2025\/12\/editor_antonio_ferro-150x150.jpg","contentUrl":"https:\/\/revistaautobus.com.br\/wp-content\/uploads\/2025\/12\/editor_antonio_ferro-150x150.jpg","caption":"Antonio Ferro"},"description":"infobus@uol.com.br","url":"https:\/\/revistaautobus.com.br\/?author=2"}]}},"jetpack_featured_media_url":"https:\/\/revistaautobus.com.br\/wp-content\/uploads\/2024\/09\/IMG-20240905-WA0108.jpg","jetpack_sharing_enabled":true,"_links":{"self":[{"href":"https:\/\/revistaautobus.com.br\/index.php?rest_route=\/wp\/v2\/posts\/13068","targetHints":{"allow":["GET"]}}],"collection":[{"href":"https:\/\/revistaautobus.com.br\/index.php?rest_route=\/wp\/v2\/posts"}],"about":[{"href":"https:\/\/revistaautobus.com.br\/index.php?rest_route=\/wp\/v2\/types\/post"}],"author":[{"embeddable":true,"href":"https:\/\/revistaautobus.com.br\/index.php?rest_route=\/wp\/v2\/users\/2"}],"replies":[{"embeddable":true,"href":"https:\/\/revistaautobus.com.br\/index.php?rest_route=%2Fwp%2Fv2%2Fcomments&post=13068"}],"version-history":[{"count":3,"href":"https:\/\/revistaautobus.com.br\/index.php?rest_route=\/wp\/v2\/posts\/13068\/revisions"}],"predecessor-version":[{"id":13074,"href":"https:\/\/revistaautobus.com.br\/index.php?rest_route=\/wp\/v2\/posts\/13068\/revisions\/13074"}],"wp:featuredmedia":[{"embeddable":true,"href":"https:\/\/revistaautobus.com.br\/index.php?rest_route=\/wp\/v2\/media\/13069"}],"wp:attachment":[{"href":"https:\/\/revistaautobus.com.br\/index.php?rest_route=%2Fwp%2Fv2%2Fmedia&parent=13068"}],"wp:term":[{"taxonomy":"category","embeddable":true,"href":"https:\/\/revistaautobus.com.br\/index.php?rest_route=%2Fwp%2Fv2%2Fcategories&post=13068"},{"taxonomy":"post_tag","embeddable":true,"href":"https:\/\/revistaautobus.com.br\/index.php?rest_route=%2Fwp%2Fv2%2Ftags&post=13068"}],"curies":[{"name":"wp","href":"https:\/\/api.w.org\/{rel}","templated":true}]}}