{"id":13104,"date":"2024-09-13T10:17:20","date_gmt":"2024-09-13T13:17:20","guid":{"rendered":"https:\/\/revistaautobus.com.br\/?p=13104"},"modified":"2024-09-13T10:17:20","modified_gmt":"2024-09-13T13:17:20","slug":"simples-mais-barato-e-que-se-adequa-ao-transporte-limpo","status":"publish","type":"post","link":"https:\/\/revistaautobus.com.br\/?p=13104","title":{"rendered":"Simples, mais barato e que se adequa ao transporte limpo"},"content":{"rendered":"<p>A Caio, fabricante de carro\u00e7arias para \u00f4nibus, apresentou, recentemente, um prot\u00f3tipo de sua gama de produtos, idealizado para chassis com tra\u00e7\u00e3o el\u00e9trica. Trata-se do eApache Vip V (espec\u00edfico para motoriza\u00e7\u00e3o dianteira), com o modelo de carro\u00e7aria mais vendido por ela para o transporte urbano.<\/p>\n<p>O ve\u00edculo ir\u00e1 rodar, a partir de 17 de setembro, em Osasco (SP), experimentalmente, nas diferentes rotas do transporte coletivo do munic\u00edpio. A carro\u00e7aria comporta at\u00e9 83 pessoas, tendo 39 poltronas. Ainda, h\u00e1 o sistema de ar-condicionado el\u00e9trico, catraca eletr\u00f4nica, alarme de r\u00e9 com atenuador noturno, sensor de r\u00e9 no para-choque traseiro, tomadas USB nas laterais do sal\u00e3o, ilumina\u00e7\u00e3o interna em LED e nas caixas de porta (para os degraus), pontos para a instala\u00e7\u00e3o de microc\u00e2meras e validador.<\/p>\n<p>Para o CEO do Grupo Caio, Paulo Ruas, esse novo modelo reflete o comprometimento da marca com as inova\u00e7\u00f5es tecnol\u00f3gicas e sustent\u00e1veis do mercado, atrelado ao <em>design<\/em> do modelo urbano mais vendido no Pa\u00eds, que o Apache Vip Caio.<\/p>\n<p>Em termos de propuls\u00e3o, o referente \u00f4nibus tem o chassi Volkswagen 17230 ODS com suspens\u00e3o a ar, piso alto, de 12 metros e sistema de eletrifica\u00e7\u00e3o Plugin, com motor el\u00e9trico n\u00e3o relutante (\u00edm\u00e3 permanente em vez de enrolamentos de fio para gerar o campo magn\u00e9tico), muito mais eficiente, segundo a sua integradora, acoplado ao eixo traseiro. A pot\u00eancia \u00e9 de 360kW, com baterias de l\u00edtio (260 kWh), localizadas junto ao quadro do chassi, permitindo uma autonomia entre 250 e 280 km, a uma velocidade de 70 km\/h.<\/p>\n<p>Segundo a Plugin, a aus\u00eancia de relut\u00e2ncia, ou resist\u00eancia magn\u00e9tica, melhora a efici\u00eancia do motor, chegando a ganhos de 30% em rela\u00e7\u00e3o aos motores que utilizam im\u00e3 permanente com relut\u00e2ncia.<\/p>\n<p>E, por ser um prot\u00f3tipo, em fase de desenvolvimento, o modelo, ainda, n\u00e3o tem pre\u00e7o estipulado para o mercado.<\/p>\n<p><span style=\"color: #ff0000;\"><em>Motor de \u00cdm\u00e3 Permanente N\u00e3o Relutante:<\/em><\/span><\/p>\n<p>&#8211; Utiliza \u00edm\u00e3s permanentes para criar um campo magn\u00e9tico est\u00e1vel.<\/p>\n<p>&#8211; O rotor \u00e9 feito de material magn\u00e9tico e \u00e9 livre de enrolamentos.<\/p>\n<p>&#8211; O campo magn\u00e9tico interage diretamente com o rotor, gerando movimento rotativo.<\/p>\n<p>&#8211; A aus\u00eancia de relut\u00e2ncia (resist\u00eancia magn\u00e9tica) no rotor aumenta a efici\u00eancia.<\/p>\n<p><span style=\"color: #ff0000;\"><em>Motor de \u00cdm\u00e3 Permanente com Relut\u00e2ncia:<\/em><\/span><\/p>\n<p>&#8211; Tamb\u00e9m usa \u00edm\u00e3s permanentes, mas geralmente usa enrolamentos no rotor.<\/p>\n<p>&#8211; A relut\u00e2ncia no rotor cria uma resist\u00eancia vari\u00e1vel ao campo magn\u00e9tico, gerando movimento contr\u00e1rio ao campo magn\u00e9tico.<\/p>\n<p>&#8211; A complexidade do <em>design<\/em> pode afetar a efici\u00eancia.<\/p>\n<p>Imagem &#8211; Caio<\/p>\n","protected":false},"excerpt":{"rendered":"<p>Com tra\u00e7\u00e3o el\u00e9trica e uma configura\u00e7\u00e3o mais singela, modelo de \u00f4nibus urbano pode ser uma resposta vi\u00e1vel para a redu\u00e7\u00e3o das emiss\u00f5es poluentes do transporte coletivo<\/p>\n","protected":false},"author":2,"featured_media":13105,"comment_status":"open","ping_status":"open","sticky":false,"template":"","format":"standard","meta":{"_et_pb_use_builder":"","_et_pb_old_content":"","_et_gb_content_width":"","_jetpack_memberships_contains_paid_content":false,"footnotes":""},"categories":[562,55],"tags":[83,836],"class_list":["post-13104","post","type-post","status-publish","format-standard","has-post-thumbnail","hentry","category-eletrificacao","category-encarrocadora","tag-caio","tag-eapache-vip","et-has-post-format-content","et_post_format-et-post-format-standard"],"yoast_head":"<!-- This site is optimized with the Yoast SEO plugin v27.2 - https:\/\/yoast.com\/product\/yoast-seo-wordpress\/ -->\n<title>Simples, mais barato e que se adequa ao transporte limpo - Revista AutoBus<\/title>\n<meta name=\"robots\" content=\"index, follow, max-snippet:-1, max-image-preview:large, max-video-preview:-1\" \/>\n<link rel=\"canonical\" href=\"https:\/\/revistaautobus.com.br\/?p=13104\" \/>\n<meta property=\"og:locale\" content=\"pt_BR\" \/>\n<meta property=\"og:type\" content=\"article\" \/>\n<meta property=\"og:title\" content=\"Simples, mais barato e que se adequa ao transporte limpo - Revista AutoBus\" \/>\n<meta property=\"og:description\" content=\"Com tra\u00e7\u00e3o el\u00e9trica e uma configura\u00e7\u00e3o mais singela, modelo de \u00f4nibus urbano pode ser uma resposta vi\u00e1vel para a redu\u00e7\u00e3o das emiss\u00f5es poluentes do transporte coletivo\" \/>\n<meta property=\"og:url\" content=\"https:\/\/revistaautobus.com.br\/?p=13104\" \/>\n<meta property=\"og:site_name\" content=\"Revista AutoBus\" \/>\n<meta property=\"article:publisher\" content=\"https:\/\/www.facebook.com\/antonio.ferro.3150\" \/>\n<meta property=\"article:published_time\" content=\"2024-09-13T13:17:20+00:00\" \/>\n<meta property=\"og:image\" content=\"https:\/\/revistaautobus.com.br\/wp-content\/uploads\/2024\/09\/eApache.jpg\" \/>\n\t<meta property=\"og:image:width\" content=\"1000\" \/>\n\t<meta property=\"og:image:height\" content=\"750\" \/>\n\t<meta property=\"og:image:type\" content=\"image\/jpeg\" \/>\n<meta name=\"author\" content=\"Antonio Ferro\" \/>\n<meta name=\"twitter:card\" content=\"summary_large_image\" \/>\n<meta name=\"twitter:label1\" content=\"Escrito por\" \/>\n\t<meta name=\"twitter:data1\" content=\"Antonio Ferro\" \/>\n\t<meta name=\"twitter:label2\" content=\"Est. tempo de leitura\" \/>\n\t<meta name=\"twitter:data2\" content=\"2 minutos\" \/>\n<script type=\"application\/ld+json\" class=\"yoast-schema-graph\">{\"@context\":\"https:\/\/schema.org\",\"@graph\":[{\"@type\":\"Article\",\"@id\":\"https:\/\/revistaautobus.com.br\/?p=13104#article\",\"isPartOf\":{\"@id\":\"https:\/\/revistaautobus.com.br\/?p=13104\"},\"author\":{\"name\":\"Antonio Ferro\",\"@id\":\"https:\/\/revistaautobus.com.br\/#\/schema\/person\/54af7c3eb83a310e42ef686ef6d16f50\"},\"headline\":\"Simples, mais barato e que se adequa ao transporte limpo\",\"datePublished\":\"2024-09-13T13:17:20+00:00\",\"mainEntityOfPage\":{\"@id\":\"https:\/\/revistaautobus.com.br\/?p=13104\"},\"wordCount\":454,\"commentCount\":0,\"publisher\":{\"@id\":\"https:\/\/revistaautobus.com.br\/#organization\"},\"image\":{\"@id\":\"https:\/\/revistaautobus.com.br\/?p=13104#primaryimage\"},\"thumbnailUrl\":\"https:\/\/revistaautobus.com.br\/wp-content\/uploads\/2024\/09\/eApache.jpg\",\"keywords\":[\"Caio\",\"eApache Vip\"],\"articleSection\":[\"Eletrifica\u00e7\u00e3o\",\"Encarro\u00e7adora\"],\"inLanguage\":\"pt-BR\",\"potentialAction\":[{\"@type\":\"CommentAction\",\"name\":\"Comment\",\"target\":[\"https:\/\/revistaautobus.com.br\/?p=13104#respond\"]}]},{\"@type\":\"WebPage\",\"@id\":\"https:\/\/revistaautobus.com.br\/?p=13104\",\"url\":\"https:\/\/revistaautobus.com.br\/?p=13104\",\"name\":\"Simples, mais barato e que se adequa ao transporte limpo - Revista AutoBus\",\"isPartOf\":{\"@id\":\"https:\/\/revistaautobus.com.br\/#website\"},\"primaryImageOfPage\":{\"@id\":\"https:\/\/revistaautobus.com.br\/?p=13104#primaryimage\"},\"image\":{\"@id\":\"https:\/\/revistaautobus.com.br\/?p=13104#primaryimage\"},\"thumbnailUrl\":\"https:\/\/revistaautobus.com.br\/wp-content\/uploads\/2024\/09\/eApache.jpg\",\"datePublished\":\"2024-09-13T13:17:20+00:00\",\"breadcrumb\":{\"@id\":\"https:\/\/revistaautobus.com.br\/?p=13104#breadcrumb\"},\"inLanguage\":\"pt-BR\",\"potentialAction\":[{\"@type\":\"ReadAction\",\"target\":[\"https:\/\/revistaautobus.com.br\/?p=13104\"]}]},{\"@type\":\"ImageObject\",\"inLanguage\":\"pt-BR\",\"@id\":\"https:\/\/revistaautobus.com.br\/?p=13104#primaryimage\",\"url\":\"https:\/\/revistaautobus.com.br\/wp-content\/uploads\/2024\/09\/eApache.jpg\",\"contentUrl\":\"https:\/\/revistaautobus.com.br\/wp-content\/uploads\/2024\/09\/eApache.jpg\",\"width\":1000,\"height\":750},{\"@type\":\"BreadcrumbList\",\"@id\":\"https:\/\/revistaautobus.com.br\/?p=13104#breadcrumb\",\"itemListElement\":[{\"@type\":\"ListItem\",\"position\":1,\"name\":\"In\u00edcio\",\"item\":\"https:\/\/revistaautobus.com.br\/\"},{\"@type\":\"ListItem\",\"position\":2,\"name\":\"Simples, mais barato e que se adequa ao transporte limpo\"}]},{\"@type\":\"WebSite\",\"@id\":\"https:\/\/revistaautobus.com.br\/#website\",\"url\":\"https:\/\/revistaautobus.com.br\/\",\"name\":\"Revista AutoBus\",\"description\":\"\",\"publisher\":{\"@id\":\"https:\/\/revistaautobus.com.br\/#organization\"},\"potentialAction\":[{\"@type\":\"SearchAction\",\"target\":{\"@type\":\"EntryPoint\",\"urlTemplate\":\"https:\/\/revistaautobus.com.br\/?s={search_term_string}\"},\"query-input\":{\"@type\":\"PropertyValueSpecification\",\"valueRequired\":true,\"valueName\":\"search_term_string\"}}],\"inLanguage\":\"pt-BR\"},{\"@type\":\"Organization\",\"@id\":\"https:\/\/revistaautobus.com.br\/#organization\",\"name\":\"Revista AutoBus\",\"url\":\"https:\/\/revistaautobus.com.br\/\",\"logo\":{\"@type\":\"ImageObject\",\"inLanguage\":\"pt-BR\",\"@id\":\"https:\/\/revistaautobus.com.br\/#\/schema\/logo\/image\/\",\"url\":\"https:\/\/revistaautobus.com.br\/wp-content\/uploads\/2024\/11\/logo_revista_autobus_fb.png\",\"contentUrl\":\"https:\/\/revistaautobus.com.br\/wp-content\/uploads\/2024\/11\/logo_revista_autobus_fb.png\",\"width\":836,\"height\":227,\"caption\":\"Revista AutoBus\"},\"image\":{\"@id\":\"https:\/\/revistaautobus.com.br\/#\/schema\/logo\/image\/\"},\"sameAs\":[\"https:\/\/www.facebook.com\/antonio.ferro.3150\",\"https:\/\/www.instagram.com\/revistaautobus\/\"]},{\"@type\":\"Person\",\"@id\":\"https:\/\/revistaautobus.com.br\/#\/schema\/person\/54af7c3eb83a310e42ef686ef6d16f50\",\"name\":\"Antonio Ferro\",\"image\":{\"@type\":\"ImageObject\",\"inLanguage\":\"pt-BR\",\"@id\":\"https:\/\/revistaautobus.com.br\/wp-content\/uploads\/2025\/12\/editor_antonio_ferro-150x150.jpg\",\"url\":\"https:\/\/revistaautobus.com.br\/wp-content\/uploads\/2025\/12\/editor_antonio_ferro-150x150.jpg\",\"contentUrl\":\"https:\/\/revistaautobus.com.br\/wp-content\/uploads\/2025\/12\/editor_antonio_ferro-150x150.jpg\",\"caption\":\"Antonio Ferro\"},\"description\":\"infobus@uol.com.br\",\"url\":\"https:\/\/revistaautobus.com.br\/?author=2\"}]}<\/script>\n<!-- \/ Yoast SEO plugin. -->","yoast_head_json":{"title":"Simples, mais barato e que se adequa ao transporte limpo - Revista AutoBus","robots":{"index":"index","follow":"follow","max-snippet":"max-snippet:-1","max-image-preview":"max-image-preview:large","max-video-preview":"max-video-preview:-1"},"canonical":"https:\/\/revistaautobus.com.br\/?p=13104","og_locale":"pt_BR","og_type":"article","og_title":"Simples, mais barato e que se adequa ao transporte limpo - Revista AutoBus","og_description":"Com tra\u00e7\u00e3o el\u00e9trica e uma configura\u00e7\u00e3o mais singela, modelo de \u00f4nibus urbano pode ser uma resposta vi\u00e1vel para a redu\u00e7\u00e3o das emiss\u00f5es poluentes do transporte coletivo","og_url":"https:\/\/revistaautobus.com.br\/?p=13104","og_site_name":"Revista AutoBus","article_publisher":"https:\/\/www.facebook.com\/antonio.ferro.3150","article_published_time":"2024-09-13T13:17:20+00:00","og_image":[{"width":1000,"height":750,"url":"https:\/\/revistaautobus.com.br\/wp-content\/uploads\/2024\/09\/eApache.jpg","type":"image\/jpeg"}],"author":"Antonio Ferro","twitter_card":"summary_large_image","twitter_misc":{"Escrito por":"Antonio Ferro","Est. tempo de leitura":"2 minutos"},"schema":{"@context":"https:\/\/schema.org","@graph":[{"@type":"Article","@id":"https:\/\/revistaautobus.com.br\/?p=13104#article","isPartOf":{"@id":"https:\/\/revistaautobus.com.br\/?p=13104"},"author":{"name":"Antonio Ferro","@id":"https:\/\/revistaautobus.com.br\/#\/schema\/person\/54af7c3eb83a310e42ef686ef6d16f50"},"headline":"Simples, mais barato e que se adequa ao transporte limpo","datePublished":"2024-09-13T13:17:20+00:00","mainEntityOfPage":{"@id":"https:\/\/revistaautobus.com.br\/?p=13104"},"wordCount":454,"commentCount":0,"publisher":{"@id":"https:\/\/revistaautobus.com.br\/#organization"},"image":{"@id":"https:\/\/revistaautobus.com.br\/?p=13104#primaryimage"},"thumbnailUrl":"https:\/\/revistaautobus.com.br\/wp-content\/uploads\/2024\/09\/eApache.jpg","keywords":["Caio","eApache Vip"],"articleSection":["Eletrifica\u00e7\u00e3o","Encarro\u00e7adora"],"inLanguage":"pt-BR","potentialAction":[{"@type":"CommentAction","name":"Comment","target":["https:\/\/revistaautobus.com.br\/?p=13104#respond"]}]},{"@type":"WebPage","@id":"https:\/\/revistaautobus.com.br\/?p=13104","url":"https:\/\/revistaautobus.com.br\/?p=13104","name":"Simples, mais barato e que se adequa ao transporte limpo - Revista AutoBus","isPartOf":{"@id":"https:\/\/revistaautobus.com.br\/#website"},"primaryImageOfPage":{"@id":"https:\/\/revistaautobus.com.br\/?p=13104#primaryimage"},"image":{"@id":"https:\/\/revistaautobus.com.br\/?p=13104#primaryimage"},"thumbnailUrl":"https:\/\/revistaautobus.com.br\/wp-content\/uploads\/2024\/09\/eApache.jpg","datePublished":"2024-09-13T13:17:20+00:00","breadcrumb":{"@id":"https:\/\/revistaautobus.com.br\/?p=13104#breadcrumb"},"inLanguage":"pt-BR","potentialAction":[{"@type":"ReadAction","target":["https:\/\/revistaautobus.com.br\/?p=13104"]}]},{"@type":"ImageObject","inLanguage":"pt-BR","@id":"https:\/\/revistaautobus.com.br\/?p=13104#primaryimage","url":"https:\/\/revistaautobus.com.br\/wp-content\/uploads\/2024\/09\/eApache.jpg","contentUrl":"https:\/\/revistaautobus.com.br\/wp-content\/uploads\/2024\/09\/eApache.jpg","width":1000,"height":750},{"@type":"BreadcrumbList","@id":"https:\/\/revistaautobus.com.br\/?p=13104#breadcrumb","itemListElement":[{"@type":"ListItem","position":1,"name":"In\u00edcio","item":"https:\/\/revistaautobus.com.br\/"},{"@type":"ListItem","position":2,"name":"Simples, mais barato e que se adequa ao transporte limpo"}]},{"@type":"WebSite","@id":"https:\/\/revistaautobus.com.br\/#website","url":"https:\/\/revistaautobus.com.br\/","name":"Revista AutoBus","description":"","publisher":{"@id":"https:\/\/revistaautobus.com.br\/#organization"},"potentialAction":[{"@type":"SearchAction","target":{"@type":"EntryPoint","urlTemplate":"https:\/\/revistaautobus.com.br\/?s={search_term_string}"},"query-input":{"@type":"PropertyValueSpecification","valueRequired":true,"valueName":"search_term_string"}}],"inLanguage":"pt-BR"},{"@type":"Organization","@id":"https:\/\/revistaautobus.com.br\/#organization","name":"Revista AutoBus","url":"https:\/\/revistaautobus.com.br\/","logo":{"@type":"ImageObject","inLanguage":"pt-BR","@id":"https:\/\/revistaautobus.com.br\/#\/schema\/logo\/image\/","url":"https:\/\/revistaautobus.com.br\/wp-content\/uploads\/2024\/11\/logo_revista_autobus_fb.png","contentUrl":"https:\/\/revistaautobus.com.br\/wp-content\/uploads\/2024\/11\/logo_revista_autobus_fb.png","width":836,"height":227,"caption":"Revista AutoBus"},"image":{"@id":"https:\/\/revistaautobus.com.br\/#\/schema\/logo\/image\/"},"sameAs":["https:\/\/www.facebook.com\/antonio.ferro.3150","https:\/\/www.instagram.com\/revistaautobus\/"]},{"@type":"Person","@id":"https:\/\/revistaautobus.com.br\/#\/schema\/person\/54af7c3eb83a310e42ef686ef6d16f50","name":"Antonio Ferro","image":{"@type":"ImageObject","inLanguage":"pt-BR","@id":"https:\/\/revistaautobus.com.br\/wp-content\/uploads\/2025\/12\/editor_antonio_ferro-150x150.jpg","url":"https:\/\/revistaautobus.com.br\/wp-content\/uploads\/2025\/12\/editor_antonio_ferro-150x150.jpg","contentUrl":"https:\/\/revistaautobus.com.br\/wp-content\/uploads\/2025\/12\/editor_antonio_ferro-150x150.jpg","caption":"Antonio Ferro"},"description":"infobus@uol.com.br","url":"https:\/\/revistaautobus.com.br\/?author=2"}]}},"jetpack_featured_media_url":"https:\/\/revistaautobus.com.br\/wp-content\/uploads\/2024\/09\/eApache.jpg","jetpack_sharing_enabled":true,"_links":{"self":[{"href":"https:\/\/revistaautobus.com.br\/index.php?rest_route=\/wp\/v2\/posts\/13104","targetHints":{"allow":["GET"]}}],"collection":[{"href":"https:\/\/revistaautobus.com.br\/index.php?rest_route=\/wp\/v2\/posts"}],"about":[{"href":"https:\/\/revistaautobus.com.br\/index.php?rest_route=\/wp\/v2\/types\/post"}],"author":[{"embeddable":true,"href":"https:\/\/revistaautobus.com.br\/index.php?rest_route=\/wp\/v2\/users\/2"}],"replies":[{"embeddable":true,"href":"https:\/\/revistaautobus.com.br\/index.php?rest_route=%2Fwp%2Fv2%2Fcomments&post=13104"}],"version-history":[{"count":2,"href":"https:\/\/revistaautobus.com.br\/index.php?rest_route=\/wp\/v2\/posts\/13104\/revisions"}],"predecessor-version":[{"id":13107,"href":"https:\/\/revistaautobus.com.br\/index.php?rest_route=\/wp\/v2\/posts\/13104\/revisions\/13107"}],"wp:featuredmedia":[{"embeddable":true,"href":"https:\/\/revistaautobus.com.br\/index.php?rest_route=\/wp\/v2\/media\/13105"}],"wp:attachment":[{"href":"https:\/\/revistaautobus.com.br\/index.php?rest_route=%2Fwp%2Fv2%2Fmedia&parent=13104"}],"wp:term":[{"taxonomy":"category","embeddable":true,"href":"https:\/\/revistaautobus.com.br\/index.php?rest_route=%2Fwp%2Fv2%2Fcategories&post=13104"},{"taxonomy":"post_tag","embeddable":true,"href":"https:\/\/revistaautobus.com.br\/index.php?rest_route=%2Fwp%2Fv2%2Ftags&post=13104"}],"curies":[{"name":"wp","href":"https:\/\/api.w.org\/{rel}","templated":true}]}}