{"id":13179,"date":"2024-09-23T16:33:51","date_gmt":"2024-09-23T19:33:51","guid":{"rendered":"https:\/\/revistaautobus.com.br\/?p=13179"},"modified":"2024-11-07T16:50:30","modified_gmt":"2024-11-07T19:50:30","slug":"cuidado-com-a-saude-da-pele","status":"publish","type":"post","link":"https:\/\/revistaautobus.com.br\/?p=13179","title":{"rendered":"Cuidado com a sa\u00fade da pele"},"content":{"rendered":"<p>Numa a\u00e7\u00e3o orquestrada entre os Laborat\u00f3rios Pierre Fabre e a Via\u00e7\u00e3o \u00c1guia Branca, entre os dias 20 e 21 de setembro passado, os passageiros que utilizaram os \u00f4nibus da operadora com destino ao Rio de Janeiro tiveram uma grata surpresa ao receberam amostras do Actine One, protetor solar com absor\u00e7\u00e3o em 1 segundo, al\u00e9m do gel de limpeza Actine.<\/p>\n<p>A \u00c1guia Branca aproveitou o aumento da demanda de passageiros por conta do maior festival de m\u00fasica e entretenimento do mundo, o Rock in Rio, refor\u00e7ando sua opera\u00e7\u00e3o com 375 \u00f4nibus adicionais. J\u00e1 o Darrow Laborat\u00f3rio destacou que o seu protetor Actine One representa uma verdadeira revolu\u00e7\u00e3o na linha Actine, tendo f\u00f3rmula, clinicamente testada, e adequada para todos os tons de pele, sem deixar res\u00edduo branco, inclusive na barba. Ele, al\u00e9m de promover alta prote\u00e7\u00e3o UVA+UVB, com FPS 50, foi desenvolvido em parceria com dermatologistas para a pele brasileira e conta com uma fragr\u00e2ncia exclusiva, que torna sua aplica\u00e7\u00e3o ainda mais agrad\u00e1vel.<\/p>\n<p>Andrea Viegas, gerente de Marketing de Darrow, disse que essa a\u00e7\u00e3o \u00e9 uma oportunidade de a empresa estar mais pr\u00f3xima aos seus consumidores, apresentando o lan\u00e7amento em fotoprote\u00e7\u00e3o Actine One, um produto revolucion\u00e1rio com absor\u00e7\u00e3o em 1 segundo e textura \u00fanica. \u201cDarrow \u00e9 uma marca cheia de energia e diversa, que busca levar a dermatologia para todos! Com o Actine One, lan\u00e7amos no mercado um produto com acabamento invis\u00edvel e zero res\u00edduo em todas as tonalidades da pele brasileira, ideal para quem busca alta prote\u00e7\u00e3o sem interferir na sua rotina. Perfeito para quem vai aproveitar o sol do Rio de Janeiro durante essa semana festiva na cidade\u201d, destacou ela.<\/p>\n<p>J\u00e1 Melquisedeck Carvalho, gerente de Vendas da Via\u00e7\u00e3o \u00c1guia Branca, afirmou que os passageiros j\u00e1 est\u00e3o acostumados com a comodidade e qualidade dos servi\u00e7os disponibilizados pela transportadora. \u201cCom isso, ao surpreend\u00ea-los com este lan\u00e7amento, agregamos, ainda mais, \u00e0 experi\u00eancia das pessoas, que viajaram em seguran\u00e7a para curtirem o festival com a pele ainda mais protegida\u201d.<\/p>\n<p>Imagens &#8211; Divulga\u00e7\u00e3o<\/p>\n","protected":false},"excerpt":{"rendered":"<p>O Darrow Laborat\u00f3rio, marca dermatol\u00f3gica dos Laborat\u00f3rios Pierre Fabre, e a Via\u00e7\u00e3o \u00c1guia Branca, operadora rodovi\u00e1ria refer\u00eancia de mercado, promoveram uma parceria para que os passageiros da linha S\u00e3o Paulo &#8211; Rio de Janeiro recebessem amostras de protetor solar<\/p>\n","protected":false},"author":2,"featured_media":13746,"comment_status":"open","ping_status":"open","sticky":false,"template":"","format":"standard","meta":{"_et_pb_use_builder":"","_et_pb_old_content":"","_et_gb_content_width":"","_jetpack_memberships_contains_paid_content":false,"footnotes":""},"categories":[90,80],"tags":[394],"class_list":["post-13179","post","type-post","status-publish","format-standard","has-post-thumbnail","hentry","category-noticias","category-transporte-rodoviario","tag-viacao-aguia-branca","et-has-post-format-content","et_post_format-et-post-format-standard"],"yoast_head":"<!-- This site is optimized with the Yoast SEO plugin v27.2 - https:\/\/yoast.com\/product\/yoast-seo-wordpress\/ -->\n<title>Cuidado com a sa\u00fade da pele - Revista AutoBus<\/title>\n<meta name=\"robots\" content=\"index, follow, max-snippet:-1, max-image-preview:large, max-video-preview:-1\" \/>\n<link rel=\"canonical\" href=\"https:\/\/revistaautobus.com.br\/?p=13179\" \/>\n<meta property=\"og:locale\" content=\"pt_BR\" \/>\n<meta property=\"og:type\" content=\"article\" \/>\n<meta property=\"og:title\" content=\"Cuidado com a sa\u00fade da pele - Revista AutoBus\" \/>\n<meta property=\"og:description\" content=\"O Darrow Laborat\u00f3rio, marca dermatol\u00f3gica dos Laborat\u00f3rios Pierre Fabre, e a Via\u00e7\u00e3o \u00c1guia Branca, operadora rodovi\u00e1ria refer\u00eancia de mercado, promoveram uma parceria para que os passageiros da linha S\u00e3o Paulo - Rio de Janeiro recebessem amostras de protetor solar\" \/>\n<meta property=\"og:url\" content=\"https:\/\/revistaautobus.com.br\/?p=13179\" \/>\n<meta property=\"og:site_name\" content=\"Revista AutoBus\" \/>\n<meta property=\"article:publisher\" content=\"https:\/\/www.facebook.com\/antonio.ferro.3150\" \/>\n<meta property=\"article:published_time\" content=\"2024-09-23T19:33:51+00:00\" \/>\n<meta property=\"article:modified_time\" content=\"2024-11-07T19:50:30+00:00\" \/>\n<meta property=\"og:image\" content=\"https:\/\/revistaautobus.com.br\/wp-content\/uploads\/2024\/09\/Imagem-do-WhatsApp-de-2024-09-17-as-09.03.19_8e2395a8.jpg\" \/>\n\t<meta property=\"og:image:width\" content=\"1600\" \/>\n\t<meta property=\"og:image:height\" content=\"1200\" \/>\n\t<meta property=\"og:image:type\" content=\"image\/jpeg\" \/>\n<meta name=\"author\" content=\"Antonio Ferro\" \/>\n<meta name=\"twitter:card\" content=\"summary_large_image\" \/>\n<meta name=\"twitter:label1\" content=\"Escrito por\" \/>\n\t<meta name=\"twitter:data1\" content=\"Antonio Ferro\" \/>\n\t<meta name=\"twitter:label2\" content=\"Est. tempo de leitura\" \/>\n\t<meta name=\"twitter:data2\" content=\"2 minutos\" \/>\n<script type=\"application\/ld+json\" class=\"yoast-schema-graph\">{\"@context\":\"https:\/\/schema.org\",\"@graph\":[{\"@type\":\"Article\",\"@id\":\"https:\/\/revistaautobus.com.br\/?p=13179#article\",\"isPartOf\":{\"@id\":\"https:\/\/revistaautobus.com.br\/?p=13179\"},\"author\":{\"name\":\"Antonio Ferro\",\"@id\":\"https:\/\/revistaautobus.com.br\/#\/schema\/person\/54af7c3eb83a310e42ef686ef6d16f50\"},\"headline\":\"Cuidado com a sa\u00fade da pele\",\"datePublished\":\"2024-09-23T19:33:51+00:00\",\"dateModified\":\"2024-11-07T19:50:30+00:00\",\"mainEntityOfPage\":{\"@id\":\"https:\/\/revistaautobus.com.br\/?p=13179\"},\"wordCount\":362,\"commentCount\":0,\"publisher\":{\"@id\":\"https:\/\/revistaautobus.com.br\/#organization\"},\"image\":{\"@id\":\"https:\/\/revistaautobus.com.br\/?p=13179#primaryimage\"},\"thumbnailUrl\":\"https:\/\/revistaautobus.com.br\/wp-content\/uploads\/2024\/09\/Imagem-do-WhatsApp-de-2024-09-17-as-09.03.19_8e2395a8.jpg\",\"keywords\":[\"Via\u00e7\u00e3o \u00c1guia Branca\"],\"articleSection\":[\"Not\u00edcias\",\"Transporte rodovi\u00e1rio\"],\"inLanguage\":\"pt-BR\",\"potentialAction\":[{\"@type\":\"CommentAction\",\"name\":\"Comment\",\"target\":[\"https:\/\/revistaautobus.com.br\/?p=13179#respond\"]}]},{\"@type\":\"WebPage\",\"@id\":\"https:\/\/revistaautobus.com.br\/?p=13179\",\"url\":\"https:\/\/revistaautobus.com.br\/?p=13179\",\"name\":\"Cuidado com a sa\u00fade da pele - Revista AutoBus\",\"isPartOf\":{\"@id\":\"https:\/\/revistaautobus.com.br\/#website\"},\"primaryImageOfPage\":{\"@id\":\"https:\/\/revistaautobus.com.br\/?p=13179#primaryimage\"},\"image\":{\"@id\":\"https:\/\/revistaautobus.com.br\/?p=13179#primaryimage\"},\"thumbnailUrl\":\"https:\/\/revistaautobus.com.br\/wp-content\/uploads\/2024\/09\/Imagem-do-WhatsApp-de-2024-09-17-as-09.03.19_8e2395a8.jpg\",\"datePublished\":\"2024-09-23T19:33:51+00:00\",\"dateModified\":\"2024-11-07T19:50:30+00:00\",\"breadcrumb\":{\"@id\":\"https:\/\/revistaautobus.com.br\/?p=13179#breadcrumb\"},\"inLanguage\":\"pt-BR\",\"potentialAction\":[{\"@type\":\"ReadAction\",\"target\":[\"https:\/\/revistaautobus.com.br\/?p=13179\"]}]},{\"@type\":\"ImageObject\",\"inLanguage\":\"pt-BR\",\"@id\":\"https:\/\/revistaautobus.com.br\/?p=13179#primaryimage\",\"url\":\"https:\/\/revistaautobus.com.br\/wp-content\/uploads\/2024\/09\/Imagem-do-WhatsApp-de-2024-09-17-as-09.03.19_8e2395a8.jpg\",\"contentUrl\":\"https:\/\/revistaautobus.com.br\/wp-content\/uploads\/2024\/09\/Imagem-do-WhatsApp-de-2024-09-17-as-09.03.19_8e2395a8.jpg\",\"width\":1600,\"height\":1200},{\"@type\":\"BreadcrumbList\",\"@id\":\"https:\/\/revistaautobus.com.br\/?p=13179#breadcrumb\",\"itemListElement\":[{\"@type\":\"ListItem\",\"position\":1,\"name\":\"In\u00edcio\",\"item\":\"https:\/\/revistaautobus.com.br\/\"},{\"@type\":\"ListItem\",\"position\":2,\"name\":\"Cuidado com a sa\u00fade da pele\"}]},{\"@type\":\"WebSite\",\"@id\":\"https:\/\/revistaautobus.com.br\/#website\",\"url\":\"https:\/\/revistaautobus.com.br\/\",\"name\":\"Revista AutoBus\",\"description\":\"\",\"publisher\":{\"@id\":\"https:\/\/revistaautobus.com.br\/#organization\"},\"potentialAction\":[{\"@type\":\"SearchAction\",\"target\":{\"@type\":\"EntryPoint\",\"urlTemplate\":\"https:\/\/revistaautobus.com.br\/?s={search_term_string}\"},\"query-input\":{\"@type\":\"PropertyValueSpecification\",\"valueRequired\":true,\"valueName\":\"search_term_string\"}}],\"inLanguage\":\"pt-BR\"},{\"@type\":\"Organization\",\"@id\":\"https:\/\/revistaautobus.com.br\/#organization\",\"name\":\"Revista AutoBus\",\"url\":\"https:\/\/revistaautobus.com.br\/\",\"logo\":{\"@type\":\"ImageObject\",\"inLanguage\":\"pt-BR\",\"@id\":\"https:\/\/revistaautobus.com.br\/#\/schema\/logo\/image\/\",\"url\":\"https:\/\/revistaautobus.com.br\/wp-content\/uploads\/2024\/11\/logo_revista_autobus_fb.png\",\"contentUrl\":\"https:\/\/revistaautobus.com.br\/wp-content\/uploads\/2024\/11\/logo_revista_autobus_fb.png\",\"width\":836,\"height\":227,\"caption\":\"Revista AutoBus\"},\"image\":{\"@id\":\"https:\/\/revistaautobus.com.br\/#\/schema\/logo\/image\/\"},\"sameAs\":[\"https:\/\/www.facebook.com\/antonio.ferro.3150\",\"https:\/\/www.instagram.com\/revistaautobus\/\"]},{\"@type\":\"Person\",\"@id\":\"https:\/\/revistaautobus.com.br\/#\/schema\/person\/54af7c3eb83a310e42ef686ef6d16f50\",\"name\":\"Antonio Ferro\",\"image\":{\"@type\":\"ImageObject\",\"inLanguage\":\"pt-BR\",\"@id\":\"https:\/\/revistaautobus.com.br\/wp-content\/uploads\/2025\/12\/editor_antonio_ferro-150x150.jpg\",\"url\":\"https:\/\/revistaautobus.com.br\/wp-content\/uploads\/2025\/12\/editor_antonio_ferro-150x150.jpg\",\"contentUrl\":\"https:\/\/revistaautobus.com.br\/wp-content\/uploads\/2025\/12\/editor_antonio_ferro-150x150.jpg\",\"caption\":\"Antonio Ferro\"},\"description\":\"infobus@uol.com.br\",\"url\":\"https:\/\/revistaautobus.com.br\/?author=2\"}]}<\/script>\n<!-- \/ Yoast SEO plugin. -->","yoast_head_json":{"title":"Cuidado com a sa\u00fade da pele - Revista AutoBus","robots":{"index":"index","follow":"follow","max-snippet":"max-snippet:-1","max-image-preview":"max-image-preview:large","max-video-preview":"max-video-preview:-1"},"canonical":"https:\/\/revistaautobus.com.br\/?p=13179","og_locale":"pt_BR","og_type":"article","og_title":"Cuidado com a sa\u00fade da pele - Revista AutoBus","og_description":"O Darrow Laborat\u00f3rio, marca dermatol\u00f3gica dos Laborat\u00f3rios Pierre Fabre, e a Via\u00e7\u00e3o \u00c1guia Branca, operadora rodovi\u00e1ria refer\u00eancia de mercado, promoveram uma parceria para que os passageiros da linha S\u00e3o Paulo - Rio de Janeiro recebessem amostras de protetor solar","og_url":"https:\/\/revistaautobus.com.br\/?p=13179","og_site_name":"Revista AutoBus","article_publisher":"https:\/\/www.facebook.com\/antonio.ferro.3150","article_published_time":"2024-09-23T19:33:51+00:00","article_modified_time":"2024-11-07T19:50:30+00:00","og_image":[{"width":1600,"height":1200,"url":"https:\/\/revistaautobus.com.br\/wp-content\/uploads\/2024\/09\/Imagem-do-WhatsApp-de-2024-09-17-as-09.03.19_8e2395a8.jpg","type":"image\/jpeg"}],"author":"Antonio Ferro","twitter_card":"summary_large_image","twitter_misc":{"Escrito por":"Antonio Ferro","Est. tempo de leitura":"2 minutos"},"schema":{"@context":"https:\/\/schema.org","@graph":[{"@type":"Article","@id":"https:\/\/revistaautobus.com.br\/?p=13179#article","isPartOf":{"@id":"https:\/\/revistaautobus.com.br\/?p=13179"},"author":{"name":"Antonio Ferro","@id":"https:\/\/revistaautobus.com.br\/#\/schema\/person\/54af7c3eb83a310e42ef686ef6d16f50"},"headline":"Cuidado com a sa\u00fade da pele","datePublished":"2024-09-23T19:33:51+00:00","dateModified":"2024-11-07T19:50:30+00:00","mainEntityOfPage":{"@id":"https:\/\/revistaautobus.com.br\/?p=13179"},"wordCount":362,"commentCount":0,"publisher":{"@id":"https:\/\/revistaautobus.com.br\/#organization"},"image":{"@id":"https:\/\/revistaautobus.com.br\/?p=13179#primaryimage"},"thumbnailUrl":"https:\/\/revistaautobus.com.br\/wp-content\/uploads\/2024\/09\/Imagem-do-WhatsApp-de-2024-09-17-as-09.03.19_8e2395a8.jpg","keywords":["Via\u00e7\u00e3o \u00c1guia Branca"],"articleSection":["Not\u00edcias","Transporte rodovi\u00e1rio"],"inLanguage":"pt-BR","potentialAction":[{"@type":"CommentAction","name":"Comment","target":["https:\/\/revistaautobus.com.br\/?p=13179#respond"]}]},{"@type":"WebPage","@id":"https:\/\/revistaautobus.com.br\/?p=13179","url":"https:\/\/revistaautobus.com.br\/?p=13179","name":"Cuidado com a sa\u00fade da pele - Revista AutoBus","isPartOf":{"@id":"https:\/\/revistaautobus.com.br\/#website"},"primaryImageOfPage":{"@id":"https:\/\/revistaautobus.com.br\/?p=13179#primaryimage"},"image":{"@id":"https:\/\/revistaautobus.com.br\/?p=13179#primaryimage"},"thumbnailUrl":"https:\/\/revistaautobus.com.br\/wp-content\/uploads\/2024\/09\/Imagem-do-WhatsApp-de-2024-09-17-as-09.03.19_8e2395a8.jpg","datePublished":"2024-09-23T19:33:51+00:00","dateModified":"2024-11-07T19:50:30+00:00","breadcrumb":{"@id":"https:\/\/revistaautobus.com.br\/?p=13179#breadcrumb"},"inLanguage":"pt-BR","potentialAction":[{"@type":"ReadAction","target":["https:\/\/revistaautobus.com.br\/?p=13179"]}]},{"@type":"ImageObject","inLanguage":"pt-BR","@id":"https:\/\/revistaautobus.com.br\/?p=13179#primaryimage","url":"https:\/\/revistaautobus.com.br\/wp-content\/uploads\/2024\/09\/Imagem-do-WhatsApp-de-2024-09-17-as-09.03.19_8e2395a8.jpg","contentUrl":"https:\/\/revistaautobus.com.br\/wp-content\/uploads\/2024\/09\/Imagem-do-WhatsApp-de-2024-09-17-as-09.03.19_8e2395a8.jpg","width":1600,"height":1200},{"@type":"BreadcrumbList","@id":"https:\/\/revistaautobus.com.br\/?p=13179#breadcrumb","itemListElement":[{"@type":"ListItem","position":1,"name":"In\u00edcio","item":"https:\/\/revistaautobus.com.br\/"},{"@type":"ListItem","position":2,"name":"Cuidado com a sa\u00fade da pele"}]},{"@type":"WebSite","@id":"https:\/\/revistaautobus.com.br\/#website","url":"https:\/\/revistaautobus.com.br\/","name":"Revista AutoBus","description":"","publisher":{"@id":"https:\/\/revistaautobus.com.br\/#organization"},"potentialAction":[{"@type":"SearchAction","target":{"@type":"EntryPoint","urlTemplate":"https:\/\/revistaautobus.com.br\/?s={search_term_string}"},"query-input":{"@type":"PropertyValueSpecification","valueRequired":true,"valueName":"search_term_string"}}],"inLanguage":"pt-BR"},{"@type":"Organization","@id":"https:\/\/revistaautobus.com.br\/#organization","name":"Revista AutoBus","url":"https:\/\/revistaautobus.com.br\/","logo":{"@type":"ImageObject","inLanguage":"pt-BR","@id":"https:\/\/revistaautobus.com.br\/#\/schema\/logo\/image\/","url":"https:\/\/revistaautobus.com.br\/wp-content\/uploads\/2024\/11\/logo_revista_autobus_fb.png","contentUrl":"https:\/\/revistaautobus.com.br\/wp-content\/uploads\/2024\/11\/logo_revista_autobus_fb.png","width":836,"height":227,"caption":"Revista AutoBus"},"image":{"@id":"https:\/\/revistaautobus.com.br\/#\/schema\/logo\/image\/"},"sameAs":["https:\/\/www.facebook.com\/antonio.ferro.3150","https:\/\/www.instagram.com\/revistaautobus\/"]},{"@type":"Person","@id":"https:\/\/revistaautobus.com.br\/#\/schema\/person\/54af7c3eb83a310e42ef686ef6d16f50","name":"Antonio Ferro","image":{"@type":"ImageObject","inLanguage":"pt-BR","@id":"https:\/\/revistaautobus.com.br\/wp-content\/uploads\/2025\/12\/editor_antonio_ferro-150x150.jpg","url":"https:\/\/revistaautobus.com.br\/wp-content\/uploads\/2025\/12\/editor_antonio_ferro-150x150.jpg","contentUrl":"https:\/\/revistaautobus.com.br\/wp-content\/uploads\/2025\/12\/editor_antonio_ferro-150x150.jpg","caption":"Antonio Ferro"},"description":"infobus@uol.com.br","url":"https:\/\/revistaautobus.com.br\/?author=2"}]}},"jetpack_featured_media_url":"https:\/\/revistaautobus.com.br\/wp-content\/uploads\/2024\/09\/Imagem-do-WhatsApp-de-2024-09-17-as-09.03.19_8e2395a8.jpg","jetpack_sharing_enabled":true,"_links":{"self":[{"href":"https:\/\/revistaautobus.com.br\/index.php?rest_route=\/wp\/v2\/posts\/13179","targetHints":{"allow":["GET"]}}],"collection":[{"href":"https:\/\/revistaautobus.com.br\/index.php?rest_route=\/wp\/v2\/posts"}],"about":[{"href":"https:\/\/revistaautobus.com.br\/index.php?rest_route=\/wp\/v2\/types\/post"}],"author":[{"embeddable":true,"href":"https:\/\/revistaautobus.com.br\/index.php?rest_route=\/wp\/v2\/users\/2"}],"replies":[{"embeddable":true,"href":"https:\/\/revistaautobus.com.br\/index.php?rest_route=%2Fwp%2Fv2%2Fcomments&post=13179"}],"version-history":[{"count":3,"href":"https:\/\/revistaautobus.com.br\/index.php?rest_route=\/wp\/v2\/posts\/13179\/revisions"}],"predecessor-version":[{"id":13748,"href":"https:\/\/revistaautobus.com.br\/index.php?rest_route=\/wp\/v2\/posts\/13179\/revisions\/13748"}],"wp:featuredmedia":[{"embeddable":true,"href":"https:\/\/revistaautobus.com.br\/index.php?rest_route=\/wp\/v2\/media\/13746"}],"wp:attachment":[{"href":"https:\/\/revistaautobus.com.br\/index.php?rest_route=%2Fwp%2Fv2%2Fmedia&parent=13179"}],"wp:term":[{"taxonomy":"category","embeddable":true,"href":"https:\/\/revistaautobus.com.br\/index.php?rest_route=%2Fwp%2Fv2%2Fcategories&post=13179"},{"taxonomy":"post_tag","embeddable":true,"href":"https:\/\/revistaautobus.com.br\/index.php?rest_route=%2Fwp%2Fv2%2Ftags&post=13179"}],"curies":[{"name":"wp","href":"https:\/\/api.w.org\/{rel}","templated":true}]}}