{"id":1319,"date":"2019-01-21T13:32:00","date_gmt":"2019-01-21T15:32:00","guid":{"rendered":"https:\/\/vila8.com.br\/clientes\/autobus\/?p=1319"},"modified":"2021-06-23T10:21:30","modified_gmt":"2021-06-23T13:21:30","slug":"diwa-6-no-transporte-paulistano","status":"publish","type":"post","link":"https:\/\/revistaautobus.com.br\/?p=1319","title":{"rendered":"DIWA.6 no transporte paulistano"},"content":{"rendered":"\n<p>A nova transmiss\u00e3o autom\u00e1tica DIWA.6 produzida pela Voith estar\u00e1 presente no sistema de \u00f4nibus urbano de S\u00e3o Paulo. Ao todo, 680 unidades do modelo foram comercializadas com os operadores paulistanos. Do total, 620 unidades ser\u00e3o para equipar ve\u00edculos do tipo Padron e 60 para articulados e superarticulados. Destas, 110 j\u00e1 iniciaram a opera\u00e7\u00e3o na cidade de S\u00e3o Paulo. \u201cA entrega das primeiras transmiss\u00f5es autom\u00e1ticas DIWA.6 para os operadores de \u00f4nibus urbanos em S\u00e3o Paulo refor\u00e7a a posi\u00e7\u00e3o da Voith como l\u00edder e&nbsp;principal parceira tecnol\u00f3gica neste segmento\u201d, diz F\u00e1bio Manzini, Gerente de Vendas da Divis\u00e3o de Mobilidade da Voith Turbo no Brasil. O modelo DIWA.6 se une \u00e0s mais de 3.500 unidades de transmiss\u00f5es DIWA.3 e DIWA.5 que j\u00e1 estavam em opera\u00e7\u00e3o na capital paulista.<\/p>\n\n\n\n<p>De acordo com a Voith, a transmiss\u00e3o DIWA.6 oferece como principais&nbsp;novidades uma maior capacidade de transmiss\u00e3o de torque, carca\u00e7a refor\u00e7ada para redu\u00e7\u00e3o de ru\u00eddos e vibra\u00e7\u00f5es, circuito de \u00f3leo com controle vari\u00e1vel de press\u00e3o, amortecedor de vibra\u00e7\u00f5es torcionais otimizado e novos sensores que permitem maior precis\u00e3o nas trocas de marchas al\u00e9m de assist\u00eancia para&nbsp;partida em rampa. Outro aspecto \u00e9 que ela proporciona o consumo de&nbsp;combust\u00edvel otimizado e redu\u00e7\u00e3o das emiss\u00f5es de CO\u00b2, em linha com as atuais demandas do mercado automotivo.<\/p>\n\n\n\n<p>A tecnologia tem um diferencial, que mant\u00e9m o consagrado princ\u00edpio de acelera\u00e7\u00e3o e frenagem em circuito hidrodin\u00e2mico \u00fanico al\u00e9m da combina\u00e7\u00e3o de transmiss\u00e3o continuamente vari\u00e1vel (CVT) e convencional que proporciona menor frequ\u00eancia de trocas de marchas e menor desgaste em todo o sistema. Al\u00e9m de&nbsp; S\u00e3o Paulo, a fabricante tamb\u00e9m tem entregas programadas para&nbsp;Curitiba e Rio de Janeiro. Ultrapassando as fronteiras brasileiras, no mercado sul-americano j\u00e1 h\u00e1 vendas concretizadas para equipar as frotas de cidades como Bogot\u00e1, na Col\u00f4mbia e Santiago, no Chile.&nbsp;<\/p>\n\n\n\n<p>Imagem &#8211; Divulga\u00e7\u00e3o<\/p>\n","protected":false},"excerpt":{"rendered":"<p>De acordo com a Voith, a transmiss\u00e3o DIWA.6 oferece como principais novidades uma maior capacidade de transmiss\u00e3o de torque, carca\u00e7a refor\u00e7ada para redu\u00e7\u00e3o de ru\u00eddos e vibra\u00e7\u00f5es<\/p>\n","protected":false},"author":2,"featured_media":1320,"comment_status":"open","ping_status":"open","sticky":false,"template":"","format":"standard","meta":{"_et_pb_use_builder":"off","_et_pb_old_content":"","_et_gb_content_width":"","_jetpack_memberships_contains_paid_content":false,"footnotes":""},"categories":[90],"tags":[],"class_list":["post-1319","post","type-post","status-publish","format-standard","has-post-thumbnail","hentry","category-noticias","et-has-post-format-content","et_post_format-et-post-format-standard"],"yoast_head":"<!-- This site is optimized with the Yoast SEO plugin v27.2 - https:\/\/yoast.com\/product\/yoast-seo-wordpress\/ -->\n<title>DIWA.6 no transporte paulistano - Revista AutoBus<\/title>\n<meta name=\"robots\" content=\"index, follow, max-snippet:-1, max-image-preview:large, max-video-preview:-1\" \/>\n<link rel=\"canonical\" href=\"https:\/\/revistaautobus.com.br\/?p=1319\" \/>\n<meta property=\"og:locale\" content=\"pt_BR\" \/>\n<meta property=\"og:type\" content=\"article\" \/>\n<meta property=\"og:title\" content=\"DIWA.6 no transporte paulistano - Revista AutoBus\" \/>\n<meta property=\"og:description\" content=\"De acordo com a Voith, a transmiss\u00e3o DIWA.6 oferece como principais novidades uma maior capacidade de transmiss\u00e3o de torque, carca\u00e7a refor\u00e7ada para redu\u00e7\u00e3o de ru\u00eddos e vibra\u00e7\u00f5es\" \/>\n<meta property=\"og:url\" content=\"https:\/\/revistaautobus.com.br\/?p=1319\" \/>\n<meta property=\"og:site_name\" content=\"Revista AutoBus\" \/>\n<meta property=\"article:publisher\" content=\"https:\/\/www.facebook.com\/antonio.ferro.3150\" \/>\n<meta property=\"article:published_time\" content=\"2019-01-21T15:32:00+00:00\" \/>\n<meta property=\"article:modified_time\" content=\"2021-06-23T13:21:30+00:00\" \/>\n<meta property=\"og:image\" content=\"https:\/\/revistaautobus.com.br\/wp-content\/uploads\/2021\/06\/diwa-6-no-transporte-paulistano-1548077687.jpg\" \/>\n\t<meta property=\"og:image:width\" content=\"1200\" \/>\n\t<meta property=\"og:image:height\" content=\"975\" \/>\n\t<meta property=\"og:image:type\" content=\"image\/jpeg\" \/>\n<meta name=\"author\" content=\"Antonio Ferro\" \/>\n<meta name=\"twitter:card\" content=\"summary_large_image\" \/>\n<meta name=\"twitter:label1\" content=\"Escrito por\" \/>\n\t<meta name=\"twitter:data1\" content=\"Antonio Ferro\" \/>\n\t<meta name=\"twitter:label2\" content=\"Est. tempo de leitura\" \/>\n\t<meta name=\"twitter:data2\" content=\"2 minutos\" \/>\n<script type=\"application\/ld+json\" class=\"yoast-schema-graph\">{\"@context\":\"https:\/\/schema.org\",\"@graph\":[{\"@type\":\"Article\",\"@id\":\"https:\/\/revistaautobus.com.br\/?p=1319#article\",\"isPartOf\":{\"@id\":\"https:\/\/revistaautobus.com.br\/?p=1319\"},\"author\":{\"name\":\"Antonio Ferro\",\"@id\":\"https:\/\/revistaautobus.com.br\/#\/schema\/person\/54af7c3eb83a310e42ef686ef6d16f50\"},\"headline\":\"DIWA.6 no transporte paulistano\",\"datePublished\":\"2019-01-21T15:32:00+00:00\",\"dateModified\":\"2021-06-23T13:21:30+00:00\",\"mainEntityOfPage\":{\"@id\":\"https:\/\/revistaautobus.com.br\/?p=1319\"},\"wordCount\":349,\"commentCount\":0,\"publisher\":{\"@id\":\"https:\/\/revistaautobus.com.br\/#organization\"},\"image\":{\"@id\":\"https:\/\/revistaautobus.com.br\/?p=1319#primaryimage\"},\"thumbnailUrl\":\"https:\/\/revistaautobus.com.br\/wp-content\/uploads\/2021\/06\/diwa-6-no-transporte-paulistano-1548077687.jpg\",\"articleSection\":[\"Not\u00edcias\"],\"inLanguage\":\"pt-BR\",\"potentialAction\":[{\"@type\":\"CommentAction\",\"name\":\"Comment\",\"target\":[\"https:\/\/revistaautobus.com.br\/?p=1319#respond\"]}]},{\"@type\":\"WebPage\",\"@id\":\"https:\/\/revistaautobus.com.br\/?p=1319\",\"url\":\"https:\/\/revistaautobus.com.br\/?p=1319\",\"name\":\"DIWA.6 no transporte paulistano - Revista AutoBus\",\"isPartOf\":{\"@id\":\"https:\/\/revistaautobus.com.br\/#website\"},\"primaryImageOfPage\":{\"@id\":\"https:\/\/revistaautobus.com.br\/?p=1319#primaryimage\"},\"image\":{\"@id\":\"https:\/\/revistaautobus.com.br\/?p=1319#primaryimage\"},\"thumbnailUrl\":\"https:\/\/revistaautobus.com.br\/wp-content\/uploads\/2021\/06\/diwa-6-no-transporte-paulistano-1548077687.jpg\",\"datePublished\":\"2019-01-21T15:32:00+00:00\",\"dateModified\":\"2021-06-23T13:21:30+00:00\",\"breadcrumb\":{\"@id\":\"https:\/\/revistaautobus.com.br\/?p=1319#breadcrumb\"},\"inLanguage\":\"pt-BR\",\"potentialAction\":[{\"@type\":\"ReadAction\",\"target\":[\"https:\/\/revistaautobus.com.br\/?p=1319\"]}]},{\"@type\":\"ImageObject\",\"inLanguage\":\"pt-BR\",\"@id\":\"https:\/\/revistaautobus.com.br\/?p=1319#primaryimage\",\"url\":\"https:\/\/revistaautobus.com.br\/wp-content\/uploads\/2021\/06\/diwa-6-no-transporte-paulistano-1548077687.jpg\",\"contentUrl\":\"https:\/\/revistaautobus.com.br\/wp-content\/uploads\/2021\/06\/diwa-6-no-transporte-paulistano-1548077687.jpg\",\"width\":1200,\"height\":975},{\"@type\":\"BreadcrumbList\",\"@id\":\"https:\/\/revistaautobus.com.br\/?p=1319#breadcrumb\",\"itemListElement\":[{\"@type\":\"ListItem\",\"position\":1,\"name\":\"In\u00edcio\",\"item\":\"https:\/\/revistaautobus.com.br\/\"},{\"@type\":\"ListItem\",\"position\":2,\"name\":\"DIWA.6 no transporte paulistano\"}]},{\"@type\":\"WebSite\",\"@id\":\"https:\/\/revistaautobus.com.br\/#website\",\"url\":\"https:\/\/revistaautobus.com.br\/\",\"name\":\"Revista AutoBus\",\"description\":\"\",\"publisher\":{\"@id\":\"https:\/\/revistaautobus.com.br\/#organization\"},\"potentialAction\":[{\"@type\":\"SearchAction\",\"target\":{\"@type\":\"EntryPoint\",\"urlTemplate\":\"https:\/\/revistaautobus.com.br\/?s={search_term_string}\"},\"query-input\":{\"@type\":\"PropertyValueSpecification\",\"valueRequired\":true,\"valueName\":\"search_term_string\"}}],\"inLanguage\":\"pt-BR\"},{\"@type\":\"Organization\",\"@id\":\"https:\/\/revistaautobus.com.br\/#organization\",\"name\":\"Revista AutoBus\",\"url\":\"https:\/\/revistaautobus.com.br\/\",\"logo\":{\"@type\":\"ImageObject\",\"inLanguage\":\"pt-BR\",\"@id\":\"https:\/\/revistaautobus.com.br\/#\/schema\/logo\/image\/\",\"url\":\"https:\/\/revistaautobus.com.br\/wp-content\/uploads\/2024\/11\/logo_revista_autobus_fb.png\",\"contentUrl\":\"https:\/\/revistaautobus.com.br\/wp-content\/uploads\/2024\/11\/logo_revista_autobus_fb.png\",\"width\":836,\"height\":227,\"caption\":\"Revista AutoBus\"},\"image\":{\"@id\":\"https:\/\/revistaautobus.com.br\/#\/schema\/logo\/image\/\"},\"sameAs\":[\"https:\/\/www.facebook.com\/antonio.ferro.3150\",\"https:\/\/www.instagram.com\/revistaautobus\/\"]},{\"@type\":\"Person\",\"@id\":\"https:\/\/revistaautobus.com.br\/#\/schema\/person\/54af7c3eb83a310e42ef686ef6d16f50\",\"name\":\"Antonio Ferro\",\"image\":{\"@type\":\"ImageObject\",\"inLanguage\":\"pt-BR\",\"@id\":\"https:\/\/revistaautobus.com.br\/wp-content\/uploads\/2025\/12\/editor_antonio_ferro-150x150.jpg\",\"url\":\"https:\/\/revistaautobus.com.br\/wp-content\/uploads\/2025\/12\/editor_antonio_ferro-150x150.jpg\",\"contentUrl\":\"https:\/\/revistaautobus.com.br\/wp-content\/uploads\/2025\/12\/editor_antonio_ferro-150x150.jpg\",\"caption\":\"Antonio Ferro\"},\"description\":\"infobus@uol.com.br\",\"url\":\"https:\/\/revistaautobus.com.br\/?author=2\"}]}<\/script>\n<!-- \/ Yoast SEO plugin. -->","yoast_head_json":{"title":"DIWA.6 no transporte paulistano - Revista AutoBus","robots":{"index":"index","follow":"follow","max-snippet":"max-snippet:-1","max-image-preview":"max-image-preview:large","max-video-preview":"max-video-preview:-1"},"canonical":"https:\/\/revistaautobus.com.br\/?p=1319","og_locale":"pt_BR","og_type":"article","og_title":"DIWA.6 no transporte paulistano - Revista AutoBus","og_description":"De acordo com a Voith, a transmiss\u00e3o DIWA.6 oferece como principais novidades uma maior capacidade de transmiss\u00e3o de torque, carca\u00e7a refor\u00e7ada para redu\u00e7\u00e3o de ru\u00eddos e vibra\u00e7\u00f5es","og_url":"https:\/\/revistaautobus.com.br\/?p=1319","og_site_name":"Revista AutoBus","article_publisher":"https:\/\/www.facebook.com\/antonio.ferro.3150","article_published_time":"2019-01-21T15:32:00+00:00","article_modified_time":"2021-06-23T13:21:30+00:00","og_image":[{"width":1200,"height":975,"url":"https:\/\/revistaautobus.com.br\/wp-content\/uploads\/2021\/06\/diwa-6-no-transporte-paulistano-1548077687.jpg","type":"image\/jpeg"}],"author":"Antonio Ferro","twitter_card":"summary_large_image","twitter_misc":{"Escrito por":"Antonio Ferro","Est. tempo de leitura":"2 minutos"},"schema":{"@context":"https:\/\/schema.org","@graph":[{"@type":"Article","@id":"https:\/\/revistaautobus.com.br\/?p=1319#article","isPartOf":{"@id":"https:\/\/revistaautobus.com.br\/?p=1319"},"author":{"name":"Antonio Ferro","@id":"https:\/\/revistaautobus.com.br\/#\/schema\/person\/54af7c3eb83a310e42ef686ef6d16f50"},"headline":"DIWA.6 no transporte paulistano","datePublished":"2019-01-21T15:32:00+00:00","dateModified":"2021-06-23T13:21:30+00:00","mainEntityOfPage":{"@id":"https:\/\/revistaautobus.com.br\/?p=1319"},"wordCount":349,"commentCount":0,"publisher":{"@id":"https:\/\/revistaautobus.com.br\/#organization"},"image":{"@id":"https:\/\/revistaautobus.com.br\/?p=1319#primaryimage"},"thumbnailUrl":"https:\/\/revistaautobus.com.br\/wp-content\/uploads\/2021\/06\/diwa-6-no-transporte-paulistano-1548077687.jpg","articleSection":["Not\u00edcias"],"inLanguage":"pt-BR","potentialAction":[{"@type":"CommentAction","name":"Comment","target":["https:\/\/revistaautobus.com.br\/?p=1319#respond"]}]},{"@type":"WebPage","@id":"https:\/\/revistaautobus.com.br\/?p=1319","url":"https:\/\/revistaautobus.com.br\/?p=1319","name":"DIWA.6 no transporte paulistano - Revista AutoBus","isPartOf":{"@id":"https:\/\/revistaautobus.com.br\/#website"},"primaryImageOfPage":{"@id":"https:\/\/revistaautobus.com.br\/?p=1319#primaryimage"},"image":{"@id":"https:\/\/revistaautobus.com.br\/?p=1319#primaryimage"},"thumbnailUrl":"https:\/\/revistaautobus.com.br\/wp-content\/uploads\/2021\/06\/diwa-6-no-transporte-paulistano-1548077687.jpg","datePublished":"2019-01-21T15:32:00+00:00","dateModified":"2021-06-23T13:21:30+00:00","breadcrumb":{"@id":"https:\/\/revistaautobus.com.br\/?p=1319#breadcrumb"},"inLanguage":"pt-BR","potentialAction":[{"@type":"ReadAction","target":["https:\/\/revistaautobus.com.br\/?p=1319"]}]},{"@type":"ImageObject","inLanguage":"pt-BR","@id":"https:\/\/revistaautobus.com.br\/?p=1319#primaryimage","url":"https:\/\/revistaautobus.com.br\/wp-content\/uploads\/2021\/06\/diwa-6-no-transporte-paulistano-1548077687.jpg","contentUrl":"https:\/\/revistaautobus.com.br\/wp-content\/uploads\/2021\/06\/diwa-6-no-transporte-paulistano-1548077687.jpg","width":1200,"height":975},{"@type":"BreadcrumbList","@id":"https:\/\/revistaautobus.com.br\/?p=1319#breadcrumb","itemListElement":[{"@type":"ListItem","position":1,"name":"In\u00edcio","item":"https:\/\/revistaautobus.com.br\/"},{"@type":"ListItem","position":2,"name":"DIWA.6 no transporte paulistano"}]},{"@type":"WebSite","@id":"https:\/\/revistaautobus.com.br\/#website","url":"https:\/\/revistaautobus.com.br\/","name":"Revista AutoBus","description":"","publisher":{"@id":"https:\/\/revistaautobus.com.br\/#organization"},"potentialAction":[{"@type":"SearchAction","target":{"@type":"EntryPoint","urlTemplate":"https:\/\/revistaautobus.com.br\/?s={search_term_string}"},"query-input":{"@type":"PropertyValueSpecification","valueRequired":true,"valueName":"search_term_string"}}],"inLanguage":"pt-BR"},{"@type":"Organization","@id":"https:\/\/revistaautobus.com.br\/#organization","name":"Revista AutoBus","url":"https:\/\/revistaautobus.com.br\/","logo":{"@type":"ImageObject","inLanguage":"pt-BR","@id":"https:\/\/revistaautobus.com.br\/#\/schema\/logo\/image\/","url":"https:\/\/revistaautobus.com.br\/wp-content\/uploads\/2024\/11\/logo_revista_autobus_fb.png","contentUrl":"https:\/\/revistaautobus.com.br\/wp-content\/uploads\/2024\/11\/logo_revista_autobus_fb.png","width":836,"height":227,"caption":"Revista AutoBus"},"image":{"@id":"https:\/\/revistaautobus.com.br\/#\/schema\/logo\/image\/"},"sameAs":["https:\/\/www.facebook.com\/antonio.ferro.3150","https:\/\/www.instagram.com\/revistaautobus\/"]},{"@type":"Person","@id":"https:\/\/revistaautobus.com.br\/#\/schema\/person\/54af7c3eb83a310e42ef686ef6d16f50","name":"Antonio Ferro","image":{"@type":"ImageObject","inLanguage":"pt-BR","@id":"https:\/\/revistaautobus.com.br\/wp-content\/uploads\/2025\/12\/editor_antonio_ferro-150x150.jpg","url":"https:\/\/revistaautobus.com.br\/wp-content\/uploads\/2025\/12\/editor_antonio_ferro-150x150.jpg","contentUrl":"https:\/\/revistaautobus.com.br\/wp-content\/uploads\/2025\/12\/editor_antonio_ferro-150x150.jpg","caption":"Antonio Ferro"},"description":"infobus@uol.com.br","url":"https:\/\/revistaautobus.com.br\/?author=2"}]}},"jetpack_featured_media_url":"https:\/\/revistaautobus.com.br\/wp-content\/uploads\/2021\/06\/diwa-6-no-transporte-paulistano-1548077687.jpg","jetpack_sharing_enabled":true,"_links":{"self":[{"href":"https:\/\/revistaautobus.com.br\/index.php?rest_route=\/wp\/v2\/posts\/1319","targetHints":{"allow":["GET"]}}],"collection":[{"href":"https:\/\/revistaautobus.com.br\/index.php?rest_route=\/wp\/v2\/posts"}],"about":[{"href":"https:\/\/revistaautobus.com.br\/index.php?rest_route=\/wp\/v2\/types\/post"}],"author":[{"embeddable":true,"href":"https:\/\/revistaautobus.com.br\/index.php?rest_route=\/wp\/v2\/users\/2"}],"replies":[{"embeddable":true,"href":"https:\/\/revistaautobus.com.br\/index.php?rest_route=%2Fwp%2Fv2%2Fcomments&post=1319"}],"version-history":[{"count":1,"href":"https:\/\/revistaautobus.com.br\/index.php?rest_route=\/wp\/v2\/posts\/1319\/revisions"}],"predecessor-version":[{"id":1321,"href":"https:\/\/revistaautobus.com.br\/index.php?rest_route=\/wp\/v2\/posts\/1319\/revisions\/1321"}],"wp:featuredmedia":[{"embeddable":true,"href":"https:\/\/revistaautobus.com.br\/index.php?rest_route=\/wp\/v2\/media\/1320"}],"wp:attachment":[{"href":"https:\/\/revistaautobus.com.br\/index.php?rest_route=%2Fwp%2Fv2%2Fmedia&parent=1319"}],"wp:term":[{"taxonomy":"category","embeddable":true,"href":"https:\/\/revistaautobus.com.br\/index.php?rest_route=%2Fwp%2Fv2%2Fcategories&post=1319"},{"taxonomy":"post_tag","embeddable":true,"href":"https:\/\/revistaautobus.com.br\/index.php?rest_route=%2Fwp%2Fv2%2Ftags&post=1319"}],"curies":[{"name":"wp","href":"https:\/\/api.w.org\/{rel}","templated":true}]}}