{"id":13190,"date":"2024-09-23T16:44:25","date_gmt":"2024-09-23T19:44:25","guid":{"rendered":"https:\/\/revistaautobus.com.br\/?p=13190"},"modified":"2024-11-07T16:41:28","modified_gmt":"2024-11-07T19:41:28","slug":"eletrificacao-e-seguranca-temas-sensiveis-na-mercedes-benz","status":"publish","type":"post","link":"https:\/\/revistaautobus.com.br\/?p=13190","title":{"rendered":"Eletrifica\u00e7\u00e3o e seguran\u00e7a, temas sens\u00edveis na Mercedes-Benz"},"content":{"rendered":"<p>Durante a IAA Transportation 2024, maior feira internacional de ve\u00edculos comerciais, realizada, recentemente, na cidade alem\u00e3 de Hannover, a Daimler Buses apresentou a nova vers\u00e3o do eCitaro K, com capacidade de percorrer vias estreitas em sub\u00farbios e cidades antigas, operando com um n\u00famero limitado de passageiros.<\/p>\n<p>Com isso, ela est\u00e1 expandindo seu portf\u00f3lio com um modelo de 10,63 metros de comprimento, juntando-se ao eCitaro de 12,14 metros de comprimento e ao eCitaro G articulado de 18,13 metros de comprimento. O tamanho compacto do eCitaro K \u00e9 um atributo que refor\u00e7a seu uso em servi\u00e7o p\u00fablico com todas as qualidades de seus irm\u00e3os maiores. Ele tem uma dist\u00e2ncia entre eixos de 4.398 mil\u00edmetros, promovendo excelente manobrabilidade.<\/p>\n<p>Em linhas gerais, o novo e menor modelo est\u00e1 dispon\u00edvel com um m\u00ednimo de quatro e um m\u00e1ximo de seis baterias, com uma capacidade total de at\u00e9 588 kWh, podendo ter uma autonomia superior a 300 quil\u00f4metros sob condi\u00e7\u00f5es favor\u00e1veis durante toda a vida \u00fatil da bateria. Para rotas mais longas, a recarga das baterias poder\u00e1 ser feita por interm\u00e9dio de pant\u00f3grafos, uma op\u00e7\u00e3o ao mercado.<\/p>\n<div id=\"attachment_13736\" style=\"width: 1010px\" class=\"wp-caption alignnone\"><img loading=\"lazy\" decoding=\"async\" aria-describedby=\"caption-attachment-13736\" class=\"wp-image-13736 size-full\" src=\"https:\/\/revistaautobus.com.br\/wp-content\/uploads\/2024\/09\/24DT164_034.jpg\" alt=\"\" width=\"1000\" height=\"666\" srcset=\"https:\/\/revistaautobus.com.br\/wp-content\/uploads\/2024\/09\/24DT164_034.jpg 1000w, https:\/\/revistaautobus.com.br\/wp-content\/uploads\/2024\/09\/24DT164_034-300x200.jpg 300w, https:\/\/revistaautobus.com.br\/wp-content\/uploads\/2024\/09\/24DT164_034-768x511.jpg 768w\" sizes=\"(max-width: 1000px) 100vw, 1000px\" \/><p id=\"caption-attachment-13736\" class=\"wp-caption-text\"><span style=\"color: #008080;\"><em><strong>\u00a0O ve\u00edculo tem baterias NMC e gerenciamento t\u00e9rmico. Cinco pacotes de baterias com uma capacidade total de energia de 491 kWh, distribu\u00eddos pelo teto (tr\u00eas pacotes) e traseira (dois pacotes), garantem autonomia apropriada para um \u00f4nibus de duas portas. O ve\u00edculo foi projetado para carregamento plug-in na garagem e pode ser configurado de forma flex\u00edvel em diferentes posi\u00e7\u00f5es com tomadas de carregamento acima do eixo dianteiro \u00e0 direita e na traseira \u00e0 esquerda<\/strong><\/em><\/span><\/p><\/div>\n<p><strong><em>Seguran\u00e7a, acima de tudo<\/em><\/strong><\/p>\n<p>Desde julho deste ano, o \u201cRegulamento Geral de Seguran\u00e7a\u201d (GSR-B) atualizado da Uni\u00e3o Europeia \u00e9 obrigat\u00f3rio para todos os \u00f4nibus novos. A Daimler destaca que seus atuais sistemas de seguran\u00e7a e assist\u00eancia das marcas Mercedes-Benz e Setra n\u00e3o s\u00f3 atendem aos requisitos do GSR, como algumas fun\u00e7\u00f5es v\u00e3o al\u00e9m do n\u00edvel exigido. A marca chama a aten\u00e7\u00e3o para o Active Brake Assist 6 (ABA 6), sistema que \u00e9 capaz de atuar ao identificar pedestres e ciclistas at\u00e9 uma velocidade de 60 km\/h \u2013 para o ABA 5, isso j\u00e1 ocorria a 50 km\/h. Dessa maneira, ele reage a ciclistas e pessoas que est\u00e3o atravessando a rua, se aproximando do \u00f4nibus ou caminhando na faixa do ve\u00edculo, utilizando para isso a frenagem autom\u00e1tica de emerg\u00eancia.<\/p>\n<p>Mesmo em curvas t\u00edpicas de rodovias com um raio de aproximadamente 260 metros, o sistema consegue reagir de forma confi\u00e1vel aos ve\u00edculos da frente, bem como aos obst\u00e1culos parados. A preven\u00e7\u00e3o de acidentes \u00e9 poss\u00edvel em velocidades de at\u00e9 90 km\/h e at\u00e9 70 km\/h em curvas.<\/p>\n<div id=\"attachment_13738\" style=\"width: 1010px\" class=\"wp-caption alignnone\"><img loading=\"lazy\" decoding=\"async\" aria-describedby=\"caption-attachment-13738\" class=\"wp-image-13738 size-full\" src=\"https:\/\/revistaautobus.com.br\/wp-content\/uploads\/2024\/09\/24DT188_024.jpg\" alt=\"\" width=\"1000\" height=\"666\" srcset=\"https:\/\/revistaautobus.com.br\/wp-content\/uploads\/2024\/09\/24DT188_024.jpg 1000w, https:\/\/revistaautobus.com.br\/wp-content\/uploads\/2024\/09\/24DT188_024-300x200.jpg 300w, https:\/\/revistaautobus.com.br\/wp-content\/uploads\/2024\/09\/24DT188_024-768x511.jpg 768w\" sizes=\"(max-width: 1000px) 100vw, 1000px\" \/><p id=\"caption-attachment-13738\" class=\"wp-caption-text\"><span style=\"color: #008080;\"><em><strong>Muita tecnologia a bordo para garantir maior seguran\u00e7a<\/strong><\/em><\/span><\/p><\/div>\n<p>J\u00e1 o Sideguard Assist 2 agora monitora n\u00e3o apenas o lado do passageiro da frente, mas tamb\u00e9m o lado do motorista e, portanto, vai al\u00e9m do n\u00edvel exigido pelo GSR, garantindo uma ampla vis\u00e3o frontal e lateral, com uma combina\u00e7\u00e3o de cinco sensores de radar de curto e longo alcance e uma c\u00e2mera. Em velocidades acima de 40 km\/h, o Sideguard Assist 2, tamb\u00e9m, assume o papel de assistente de mudan\u00e7a de faixa.<\/p>\n<p>Na IAA, a empresa exp\u00f4s o modelo Mercedes-Benz Tourismo Safety Coach, ostentando o maior n\u00famero de sistemas de seguran\u00e7a e assist\u00eancia at\u00e9 o momento na longa linha de seus antecessores e, consequentemente, agrega todo o cr\u00e9dito ao nome Safety Coach. Dentre os recursos, a marca destaca o novo e ainda mais potente assistente de frenagem de emerg\u00eancia Active Brake Assist 6, assim como o Sideguard Assist 2, o totalmente novo Frontguard Assist e o novo Traffic Sign Assist, que avisa o motorista sobre excesso de velocidade. Al\u00e9m dessas fun\u00e7\u00f5es, Lane Assist (SPA), Tyre Pressure Monitoring (TPM), Adaptive Cruise Control (ART) com fun\u00e7\u00e3o <em>stop-and-go<\/em> adicional, Attention Assist (AtAs), Brake Assist (BA), Continuous Brake Limiter (DBL), Electronic Stability Program (ESP), sensor de chuva\/luz e o sistema de c\u00e2mera 360\u00b0 est\u00e3o todos inclu\u00eddos.<\/p>\n<p>Imagens &#8211; Divulga\u00e7\u00e3o<\/p>\n","protected":false},"excerpt":{"rendered":"<p>Fabricante refer\u00eancia no mercado do transporte comercial salienta que sua estrat\u00e9gia \u00e9 a descarboniza\u00e7\u00e3o e as viagens mais seguras<\/p>\n","protected":false},"author":2,"featured_media":13735,"comment_status":"open","ping_status":"open","sticky":false,"template":"","format":"standard","meta":{"_et_pb_use_builder":"","_et_pb_old_content":"","_et_gb_content_width":"","_jetpack_memberships_contains_paid_content":false,"footnotes":""},"categories":[53,10,80],"tags":[93,842,17],"class_list":["post-13190","post","type-post","status-publish","format-standard","has-post-thumbnail","hentry","category-internacional","category-montadoras","category-transporte-rodoviario","tag-daimler-buses","tag-ecitarok","tag-mercedes-benz","et-has-post-format-content","et_post_format-et-post-format-standard"],"yoast_head":"<!-- This site is optimized with the Yoast SEO plugin v27.2 - https:\/\/yoast.com\/product\/yoast-seo-wordpress\/ -->\n<title>Eletrifica\u00e7\u00e3o e seguran\u00e7a, temas sens\u00edveis na Mercedes-Benz - Revista AutoBus<\/title>\n<meta name=\"robots\" content=\"index, follow, max-snippet:-1, max-image-preview:large, max-video-preview:-1\" \/>\n<link rel=\"canonical\" href=\"https:\/\/revistaautobus.com.br\/?p=13190\" \/>\n<meta property=\"og:locale\" content=\"pt_BR\" \/>\n<meta property=\"og:type\" content=\"article\" \/>\n<meta property=\"og:title\" content=\"Eletrifica\u00e7\u00e3o e seguran\u00e7a, temas sens\u00edveis na Mercedes-Benz - Revista AutoBus\" \/>\n<meta property=\"og:description\" content=\"Fabricante refer\u00eancia no mercado do transporte comercial salienta que sua estrat\u00e9gia \u00e9 a descarboniza\u00e7\u00e3o e as viagens mais seguras\" \/>\n<meta property=\"og:url\" content=\"https:\/\/revistaautobus.com.br\/?p=13190\" \/>\n<meta property=\"og:site_name\" content=\"Revista AutoBus\" \/>\n<meta property=\"article:publisher\" content=\"https:\/\/www.facebook.com\/antonio.ferro.3150\" \/>\n<meta property=\"article:published_time\" content=\"2024-09-23T19:44:25+00:00\" \/>\n<meta property=\"article:modified_time\" content=\"2024-11-07T19:41:28+00:00\" \/>\n<meta property=\"og:image\" content=\"https:\/\/revistaautobus.com.br\/wp-content\/uploads\/2024\/09\/24DT164_027.jpg\" \/>\n\t<meta property=\"og:image:width\" content=\"1000\" \/>\n\t<meta property=\"og:image:height\" content=\"675\" \/>\n\t<meta property=\"og:image:type\" content=\"image\/jpeg\" \/>\n<meta name=\"author\" content=\"Antonio Ferro\" \/>\n<meta name=\"twitter:card\" content=\"summary_large_image\" \/>\n<meta name=\"twitter:label1\" content=\"Escrito por\" \/>\n\t<meta name=\"twitter:data1\" content=\"Antonio Ferro\" \/>\n\t<meta name=\"twitter:label2\" content=\"Est. tempo de leitura\" \/>\n\t<meta name=\"twitter:data2\" content=\"4 minutos\" \/>\n<script type=\"application\/ld+json\" class=\"yoast-schema-graph\">{\"@context\":\"https:\/\/schema.org\",\"@graph\":[{\"@type\":\"Article\",\"@id\":\"https:\/\/revistaautobus.com.br\/?p=13190#article\",\"isPartOf\":{\"@id\":\"https:\/\/revistaautobus.com.br\/?p=13190\"},\"author\":{\"name\":\"Antonio Ferro\",\"@id\":\"https:\/\/revistaautobus.com.br\/#\/schema\/person\/54af7c3eb83a310e42ef686ef6d16f50\"},\"headline\":\"Eletrifica\u00e7\u00e3o e seguran\u00e7a, temas sens\u00edveis na Mercedes-Benz\",\"datePublished\":\"2024-09-23T19:44:25+00:00\",\"dateModified\":\"2024-11-07T19:41:28+00:00\",\"mainEntityOfPage\":{\"@id\":\"https:\/\/revistaautobus.com.br\/?p=13190\"},\"wordCount\":716,\"commentCount\":0,\"publisher\":{\"@id\":\"https:\/\/revistaautobus.com.br\/#organization\"},\"image\":{\"@id\":\"https:\/\/revistaautobus.com.br\/?p=13190#primaryimage\"},\"thumbnailUrl\":\"https:\/\/revistaautobus.com.br\/wp-content\/uploads\/2024\/09\/24DT164_027.jpg\",\"keywords\":[\"Daimler Buses\",\"eCitaroK\",\"mercedes-benz\"],\"articleSection\":[\"Internacional\",\"Montadoras\",\"Transporte rodovi\u00e1rio\"],\"inLanguage\":\"pt-BR\",\"potentialAction\":[{\"@type\":\"CommentAction\",\"name\":\"Comment\",\"target\":[\"https:\/\/revistaautobus.com.br\/?p=13190#respond\"]}]},{\"@type\":\"WebPage\",\"@id\":\"https:\/\/revistaautobus.com.br\/?p=13190\",\"url\":\"https:\/\/revistaautobus.com.br\/?p=13190\",\"name\":\"Eletrifica\u00e7\u00e3o e seguran\u00e7a, temas sens\u00edveis na Mercedes-Benz - Revista AutoBus\",\"isPartOf\":{\"@id\":\"https:\/\/revistaautobus.com.br\/#website\"},\"primaryImageOfPage\":{\"@id\":\"https:\/\/revistaautobus.com.br\/?p=13190#primaryimage\"},\"image\":{\"@id\":\"https:\/\/revistaautobus.com.br\/?p=13190#primaryimage\"},\"thumbnailUrl\":\"https:\/\/revistaautobus.com.br\/wp-content\/uploads\/2024\/09\/24DT164_027.jpg\",\"datePublished\":\"2024-09-23T19:44:25+00:00\",\"dateModified\":\"2024-11-07T19:41:28+00:00\",\"breadcrumb\":{\"@id\":\"https:\/\/revistaautobus.com.br\/?p=13190#breadcrumb\"},\"inLanguage\":\"pt-BR\",\"potentialAction\":[{\"@type\":\"ReadAction\",\"target\":[\"https:\/\/revistaautobus.com.br\/?p=13190\"]}]},{\"@type\":\"ImageObject\",\"inLanguage\":\"pt-BR\",\"@id\":\"https:\/\/revistaautobus.com.br\/?p=13190#primaryimage\",\"url\":\"https:\/\/revistaautobus.com.br\/wp-content\/uploads\/2024\/09\/24DT164_027.jpg\",\"contentUrl\":\"https:\/\/revistaautobus.com.br\/wp-content\/uploads\/2024\/09\/24DT164_027.jpg\",\"width\":1000,\"height\":675,\"caption\":\"Mercedes-Benz eCitaro K mit vollelektrischem Antrieb, 2-T\u00fcrer, Exterieur, anthrazit metallic, 2 x elektrischer Radnabenmotor, 2 x 125 kW, 2 x 485 Nm, 5 HV-Batteriepakete, 98,3 kWh pro HV-Batteriepaket (NMC 3), Preventive Brake Assist 2, Sideguard Assist 2, Frontguard Assist, Traffic Sign Assist, Attention Assist, 360-Grad-Kamera, LED-Scheinwerfer, L\u00e4nge\/Breite\/H\u00f6he: 10.633\/2.550\/3.400 mm, Bef\u00f6rderungskapazit\u00e4t: 1\/84 Mercedes-Benz eCitaro K with all-electric drive, two door, exterior, anthracite metallic, 2 x electric hub motor, 2 x 125 kW, 2 x 485 Nm, 5 HV battery pack, 98,3 kWh per HV battery pack (NMC 3), Preventive Brake Assist 2, Sideguard Assist 2, Frontguard Assist, Traffic Sign Assist, Attention Assist, 360 degree camera, LED headlamps, length\/width\/height: 10633\/2550\/3400 mm, passenger capacity: 1\/84.\"},{\"@type\":\"BreadcrumbList\",\"@id\":\"https:\/\/revistaautobus.com.br\/?p=13190#breadcrumb\",\"itemListElement\":[{\"@type\":\"ListItem\",\"position\":1,\"name\":\"In\u00edcio\",\"item\":\"https:\/\/revistaautobus.com.br\/\"},{\"@type\":\"ListItem\",\"position\":2,\"name\":\"Eletrifica\u00e7\u00e3o e seguran\u00e7a, temas sens\u00edveis na Mercedes-Benz\"}]},{\"@type\":\"WebSite\",\"@id\":\"https:\/\/revistaautobus.com.br\/#website\",\"url\":\"https:\/\/revistaautobus.com.br\/\",\"name\":\"Revista AutoBus\",\"description\":\"\",\"publisher\":{\"@id\":\"https:\/\/revistaautobus.com.br\/#organization\"},\"potentialAction\":[{\"@type\":\"SearchAction\",\"target\":{\"@type\":\"EntryPoint\",\"urlTemplate\":\"https:\/\/revistaautobus.com.br\/?s={search_term_string}\"},\"query-input\":{\"@type\":\"PropertyValueSpecification\",\"valueRequired\":true,\"valueName\":\"search_term_string\"}}],\"inLanguage\":\"pt-BR\"},{\"@type\":\"Organization\",\"@id\":\"https:\/\/revistaautobus.com.br\/#organization\",\"name\":\"Revista AutoBus\",\"url\":\"https:\/\/revistaautobus.com.br\/\",\"logo\":{\"@type\":\"ImageObject\",\"inLanguage\":\"pt-BR\",\"@id\":\"https:\/\/revistaautobus.com.br\/#\/schema\/logo\/image\/\",\"url\":\"https:\/\/revistaautobus.com.br\/wp-content\/uploads\/2024\/11\/logo_revista_autobus_fb.png\",\"contentUrl\":\"https:\/\/revistaautobus.com.br\/wp-content\/uploads\/2024\/11\/logo_revista_autobus_fb.png\",\"width\":836,\"height\":227,\"caption\":\"Revista AutoBus\"},\"image\":{\"@id\":\"https:\/\/revistaautobus.com.br\/#\/schema\/logo\/image\/\"},\"sameAs\":[\"https:\/\/www.facebook.com\/antonio.ferro.3150\",\"https:\/\/www.instagram.com\/revistaautobus\/\"]},{\"@type\":\"Person\",\"@id\":\"https:\/\/revistaautobus.com.br\/#\/schema\/person\/54af7c3eb83a310e42ef686ef6d16f50\",\"name\":\"Antonio Ferro\",\"image\":{\"@type\":\"ImageObject\",\"inLanguage\":\"pt-BR\",\"@id\":\"https:\/\/revistaautobus.com.br\/wp-content\/uploads\/2025\/12\/editor_antonio_ferro-150x150.jpg\",\"url\":\"https:\/\/revistaautobus.com.br\/wp-content\/uploads\/2025\/12\/editor_antonio_ferro-150x150.jpg\",\"contentUrl\":\"https:\/\/revistaautobus.com.br\/wp-content\/uploads\/2025\/12\/editor_antonio_ferro-150x150.jpg\",\"caption\":\"Antonio Ferro\"},\"description\":\"infobus@uol.com.br\",\"url\":\"https:\/\/revistaautobus.com.br\/?author=2\"}]}<\/script>\n<!-- \/ Yoast SEO plugin. -->","yoast_head_json":{"title":"Eletrifica\u00e7\u00e3o e seguran\u00e7a, temas sens\u00edveis na Mercedes-Benz - Revista AutoBus","robots":{"index":"index","follow":"follow","max-snippet":"max-snippet:-1","max-image-preview":"max-image-preview:large","max-video-preview":"max-video-preview:-1"},"canonical":"https:\/\/revistaautobus.com.br\/?p=13190","og_locale":"pt_BR","og_type":"article","og_title":"Eletrifica\u00e7\u00e3o e seguran\u00e7a, temas sens\u00edveis na Mercedes-Benz - Revista AutoBus","og_description":"Fabricante refer\u00eancia no mercado do transporte comercial salienta que sua estrat\u00e9gia \u00e9 a descarboniza\u00e7\u00e3o e as viagens mais seguras","og_url":"https:\/\/revistaautobus.com.br\/?p=13190","og_site_name":"Revista AutoBus","article_publisher":"https:\/\/www.facebook.com\/antonio.ferro.3150","article_published_time":"2024-09-23T19:44:25+00:00","article_modified_time":"2024-11-07T19:41:28+00:00","og_image":[{"width":1000,"height":675,"url":"https:\/\/revistaautobus.com.br\/wp-content\/uploads\/2024\/09\/24DT164_027.jpg","type":"image\/jpeg"}],"author":"Antonio Ferro","twitter_card":"summary_large_image","twitter_misc":{"Escrito por":"Antonio Ferro","Est. tempo de leitura":"4 minutos"},"schema":{"@context":"https:\/\/schema.org","@graph":[{"@type":"Article","@id":"https:\/\/revistaautobus.com.br\/?p=13190#article","isPartOf":{"@id":"https:\/\/revistaautobus.com.br\/?p=13190"},"author":{"name":"Antonio Ferro","@id":"https:\/\/revistaautobus.com.br\/#\/schema\/person\/54af7c3eb83a310e42ef686ef6d16f50"},"headline":"Eletrifica\u00e7\u00e3o e seguran\u00e7a, temas sens\u00edveis na Mercedes-Benz","datePublished":"2024-09-23T19:44:25+00:00","dateModified":"2024-11-07T19:41:28+00:00","mainEntityOfPage":{"@id":"https:\/\/revistaautobus.com.br\/?p=13190"},"wordCount":716,"commentCount":0,"publisher":{"@id":"https:\/\/revistaautobus.com.br\/#organization"},"image":{"@id":"https:\/\/revistaautobus.com.br\/?p=13190#primaryimage"},"thumbnailUrl":"https:\/\/revistaautobus.com.br\/wp-content\/uploads\/2024\/09\/24DT164_027.jpg","keywords":["Daimler Buses","eCitaroK","mercedes-benz"],"articleSection":["Internacional","Montadoras","Transporte rodovi\u00e1rio"],"inLanguage":"pt-BR","potentialAction":[{"@type":"CommentAction","name":"Comment","target":["https:\/\/revistaautobus.com.br\/?p=13190#respond"]}]},{"@type":"WebPage","@id":"https:\/\/revistaautobus.com.br\/?p=13190","url":"https:\/\/revistaautobus.com.br\/?p=13190","name":"Eletrifica\u00e7\u00e3o e seguran\u00e7a, temas sens\u00edveis na Mercedes-Benz - Revista AutoBus","isPartOf":{"@id":"https:\/\/revistaautobus.com.br\/#website"},"primaryImageOfPage":{"@id":"https:\/\/revistaautobus.com.br\/?p=13190#primaryimage"},"image":{"@id":"https:\/\/revistaautobus.com.br\/?p=13190#primaryimage"},"thumbnailUrl":"https:\/\/revistaautobus.com.br\/wp-content\/uploads\/2024\/09\/24DT164_027.jpg","datePublished":"2024-09-23T19:44:25+00:00","dateModified":"2024-11-07T19:41:28+00:00","breadcrumb":{"@id":"https:\/\/revistaautobus.com.br\/?p=13190#breadcrumb"},"inLanguage":"pt-BR","potentialAction":[{"@type":"ReadAction","target":["https:\/\/revistaautobus.com.br\/?p=13190"]}]},{"@type":"ImageObject","inLanguage":"pt-BR","@id":"https:\/\/revistaautobus.com.br\/?p=13190#primaryimage","url":"https:\/\/revistaautobus.com.br\/wp-content\/uploads\/2024\/09\/24DT164_027.jpg","contentUrl":"https:\/\/revistaautobus.com.br\/wp-content\/uploads\/2024\/09\/24DT164_027.jpg","width":1000,"height":675,"caption":"Mercedes-Benz eCitaro K mit vollelektrischem Antrieb, 2-T\u00fcrer, Exterieur, anthrazit metallic, 2 x elektrischer Radnabenmotor, 2 x 125 kW, 2 x 485 Nm, 5 HV-Batteriepakete, 98,3 kWh pro HV-Batteriepaket (NMC 3), Preventive Brake Assist 2, Sideguard Assist 2, Frontguard Assist, Traffic Sign Assist, Attention Assist, 360-Grad-Kamera, LED-Scheinwerfer, L\u00e4nge\/Breite\/H\u00f6he: 10.633\/2.550\/3.400 mm, Bef\u00f6rderungskapazit\u00e4t: 1\/84 Mercedes-Benz eCitaro K with all-electric drive, two door, exterior, anthracite metallic, 2 x electric hub motor, 2 x 125 kW, 2 x 485 Nm, 5 HV battery pack, 98,3 kWh per HV battery pack (NMC 3), Preventive Brake Assist 2, Sideguard Assist 2, Frontguard Assist, Traffic Sign Assist, Attention Assist, 360 degree camera, LED headlamps, length\/width\/height: 10633\/2550\/3400 mm, passenger capacity: 1\/84."},{"@type":"BreadcrumbList","@id":"https:\/\/revistaautobus.com.br\/?p=13190#breadcrumb","itemListElement":[{"@type":"ListItem","position":1,"name":"In\u00edcio","item":"https:\/\/revistaautobus.com.br\/"},{"@type":"ListItem","position":2,"name":"Eletrifica\u00e7\u00e3o e seguran\u00e7a, temas sens\u00edveis na Mercedes-Benz"}]},{"@type":"WebSite","@id":"https:\/\/revistaautobus.com.br\/#website","url":"https:\/\/revistaautobus.com.br\/","name":"Revista AutoBus","description":"","publisher":{"@id":"https:\/\/revistaautobus.com.br\/#organization"},"potentialAction":[{"@type":"SearchAction","target":{"@type":"EntryPoint","urlTemplate":"https:\/\/revistaautobus.com.br\/?s={search_term_string}"},"query-input":{"@type":"PropertyValueSpecification","valueRequired":true,"valueName":"search_term_string"}}],"inLanguage":"pt-BR"},{"@type":"Organization","@id":"https:\/\/revistaautobus.com.br\/#organization","name":"Revista AutoBus","url":"https:\/\/revistaautobus.com.br\/","logo":{"@type":"ImageObject","inLanguage":"pt-BR","@id":"https:\/\/revistaautobus.com.br\/#\/schema\/logo\/image\/","url":"https:\/\/revistaautobus.com.br\/wp-content\/uploads\/2024\/11\/logo_revista_autobus_fb.png","contentUrl":"https:\/\/revistaautobus.com.br\/wp-content\/uploads\/2024\/11\/logo_revista_autobus_fb.png","width":836,"height":227,"caption":"Revista AutoBus"},"image":{"@id":"https:\/\/revistaautobus.com.br\/#\/schema\/logo\/image\/"},"sameAs":["https:\/\/www.facebook.com\/antonio.ferro.3150","https:\/\/www.instagram.com\/revistaautobus\/"]},{"@type":"Person","@id":"https:\/\/revistaautobus.com.br\/#\/schema\/person\/54af7c3eb83a310e42ef686ef6d16f50","name":"Antonio Ferro","image":{"@type":"ImageObject","inLanguage":"pt-BR","@id":"https:\/\/revistaautobus.com.br\/wp-content\/uploads\/2025\/12\/editor_antonio_ferro-150x150.jpg","url":"https:\/\/revistaautobus.com.br\/wp-content\/uploads\/2025\/12\/editor_antonio_ferro-150x150.jpg","contentUrl":"https:\/\/revistaautobus.com.br\/wp-content\/uploads\/2025\/12\/editor_antonio_ferro-150x150.jpg","caption":"Antonio Ferro"},"description":"infobus@uol.com.br","url":"https:\/\/revistaautobus.com.br\/?author=2"}]}},"jetpack_featured_media_url":"https:\/\/revistaautobus.com.br\/wp-content\/uploads\/2024\/09\/24DT164_027.jpg","jetpack_sharing_enabled":true,"_links":{"self":[{"href":"https:\/\/revistaautobus.com.br\/index.php?rest_route=\/wp\/v2\/posts\/13190","targetHints":{"allow":["GET"]}}],"collection":[{"href":"https:\/\/revistaautobus.com.br\/index.php?rest_route=\/wp\/v2\/posts"}],"about":[{"href":"https:\/\/revistaautobus.com.br\/index.php?rest_route=\/wp\/v2\/types\/post"}],"author":[{"embeddable":true,"href":"https:\/\/revistaautobus.com.br\/index.php?rest_route=\/wp\/v2\/users\/2"}],"replies":[{"embeddable":true,"href":"https:\/\/revistaautobus.com.br\/index.php?rest_route=%2Fwp%2Fv2%2Fcomments&post=13190"}],"version-history":[{"count":3,"href":"https:\/\/revistaautobus.com.br\/index.php?rest_route=\/wp\/v2\/posts\/13190\/revisions"}],"predecessor-version":[{"id":13739,"href":"https:\/\/revistaautobus.com.br\/index.php?rest_route=\/wp\/v2\/posts\/13190\/revisions\/13739"}],"wp:featuredmedia":[{"embeddable":true,"href":"https:\/\/revistaautobus.com.br\/index.php?rest_route=\/wp\/v2\/media\/13735"}],"wp:attachment":[{"href":"https:\/\/revistaautobus.com.br\/index.php?rest_route=%2Fwp%2Fv2%2Fmedia&parent=13190"}],"wp:term":[{"taxonomy":"category","embeddable":true,"href":"https:\/\/revistaautobus.com.br\/index.php?rest_route=%2Fwp%2Fv2%2Fcategories&post=13190"},{"taxonomy":"post_tag","embeddable":true,"href":"https:\/\/revistaautobus.com.br\/index.php?rest_route=%2Fwp%2Fv2%2Ftags&post=13190"}],"curies":[{"name":"wp","href":"https:\/\/api.w.org\/{rel}","templated":true}]}}