{"id":13216,"date":"2024-09-27T14:48:08","date_gmt":"2024-09-27T17:48:08","guid":{"rendered":"https:\/\/revistaautobus.com.br\/?p=13216"},"modified":"2024-11-07T16:31:42","modified_gmt":"2024-11-07T19:31:42","slug":"allison-faz-parceria-com-cummins","status":"publish","type":"post","link":"https:\/\/revistaautobus.com.br\/?p=13216","title":{"rendered":"Allison faz parceria com Cummins"},"content":{"rendered":"<p>Por enquanto, a novidade comercial est\u00e1 direcionada, somente, para o mercado norte-americano. Contudo, com todo o processo de descarboniza\u00e7\u00e3o que o transporte brasileiro ter\u00e1 que passar no decorrer dos anos, quem sabe essa parceria possa chegar por aqui. Por enquanto, a combina\u00e7\u00e3o entre o motor Cummins B-Series e o sistema de propuls\u00e3o h\u00edbrido el\u00e9trico Allison eGen Flex atender\u00e1 a Fase 3\u201d, da EPA, e fornecendo uma nova solu\u00e7\u00e3o confi\u00e1vel de propuls\u00e3o de baixa emiss\u00e3o que estar\u00e1 em disponibilidade a partir de 2027.<\/p>\n<p>De acordo com a Allison, sua tecnologia eGen Flex permite \u00e0s empresas de \u00f4nibus um caminho flex\u00edvel e eficiente para reduzir as emiss\u00f5es mantendo alto desempenho e confiabilidade, sendo que ele \u00e9 capaz de operar at\u00e9 50% do trajeto t\u00edpico no modo el\u00e9trico, com a ativa\u00e7\u00e3o por meio da tecnologia de <em>geofencing<\/em> (\u00e1rea virtual delimitada por meio de GPS), que elimina as emiss\u00f5es e o ru\u00eddo do motor durante o acesso e a descida dos passageiros, ou ao trafegar em \u00e1reas de grande densidade demogr\u00e1fica predefinidas e zonas de emiss\u00f5es zero.<\/p>\n<p><img loading=\"lazy\" decoding=\"async\" class=\"alignnone wp-image-13724 size-full\" src=\"https:\/\/revistaautobus.com.br\/wp-content\/uploads\/2024\/09\/443441_1126058_bus_us_22_003_2a.jpg\" alt=\"\" width=\"1000\" height=\"667\" srcset=\"https:\/\/revistaautobus.com.br\/wp-content\/uploads\/2024\/09\/443441_1126058_bus_us_22_003_2a.jpg 1000w, https:\/\/revistaautobus.com.br\/wp-content\/uploads\/2024\/09\/443441_1126058_bus_us_22_003_2a-300x200.jpg 300w, https:\/\/revistaautobus.com.br\/wp-content\/uploads\/2024\/09\/443441_1126058_bus_us_22_003_2a-768x512.jpg 768w\" sizes=\"(max-width: 1000px) 100vw, 1000px\" \/><\/p>\n<p>Rohan Barua, vice-presidente de Vendas da Am\u00e9rica do Norte, Canal Global e P\u00f3s-vendas da Allison Transmission, disse que a iniciativa d\u00e1 continuidade \u00e0 posi\u00e7\u00e3o de vanguarda da fabricante no que diz respeito ao transporte urbano sustent\u00e1vel, mantendo um portf\u00f3lio abrangente de solu\u00e7\u00f5es de propuls\u00e3o que inclui desde eixos totalmente el\u00e9tricos a transmiss\u00f5es convencionais com baixo consumo de combust\u00edvel. \u201cEssas propostas combinam perfeitamente com combust\u00edveis alternativos e propuls\u00e3o el\u00e9trica, al\u00e9m da configura\u00e7\u00e3o h\u00edbrida el\u00e9trica eGen Flex para o setor de transporte&#8221;, comentou.<\/p>\n<p>Imagens &#8211; Divulga\u00e7\u00e3o<\/p>\n","protected":false},"excerpt":{"rendered":"<p>Dobradinha \u00e9 para incorporar e certificar o sistema Allison eGen Flex\u00ae ao motor Cummins S\u00e9rie B para atender aos Padr\u00f5es de Emiss\u00f5es EPA27<\/p>\n","protected":false},"author":2,"featured_media":13723,"comment_status":"open","ping_status":"open","sticky":false,"template":"","format":"standard","meta":{"_et_pb_use_builder":"","_et_pb_old_content":"","_et_gb_content_width":"","_jetpack_memberships_contains_paid_content":false,"footnotes":""},"categories":[562,73],"tags":[134],"class_list":["post-13216","post","type-post","status-publish","format-standard","has-post-thumbnail","hentry","category-eletrificacao","category-tecnologia","tag-allison-transmissions","et-has-post-format-content","et_post_format-et-post-format-standard"],"yoast_head":"<!-- This site is optimized with the Yoast SEO plugin v27.2 - https:\/\/yoast.com\/product\/yoast-seo-wordpress\/ -->\n<title>Allison faz parceria com Cummins - Revista AutoBus<\/title>\n<meta name=\"robots\" content=\"index, follow, max-snippet:-1, max-image-preview:large, max-video-preview:-1\" \/>\n<link rel=\"canonical\" href=\"https:\/\/revistaautobus.com.br\/?p=13216\" \/>\n<meta property=\"og:locale\" content=\"pt_BR\" \/>\n<meta property=\"og:type\" content=\"article\" \/>\n<meta property=\"og:title\" content=\"Allison faz parceria com Cummins - Revista AutoBus\" \/>\n<meta property=\"og:description\" content=\"Dobradinha \u00e9 para incorporar e certificar o sistema Allison eGen Flex\u00ae ao motor Cummins S\u00e9rie B para atender aos Padr\u00f5es de Emiss\u00f5es EPA27\" \/>\n<meta property=\"og:url\" content=\"https:\/\/revistaautobus.com.br\/?p=13216\" \/>\n<meta property=\"og:site_name\" content=\"Revista AutoBus\" \/>\n<meta property=\"article:publisher\" content=\"https:\/\/www.facebook.com\/antonio.ferro.3150\" \/>\n<meta property=\"article:published_time\" content=\"2024-09-27T17:48:08+00:00\" \/>\n<meta property=\"article:modified_time\" content=\"2024-11-07T19:31:42+00:00\" \/>\n<meta property=\"og:image\" content=\"https:\/\/revistaautobus.com.br\/wp-content\/uploads\/2024\/09\/443441_1126059_egen_flex_1.jpg\" \/>\n\t<meta property=\"og:image:width\" content=\"1000\" \/>\n\t<meta property=\"og:image:height\" content=\"647\" \/>\n\t<meta property=\"og:image:type\" content=\"image\/jpeg\" \/>\n<meta name=\"author\" content=\"Antonio Ferro\" \/>\n<meta name=\"twitter:card\" content=\"summary_large_image\" \/>\n<meta name=\"twitter:label1\" content=\"Escrito por\" \/>\n\t<meta name=\"twitter:data1\" content=\"Antonio Ferro\" \/>\n\t<meta name=\"twitter:label2\" content=\"Est. tempo de leitura\" \/>\n\t<meta name=\"twitter:data2\" content=\"1 minuto\" \/>\n<script type=\"application\/ld+json\" class=\"yoast-schema-graph\">{\"@context\":\"https:\/\/schema.org\",\"@graph\":[{\"@type\":\"Article\",\"@id\":\"https:\/\/revistaautobus.com.br\/?p=13216#article\",\"isPartOf\":{\"@id\":\"https:\/\/revistaautobus.com.br\/?p=13216\"},\"author\":{\"name\":\"Antonio Ferro\",\"@id\":\"https:\/\/revistaautobus.com.br\/#\/schema\/person\/54af7c3eb83a310e42ef686ef6d16f50\"},\"headline\":\"Allison faz parceria com Cummins\",\"datePublished\":\"2024-09-27T17:48:08+00:00\",\"dateModified\":\"2024-11-07T19:31:42+00:00\",\"mainEntityOfPage\":{\"@id\":\"https:\/\/revistaautobus.com.br\/?p=13216\"},\"wordCount\":293,\"commentCount\":0,\"publisher\":{\"@id\":\"https:\/\/revistaautobus.com.br\/#organization\"},\"image\":{\"@id\":\"https:\/\/revistaautobus.com.br\/?p=13216#primaryimage\"},\"thumbnailUrl\":\"https:\/\/revistaautobus.com.br\/wp-content\/uploads\/2024\/09\/443441_1126059_egen_flex_1.jpg\",\"keywords\":[\"Allison Transmissions\"],\"articleSection\":[\"Eletrifica\u00e7\u00e3o\",\"Tecnologia\"],\"inLanguage\":\"pt-BR\",\"potentialAction\":[{\"@type\":\"CommentAction\",\"name\":\"Comment\",\"target\":[\"https:\/\/revistaautobus.com.br\/?p=13216#respond\"]}]},{\"@type\":\"WebPage\",\"@id\":\"https:\/\/revistaautobus.com.br\/?p=13216\",\"url\":\"https:\/\/revistaautobus.com.br\/?p=13216\",\"name\":\"Allison faz parceria com Cummins - Revista AutoBus\",\"isPartOf\":{\"@id\":\"https:\/\/revistaautobus.com.br\/#website\"},\"primaryImageOfPage\":{\"@id\":\"https:\/\/revistaautobus.com.br\/?p=13216#primaryimage\"},\"image\":{\"@id\":\"https:\/\/revistaautobus.com.br\/?p=13216#primaryimage\"},\"thumbnailUrl\":\"https:\/\/revistaautobus.com.br\/wp-content\/uploads\/2024\/09\/443441_1126059_egen_flex_1.jpg\",\"datePublished\":\"2024-09-27T17:48:08+00:00\",\"dateModified\":\"2024-11-07T19:31:42+00:00\",\"breadcrumb\":{\"@id\":\"https:\/\/revistaautobus.com.br\/?p=13216#breadcrumb\"},\"inLanguage\":\"pt-BR\",\"potentialAction\":[{\"@type\":\"ReadAction\",\"target\":[\"https:\/\/revistaautobus.com.br\/?p=13216\"]}]},{\"@type\":\"ImageObject\",\"inLanguage\":\"pt-BR\",\"@id\":\"https:\/\/revistaautobus.com.br\/?p=13216#primaryimage\",\"url\":\"https:\/\/revistaautobus.com.br\/wp-content\/uploads\/2024\/09\/443441_1126059_egen_flex_1.jpg\",\"contentUrl\":\"https:\/\/revistaautobus.com.br\/wp-content\/uploads\/2024\/09\/443441_1126059_egen_flex_1.jpg\",\"width\":1000,\"height\":647},{\"@type\":\"BreadcrumbList\",\"@id\":\"https:\/\/revistaautobus.com.br\/?p=13216#breadcrumb\",\"itemListElement\":[{\"@type\":\"ListItem\",\"position\":1,\"name\":\"In\u00edcio\",\"item\":\"https:\/\/revistaautobus.com.br\/\"},{\"@type\":\"ListItem\",\"position\":2,\"name\":\"Allison faz parceria com Cummins\"}]},{\"@type\":\"WebSite\",\"@id\":\"https:\/\/revistaautobus.com.br\/#website\",\"url\":\"https:\/\/revistaautobus.com.br\/\",\"name\":\"Revista AutoBus\",\"description\":\"\",\"publisher\":{\"@id\":\"https:\/\/revistaautobus.com.br\/#organization\"},\"potentialAction\":[{\"@type\":\"SearchAction\",\"target\":{\"@type\":\"EntryPoint\",\"urlTemplate\":\"https:\/\/revistaautobus.com.br\/?s={search_term_string}\"},\"query-input\":{\"@type\":\"PropertyValueSpecification\",\"valueRequired\":true,\"valueName\":\"search_term_string\"}}],\"inLanguage\":\"pt-BR\"},{\"@type\":\"Organization\",\"@id\":\"https:\/\/revistaautobus.com.br\/#organization\",\"name\":\"Revista AutoBus\",\"url\":\"https:\/\/revistaautobus.com.br\/\",\"logo\":{\"@type\":\"ImageObject\",\"inLanguage\":\"pt-BR\",\"@id\":\"https:\/\/revistaautobus.com.br\/#\/schema\/logo\/image\/\",\"url\":\"https:\/\/revistaautobus.com.br\/wp-content\/uploads\/2024\/11\/logo_revista_autobus_fb.png\",\"contentUrl\":\"https:\/\/revistaautobus.com.br\/wp-content\/uploads\/2024\/11\/logo_revista_autobus_fb.png\",\"width\":836,\"height\":227,\"caption\":\"Revista AutoBus\"},\"image\":{\"@id\":\"https:\/\/revistaautobus.com.br\/#\/schema\/logo\/image\/\"},\"sameAs\":[\"https:\/\/www.facebook.com\/antonio.ferro.3150\",\"https:\/\/www.instagram.com\/revistaautobus\/\"]},{\"@type\":\"Person\",\"@id\":\"https:\/\/revistaautobus.com.br\/#\/schema\/person\/54af7c3eb83a310e42ef686ef6d16f50\",\"name\":\"Antonio Ferro\",\"image\":{\"@type\":\"ImageObject\",\"inLanguage\":\"pt-BR\",\"@id\":\"https:\/\/revistaautobus.com.br\/wp-content\/uploads\/2025\/12\/editor_antonio_ferro-150x150.jpg\",\"url\":\"https:\/\/revistaautobus.com.br\/wp-content\/uploads\/2025\/12\/editor_antonio_ferro-150x150.jpg\",\"contentUrl\":\"https:\/\/revistaautobus.com.br\/wp-content\/uploads\/2025\/12\/editor_antonio_ferro-150x150.jpg\",\"caption\":\"Antonio Ferro\"},\"description\":\"infobus@uol.com.br\",\"url\":\"https:\/\/revistaautobus.com.br\/?author=2\"}]}<\/script>\n<!-- \/ Yoast SEO plugin. -->","yoast_head_json":{"title":"Allison faz parceria com Cummins - Revista AutoBus","robots":{"index":"index","follow":"follow","max-snippet":"max-snippet:-1","max-image-preview":"max-image-preview:large","max-video-preview":"max-video-preview:-1"},"canonical":"https:\/\/revistaautobus.com.br\/?p=13216","og_locale":"pt_BR","og_type":"article","og_title":"Allison faz parceria com Cummins - Revista AutoBus","og_description":"Dobradinha \u00e9 para incorporar e certificar o sistema Allison eGen Flex\u00ae ao motor Cummins S\u00e9rie B para atender aos Padr\u00f5es de Emiss\u00f5es EPA27","og_url":"https:\/\/revistaautobus.com.br\/?p=13216","og_site_name":"Revista AutoBus","article_publisher":"https:\/\/www.facebook.com\/antonio.ferro.3150","article_published_time":"2024-09-27T17:48:08+00:00","article_modified_time":"2024-11-07T19:31:42+00:00","og_image":[{"width":1000,"height":647,"url":"https:\/\/revistaautobus.com.br\/wp-content\/uploads\/2024\/09\/443441_1126059_egen_flex_1.jpg","type":"image\/jpeg"}],"author":"Antonio Ferro","twitter_card":"summary_large_image","twitter_misc":{"Escrito por":"Antonio Ferro","Est. tempo de leitura":"1 minuto"},"schema":{"@context":"https:\/\/schema.org","@graph":[{"@type":"Article","@id":"https:\/\/revistaautobus.com.br\/?p=13216#article","isPartOf":{"@id":"https:\/\/revistaautobus.com.br\/?p=13216"},"author":{"name":"Antonio Ferro","@id":"https:\/\/revistaautobus.com.br\/#\/schema\/person\/54af7c3eb83a310e42ef686ef6d16f50"},"headline":"Allison faz parceria com Cummins","datePublished":"2024-09-27T17:48:08+00:00","dateModified":"2024-11-07T19:31:42+00:00","mainEntityOfPage":{"@id":"https:\/\/revistaautobus.com.br\/?p=13216"},"wordCount":293,"commentCount":0,"publisher":{"@id":"https:\/\/revistaautobus.com.br\/#organization"},"image":{"@id":"https:\/\/revistaautobus.com.br\/?p=13216#primaryimage"},"thumbnailUrl":"https:\/\/revistaautobus.com.br\/wp-content\/uploads\/2024\/09\/443441_1126059_egen_flex_1.jpg","keywords":["Allison Transmissions"],"articleSection":["Eletrifica\u00e7\u00e3o","Tecnologia"],"inLanguage":"pt-BR","potentialAction":[{"@type":"CommentAction","name":"Comment","target":["https:\/\/revistaautobus.com.br\/?p=13216#respond"]}]},{"@type":"WebPage","@id":"https:\/\/revistaautobus.com.br\/?p=13216","url":"https:\/\/revistaautobus.com.br\/?p=13216","name":"Allison faz parceria com Cummins - Revista AutoBus","isPartOf":{"@id":"https:\/\/revistaautobus.com.br\/#website"},"primaryImageOfPage":{"@id":"https:\/\/revistaautobus.com.br\/?p=13216#primaryimage"},"image":{"@id":"https:\/\/revistaautobus.com.br\/?p=13216#primaryimage"},"thumbnailUrl":"https:\/\/revistaautobus.com.br\/wp-content\/uploads\/2024\/09\/443441_1126059_egen_flex_1.jpg","datePublished":"2024-09-27T17:48:08+00:00","dateModified":"2024-11-07T19:31:42+00:00","breadcrumb":{"@id":"https:\/\/revistaautobus.com.br\/?p=13216#breadcrumb"},"inLanguage":"pt-BR","potentialAction":[{"@type":"ReadAction","target":["https:\/\/revistaautobus.com.br\/?p=13216"]}]},{"@type":"ImageObject","inLanguage":"pt-BR","@id":"https:\/\/revistaautobus.com.br\/?p=13216#primaryimage","url":"https:\/\/revistaautobus.com.br\/wp-content\/uploads\/2024\/09\/443441_1126059_egen_flex_1.jpg","contentUrl":"https:\/\/revistaautobus.com.br\/wp-content\/uploads\/2024\/09\/443441_1126059_egen_flex_1.jpg","width":1000,"height":647},{"@type":"BreadcrumbList","@id":"https:\/\/revistaautobus.com.br\/?p=13216#breadcrumb","itemListElement":[{"@type":"ListItem","position":1,"name":"In\u00edcio","item":"https:\/\/revistaautobus.com.br\/"},{"@type":"ListItem","position":2,"name":"Allison faz parceria com Cummins"}]},{"@type":"WebSite","@id":"https:\/\/revistaautobus.com.br\/#website","url":"https:\/\/revistaautobus.com.br\/","name":"Revista AutoBus","description":"","publisher":{"@id":"https:\/\/revistaautobus.com.br\/#organization"},"potentialAction":[{"@type":"SearchAction","target":{"@type":"EntryPoint","urlTemplate":"https:\/\/revistaautobus.com.br\/?s={search_term_string}"},"query-input":{"@type":"PropertyValueSpecification","valueRequired":true,"valueName":"search_term_string"}}],"inLanguage":"pt-BR"},{"@type":"Organization","@id":"https:\/\/revistaautobus.com.br\/#organization","name":"Revista AutoBus","url":"https:\/\/revistaautobus.com.br\/","logo":{"@type":"ImageObject","inLanguage":"pt-BR","@id":"https:\/\/revistaautobus.com.br\/#\/schema\/logo\/image\/","url":"https:\/\/revistaautobus.com.br\/wp-content\/uploads\/2024\/11\/logo_revista_autobus_fb.png","contentUrl":"https:\/\/revistaautobus.com.br\/wp-content\/uploads\/2024\/11\/logo_revista_autobus_fb.png","width":836,"height":227,"caption":"Revista AutoBus"},"image":{"@id":"https:\/\/revistaautobus.com.br\/#\/schema\/logo\/image\/"},"sameAs":["https:\/\/www.facebook.com\/antonio.ferro.3150","https:\/\/www.instagram.com\/revistaautobus\/"]},{"@type":"Person","@id":"https:\/\/revistaautobus.com.br\/#\/schema\/person\/54af7c3eb83a310e42ef686ef6d16f50","name":"Antonio Ferro","image":{"@type":"ImageObject","inLanguage":"pt-BR","@id":"https:\/\/revistaautobus.com.br\/wp-content\/uploads\/2025\/12\/editor_antonio_ferro-150x150.jpg","url":"https:\/\/revistaautobus.com.br\/wp-content\/uploads\/2025\/12\/editor_antonio_ferro-150x150.jpg","contentUrl":"https:\/\/revistaautobus.com.br\/wp-content\/uploads\/2025\/12\/editor_antonio_ferro-150x150.jpg","caption":"Antonio Ferro"},"description":"infobus@uol.com.br","url":"https:\/\/revistaautobus.com.br\/?author=2"}]}},"jetpack_featured_media_url":"https:\/\/revistaautobus.com.br\/wp-content\/uploads\/2024\/09\/443441_1126059_egen_flex_1.jpg","jetpack_sharing_enabled":true,"_links":{"self":[{"href":"https:\/\/revistaautobus.com.br\/index.php?rest_route=\/wp\/v2\/posts\/13216","targetHints":{"allow":["GET"]}}],"collection":[{"href":"https:\/\/revistaautobus.com.br\/index.php?rest_route=\/wp\/v2\/posts"}],"about":[{"href":"https:\/\/revistaautobus.com.br\/index.php?rest_route=\/wp\/v2\/types\/post"}],"author":[{"embeddable":true,"href":"https:\/\/revistaautobus.com.br\/index.php?rest_route=\/wp\/v2\/users\/2"}],"replies":[{"embeddable":true,"href":"https:\/\/revistaautobus.com.br\/index.php?rest_route=%2Fwp%2Fv2%2Fcomments&post=13216"}],"version-history":[{"count":2,"href":"https:\/\/revistaautobus.com.br\/index.php?rest_route=\/wp\/v2\/posts\/13216\/revisions"}],"predecessor-version":[{"id":13725,"href":"https:\/\/revistaautobus.com.br\/index.php?rest_route=\/wp\/v2\/posts\/13216\/revisions\/13725"}],"wp:featuredmedia":[{"embeddable":true,"href":"https:\/\/revistaautobus.com.br\/index.php?rest_route=\/wp\/v2\/media\/13723"}],"wp:attachment":[{"href":"https:\/\/revistaautobus.com.br\/index.php?rest_route=%2Fwp%2Fv2%2Fmedia&parent=13216"}],"wp:term":[{"taxonomy":"category","embeddable":true,"href":"https:\/\/revistaautobus.com.br\/index.php?rest_route=%2Fwp%2Fv2%2Fcategories&post=13216"},{"taxonomy":"post_tag","embeddable":true,"href":"https:\/\/revistaautobus.com.br\/index.php?rest_route=%2Fwp%2Fv2%2Ftags&post=13216"}],"curies":[{"name":"wp","href":"https:\/\/api.w.org\/{rel}","templated":true}]}}