{"id":13225,"date":"2024-09-27T14:52:24","date_gmt":"2024-09-27T17:52:24","guid":{"rendered":"https:\/\/revistaautobus.com.br\/?p=13225"},"modified":"2024-11-05T14:01:09","modified_gmt":"2024-11-05T17:01:09","slug":"castelo-branco-com-novas-operacoes","status":"publish","type":"post","link":"https:\/\/revistaautobus.com.br\/?p=13225","title":{"rendered":"Castelo Branco com novas opera\u00e7\u00f5es"},"content":{"rendered":"<p>Atuando no Paran\u00e1 h\u00e1 mais de 50 anos no segmento de transporte fretado e, alcan\u00e7ando mais espa\u00e7o no mercado, sempre observando os seus valores, que s\u00e3o as pol\u00edticas de qualidade, integridade e seguran\u00e7a, pilares que visam a entrega do servi\u00e7o pensando no desenvolvimento da empresa, o Grupo Castelo Branco anunciou uma nova frente de opera\u00e7\u00f5es, agora em Santa Catarina, com o fretamento industrial.<\/p>\n<p>Ao desbravar novos horizontes, o grupo paranaense investiu em novos e robustos \u00f4nibus, convencional, micro-\u00f4nibus e vans, sendo que das 24 novas unidades, nove t\u00eam chassis Iveco Bus, 13 s\u00e3o da marca Volare, modelo Attack 9, e duas vans Iveco. H\u00e1, ainda, uma unidade Volvo, que n\u00e3o \u00e9 nova e se juntou ao lote para as opera\u00e7\u00f5es catarinenses.<\/p>\n<p>Para Danilo Alexandre, gestor-comercial do Grupo Castelo Branco Transportes, o mercado tem reagido de forma muito positiva e as empresas come\u00e7aram a entender que seguran\u00e7a, qualidade e integridade s\u00e3o inegoci\u00e1veis. \u201cQual a probabilidade de um colaborador do meu cliente ter um bom desempenho na empresa, enfrentando por horas todos os dias um servi\u00e7o fretado de baixa qualidade? N\u00f3s damos mobilidade \u00e0s opera\u00e7\u00f5es dos nossos clientes, n\u00f3s trabalhamos com nossos clientes e n\u00e3o para nossos clientes. Entregamos o que h\u00e1 de melhor no mercado. Isso n\u00e3o \u00e9 quest\u00e3o de imagem ou marketing, isso se chama cultura. Aqui n\u00f3s promovemos qualidade a cada quil\u00f4metro rodado\u201d, ressaltou ele.<\/p>\n<p>Atendendo \u00e0 v\u00e1rios clientes, dentre eles o governo paranaense e fabricantes de ve\u00edculos, a transportadora realiza, ainda, o fretamento eventual, em viagens tur\u00edsticas de fim de semana, religiosas, etc.<\/p>\n<p>Imagem &#8211; Divulga\u00e7\u00e3o<\/p>\n","protected":false},"excerpt":{"rendered":"<p>Operadora de servi\u00e7os de fretamento expande seus neg\u00f3cios ao atender novo cliente em Santa Catarina<\/p>\n","protected":false},"author":2,"featured_media":13650,"comment_status":"open","ping_status":"open","sticky":false,"template":"","format":"standard","meta":{"_et_pb_use_builder":"","_et_pb_old_content":"","_et_gb_content_width":"","_jetpack_memberships_contains_paid_content":false,"footnotes":""},"categories":[90],"tags":[844],"class_list":["post-13225","post","type-post","status-publish","format-standard","has-post-thumbnail","hentry","category-noticias","tag-cbtour","et-has-post-format-content","et_post_format-et-post-format-standard"],"yoast_head":"<!-- This site is optimized with the Yoast SEO plugin v27.2 - https:\/\/yoast.com\/product\/yoast-seo-wordpress\/ -->\n<title>Castelo Branco com novas opera\u00e7\u00f5es - Revista AutoBus<\/title>\n<meta name=\"robots\" content=\"index, follow, max-snippet:-1, max-image-preview:large, max-video-preview:-1\" \/>\n<link rel=\"canonical\" href=\"https:\/\/revistaautobus.com.br\/?p=13225\" \/>\n<meta property=\"og:locale\" content=\"pt_BR\" \/>\n<meta property=\"og:type\" content=\"article\" \/>\n<meta property=\"og:title\" content=\"Castelo Branco com novas opera\u00e7\u00f5es - Revista AutoBus\" \/>\n<meta property=\"og:description\" content=\"Operadora de servi\u00e7os de fretamento expande seus neg\u00f3cios ao atender novo cliente em Santa Catarina\" \/>\n<meta property=\"og:url\" content=\"https:\/\/revistaautobus.com.br\/?p=13225\" \/>\n<meta property=\"og:site_name\" content=\"Revista AutoBus\" \/>\n<meta property=\"article:publisher\" content=\"https:\/\/www.facebook.com\/antonio.ferro.3150\" \/>\n<meta property=\"article:published_time\" content=\"2024-09-27T17:52:24+00:00\" \/>\n<meta property=\"article:modified_time\" content=\"2024-11-05T17:01:09+00:00\" \/>\n<meta property=\"og:image\" content=\"https:\/\/revistaautobus.com.br\/wp-content\/uploads\/2024\/09\/Imagem-do-WhatsApp-de-2024-09-26-as-11.35.43_bacafe39.jpg\" \/>\n\t<meta property=\"og:image:width\" content=\"1280\" \/>\n\t<meta property=\"og:image:height\" content=\"834\" \/>\n\t<meta property=\"og:image:type\" content=\"image\/jpeg\" \/>\n<meta name=\"author\" content=\"Antonio Ferro\" \/>\n<meta name=\"twitter:card\" content=\"summary_large_image\" \/>\n<meta name=\"twitter:label1\" content=\"Escrito por\" \/>\n\t<meta name=\"twitter:data1\" content=\"Antonio Ferro\" \/>\n\t<meta name=\"twitter:label2\" content=\"Est. tempo de leitura\" \/>\n\t<meta name=\"twitter:data2\" content=\"1 minuto\" \/>\n<script type=\"application\/ld+json\" class=\"yoast-schema-graph\">{\"@context\":\"https:\/\/schema.org\",\"@graph\":[{\"@type\":\"Article\",\"@id\":\"https:\/\/revistaautobus.com.br\/?p=13225#article\",\"isPartOf\":{\"@id\":\"https:\/\/revistaautobus.com.br\/?p=13225\"},\"author\":{\"name\":\"Antonio Ferro\",\"@id\":\"https:\/\/revistaautobus.com.br\/#\/schema\/person\/54af7c3eb83a310e42ef686ef6d16f50\"},\"headline\":\"Castelo Branco com novas opera\u00e7\u00f5es\",\"datePublished\":\"2024-09-27T17:52:24+00:00\",\"dateModified\":\"2024-11-05T17:01:09+00:00\",\"mainEntityOfPage\":{\"@id\":\"https:\/\/revistaautobus.com.br\/?p=13225\"},\"wordCount\":286,\"commentCount\":0,\"publisher\":{\"@id\":\"https:\/\/revistaautobus.com.br\/#organization\"},\"image\":{\"@id\":\"https:\/\/revistaautobus.com.br\/?p=13225#primaryimage\"},\"thumbnailUrl\":\"https:\/\/revistaautobus.com.br\/wp-content\/uploads\/2024\/09\/Imagem-do-WhatsApp-de-2024-09-26-as-11.35.43_bacafe39.jpg\",\"keywords\":[\"CBTour\"],\"articleSection\":[\"Not\u00edcias\"],\"inLanguage\":\"pt-BR\",\"potentialAction\":[{\"@type\":\"CommentAction\",\"name\":\"Comment\",\"target\":[\"https:\/\/revistaautobus.com.br\/?p=13225#respond\"]}]},{\"@type\":\"WebPage\",\"@id\":\"https:\/\/revistaautobus.com.br\/?p=13225\",\"url\":\"https:\/\/revistaautobus.com.br\/?p=13225\",\"name\":\"Castelo Branco com novas opera\u00e7\u00f5es - Revista AutoBus\",\"isPartOf\":{\"@id\":\"https:\/\/revistaautobus.com.br\/#website\"},\"primaryImageOfPage\":{\"@id\":\"https:\/\/revistaautobus.com.br\/?p=13225#primaryimage\"},\"image\":{\"@id\":\"https:\/\/revistaautobus.com.br\/?p=13225#primaryimage\"},\"thumbnailUrl\":\"https:\/\/revistaautobus.com.br\/wp-content\/uploads\/2024\/09\/Imagem-do-WhatsApp-de-2024-09-26-as-11.35.43_bacafe39.jpg\",\"datePublished\":\"2024-09-27T17:52:24+00:00\",\"dateModified\":\"2024-11-05T17:01:09+00:00\",\"breadcrumb\":{\"@id\":\"https:\/\/revistaautobus.com.br\/?p=13225#breadcrumb\"},\"inLanguage\":\"pt-BR\",\"potentialAction\":[{\"@type\":\"ReadAction\",\"target\":[\"https:\/\/revistaautobus.com.br\/?p=13225\"]}]},{\"@type\":\"ImageObject\",\"inLanguage\":\"pt-BR\",\"@id\":\"https:\/\/revistaautobus.com.br\/?p=13225#primaryimage\",\"url\":\"https:\/\/revistaautobus.com.br\/wp-content\/uploads\/2024\/09\/Imagem-do-WhatsApp-de-2024-09-26-as-11.35.43_bacafe39.jpg\",\"contentUrl\":\"https:\/\/revistaautobus.com.br\/wp-content\/uploads\/2024\/09\/Imagem-do-WhatsApp-de-2024-09-26-as-11.35.43_bacafe39.jpg\",\"width\":1280,\"height\":834},{\"@type\":\"BreadcrumbList\",\"@id\":\"https:\/\/revistaautobus.com.br\/?p=13225#breadcrumb\",\"itemListElement\":[{\"@type\":\"ListItem\",\"position\":1,\"name\":\"In\u00edcio\",\"item\":\"https:\/\/revistaautobus.com.br\/\"},{\"@type\":\"ListItem\",\"position\":2,\"name\":\"Castelo Branco com novas opera\u00e7\u00f5es\"}]},{\"@type\":\"WebSite\",\"@id\":\"https:\/\/revistaautobus.com.br\/#website\",\"url\":\"https:\/\/revistaautobus.com.br\/\",\"name\":\"Revista AutoBus\",\"description\":\"\",\"publisher\":{\"@id\":\"https:\/\/revistaautobus.com.br\/#organization\"},\"potentialAction\":[{\"@type\":\"SearchAction\",\"target\":{\"@type\":\"EntryPoint\",\"urlTemplate\":\"https:\/\/revistaautobus.com.br\/?s={search_term_string}\"},\"query-input\":{\"@type\":\"PropertyValueSpecification\",\"valueRequired\":true,\"valueName\":\"search_term_string\"}}],\"inLanguage\":\"pt-BR\"},{\"@type\":\"Organization\",\"@id\":\"https:\/\/revistaautobus.com.br\/#organization\",\"name\":\"Revista AutoBus\",\"url\":\"https:\/\/revistaautobus.com.br\/\",\"logo\":{\"@type\":\"ImageObject\",\"inLanguage\":\"pt-BR\",\"@id\":\"https:\/\/revistaautobus.com.br\/#\/schema\/logo\/image\/\",\"url\":\"https:\/\/revistaautobus.com.br\/wp-content\/uploads\/2024\/11\/logo_revista_autobus_fb.png\",\"contentUrl\":\"https:\/\/revistaautobus.com.br\/wp-content\/uploads\/2024\/11\/logo_revista_autobus_fb.png\",\"width\":836,\"height\":227,\"caption\":\"Revista AutoBus\"},\"image\":{\"@id\":\"https:\/\/revistaautobus.com.br\/#\/schema\/logo\/image\/\"},\"sameAs\":[\"https:\/\/www.facebook.com\/antonio.ferro.3150\",\"https:\/\/www.instagram.com\/revistaautobus\/\"]},{\"@type\":\"Person\",\"@id\":\"https:\/\/revistaautobus.com.br\/#\/schema\/person\/54af7c3eb83a310e42ef686ef6d16f50\",\"name\":\"Antonio Ferro\",\"image\":{\"@type\":\"ImageObject\",\"inLanguage\":\"pt-BR\",\"@id\":\"https:\/\/revistaautobus.com.br\/wp-content\/uploads\/2025\/12\/editor_antonio_ferro-150x150.jpg\",\"url\":\"https:\/\/revistaautobus.com.br\/wp-content\/uploads\/2025\/12\/editor_antonio_ferro-150x150.jpg\",\"contentUrl\":\"https:\/\/revistaautobus.com.br\/wp-content\/uploads\/2025\/12\/editor_antonio_ferro-150x150.jpg\",\"caption\":\"Antonio Ferro\"},\"description\":\"infobus@uol.com.br\",\"url\":\"https:\/\/revistaautobus.com.br\/?author=2\"}]}<\/script>\n<!-- \/ Yoast SEO plugin. -->","yoast_head_json":{"title":"Castelo Branco com novas opera\u00e7\u00f5es - Revista AutoBus","robots":{"index":"index","follow":"follow","max-snippet":"max-snippet:-1","max-image-preview":"max-image-preview:large","max-video-preview":"max-video-preview:-1"},"canonical":"https:\/\/revistaautobus.com.br\/?p=13225","og_locale":"pt_BR","og_type":"article","og_title":"Castelo Branco com novas opera\u00e7\u00f5es - Revista AutoBus","og_description":"Operadora de servi\u00e7os de fretamento expande seus neg\u00f3cios ao atender novo cliente em Santa Catarina","og_url":"https:\/\/revistaautobus.com.br\/?p=13225","og_site_name":"Revista AutoBus","article_publisher":"https:\/\/www.facebook.com\/antonio.ferro.3150","article_published_time":"2024-09-27T17:52:24+00:00","article_modified_time":"2024-11-05T17:01:09+00:00","og_image":[{"width":1280,"height":834,"url":"https:\/\/revistaautobus.com.br\/wp-content\/uploads\/2024\/09\/Imagem-do-WhatsApp-de-2024-09-26-as-11.35.43_bacafe39.jpg","type":"image\/jpeg"}],"author":"Antonio Ferro","twitter_card":"summary_large_image","twitter_misc":{"Escrito por":"Antonio Ferro","Est. tempo de leitura":"1 minuto"},"schema":{"@context":"https:\/\/schema.org","@graph":[{"@type":"Article","@id":"https:\/\/revistaautobus.com.br\/?p=13225#article","isPartOf":{"@id":"https:\/\/revistaautobus.com.br\/?p=13225"},"author":{"name":"Antonio Ferro","@id":"https:\/\/revistaautobus.com.br\/#\/schema\/person\/54af7c3eb83a310e42ef686ef6d16f50"},"headline":"Castelo Branco com novas opera\u00e7\u00f5es","datePublished":"2024-09-27T17:52:24+00:00","dateModified":"2024-11-05T17:01:09+00:00","mainEntityOfPage":{"@id":"https:\/\/revistaautobus.com.br\/?p=13225"},"wordCount":286,"commentCount":0,"publisher":{"@id":"https:\/\/revistaautobus.com.br\/#organization"},"image":{"@id":"https:\/\/revistaautobus.com.br\/?p=13225#primaryimage"},"thumbnailUrl":"https:\/\/revistaautobus.com.br\/wp-content\/uploads\/2024\/09\/Imagem-do-WhatsApp-de-2024-09-26-as-11.35.43_bacafe39.jpg","keywords":["CBTour"],"articleSection":["Not\u00edcias"],"inLanguage":"pt-BR","potentialAction":[{"@type":"CommentAction","name":"Comment","target":["https:\/\/revistaautobus.com.br\/?p=13225#respond"]}]},{"@type":"WebPage","@id":"https:\/\/revistaautobus.com.br\/?p=13225","url":"https:\/\/revistaautobus.com.br\/?p=13225","name":"Castelo Branco com novas opera\u00e7\u00f5es - Revista AutoBus","isPartOf":{"@id":"https:\/\/revistaautobus.com.br\/#website"},"primaryImageOfPage":{"@id":"https:\/\/revistaautobus.com.br\/?p=13225#primaryimage"},"image":{"@id":"https:\/\/revistaautobus.com.br\/?p=13225#primaryimage"},"thumbnailUrl":"https:\/\/revistaautobus.com.br\/wp-content\/uploads\/2024\/09\/Imagem-do-WhatsApp-de-2024-09-26-as-11.35.43_bacafe39.jpg","datePublished":"2024-09-27T17:52:24+00:00","dateModified":"2024-11-05T17:01:09+00:00","breadcrumb":{"@id":"https:\/\/revistaautobus.com.br\/?p=13225#breadcrumb"},"inLanguage":"pt-BR","potentialAction":[{"@type":"ReadAction","target":["https:\/\/revistaautobus.com.br\/?p=13225"]}]},{"@type":"ImageObject","inLanguage":"pt-BR","@id":"https:\/\/revistaautobus.com.br\/?p=13225#primaryimage","url":"https:\/\/revistaautobus.com.br\/wp-content\/uploads\/2024\/09\/Imagem-do-WhatsApp-de-2024-09-26-as-11.35.43_bacafe39.jpg","contentUrl":"https:\/\/revistaautobus.com.br\/wp-content\/uploads\/2024\/09\/Imagem-do-WhatsApp-de-2024-09-26-as-11.35.43_bacafe39.jpg","width":1280,"height":834},{"@type":"BreadcrumbList","@id":"https:\/\/revistaautobus.com.br\/?p=13225#breadcrumb","itemListElement":[{"@type":"ListItem","position":1,"name":"In\u00edcio","item":"https:\/\/revistaautobus.com.br\/"},{"@type":"ListItem","position":2,"name":"Castelo Branco com novas opera\u00e7\u00f5es"}]},{"@type":"WebSite","@id":"https:\/\/revistaautobus.com.br\/#website","url":"https:\/\/revistaautobus.com.br\/","name":"Revista AutoBus","description":"","publisher":{"@id":"https:\/\/revistaautobus.com.br\/#organization"},"potentialAction":[{"@type":"SearchAction","target":{"@type":"EntryPoint","urlTemplate":"https:\/\/revistaautobus.com.br\/?s={search_term_string}"},"query-input":{"@type":"PropertyValueSpecification","valueRequired":true,"valueName":"search_term_string"}}],"inLanguage":"pt-BR"},{"@type":"Organization","@id":"https:\/\/revistaautobus.com.br\/#organization","name":"Revista AutoBus","url":"https:\/\/revistaautobus.com.br\/","logo":{"@type":"ImageObject","inLanguage":"pt-BR","@id":"https:\/\/revistaautobus.com.br\/#\/schema\/logo\/image\/","url":"https:\/\/revistaautobus.com.br\/wp-content\/uploads\/2024\/11\/logo_revista_autobus_fb.png","contentUrl":"https:\/\/revistaautobus.com.br\/wp-content\/uploads\/2024\/11\/logo_revista_autobus_fb.png","width":836,"height":227,"caption":"Revista AutoBus"},"image":{"@id":"https:\/\/revistaautobus.com.br\/#\/schema\/logo\/image\/"},"sameAs":["https:\/\/www.facebook.com\/antonio.ferro.3150","https:\/\/www.instagram.com\/revistaautobus\/"]},{"@type":"Person","@id":"https:\/\/revistaautobus.com.br\/#\/schema\/person\/54af7c3eb83a310e42ef686ef6d16f50","name":"Antonio Ferro","image":{"@type":"ImageObject","inLanguage":"pt-BR","@id":"https:\/\/revistaautobus.com.br\/wp-content\/uploads\/2025\/12\/editor_antonio_ferro-150x150.jpg","url":"https:\/\/revistaautobus.com.br\/wp-content\/uploads\/2025\/12\/editor_antonio_ferro-150x150.jpg","contentUrl":"https:\/\/revistaautobus.com.br\/wp-content\/uploads\/2025\/12\/editor_antonio_ferro-150x150.jpg","caption":"Antonio Ferro"},"description":"infobus@uol.com.br","url":"https:\/\/revistaautobus.com.br\/?author=2"}]}},"jetpack_featured_media_url":"https:\/\/revistaautobus.com.br\/wp-content\/uploads\/2024\/09\/Imagem-do-WhatsApp-de-2024-09-26-as-11.35.43_bacafe39.jpg","jetpack_sharing_enabled":true,"_links":{"self":[{"href":"https:\/\/revistaautobus.com.br\/index.php?rest_route=\/wp\/v2\/posts\/13225","targetHints":{"allow":["GET"]}}],"collection":[{"href":"https:\/\/revistaautobus.com.br\/index.php?rest_route=\/wp\/v2\/posts"}],"about":[{"href":"https:\/\/revistaautobus.com.br\/index.php?rest_route=\/wp\/v2\/types\/post"}],"author":[{"embeddable":true,"href":"https:\/\/revistaautobus.com.br\/index.php?rest_route=\/wp\/v2\/users\/2"}],"replies":[{"embeddable":true,"href":"https:\/\/revistaautobus.com.br\/index.php?rest_route=%2Fwp%2Fv2%2Fcomments&post=13225"}],"version-history":[{"count":1,"href":"https:\/\/revistaautobus.com.br\/index.php?rest_route=\/wp\/v2\/posts\/13225\/revisions"}],"predecessor-version":[{"id":13227,"href":"https:\/\/revistaautobus.com.br\/index.php?rest_route=\/wp\/v2\/posts\/13225\/revisions\/13227"}],"wp:featuredmedia":[{"embeddable":true,"href":"https:\/\/revistaautobus.com.br\/index.php?rest_route=\/wp\/v2\/media\/13650"}],"wp:attachment":[{"href":"https:\/\/revistaautobus.com.br\/index.php?rest_route=%2Fwp%2Fv2%2Fmedia&parent=13225"}],"wp:term":[{"taxonomy":"category","embeddable":true,"href":"https:\/\/revistaautobus.com.br\/index.php?rest_route=%2Fwp%2Fv2%2Fcategories&post=13225"},{"taxonomy":"post_tag","embeddable":true,"href":"https:\/\/revistaautobus.com.br\/index.php?rest_route=%2Fwp%2Fv2%2Ftags&post=13225"}],"curies":[{"name":"wp","href":"https:\/\/api.w.org\/{rel}","templated":true}]}}