{"id":13278,"date":"2024-10-07T11:38:02","date_gmt":"2024-10-07T14:38:02","guid":{"rendered":"https:\/\/revistaautobus.com.br\/?p=13278"},"modified":"2024-11-05T13:43:30","modified_gmt":"2024-11-05T16:43:30","slug":"apache-vip-presente-em-operadoras-de-sao-jose-dos-campos-e-em-cidades-paranaenses","status":"publish","type":"post","link":"https:\/\/revistaautobus.com.br\/?p=13278","title":{"rendered":"Apache Vip presente em operadoras de S\u00e3o Jos\u00e9 dos Campos e em cidades paranaenses"},"content":{"rendered":"<p>A Expresso Maring\u00e1 do Vale e a Joseense Transporte de Passageiros, tradicionais clientes Caio, adquiriram 20 novos \u00f4nibus modelo Apache Vip, quinta gera\u00e7\u00e3o. Eles ir\u00e3o operar no transporte municipal de S\u00e3o Jos\u00e9 dos Campos (SP), cidade com 700 mil habitantes e que se destaca pela sua infraestrutura e por possuir diversas ind\u00fastrias.<\/p>\n<p>Dos 20 \u00f4nibus, 18 s\u00e3o da Joseense Transporte de Passageiros e foram personalizados nas cores cinza e laranja, enquanto as outras duas unidades s\u00e3o da Expresso Maring\u00e1 do Vale e t\u00eam cores cinza e verde.<\/p>\n<p>Com capacidade para 85 pessoas, sendo 36 passageiros sentados, 47 em p\u00e9, os novos \u00f4nibus contam com chassis Mercedes-Benz OF-1721\/59, 12,50 metros de comprimento, tr\u00eas portas tipo fole, com atua\u00e7\u00e3o pneum\u00e1tica e acionamento de emerg\u00eancia, poltronas injetadas estofadas, elevador semiautom\u00e1tico na porta central, alarme de r\u00e9 com atenuador noturno, quatro itiner\u00e1rios eletr\u00f4nicos localizados em diferentes locais (frontal, traseiro, lateral direita e base do painel), ilumina\u00e7\u00e3o em LED no sal\u00e3o interno e na caixa de porta, acima dos degraus e prepara\u00e7\u00e3o para microc\u00e2meras e conex\u00e3o Wi-Fi.<\/p>\n<p>Rog\u00e9rio Leone, representante de vendas da Caio na regi\u00e3o, destacou que a parceria existente entre a Caio e as empresas \u00e9 fruto da constru\u00e7\u00e3o de um relacionamento pr\u00f3ximo com o cliente, possibilitando um atendimento personalizado, preciso e confi\u00e1vel, o que impulsiona novas aquisi\u00e7\u00f5es.<\/p>\n<p><img loading=\"lazy\" decoding=\"async\" class=\"alignnone wp-image-13625 size-full\" src=\"https:\/\/revistaautobus.com.br\/wp-content\/uploads\/2024\/10\/Penha-1.jpg\" alt=\"\" width=\"1000\" height=\"750\" srcset=\"https:\/\/revistaautobus.com.br\/wp-content\/uploads\/2024\/10\/Penha-1.jpg 1000w, https:\/\/revistaautobus.com.br\/wp-content\/uploads\/2024\/10\/Penha-1-300x225.jpg 300w, https:\/\/revistaautobus.com.br\/wp-content\/uploads\/2024\/10\/Penha-1-768x576.jpg 768w\" sizes=\"(max-width: 1000px) 100vw, 1000px\" \/><\/p>\n<p>No Paran\u00e1, a operadora Nossa Senhora da Penha e a Via\u00e7\u00e3o Apucarana, ambas do Grupo Comporte, adquiriram seis novos \u00f4nibus para opera\u00e7\u00f5es nas cidades de Apucarana e Santo Ant\u00f4nio da Platina. S\u00e3o quatro unidades para Via\u00e7\u00e3o Apucarana e duas para a Penha. Todos os ve\u00edculos contam com chassis Mercedes-Benz e t\u00eam dois comprimentos \u2013 13,20 metros e 11,30 metros. \u201c\u00c9 uma grande satisfa\u00e7\u00e3o voltarmos a atender essas duas importantes empresas. Tanto a Via\u00e7\u00e3o Apucarana quanto a Expresso Nossa Senhora da Penha s\u00e3o operadoras significativas no setor de transporte, e \u00e9 gratificante para a Caio fazer parte dessas renova\u00e7\u00f5es de frotas paranaenses\u201d, disse Jocemario Dartora, representante de vendas da Caio na regi\u00e3o de Curitiba.<\/p>\n<p>Imagens &#8211; Divulga\u00e7\u00e3o<\/p>\n","protected":false},"excerpt":{"rendered":"<p>Duas operadoras do transporte coletivo da cidade localizada no Vale do Para\u00edba e outras duas do Paran\u00e1 renovam suas frotas com carro\u00e7arias da marca paulista<\/p>\n","protected":false},"author":2,"featured_media":13624,"comment_status":"open","ping_status":"open","sticky":false,"template":"","format":"standard","meta":{"_et_pb_use_builder":"","_et_pb_old_content":"","_et_gb_content_width":"","_jetpack_memberships_contains_paid_content":false,"footnotes":""},"categories":[7,90],"tags":[103,83],"class_list":["post-13278","post","type-post","status-publish","format-standard","has-post-thumbnail","hentry","category-mobilidade-urbana","category-noticias","tag-apache-vip","tag-caio","et-has-post-format-content","et_post_format-et-post-format-standard"],"yoast_head":"<!-- This site is optimized with the Yoast SEO plugin v27.2 - https:\/\/yoast.com\/product\/yoast-seo-wordpress\/ -->\n<title>Apache Vip presente em operadoras de S\u00e3o Jos\u00e9 dos Campos e em cidades paranaenses - Revista AutoBus<\/title>\n<meta name=\"robots\" content=\"index, follow, max-snippet:-1, max-image-preview:large, max-video-preview:-1\" \/>\n<link rel=\"canonical\" href=\"https:\/\/revistaautobus.com.br\/?p=13278\" \/>\n<meta property=\"og:locale\" content=\"pt_BR\" \/>\n<meta property=\"og:type\" content=\"article\" \/>\n<meta property=\"og:title\" content=\"Apache Vip presente em operadoras de S\u00e3o Jos\u00e9 dos Campos e em cidades paranaenses - Revista AutoBus\" \/>\n<meta property=\"og:description\" content=\"Duas operadoras do transporte coletivo da cidade localizada no Vale do Para\u00edba e outras duas do Paran\u00e1 renovam suas frotas com carro\u00e7arias da marca paulista\" \/>\n<meta property=\"og:url\" content=\"https:\/\/revistaautobus.com.br\/?p=13278\" \/>\n<meta property=\"og:site_name\" content=\"Revista AutoBus\" \/>\n<meta property=\"article:publisher\" content=\"https:\/\/www.facebook.com\/antonio.ferro.3150\" \/>\n<meta property=\"article:published_time\" content=\"2024-10-07T14:38:02+00:00\" \/>\n<meta property=\"article:modified_time\" content=\"2024-11-05T16:43:30+00:00\" \/>\n<meta property=\"og:image\" content=\"https:\/\/revistaautobus.com.br\/wp-content\/uploads\/2024\/10\/Materia-1.jpg\" \/>\n\t<meta property=\"og:image:width\" content=\"1600\" \/>\n\t<meta property=\"og:image:height\" content=\"1200\" \/>\n\t<meta property=\"og:image:type\" content=\"image\/jpeg\" \/>\n<meta name=\"author\" content=\"Antonio Ferro\" \/>\n<meta name=\"twitter:card\" content=\"summary_large_image\" \/>\n<meta name=\"twitter:label1\" content=\"Escrito por\" \/>\n\t<meta name=\"twitter:data1\" content=\"Antonio Ferro\" \/>\n\t<meta name=\"twitter:label2\" content=\"Est. tempo de leitura\" \/>\n\t<meta name=\"twitter:data2\" content=\"2 minutos\" \/>\n<script type=\"application\/ld+json\" class=\"yoast-schema-graph\">{\"@context\":\"https:\/\/schema.org\",\"@graph\":[{\"@type\":\"Article\",\"@id\":\"https:\/\/revistaautobus.com.br\/?p=13278#article\",\"isPartOf\":{\"@id\":\"https:\/\/revistaautobus.com.br\/?p=13278\"},\"author\":{\"name\":\"Antonio Ferro\",\"@id\":\"https:\/\/revistaautobus.com.br\/#\/schema\/person\/54af7c3eb83a310e42ef686ef6d16f50\"},\"headline\":\"Apache Vip presente em operadoras de S\u00e3o Jos\u00e9 dos Campos e em cidades paranaenses\",\"datePublished\":\"2024-10-07T14:38:02+00:00\",\"dateModified\":\"2024-11-05T16:43:30+00:00\",\"mainEntityOfPage\":{\"@id\":\"https:\/\/revistaautobus.com.br\/?p=13278\"},\"wordCount\":370,\"commentCount\":0,\"publisher\":{\"@id\":\"https:\/\/revistaautobus.com.br\/#organization\"},\"image\":{\"@id\":\"https:\/\/revistaautobus.com.br\/?p=13278#primaryimage\"},\"thumbnailUrl\":\"https:\/\/revistaautobus.com.br\/wp-content\/uploads\/2024\/10\/Materia-1.jpg\",\"keywords\":[\"Apache VIP\",\"Caio\"],\"articleSection\":[\"Mobilidade Urbana\",\"Not\u00edcias\"],\"inLanguage\":\"pt-BR\",\"potentialAction\":[{\"@type\":\"CommentAction\",\"name\":\"Comment\",\"target\":[\"https:\/\/revistaautobus.com.br\/?p=13278#respond\"]}]},{\"@type\":\"WebPage\",\"@id\":\"https:\/\/revistaautobus.com.br\/?p=13278\",\"url\":\"https:\/\/revistaautobus.com.br\/?p=13278\",\"name\":\"Apache Vip presente em operadoras de S\u00e3o Jos\u00e9 dos Campos e em cidades paranaenses - Revista AutoBus\",\"isPartOf\":{\"@id\":\"https:\/\/revistaautobus.com.br\/#website\"},\"primaryImageOfPage\":{\"@id\":\"https:\/\/revistaautobus.com.br\/?p=13278#primaryimage\"},\"image\":{\"@id\":\"https:\/\/revistaautobus.com.br\/?p=13278#primaryimage\"},\"thumbnailUrl\":\"https:\/\/revistaautobus.com.br\/wp-content\/uploads\/2024\/10\/Materia-1.jpg\",\"datePublished\":\"2024-10-07T14:38:02+00:00\",\"dateModified\":\"2024-11-05T16:43:30+00:00\",\"breadcrumb\":{\"@id\":\"https:\/\/revistaautobus.com.br\/?p=13278#breadcrumb\"},\"inLanguage\":\"pt-BR\",\"potentialAction\":[{\"@type\":\"ReadAction\",\"target\":[\"https:\/\/revistaautobus.com.br\/?p=13278\"]}]},{\"@type\":\"ImageObject\",\"inLanguage\":\"pt-BR\",\"@id\":\"https:\/\/revistaautobus.com.br\/?p=13278#primaryimage\",\"url\":\"https:\/\/revistaautobus.com.br\/wp-content\/uploads\/2024\/10\/Materia-1.jpg\",\"contentUrl\":\"https:\/\/revistaautobus.com.br\/wp-content\/uploads\/2024\/10\/Materia-1.jpg\",\"width\":1600,\"height\":1200},{\"@type\":\"BreadcrumbList\",\"@id\":\"https:\/\/revistaautobus.com.br\/?p=13278#breadcrumb\",\"itemListElement\":[{\"@type\":\"ListItem\",\"position\":1,\"name\":\"In\u00edcio\",\"item\":\"https:\/\/revistaautobus.com.br\/\"},{\"@type\":\"ListItem\",\"position\":2,\"name\":\"Apache Vip presente em operadoras de S\u00e3o Jos\u00e9 dos Campos e em cidades paranaenses\"}]},{\"@type\":\"WebSite\",\"@id\":\"https:\/\/revistaautobus.com.br\/#website\",\"url\":\"https:\/\/revistaautobus.com.br\/\",\"name\":\"Revista AutoBus\",\"description\":\"\",\"publisher\":{\"@id\":\"https:\/\/revistaautobus.com.br\/#organization\"},\"potentialAction\":[{\"@type\":\"SearchAction\",\"target\":{\"@type\":\"EntryPoint\",\"urlTemplate\":\"https:\/\/revistaautobus.com.br\/?s={search_term_string}\"},\"query-input\":{\"@type\":\"PropertyValueSpecification\",\"valueRequired\":true,\"valueName\":\"search_term_string\"}}],\"inLanguage\":\"pt-BR\"},{\"@type\":\"Organization\",\"@id\":\"https:\/\/revistaautobus.com.br\/#organization\",\"name\":\"Revista AutoBus\",\"url\":\"https:\/\/revistaautobus.com.br\/\",\"logo\":{\"@type\":\"ImageObject\",\"inLanguage\":\"pt-BR\",\"@id\":\"https:\/\/revistaautobus.com.br\/#\/schema\/logo\/image\/\",\"url\":\"https:\/\/revistaautobus.com.br\/wp-content\/uploads\/2024\/11\/logo_revista_autobus_fb.png\",\"contentUrl\":\"https:\/\/revistaautobus.com.br\/wp-content\/uploads\/2024\/11\/logo_revista_autobus_fb.png\",\"width\":836,\"height\":227,\"caption\":\"Revista AutoBus\"},\"image\":{\"@id\":\"https:\/\/revistaautobus.com.br\/#\/schema\/logo\/image\/\"},\"sameAs\":[\"https:\/\/www.facebook.com\/antonio.ferro.3150\",\"https:\/\/www.instagram.com\/revistaautobus\/\"]},{\"@type\":\"Person\",\"@id\":\"https:\/\/revistaautobus.com.br\/#\/schema\/person\/54af7c3eb83a310e42ef686ef6d16f50\",\"name\":\"Antonio Ferro\",\"image\":{\"@type\":\"ImageObject\",\"inLanguage\":\"pt-BR\",\"@id\":\"https:\/\/revistaautobus.com.br\/wp-content\/uploads\/2025\/12\/editor_antonio_ferro-150x150.jpg\",\"url\":\"https:\/\/revistaautobus.com.br\/wp-content\/uploads\/2025\/12\/editor_antonio_ferro-150x150.jpg\",\"contentUrl\":\"https:\/\/revistaautobus.com.br\/wp-content\/uploads\/2025\/12\/editor_antonio_ferro-150x150.jpg\",\"caption\":\"Antonio Ferro\"},\"description\":\"infobus@uol.com.br\",\"url\":\"https:\/\/revistaautobus.com.br\/?author=2\"}]}<\/script>\n<!-- \/ Yoast SEO plugin. -->","yoast_head_json":{"title":"Apache Vip presente em operadoras de S\u00e3o Jos\u00e9 dos Campos e em cidades paranaenses - Revista AutoBus","robots":{"index":"index","follow":"follow","max-snippet":"max-snippet:-1","max-image-preview":"max-image-preview:large","max-video-preview":"max-video-preview:-1"},"canonical":"https:\/\/revistaautobus.com.br\/?p=13278","og_locale":"pt_BR","og_type":"article","og_title":"Apache Vip presente em operadoras de S\u00e3o Jos\u00e9 dos Campos e em cidades paranaenses - Revista AutoBus","og_description":"Duas operadoras do transporte coletivo da cidade localizada no Vale do Para\u00edba e outras duas do Paran\u00e1 renovam suas frotas com carro\u00e7arias da marca paulista","og_url":"https:\/\/revistaautobus.com.br\/?p=13278","og_site_name":"Revista AutoBus","article_publisher":"https:\/\/www.facebook.com\/antonio.ferro.3150","article_published_time":"2024-10-07T14:38:02+00:00","article_modified_time":"2024-11-05T16:43:30+00:00","og_image":[{"width":1600,"height":1200,"url":"https:\/\/revistaautobus.com.br\/wp-content\/uploads\/2024\/10\/Materia-1.jpg","type":"image\/jpeg"}],"author":"Antonio Ferro","twitter_card":"summary_large_image","twitter_misc":{"Escrito por":"Antonio Ferro","Est. tempo de leitura":"2 minutos"},"schema":{"@context":"https:\/\/schema.org","@graph":[{"@type":"Article","@id":"https:\/\/revistaautobus.com.br\/?p=13278#article","isPartOf":{"@id":"https:\/\/revistaautobus.com.br\/?p=13278"},"author":{"name":"Antonio Ferro","@id":"https:\/\/revistaautobus.com.br\/#\/schema\/person\/54af7c3eb83a310e42ef686ef6d16f50"},"headline":"Apache Vip presente em operadoras de S\u00e3o Jos\u00e9 dos Campos e em cidades paranaenses","datePublished":"2024-10-07T14:38:02+00:00","dateModified":"2024-11-05T16:43:30+00:00","mainEntityOfPage":{"@id":"https:\/\/revistaautobus.com.br\/?p=13278"},"wordCount":370,"commentCount":0,"publisher":{"@id":"https:\/\/revistaautobus.com.br\/#organization"},"image":{"@id":"https:\/\/revistaautobus.com.br\/?p=13278#primaryimage"},"thumbnailUrl":"https:\/\/revistaautobus.com.br\/wp-content\/uploads\/2024\/10\/Materia-1.jpg","keywords":["Apache VIP","Caio"],"articleSection":["Mobilidade Urbana","Not\u00edcias"],"inLanguage":"pt-BR","potentialAction":[{"@type":"CommentAction","name":"Comment","target":["https:\/\/revistaautobus.com.br\/?p=13278#respond"]}]},{"@type":"WebPage","@id":"https:\/\/revistaautobus.com.br\/?p=13278","url":"https:\/\/revistaautobus.com.br\/?p=13278","name":"Apache Vip presente em operadoras de S\u00e3o Jos\u00e9 dos Campos e em cidades paranaenses - Revista AutoBus","isPartOf":{"@id":"https:\/\/revistaautobus.com.br\/#website"},"primaryImageOfPage":{"@id":"https:\/\/revistaautobus.com.br\/?p=13278#primaryimage"},"image":{"@id":"https:\/\/revistaautobus.com.br\/?p=13278#primaryimage"},"thumbnailUrl":"https:\/\/revistaautobus.com.br\/wp-content\/uploads\/2024\/10\/Materia-1.jpg","datePublished":"2024-10-07T14:38:02+00:00","dateModified":"2024-11-05T16:43:30+00:00","breadcrumb":{"@id":"https:\/\/revistaautobus.com.br\/?p=13278#breadcrumb"},"inLanguage":"pt-BR","potentialAction":[{"@type":"ReadAction","target":["https:\/\/revistaautobus.com.br\/?p=13278"]}]},{"@type":"ImageObject","inLanguage":"pt-BR","@id":"https:\/\/revistaautobus.com.br\/?p=13278#primaryimage","url":"https:\/\/revistaautobus.com.br\/wp-content\/uploads\/2024\/10\/Materia-1.jpg","contentUrl":"https:\/\/revistaautobus.com.br\/wp-content\/uploads\/2024\/10\/Materia-1.jpg","width":1600,"height":1200},{"@type":"BreadcrumbList","@id":"https:\/\/revistaautobus.com.br\/?p=13278#breadcrumb","itemListElement":[{"@type":"ListItem","position":1,"name":"In\u00edcio","item":"https:\/\/revistaautobus.com.br\/"},{"@type":"ListItem","position":2,"name":"Apache Vip presente em operadoras de S\u00e3o Jos\u00e9 dos Campos e em cidades paranaenses"}]},{"@type":"WebSite","@id":"https:\/\/revistaautobus.com.br\/#website","url":"https:\/\/revistaautobus.com.br\/","name":"Revista AutoBus","description":"","publisher":{"@id":"https:\/\/revistaautobus.com.br\/#organization"},"potentialAction":[{"@type":"SearchAction","target":{"@type":"EntryPoint","urlTemplate":"https:\/\/revistaautobus.com.br\/?s={search_term_string}"},"query-input":{"@type":"PropertyValueSpecification","valueRequired":true,"valueName":"search_term_string"}}],"inLanguage":"pt-BR"},{"@type":"Organization","@id":"https:\/\/revistaautobus.com.br\/#organization","name":"Revista AutoBus","url":"https:\/\/revistaautobus.com.br\/","logo":{"@type":"ImageObject","inLanguage":"pt-BR","@id":"https:\/\/revistaautobus.com.br\/#\/schema\/logo\/image\/","url":"https:\/\/revistaautobus.com.br\/wp-content\/uploads\/2024\/11\/logo_revista_autobus_fb.png","contentUrl":"https:\/\/revistaautobus.com.br\/wp-content\/uploads\/2024\/11\/logo_revista_autobus_fb.png","width":836,"height":227,"caption":"Revista AutoBus"},"image":{"@id":"https:\/\/revistaautobus.com.br\/#\/schema\/logo\/image\/"},"sameAs":["https:\/\/www.facebook.com\/antonio.ferro.3150","https:\/\/www.instagram.com\/revistaautobus\/"]},{"@type":"Person","@id":"https:\/\/revistaautobus.com.br\/#\/schema\/person\/54af7c3eb83a310e42ef686ef6d16f50","name":"Antonio Ferro","image":{"@type":"ImageObject","inLanguage":"pt-BR","@id":"https:\/\/revistaautobus.com.br\/wp-content\/uploads\/2025\/12\/editor_antonio_ferro-150x150.jpg","url":"https:\/\/revistaautobus.com.br\/wp-content\/uploads\/2025\/12\/editor_antonio_ferro-150x150.jpg","contentUrl":"https:\/\/revistaautobus.com.br\/wp-content\/uploads\/2025\/12\/editor_antonio_ferro-150x150.jpg","caption":"Antonio Ferro"},"description":"infobus@uol.com.br","url":"https:\/\/revistaautobus.com.br\/?author=2"}]}},"jetpack_featured_media_url":"https:\/\/revistaautobus.com.br\/wp-content\/uploads\/2024\/10\/Materia-1.jpg","jetpack_sharing_enabled":true,"_links":{"self":[{"href":"https:\/\/revistaautobus.com.br\/index.php?rest_route=\/wp\/v2\/posts\/13278","targetHints":{"allow":["GET"]}}],"collection":[{"href":"https:\/\/revistaautobus.com.br\/index.php?rest_route=\/wp\/v2\/posts"}],"about":[{"href":"https:\/\/revistaautobus.com.br\/index.php?rest_route=\/wp\/v2\/types\/post"}],"author":[{"embeddable":true,"href":"https:\/\/revistaautobus.com.br\/index.php?rest_route=\/wp\/v2\/users\/2"}],"replies":[{"embeddable":true,"href":"https:\/\/revistaautobus.com.br\/index.php?rest_route=%2Fwp%2Fv2%2Fcomments&post=13278"}],"version-history":[{"count":2,"href":"https:\/\/revistaautobus.com.br\/index.php?rest_route=\/wp\/v2\/posts\/13278\/revisions"}],"predecessor-version":[{"id":13626,"href":"https:\/\/revistaautobus.com.br\/index.php?rest_route=\/wp\/v2\/posts\/13278\/revisions\/13626"}],"wp:featuredmedia":[{"embeddable":true,"href":"https:\/\/revistaautobus.com.br\/index.php?rest_route=\/wp\/v2\/media\/13624"}],"wp:attachment":[{"href":"https:\/\/revistaautobus.com.br\/index.php?rest_route=%2Fwp%2Fv2%2Fmedia&parent=13278"}],"wp:term":[{"taxonomy":"category","embeddable":true,"href":"https:\/\/revistaautobus.com.br\/index.php?rest_route=%2Fwp%2Fv2%2Fcategories&post=13278"},{"taxonomy":"post_tag","embeddable":true,"href":"https:\/\/revistaautobus.com.br\/index.php?rest_route=%2Fwp%2Fv2%2Ftags&post=13278"}],"curies":[{"name":"wp","href":"https:\/\/api.w.org\/{rel}","templated":true}]}}