{"id":13295,"date":"2024-10-07T13:53:38","date_gmt":"2024-10-07T16:53:38","guid":{"rendered":"https:\/\/revistaautobus.com.br\/?p=13295"},"modified":"2024-11-05T11:12:10","modified_gmt":"2024-11-05T14:12:10","slug":"o-pequenino-mundo-do-transporte","status":"publish","type":"post","link":"https:\/\/revistaautobus.com.br\/?p=13295","title":{"rendered":"O pequenino mundo do transporte"},"content":{"rendered":"<p>Crian\u00e7as e adultos interessados pelos ve\u00edculos automotores t\u00eam algo e comum \u2013 a paix\u00e3o por modelos em escala reduzida -, ou o que podemos chamar de miniaturas. Para n\u00f3s, do jornalismo segmentado, esse interesse \u00e9 real, permitindo que tenhamos, sobre nossos cuidados, uma verdadeira minifrota, com modelos que representam a verdadeira linha do tempo de determinados segmentos (no meu caso, os \u00f4nibus).<\/p>\n<p>Produzidas por diversos fabricantes e variadas escalas (tamanho), essas miniaturas causam um encantamento, provocado pelos pequenos detalhes, semelhan\u00e7a aos modelos reais e acabamento. Aqui no Brasil, esse \u00e9 um tema que agrega muitas pessoas e seus interesses em colecionar algo, que muitas vezes pode caber na palma da m\u00e3o.<\/p>\n<p>No Brasil, h\u00e1 muitos artes\u00f5es que incursionaram na arte de produzir ve\u00edculos miniaturizados, dentre outros que investiram na concep\u00e7\u00e3o de modelos dos pequenos \u00f4nibus. Um exemplo \u00e9 a BR Classics que tem uma cole\u00e7\u00e3o de modelos antigos (escala 1:72) que fizeram hist\u00f3ria no segmento do transporte rodovi\u00e1rio de passageiros. Apesar de n\u00e3o querer se expor (assim o \u00e9 com a revista AutoBus que quer saber sobre sua hist\u00f3ria), essa fabricante conta uma pequena hist\u00f3ria do modal por interm\u00e9dio de uma cole\u00e7\u00e3o que retrata alguns momentos da evolu\u00e7\u00e3o veicular, como o do monobloco O-355 da Mercedes-Benz e de outra vers\u00e3o produzida por ela, o O-400, o Flecha Azul, ve\u00edculo da Via\u00e7\u00e3o Cometa, conhecido pelos muitos admiradores da marca. Seus desenvolvimentos usam metal, partes pl\u00e1sticas e at\u00e9 pneus emborrachados.<\/p>\n<p><img loading=\"lazy\" decoding=\"async\" class=\"alignnone wp-image-13618 size-full\" src=\"https:\/\/revistaautobus.com.br\/wp-content\/uploads\/2024\/10\/IMG_20240930_105548105_AE.jpg\" alt=\"\" width=\"1000\" height=\"819\" srcset=\"https:\/\/revistaautobus.com.br\/wp-content\/uploads\/2024\/10\/IMG_20240930_105548105_AE.jpg 1000w, https:\/\/revistaautobus.com.br\/wp-content\/uploads\/2024\/10\/IMG_20240930_105548105_AE-300x246.jpg 300w, https:\/\/revistaautobus.com.br\/wp-content\/uploads\/2024\/10\/IMG_20240930_105548105_AE-768x629.jpg 768w\" sizes=\"(max-width: 1000px) 100vw, 1000px\" \/><\/p>\n<p><img loading=\"lazy\" decoding=\"async\" class=\"alignnone wp-image-13619 size-full\" src=\"https:\/\/revistaautobus.com.br\/wp-content\/uploads\/2024\/10\/IMG_20240930_105618083_AE.jpg\" alt=\"\" width=\"1000\" height=\"790\" srcset=\"https:\/\/revistaautobus.com.br\/wp-content\/uploads\/2024\/10\/IMG_20240930_105618083_AE.jpg 1000w, https:\/\/revistaautobus.com.br\/wp-content\/uploads\/2024\/10\/IMG_20240930_105618083_AE-300x237.jpg 300w, https:\/\/revistaautobus.com.br\/wp-content\/uploads\/2024\/10\/IMG_20240930_105618083_AE-768x607.jpg 768w\" sizes=\"(max-width: 1000px) 100vw, 1000px\" \/><\/p>\n<p>Al\u00e9m dos \u00f4nibus, a BR Classics, tamb\u00e9m, produz autom\u00f3veis e, at\u00e9 mesmo, a miniatura de uma rodovi\u00e1ria. A escala utilizada nos pequenos \u00f4nibus, 1:72, equivale \u00e0 uma unidade com 18 cent\u00edmetros de comprimento. Uma dica \u2013 porque n\u00e3o fazer um tamanho maior, do tipo 1:50, dessas miniaturas de \u00f4nibus, algo que seria bem interessante para os colecionadores?<\/p>\n<p>Imagens &#8211; Revista AutoBus e reprodu\u00e7\u00e3o da internet<\/p>\n","protected":false},"excerpt":{"rendered":"<p>O fasc\u00ednio pelas miniaturas de ve\u00edculos atrai pessoas de todas as idades, nos fazendo voltar a ser crian\u00e7as \u201cgrandes\u201d<\/p>\n","protected":false},"author":2,"featured_media":13617,"comment_status":"open","ping_status":"open","sticky":false,"template":"","format":"standard","meta":{"_et_pb_use_builder":"","_et_pb_old_content":"","_et_gb_content_width":"","_jetpack_memberships_contains_paid_content":false,"footnotes":""},"categories":[90],"tags":[848,849],"class_list":["post-13295","post","type-post","status-publish","format-standard","has-post-thumbnail","hentry","category-noticias","tag-brclassics","tag-miniaturas-de-onibus","et-has-post-format-content","et_post_format-et-post-format-standard"],"yoast_head":"<!-- This site is optimized with the Yoast SEO plugin v27.2 - https:\/\/yoast.com\/product\/yoast-seo-wordpress\/ -->\n<title>O pequenino mundo do transporte - Revista AutoBus<\/title>\n<meta name=\"robots\" content=\"index, follow, max-snippet:-1, max-image-preview:large, max-video-preview:-1\" \/>\n<link rel=\"canonical\" href=\"https:\/\/revistaautobus.com.br\/?p=13295\" \/>\n<meta property=\"og:locale\" content=\"pt_BR\" \/>\n<meta property=\"og:type\" content=\"article\" \/>\n<meta property=\"og:title\" content=\"O pequenino mundo do transporte - Revista AutoBus\" \/>\n<meta property=\"og:description\" content=\"O fasc\u00ednio pelas miniaturas de ve\u00edculos atrai pessoas de todas as idades, nos fazendo voltar a ser crian\u00e7as \u201cgrandes\u201d\" \/>\n<meta property=\"og:url\" content=\"https:\/\/revistaautobus.com.br\/?p=13295\" \/>\n<meta property=\"og:site_name\" content=\"Revista AutoBus\" \/>\n<meta property=\"article:publisher\" content=\"https:\/\/www.facebook.com\/antonio.ferro.3150\" \/>\n<meta property=\"article:published_time\" content=\"2024-10-07T16:53:38+00:00\" \/>\n<meta property=\"article:modified_time\" content=\"2024-11-05T14:12:10+00:00\" \/>\n<meta property=\"og:image\" content=\"https:\/\/revistaautobus.com.br\/wp-content\/uploads\/2024\/10\/IMG_20240930_105717781_AE.jpg\" \/>\n\t<meta property=\"og:image:width\" content=\"1000\" \/>\n\t<meta property=\"og:image:height\" content=\"752\" \/>\n\t<meta property=\"og:image:type\" content=\"image\/jpeg\" \/>\n<meta name=\"author\" content=\"Antonio Ferro\" \/>\n<meta name=\"twitter:card\" content=\"summary_large_image\" \/>\n<meta name=\"twitter:label1\" content=\"Escrito por\" \/>\n\t<meta name=\"twitter:data1\" content=\"Antonio Ferro\" \/>\n\t<meta name=\"twitter:label2\" content=\"Est. tempo de leitura\" \/>\n\t<meta name=\"twitter:data2\" content=\"2 minutos\" \/>\n<script type=\"application\/ld+json\" class=\"yoast-schema-graph\">{\"@context\":\"https:\/\/schema.org\",\"@graph\":[{\"@type\":\"Article\",\"@id\":\"https:\/\/revistaautobus.com.br\/?p=13295#article\",\"isPartOf\":{\"@id\":\"https:\/\/revistaautobus.com.br\/?p=13295\"},\"author\":{\"name\":\"Antonio Ferro\",\"@id\":\"https:\/\/revistaautobus.com.br\/#\/schema\/person\/54af7c3eb83a310e42ef686ef6d16f50\"},\"headline\":\"O pequenino mundo do transporte\",\"datePublished\":\"2024-10-07T16:53:38+00:00\",\"dateModified\":\"2024-11-05T14:12:10+00:00\",\"mainEntityOfPage\":{\"@id\":\"https:\/\/revistaautobus.com.br\/?p=13295\"},\"wordCount\":327,\"commentCount\":0,\"publisher\":{\"@id\":\"https:\/\/revistaautobus.com.br\/#organization\"},\"image\":{\"@id\":\"https:\/\/revistaautobus.com.br\/?p=13295#primaryimage\"},\"thumbnailUrl\":\"https:\/\/revistaautobus.com.br\/wp-content\/uploads\/2024\/10\/IMG_20240930_105717781_AE.jpg\",\"keywords\":[\"BRClassics\",\"Miniaturas de \u00f4nibus\"],\"articleSection\":[\"Not\u00edcias\"],\"inLanguage\":\"pt-BR\",\"potentialAction\":[{\"@type\":\"CommentAction\",\"name\":\"Comment\",\"target\":[\"https:\/\/revistaautobus.com.br\/?p=13295#respond\"]}]},{\"@type\":\"WebPage\",\"@id\":\"https:\/\/revistaautobus.com.br\/?p=13295\",\"url\":\"https:\/\/revistaautobus.com.br\/?p=13295\",\"name\":\"O pequenino mundo do transporte - Revista AutoBus\",\"isPartOf\":{\"@id\":\"https:\/\/revistaautobus.com.br\/#website\"},\"primaryImageOfPage\":{\"@id\":\"https:\/\/revistaautobus.com.br\/?p=13295#primaryimage\"},\"image\":{\"@id\":\"https:\/\/revistaautobus.com.br\/?p=13295#primaryimage\"},\"thumbnailUrl\":\"https:\/\/revistaautobus.com.br\/wp-content\/uploads\/2024\/10\/IMG_20240930_105717781_AE.jpg\",\"datePublished\":\"2024-10-07T16:53:38+00:00\",\"dateModified\":\"2024-11-05T14:12:10+00:00\",\"breadcrumb\":{\"@id\":\"https:\/\/revistaautobus.com.br\/?p=13295#breadcrumb\"},\"inLanguage\":\"pt-BR\",\"potentialAction\":[{\"@type\":\"ReadAction\",\"target\":[\"https:\/\/revistaautobus.com.br\/?p=13295\"]}]},{\"@type\":\"ImageObject\",\"inLanguage\":\"pt-BR\",\"@id\":\"https:\/\/revistaautobus.com.br\/?p=13295#primaryimage\",\"url\":\"https:\/\/revistaautobus.com.br\/wp-content\/uploads\/2024\/10\/IMG_20240930_105717781_AE.jpg\",\"contentUrl\":\"https:\/\/revistaautobus.com.br\/wp-content\/uploads\/2024\/10\/IMG_20240930_105717781_AE.jpg\",\"width\":1000,\"height\":752},{\"@type\":\"BreadcrumbList\",\"@id\":\"https:\/\/revistaautobus.com.br\/?p=13295#breadcrumb\",\"itemListElement\":[{\"@type\":\"ListItem\",\"position\":1,\"name\":\"In\u00edcio\",\"item\":\"https:\/\/revistaautobus.com.br\/\"},{\"@type\":\"ListItem\",\"position\":2,\"name\":\"O pequenino mundo do transporte\"}]},{\"@type\":\"WebSite\",\"@id\":\"https:\/\/revistaautobus.com.br\/#website\",\"url\":\"https:\/\/revistaautobus.com.br\/\",\"name\":\"Revista AutoBus\",\"description\":\"\",\"publisher\":{\"@id\":\"https:\/\/revistaautobus.com.br\/#organization\"},\"potentialAction\":[{\"@type\":\"SearchAction\",\"target\":{\"@type\":\"EntryPoint\",\"urlTemplate\":\"https:\/\/revistaautobus.com.br\/?s={search_term_string}\"},\"query-input\":{\"@type\":\"PropertyValueSpecification\",\"valueRequired\":true,\"valueName\":\"search_term_string\"}}],\"inLanguage\":\"pt-BR\"},{\"@type\":\"Organization\",\"@id\":\"https:\/\/revistaautobus.com.br\/#organization\",\"name\":\"Revista AutoBus\",\"url\":\"https:\/\/revistaautobus.com.br\/\",\"logo\":{\"@type\":\"ImageObject\",\"inLanguage\":\"pt-BR\",\"@id\":\"https:\/\/revistaautobus.com.br\/#\/schema\/logo\/image\/\",\"url\":\"https:\/\/revistaautobus.com.br\/wp-content\/uploads\/2024\/11\/logo_revista_autobus_fb.png\",\"contentUrl\":\"https:\/\/revistaautobus.com.br\/wp-content\/uploads\/2024\/11\/logo_revista_autobus_fb.png\",\"width\":836,\"height\":227,\"caption\":\"Revista AutoBus\"},\"image\":{\"@id\":\"https:\/\/revistaautobus.com.br\/#\/schema\/logo\/image\/\"},\"sameAs\":[\"https:\/\/www.facebook.com\/antonio.ferro.3150\",\"https:\/\/www.instagram.com\/revistaautobus\/\"]},{\"@type\":\"Person\",\"@id\":\"https:\/\/revistaautobus.com.br\/#\/schema\/person\/54af7c3eb83a310e42ef686ef6d16f50\",\"name\":\"Antonio Ferro\",\"image\":{\"@type\":\"ImageObject\",\"inLanguage\":\"pt-BR\",\"@id\":\"https:\/\/revistaautobus.com.br\/wp-content\/uploads\/2025\/12\/editor_antonio_ferro-150x150.jpg\",\"url\":\"https:\/\/revistaautobus.com.br\/wp-content\/uploads\/2025\/12\/editor_antonio_ferro-150x150.jpg\",\"contentUrl\":\"https:\/\/revistaautobus.com.br\/wp-content\/uploads\/2025\/12\/editor_antonio_ferro-150x150.jpg\",\"caption\":\"Antonio Ferro\"},\"description\":\"infobus@uol.com.br\",\"url\":\"https:\/\/revistaautobus.com.br\/?author=2\"}]}<\/script>\n<!-- \/ Yoast SEO plugin. -->","yoast_head_json":{"title":"O pequenino mundo do transporte - Revista AutoBus","robots":{"index":"index","follow":"follow","max-snippet":"max-snippet:-1","max-image-preview":"max-image-preview:large","max-video-preview":"max-video-preview:-1"},"canonical":"https:\/\/revistaautobus.com.br\/?p=13295","og_locale":"pt_BR","og_type":"article","og_title":"O pequenino mundo do transporte - Revista AutoBus","og_description":"O fasc\u00ednio pelas miniaturas de ve\u00edculos atrai pessoas de todas as idades, nos fazendo voltar a ser crian\u00e7as \u201cgrandes\u201d","og_url":"https:\/\/revistaautobus.com.br\/?p=13295","og_site_name":"Revista AutoBus","article_publisher":"https:\/\/www.facebook.com\/antonio.ferro.3150","article_published_time":"2024-10-07T16:53:38+00:00","article_modified_time":"2024-11-05T14:12:10+00:00","og_image":[{"width":1000,"height":752,"url":"https:\/\/revistaautobus.com.br\/wp-content\/uploads\/2024\/10\/IMG_20240930_105717781_AE.jpg","type":"image\/jpeg"}],"author":"Antonio Ferro","twitter_card":"summary_large_image","twitter_misc":{"Escrito por":"Antonio Ferro","Est. tempo de leitura":"2 minutos"},"schema":{"@context":"https:\/\/schema.org","@graph":[{"@type":"Article","@id":"https:\/\/revistaautobus.com.br\/?p=13295#article","isPartOf":{"@id":"https:\/\/revistaautobus.com.br\/?p=13295"},"author":{"name":"Antonio Ferro","@id":"https:\/\/revistaautobus.com.br\/#\/schema\/person\/54af7c3eb83a310e42ef686ef6d16f50"},"headline":"O pequenino mundo do transporte","datePublished":"2024-10-07T16:53:38+00:00","dateModified":"2024-11-05T14:12:10+00:00","mainEntityOfPage":{"@id":"https:\/\/revistaautobus.com.br\/?p=13295"},"wordCount":327,"commentCount":0,"publisher":{"@id":"https:\/\/revistaautobus.com.br\/#organization"},"image":{"@id":"https:\/\/revistaautobus.com.br\/?p=13295#primaryimage"},"thumbnailUrl":"https:\/\/revistaautobus.com.br\/wp-content\/uploads\/2024\/10\/IMG_20240930_105717781_AE.jpg","keywords":["BRClassics","Miniaturas de \u00f4nibus"],"articleSection":["Not\u00edcias"],"inLanguage":"pt-BR","potentialAction":[{"@type":"CommentAction","name":"Comment","target":["https:\/\/revistaautobus.com.br\/?p=13295#respond"]}]},{"@type":"WebPage","@id":"https:\/\/revistaautobus.com.br\/?p=13295","url":"https:\/\/revistaautobus.com.br\/?p=13295","name":"O pequenino mundo do transporte - Revista AutoBus","isPartOf":{"@id":"https:\/\/revistaautobus.com.br\/#website"},"primaryImageOfPage":{"@id":"https:\/\/revistaautobus.com.br\/?p=13295#primaryimage"},"image":{"@id":"https:\/\/revistaautobus.com.br\/?p=13295#primaryimage"},"thumbnailUrl":"https:\/\/revistaautobus.com.br\/wp-content\/uploads\/2024\/10\/IMG_20240930_105717781_AE.jpg","datePublished":"2024-10-07T16:53:38+00:00","dateModified":"2024-11-05T14:12:10+00:00","breadcrumb":{"@id":"https:\/\/revistaautobus.com.br\/?p=13295#breadcrumb"},"inLanguage":"pt-BR","potentialAction":[{"@type":"ReadAction","target":["https:\/\/revistaautobus.com.br\/?p=13295"]}]},{"@type":"ImageObject","inLanguage":"pt-BR","@id":"https:\/\/revistaautobus.com.br\/?p=13295#primaryimage","url":"https:\/\/revistaautobus.com.br\/wp-content\/uploads\/2024\/10\/IMG_20240930_105717781_AE.jpg","contentUrl":"https:\/\/revistaautobus.com.br\/wp-content\/uploads\/2024\/10\/IMG_20240930_105717781_AE.jpg","width":1000,"height":752},{"@type":"BreadcrumbList","@id":"https:\/\/revistaautobus.com.br\/?p=13295#breadcrumb","itemListElement":[{"@type":"ListItem","position":1,"name":"In\u00edcio","item":"https:\/\/revistaautobus.com.br\/"},{"@type":"ListItem","position":2,"name":"O pequenino mundo do transporte"}]},{"@type":"WebSite","@id":"https:\/\/revistaautobus.com.br\/#website","url":"https:\/\/revistaautobus.com.br\/","name":"Revista AutoBus","description":"","publisher":{"@id":"https:\/\/revistaautobus.com.br\/#organization"},"potentialAction":[{"@type":"SearchAction","target":{"@type":"EntryPoint","urlTemplate":"https:\/\/revistaautobus.com.br\/?s={search_term_string}"},"query-input":{"@type":"PropertyValueSpecification","valueRequired":true,"valueName":"search_term_string"}}],"inLanguage":"pt-BR"},{"@type":"Organization","@id":"https:\/\/revistaautobus.com.br\/#organization","name":"Revista AutoBus","url":"https:\/\/revistaautobus.com.br\/","logo":{"@type":"ImageObject","inLanguage":"pt-BR","@id":"https:\/\/revistaautobus.com.br\/#\/schema\/logo\/image\/","url":"https:\/\/revistaautobus.com.br\/wp-content\/uploads\/2024\/11\/logo_revista_autobus_fb.png","contentUrl":"https:\/\/revistaautobus.com.br\/wp-content\/uploads\/2024\/11\/logo_revista_autobus_fb.png","width":836,"height":227,"caption":"Revista AutoBus"},"image":{"@id":"https:\/\/revistaautobus.com.br\/#\/schema\/logo\/image\/"},"sameAs":["https:\/\/www.facebook.com\/antonio.ferro.3150","https:\/\/www.instagram.com\/revistaautobus\/"]},{"@type":"Person","@id":"https:\/\/revistaautobus.com.br\/#\/schema\/person\/54af7c3eb83a310e42ef686ef6d16f50","name":"Antonio Ferro","image":{"@type":"ImageObject","inLanguage":"pt-BR","@id":"https:\/\/revistaautobus.com.br\/wp-content\/uploads\/2025\/12\/editor_antonio_ferro-150x150.jpg","url":"https:\/\/revistaautobus.com.br\/wp-content\/uploads\/2025\/12\/editor_antonio_ferro-150x150.jpg","contentUrl":"https:\/\/revistaautobus.com.br\/wp-content\/uploads\/2025\/12\/editor_antonio_ferro-150x150.jpg","caption":"Antonio Ferro"},"description":"infobus@uol.com.br","url":"https:\/\/revistaautobus.com.br\/?author=2"}]}},"jetpack_featured_media_url":"https:\/\/revistaautobus.com.br\/wp-content\/uploads\/2024\/10\/IMG_20240930_105717781_AE.jpg","jetpack_sharing_enabled":true,"_links":{"self":[{"href":"https:\/\/revistaautobus.com.br\/index.php?rest_route=\/wp\/v2\/posts\/13295","targetHints":{"allow":["GET"]}}],"collection":[{"href":"https:\/\/revistaautobus.com.br\/index.php?rest_route=\/wp\/v2\/posts"}],"about":[{"href":"https:\/\/revistaautobus.com.br\/index.php?rest_route=\/wp\/v2\/types\/post"}],"author":[{"embeddable":true,"href":"https:\/\/revistaautobus.com.br\/index.php?rest_route=\/wp\/v2\/users\/2"}],"replies":[{"embeddable":true,"href":"https:\/\/revistaautobus.com.br\/index.php?rest_route=%2Fwp%2Fv2%2Fcomments&post=13295"}],"version-history":[{"count":2,"href":"https:\/\/revistaautobus.com.br\/index.php?rest_route=\/wp\/v2\/posts\/13295\/revisions"}],"predecessor-version":[{"id":13620,"href":"https:\/\/revistaautobus.com.br\/index.php?rest_route=\/wp\/v2\/posts\/13295\/revisions\/13620"}],"wp:featuredmedia":[{"embeddable":true,"href":"https:\/\/revistaautobus.com.br\/index.php?rest_route=\/wp\/v2\/media\/13617"}],"wp:attachment":[{"href":"https:\/\/revistaautobus.com.br\/index.php?rest_route=%2Fwp%2Fv2%2Fmedia&parent=13295"}],"wp:term":[{"taxonomy":"category","embeddable":true,"href":"https:\/\/revistaautobus.com.br\/index.php?rest_route=%2Fwp%2Fv2%2Fcategories&post=13295"},{"taxonomy":"post_tag","embeddable":true,"href":"https:\/\/revistaautobus.com.br\/index.php?rest_route=%2Fwp%2Fv2%2Ftags&post=13295"}],"curies":[{"name":"wp","href":"https:\/\/api.w.org\/{rel}","templated":true}]}}