{"id":13341,"date":"2024-10-14T08:54:23","date_gmt":"2024-10-14T11:54:23","guid":{"rendered":"https:\/\/revistaautobus.com.br\/?p=13341"},"modified":"2024-11-05T10:53:59","modified_gmt":"2024-11-05T13:53:59","slug":"a-importante-discussao-sobre-a-descarbonizacao-do-transporte","status":"publish","type":"post","link":"https:\/\/revistaautobus.com.br\/?p=13341","title":{"rendered":"A importante discuss\u00e3o sobre a descarboniza\u00e7\u00e3o do transporte"},"content":{"rendered":"<p>Por <span style=\"color: #0000ff;\"><strong><em>Mauro Herszkowicz<\/em><\/strong><\/span>, presidente da FETPESP<\/p>\n<p>No \u00faltimo dia 8 de outubro, foi institu\u00edda a Lei Combust\u00edvel do Futuro, que tem o objetivo de incentivar a produ\u00e7\u00e3o e a utiliza\u00e7\u00e3o de combust\u00edveis sustent\u00e1veis no pa\u00eds. A proposta federal cria programas nacionais de diesel verde, biometano e combust\u00edvel para avia\u00e7\u00e3o e aumenta a mistura de etanol \u00e0 gasolina, de 22% a 27%, e de biodiesel ao diesel de origem f\u00f3ssil em um ponto percentual ao ano, at\u00e9 atingir 20% em mar\u00e7o de 2030, visando evitar a emiss\u00e3o de mais de 700 milh\u00f5es de toneladas de di\u00f3xido de carbono (CO2), at\u00e9 o ano de 2037.<\/p>\n<p>Pela lei, ser\u00e3o criados o Programa Nacional de Combust\u00edvel Sustent\u00e1vel de Avia\u00e7\u00e3o (ProBioQAV), o Programa Nacional de Diesel verde (PNDV) e o Programa Nacional de Descarboniza\u00e7\u00e3o do Produtor e Importador de G\u00e1s Natural e de Incentivo ao Biometano. Esses programas pretendem incentivar a pesquisa e a produ\u00e7\u00e3o de biocombust\u00edveis, levando a descarboniza\u00e7\u00e3o dos transportes.<\/p>\n<p>O tema descarboniza\u00e7\u00e3o do transporte rodovi\u00e1rio de passageiros ser\u00e1 um dos principais assuntos do Semin\u00e1rio T\u00e9cnico \/ Jur\u00eddico que o Sindicato das Empresas de Transportes de Passageiros no Estado de S\u00e3o Paulo (SETPESP) promover\u00e1 no pr\u00f3ximo dia 28 de novembro de 2024, no Hotel Renaissance, em S\u00e3o Paulo. Um dos pontos importantes das discuss\u00f5es ser\u00e1 sobre os desafios da transi\u00e7\u00e3o energ\u00e9tica justa e a busca por alternativas aos combust\u00edveis f\u00f3sseis. Ser\u00e3o apresentadas solu\u00e7\u00f5es inovadoras, como novos motores h\u00edbridos e el\u00e9tricos, que visam reduzir a emiss\u00e3o de gases poluentes e promover um transporte mais sustent\u00e1vel. A ado\u00e7\u00e3o dessas tecnologias poder\u00e1 assegurar um futuro mais verde e mais seguro para todos.<\/p>\n<p>O Semin\u00e1rio, que conta com o apoio da Federa\u00e7\u00e3o das Empresas de Transportes de Passageiros do Estado de S\u00e3o Paulo (FETPESP), \u00e9 um evento fundamental para os setores p\u00fablico e privado envolvidos no transporte rodovi\u00e1rio de passageiros no Brasil, e dever\u00e1 reunir especialistas do setor jur\u00eddico e do transporte para discutir temas relevantes para a sociedade.<\/p>\n","protected":false},"excerpt":{"rendered":"<p>O Semin\u00e1rio, que conta com o apoio da Federa\u00e7\u00e3o das Empresas de Transportes de Passageiros do Estado de S\u00e3o Paulo (FETPESP), \u00e9 um evento fundamental para os setores p\u00fablico e privado envolvidos no transporte rodovi\u00e1rio de passageiros no Brasil<\/p>\n","protected":false},"author":2,"featured_media":13600,"comment_status":"open","ping_status":"open","sticky":false,"template":"","format":"standard","meta":{"_et_pb_use_builder":"","_et_pb_old_content":"","_et_gb_content_width":"","_jetpack_memberships_contains_paid_content":false,"footnotes":""},"categories":[41],"tags":[143,165],"class_list":["post-13341","post","type-post","status-publish","format-standard","has-post-thumbnail","hentry","category-ponto-de-vista","tag-fetpesp","tag-setpesp","et-has-post-format-content","et_post_format-et-post-format-standard"],"yoast_head":"<!-- This site is optimized with the Yoast SEO plugin v27.2 - https:\/\/yoast.com\/product\/yoast-seo-wordpress\/ -->\n<title>A importante discuss\u00e3o sobre a descarboniza\u00e7\u00e3o do transporte - Revista AutoBus<\/title>\n<meta name=\"robots\" content=\"index, follow, max-snippet:-1, max-image-preview:large, max-video-preview:-1\" \/>\n<link rel=\"canonical\" href=\"https:\/\/revistaautobus.com.br\/?p=13341\" \/>\n<meta property=\"og:locale\" content=\"pt_BR\" \/>\n<meta property=\"og:type\" content=\"article\" \/>\n<meta property=\"og:title\" content=\"A importante discuss\u00e3o sobre a descarboniza\u00e7\u00e3o do transporte - Revista AutoBus\" \/>\n<meta property=\"og:description\" content=\"O Semin\u00e1rio, que conta com o apoio da Federa\u00e7\u00e3o das Empresas de Transportes de Passageiros do Estado de S\u00e3o Paulo (FETPESP), \u00e9 um evento fundamental para os setores p\u00fablico e privado envolvidos no transporte rodovi\u00e1rio de passageiros no Brasil\" \/>\n<meta property=\"og:url\" content=\"https:\/\/revistaautobus.com.br\/?p=13341\" \/>\n<meta property=\"og:site_name\" content=\"Revista AutoBus\" \/>\n<meta property=\"article:publisher\" content=\"https:\/\/www.facebook.com\/antonio.ferro.3150\" \/>\n<meta property=\"article:published_time\" content=\"2024-10-14T11:54:23+00:00\" \/>\n<meta property=\"article:modified_time\" content=\"2024-11-05T13:53:59+00:00\" \/>\n<meta property=\"og:image\" content=\"https:\/\/revistaautobus.com.br\/wp-content\/uploads\/2024\/10\/IMG-20240513-WA0037.jpg\" \/>\n\t<meta property=\"og:image:width\" content=\"1600\" \/>\n\t<meta property=\"og:image:height\" content=\"1066\" \/>\n\t<meta property=\"og:image:type\" content=\"image\/jpeg\" \/>\n<meta name=\"author\" content=\"Antonio Ferro\" \/>\n<meta name=\"twitter:card\" content=\"summary_large_image\" \/>\n<meta name=\"twitter:label1\" content=\"Escrito por\" \/>\n\t<meta name=\"twitter:data1\" content=\"Antonio Ferro\" \/>\n\t<meta name=\"twitter:label2\" content=\"Est. tempo de leitura\" \/>\n\t<meta name=\"twitter:data2\" content=\"2 minutos\" \/>\n<script type=\"application\/ld+json\" class=\"yoast-schema-graph\">{\"@context\":\"https:\/\/schema.org\",\"@graph\":[{\"@type\":\"Article\",\"@id\":\"https:\/\/revistaautobus.com.br\/?p=13341#article\",\"isPartOf\":{\"@id\":\"https:\/\/revistaautobus.com.br\/?p=13341\"},\"author\":{\"name\":\"Antonio Ferro\",\"@id\":\"https:\/\/revistaautobus.com.br\/#\/schema\/person\/54af7c3eb83a310e42ef686ef6d16f50\"},\"headline\":\"A importante discuss\u00e3o sobre a descarboniza\u00e7\u00e3o do transporte\",\"datePublished\":\"2024-10-14T11:54:23+00:00\",\"dateModified\":\"2024-11-05T13:53:59+00:00\",\"mainEntityOfPage\":{\"@id\":\"https:\/\/revistaautobus.com.br\/?p=13341\"},\"wordCount\":369,\"commentCount\":0,\"publisher\":{\"@id\":\"https:\/\/revistaautobus.com.br\/#organization\"},\"image\":{\"@id\":\"https:\/\/revistaautobus.com.br\/?p=13341#primaryimage\"},\"thumbnailUrl\":\"https:\/\/revistaautobus.com.br\/wp-content\/uploads\/2024\/10\/IMG-20240513-WA0037.jpg\",\"keywords\":[\"FETPESP\",\"SETPESP\"],\"articleSection\":[\"Ponto de Vista\"],\"inLanguage\":\"pt-BR\",\"potentialAction\":[{\"@type\":\"CommentAction\",\"name\":\"Comment\",\"target\":[\"https:\/\/revistaautobus.com.br\/?p=13341#respond\"]}]},{\"@type\":\"WebPage\",\"@id\":\"https:\/\/revistaautobus.com.br\/?p=13341\",\"url\":\"https:\/\/revistaautobus.com.br\/?p=13341\",\"name\":\"A importante discuss\u00e3o sobre a descarboniza\u00e7\u00e3o do transporte - Revista AutoBus\",\"isPartOf\":{\"@id\":\"https:\/\/revistaautobus.com.br\/#website\"},\"primaryImageOfPage\":{\"@id\":\"https:\/\/revistaautobus.com.br\/?p=13341#primaryimage\"},\"image\":{\"@id\":\"https:\/\/revistaautobus.com.br\/?p=13341#primaryimage\"},\"thumbnailUrl\":\"https:\/\/revistaautobus.com.br\/wp-content\/uploads\/2024\/10\/IMG-20240513-WA0037.jpg\",\"datePublished\":\"2024-10-14T11:54:23+00:00\",\"dateModified\":\"2024-11-05T13:53:59+00:00\",\"breadcrumb\":{\"@id\":\"https:\/\/revistaautobus.com.br\/?p=13341#breadcrumb\"},\"inLanguage\":\"pt-BR\",\"potentialAction\":[{\"@type\":\"ReadAction\",\"target\":[\"https:\/\/revistaautobus.com.br\/?p=13341\"]}]},{\"@type\":\"ImageObject\",\"inLanguage\":\"pt-BR\",\"@id\":\"https:\/\/revistaautobus.com.br\/?p=13341#primaryimage\",\"url\":\"https:\/\/revistaautobus.com.br\/wp-content\/uploads\/2024\/10\/IMG-20240513-WA0037.jpg\",\"contentUrl\":\"https:\/\/revistaautobus.com.br\/wp-content\/uploads\/2024\/10\/IMG-20240513-WA0037.jpg\",\"width\":1600,\"height\":1066},{\"@type\":\"BreadcrumbList\",\"@id\":\"https:\/\/revistaautobus.com.br\/?p=13341#breadcrumb\",\"itemListElement\":[{\"@type\":\"ListItem\",\"position\":1,\"name\":\"In\u00edcio\",\"item\":\"https:\/\/revistaautobus.com.br\/\"},{\"@type\":\"ListItem\",\"position\":2,\"name\":\"A importante discuss\u00e3o sobre a descarboniza\u00e7\u00e3o do transporte\"}]},{\"@type\":\"WebSite\",\"@id\":\"https:\/\/revistaautobus.com.br\/#website\",\"url\":\"https:\/\/revistaautobus.com.br\/\",\"name\":\"Revista AutoBus\",\"description\":\"\",\"publisher\":{\"@id\":\"https:\/\/revistaautobus.com.br\/#organization\"},\"potentialAction\":[{\"@type\":\"SearchAction\",\"target\":{\"@type\":\"EntryPoint\",\"urlTemplate\":\"https:\/\/revistaautobus.com.br\/?s={search_term_string}\"},\"query-input\":{\"@type\":\"PropertyValueSpecification\",\"valueRequired\":true,\"valueName\":\"search_term_string\"}}],\"inLanguage\":\"pt-BR\"},{\"@type\":\"Organization\",\"@id\":\"https:\/\/revistaautobus.com.br\/#organization\",\"name\":\"Revista AutoBus\",\"url\":\"https:\/\/revistaautobus.com.br\/\",\"logo\":{\"@type\":\"ImageObject\",\"inLanguage\":\"pt-BR\",\"@id\":\"https:\/\/revistaautobus.com.br\/#\/schema\/logo\/image\/\",\"url\":\"https:\/\/revistaautobus.com.br\/wp-content\/uploads\/2024\/11\/logo_revista_autobus_fb.png\",\"contentUrl\":\"https:\/\/revistaautobus.com.br\/wp-content\/uploads\/2024\/11\/logo_revista_autobus_fb.png\",\"width\":836,\"height\":227,\"caption\":\"Revista AutoBus\"},\"image\":{\"@id\":\"https:\/\/revistaautobus.com.br\/#\/schema\/logo\/image\/\"},\"sameAs\":[\"https:\/\/www.facebook.com\/antonio.ferro.3150\",\"https:\/\/www.instagram.com\/revistaautobus\/\"]},{\"@type\":\"Person\",\"@id\":\"https:\/\/revistaautobus.com.br\/#\/schema\/person\/54af7c3eb83a310e42ef686ef6d16f50\",\"name\":\"Antonio Ferro\",\"image\":{\"@type\":\"ImageObject\",\"inLanguage\":\"pt-BR\",\"@id\":\"https:\/\/revistaautobus.com.br\/wp-content\/uploads\/2025\/12\/editor_antonio_ferro-150x150.jpg\",\"url\":\"https:\/\/revistaautobus.com.br\/wp-content\/uploads\/2025\/12\/editor_antonio_ferro-150x150.jpg\",\"contentUrl\":\"https:\/\/revistaautobus.com.br\/wp-content\/uploads\/2025\/12\/editor_antonio_ferro-150x150.jpg\",\"caption\":\"Antonio Ferro\"},\"description\":\"infobus@uol.com.br\",\"url\":\"https:\/\/revistaautobus.com.br\/?author=2\"}]}<\/script>\n<!-- \/ Yoast SEO plugin. -->","yoast_head_json":{"title":"A importante discuss\u00e3o sobre a descarboniza\u00e7\u00e3o do transporte - Revista AutoBus","robots":{"index":"index","follow":"follow","max-snippet":"max-snippet:-1","max-image-preview":"max-image-preview:large","max-video-preview":"max-video-preview:-1"},"canonical":"https:\/\/revistaautobus.com.br\/?p=13341","og_locale":"pt_BR","og_type":"article","og_title":"A importante discuss\u00e3o sobre a descarboniza\u00e7\u00e3o do transporte - Revista AutoBus","og_description":"O Semin\u00e1rio, que conta com o apoio da Federa\u00e7\u00e3o das Empresas de Transportes de Passageiros do Estado de S\u00e3o Paulo (FETPESP), \u00e9 um evento fundamental para os setores p\u00fablico e privado envolvidos no transporte rodovi\u00e1rio de passageiros no Brasil","og_url":"https:\/\/revistaautobus.com.br\/?p=13341","og_site_name":"Revista AutoBus","article_publisher":"https:\/\/www.facebook.com\/antonio.ferro.3150","article_published_time":"2024-10-14T11:54:23+00:00","article_modified_time":"2024-11-05T13:53:59+00:00","og_image":[{"width":1600,"height":1066,"url":"https:\/\/revistaautobus.com.br\/wp-content\/uploads\/2024\/10\/IMG-20240513-WA0037.jpg","type":"image\/jpeg"}],"author":"Antonio Ferro","twitter_card":"summary_large_image","twitter_misc":{"Escrito por":"Antonio Ferro","Est. tempo de leitura":"2 minutos"},"schema":{"@context":"https:\/\/schema.org","@graph":[{"@type":"Article","@id":"https:\/\/revistaautobus.com.br\/?p=13341#article","isPartOf":{"@id":"https:\/\/revistaautobus.com.br\/?p=13341"},"author":{"name":"Antonio Ferro","@id":"https:\/\/revistaautobus.com.br\/#\/schema\/person\/54af7c3eb83a310e42ef686ef6d16f50"},"headline":"A importante discuss\u00e3o sobre a descarboniza\u00e7\u00e3o do transporte","datePublished":"2024-10-14T11:54:23+00:00","dateModified":"2024-11-05T13:53:59+00:00","mainEntityOfPage":{"@id":"https:\/\/revistaautobus.com.br\/?p=13341"},"wordCount":369,"commentCount":0,"publisher":{"@id":"https:\/\/revistaautobus.com.br\/#organization"},"image":{"@id":"https:\/\/revistaautobus.com.br\/?p=13341#primaryimage"},"thumbnailUrl":"https:\/\/revistaautobus.com.br\/wp-content\/uploads\/2024\/10\/IMG-20240513-WA0037.jpg","keywords":["FETPESP","SETPESP"],"articleSection":["Ponto de Vista"],"inLanguage":"pt-BR","potentialAction":[{"@type":"CommentAction","name":"Comment","target":["https:\/\/revistaautobus.com.br\/?p=13341#respond"]}]},{"@type":"WebPage","@id":"https:\/\/revistaautobus.com.br\/?p=13341","url":"https:\/\/revistaautobus.com.br\/?p=13341","name":"A importante discuss\u00e3o sobre a descarboniza\u00e7\u00e3o do transporte - Revista AutoBus","isPartOf":{"@id":"https:\/\/revistaautobus.com.br\/#website"},"primaryImageOfPage":{"@id":"https:\/\/revistaautobus.com.br\/?p=13341#primaryimage"},"image":{"@id":"https:\/\/revistaautobus.com.br\/?p=13341#primaryimage"},"thumbnailUrl":"https:\/\/revistaautobus.com.br\/wp-content\/uploads\/2024\/10\/IMG-20240513-WA0037.jpg","datePublished":"2024-10-14T11:54:23+00:00","dateModified":"2024-11-05T13:53:59+00:00","breadcrumb":{"@id":"https:\/\/revistaautobus.com.br\/?p=13341#breadcrumb"},"inLanguage":"pt-BR","potentialAction":[{"@type":"ReadAction","target":["https:\/\/revistaautobus.com.br\/?p=13341"]}]},{"@type":"ImageObject","inLanguage":"pt-BR","@id":"https:\/\/revistaautobus.com.br\/?p=13341#primaryimage","url":"https:\/\/revistaautobus.com.br\/wp-content\/uploads\/2024\/10\/IMG-20240513-WA0037.jpg","contentUrl":"https:\/\/revistaautobus.com.br\/wp-content\/uploads\/2024\/10\/IMG-20240513-WA0037.jpg","width":1600,"height":1066},{"@type":"BreadcrumbList","@id":"https:\/\/revistaautobus.com.br\/?p=13341#breadcrumb","itemListElement":[{"@type":"ListItem","position":1,"name":"In\u00edcio","item":"https:\/\/revistaautobus.com.br\/"},{"@type":"ListItem","position":2,"name":"A importante discuss\u00e3o sobre a descarboniza\u00e7\u00e3o do transporte"}]},{"@type":"WebSite","@id":"https:\/\/revistaautobus.com.br\/#website","url":"https:\/\/revistaautobus.com.br\/","name":"Revista AutoBus","description":"","publisher":{"@id":"https:\/\/revistaautobus.com.br\/#organization"},"potentialAction":[{"@type":"SearchAction","target":{"@type":"EntryPoint","urlTemplate":"https:\/\/revistaautobus.com.br\/?s={search_term_string}"},"query-input":{"@type":"PropertyValueSpecification","valueRequired":true,"valueName":"search_term_string"}}],"inLanguage":"pt-BR"},{"@type":"Organization","@id":"https:\/\/revistaautobus.com.br\/#organization","name":"Revista AutoBus","url":"https:\/\/revistaautobus.com.br\/","logo":{"@type":"ImageObject","inLanguage":"pt-BR","@id":"https:\/\/revistaautobus.com.br\/#\/schema\/logo\/image\/","url":"https:\/\/revistaautobus.com.br\/wp-content\/uploads\/2024\/11\/logo_revista_autobus_fb.png","contentUrl":"https:\/\/revistaautobus.com.br\/wp-content\/uploads\/2024\/11\/logo_revista_autobus_fb.png","width":836,"height":227,"caption":"Revista AutoBus"},"image":{"@id":"https:\/\/revistaautobus.com.br\/#\/schema\/logo\/image\/"},"sameAs":["https:\/\/www.facebook.com\/antonio.ferro.3150","https:\/\/www.instagram.com\/revistaautobus\/"]},{"@type":"Person","@id":"https:\/\/revistaautobus.com.br\/#\/schema\/person\/54af7c3eb83a310e42ef686ef6d16f50","name":"Antonio Ferro","image":{"@type":"ImageObject","inLanguage":"pt-BR","@id":"https:\/\/revistaautobus.com.br\/wp-content\/uploads\/2025\/12\/editor_antonio_ferro-150x150.jpg","url":"https:\/\/revistaautobus.com.br\/wp-content\/uploads\/2025\/12\/editor_antonio_ferro-150x150.jpg","contentUrl":"https:\/\/revistaautobus.com.br\/wp-content\/uploads\/2025\/12\/editor_antonio_ferro-150x150.jpg","caption":"Antonio Ferro"},"description":"infobus@uol.com.br","url":"https:\/\/revistaautobus.com.br\/?author=2"}]}},"jetpack_featured_media_url":"https:\/\/revistaautobus.com.br\/wp-content\/uploads\/2024\/10\/IMG-20240513-WA0037.jpg","jetpack_sharing_enabled":true,"_links":{"self":[{"href":"https:\/\/revistaautobus.com.br\/index.php?rest_route=\/wp\/v2\/posts\/13341","targetHints":{"allow":["GET"]}}],"collection":[{"href":"https:\/\/revistaautobus.com.br\/index.php?rest_route=\/wp\/v2\/posts"}],"about":[{"href":"https:\/\/revistaautobus.com.br\/index.php?rest_route=\/wp\/v2\/types\/post"}],"author":[{"embeddable":true,"href":"https:\/\/revistaautobus.com.br\/index.php?rest_route=\/wp\/v2\/users\/2"}],"replies":[{"embeddable":true,"href":"https:\/\/revistaautobus.com.br\/index.php?rest_route=%2Fwp%2Fv2%2Fcomments&post=13341"}],"version-history":[{"count":1,"href":"https:\/\/revistaautobus.com.br\/index.php?rest_route=\/wp\/v2\/posts\/13341\/revisions"}],"predecessor-version":[{"id":13343,"href":"https:\/\/revistaautobus.com.br\/index.php?rest_route=\/wp\/v2\/posts\/13341\/revisions\/13343"}],"wp:featuredmedia":[{"embeddable":true,"href":"https:\/\/revistaautobus.com.br\/index.php?rest_route=\/wp\/v2\/media\/13600"}],"wp:attachment":[{"href":"https:\/\/revistaautobus.com.br\/index.php?rest_route=%2Fwp%2Fv2%2Fmedia&parent=13341"}],"wp:term":[{"taxonomy":"category","embeddable":true,"href":"https:\/\/revistaautobus.com.br\/index.php?rest_route=%2Fwp%2Fv2%2Fcategories&post=13341"},{"taxonomy":"post_tag","embeddable":true,"href":"https:\/\/revistaautobus.com.br\/index.php?rest_route=%2Fwp%2Fv2%2Ftags&post=13341"}],"curies":[{"name":"wp","href":"https:\/\/api.w.org\/{rel}","templated":true}]}}