{"id":13349,"date":"2024-10-14T09:26:51","date_gmt":"2024-10-14T12:26:51","guid":{"rendered":"https:\/\/revistaautobus.com.br\/?p=13349"},"modified":"2024-11-05T10:51:47","modified_gmt":"2024-11-05T13:51:47","slug":"energia-limpa-no-esg-da-mercedes-benz","status":"publish","type":"post","link":"https:\/\/revistaautobus.com.br\/?p=13349","title":{"rendered":"Energia limpa no ESG da Mercedes-Benz"},"content":{"rendered":"<p>Numa parceria inovadora com a Ra\u00edzen Power, a Mercedes-Benz do Brasil anunciou a participa\u00e7\u00e3o no Projeto Dunamis, uma das maiores usinas de produ\u00e7\u00e3o de energia solar fotovoltaica do Rio Grande do Norte. Ela fechou neg\u00f3cio para ser s\u00f3cia-gestora do Projeto Dunamis, implantado em 600 hectares no munic\u00edpio potiguar de Santana do Matos, na regi\u00e3o central do estado, envolvendo quatro usinas solares, com capacidade total instalada de 117,54 MW.<\/p>\n<p>Segundo a fabricante, o modelo adotado nessa parceria \u00e9 o de autoprodu\u00e7\u00e3o, o que permitir\u00e1 utilizar 100% de energia renov\u00e1vel, contribuindo para o objetivo da Daimler Truck de ampliar o uso de energia renov\u00e1vel, al\u00e9m de reduzir custos com consumo de energia el\u00e9trica em suas f\u00e1bricas de ve\u00edculos comerciais de S\u00e3o Bernardo do Campo e de Juiz de Fora, em Minas Gerais. \u201cEssa iniciativa da Mercedes-Benz do Brasil est\u00e1 totalmente alinhada com a estrat\u00e9gia de sustentabilidade ambiental da Daimler Truck, impulsionando a transforma\u00e7\u00e3o da nossa ind\u00fastria. Estamos trabalhando para atingir a neutralidade de CO2 em nossas f\u00e1bricas pelo mundo e ainda refor\u00e7a o nosso compromisso com a gera\u00e7\u00e3o de energia limpa, redu\u00e7\u00e3o de emiss\u00f5es e mitiga\u00e7\u00e3o dos efeitos das mudan\u00e7as clim\u00e1ticas. Esta \u00e9 mais uma das iniciativas que se conectam ao nosso compromisso com o Acordo de Paris\u201d, destacou Achim Puchert, presidente da Mercedes-Benz do Brasil e CEO Am\u00e9rica Latina.<\/p>\n<p>E, ainda, o fornecimento de energia el\u00e9trica para as f\u00e1bricas de S\u00e3o Bernardo do Campo e Juiz de Fora segue normalmente com o processo atual, por meio do SIN (Sistema Interligado Nacional), que coordena a produ\u00e7\u00e3o e a transmiss\u00e3o de energia el\u00e9trica no Pa\u00eds, ao qual todos os usu\u00e1rios est\u00e3o conectados. \u201cOu seja, o perfil de consumo da Mercedes-Benz do Brasil e suas estruturas industriais n\u00e3o mudam. A energia limpa na qual a Empresa est\u00e1 investindo contribui para a produ\u00e7\u00e3o verde de energia, abastecendo o SIN, conforme o modelo adotado no Brasil\u201d, explicou Puchert.<\/p>\n<p>Imagem &#8211; Divulga\u00e7\u00e3o<\/p>\n","protected":false},"excerpt":{"rendered":"<p>Com a finalidade de promover a sustentabilidade ambiental em seus neg\u00f3cios, a fabricante l\u00edder de \u00f4nibus ter\u00e1 participa\u00e7\u00e3o societ\u00e1ria na empresa propriet\u00e1ria da usina de produ\u00e7\u00e3o de energia solar<\/p>\n","protected":false},"author":2,"featured_media":13598,"comment_status":"open","ping_status":"open","sticky":false,"template":"","format":"standard","meta":{"_et_pb_use_builder":"","_et_pb_old_content":"","_et_gb_content_width":"","_jetpack_memberships_contains_paid_content":false,"footnotes":""},"categories":[10,90],"tags":[17],"class_list":["post-13349","post","type-post","status-publish","format-standard","has-post-thumbnail","hentry","category-montadoras","category-noticias","tag-mercedes-benz","et-has-post-format-content","et_post_format-et-post-format-standard"],"yoast_head":"<!-- This site is optimized with the Yoast SEO plugin v27.2 - https:\/\/yoast.com\/product\/yoast-seo-wordpress\/ -->\n<title>Energia limpa no ESG da Mercedes-Benz - Revista AutoBus<\/title>\n<meta name=\"robots\" content=\"index, follow, max-snippet:-1, max-image-preview:large, max-video-preview:-1\" \/>\n<link rel=\"canonical\" href=\"https:\/\/revistaautobus.com.br\/?p=13349\" \/>\n<meta property=\"og:locale\" content=\"pt_BR\" \/>\n<meta property=\"og:type\" content=\"article\" \/>\n<meta property=\"og:title\" content=\"Energia limpa no ESG da Mercedes-Benz - Revista AutoBus\" \/>\n<meta property=\"og:description\" content=\"Com a finalidade de promover a sustentabilidade ambiental em seus neg\u00f3cios, a fabricante l\u00edder de \u00f4nibus ter\u00e1 participa\u00e7\u00e3o societ\u00e1ria na empresa propriet\u00e1ria da usina de produ\u00e7\u00e3o de energia solar\" \/>\n<meta property=\"og:url\" content=\"https:\/\/revistaautobus.com.br\/?p=13349\" \/>\n<meta property=\"og:site_name\" content=\"Revista AutoBus\" \/>\n<meta property=\"article:publisher\" content=\"https:\/\/www.facebook.com\/antonio.ferro.3150\" \/>\n<meta property=\"article:published_time\" content=\"2024-10-14T12:26:51+00:00\" \/>\n<meta property=\"article:modified_time\" content=\"2024-11-05T13:51:47+00:00\" \/>\n<meta property=\"og:image\" content=\"https:\/\/revistaautobus.com.br\/wp-content\/uploads\/2024\/10\/20241011_86e7f0aa973b4a53aa7172ffae14f5f0_screenshot-5.png\" \/>\n\t<meta property=\"og:image:width\" content=\"1000\" \/>\n\t<meta property=\"og:image:height\" content=\"556\" \/>\n\t<meta property=\"og:image:type\" content=\"image\/png\" \/>\n<meta name=\"author\" content=\"Antonio Ferro\" \/>\n<meta name=\"twitter:card\" content=\"summary_large_image\" \/>\n<meta name=\"twitter:label1\" content=\"Escrito por\" \/>\n\t<meta name=\"twitter:data1\" content=\"Antonio Ferro\" \/>\n\t<meta name=\"twitter:label2\" content=\"Est. tempo de leitura\" \/>\n\t<meta name=\"twitter:data2\" content=\"2 minutos\" \/>\n<script type=\"application\/ld+json\" class=\"yoast-schema-graph\">{\"@context\":\"https:\/\/schema.org\",\"@graph\":[{\"@type\":\"Article\",\"@id\":\"https:\/\/revistaautobus.com.br\/?p=13349#article\",\"isPartOf\":{\"@id\":\"https:\/\/revistaautobus.com.br\/?p=13349\"},\"author\":{\"name\":\"Antonio Ferro\",\"@id\":\"https:\/\/revistaautobus.com.br\/#\/schema\/person\/54af7c3eb83a310e42ef686ef6d16f50\"},\"headline\":\"Energia limpa no ESG da Mercedes-Benz\",\"datePublished\":\"2024-10-14T12:26:51+00:00\",\"dateModified\":\"2024-11-05T13:51:47+00:00\",\"mainEntityOfPage\":{\"@id\":\"https:\/\/revistaautobus.com.br\/?p=13349\"},\"wordCount\":355,\"commentCount\":0,\"publisher\":{\"@id\":\"https:\/\/revistaautobus.com.br\/#organization\"},\"image\":{\"@id\":\"https:\/\/revistaautobus.com.br\/?p=13349#primaryimage\"},\"thumbnailUrl\":\"https:\/\/revistaautobus.com.br\/wp-content\/uploads\/2024\/10\/20241011_86e7f0aa973b4a53aa7172ffae14f5f0_screenshot-5.png\",\"keywords\":[\"mercedes-benz\"],\"articleSection\":[\"Montadoras\",\"Not\u00edcias\"],\"inLanguage\":\"pt-BR\",\"potentialAction\":[{\"@type\":\"CommentAction\",\"name\":\"Comment\",\"target\":[\"https:\/\/revistaautobus.com.br\/?p=13349#respond\"]}]},{\"@type\":\"WebPage\",\"@id\":\"https:\/\/revistaautobus.com.br\/?p=13349\",\"url\":\"https:\/\/revistaautobus.com.br\/?p=13349\",\"name\":\"Energia limpa no ESG da Mercedes-Benz - Revista AutoBus\",\"isPartOf\":{\"@id\":\"https:\/\/revistaautobus.com.br\/#website\"},\"primaryImageOfPage\":{\"@id\":\"https:\/\/revistaautobus.com.br\/?p=13349#primaryimage\"},\"image\":{\"@id\":\"https:\/\/revistaautobus.com.br\/?p=13349#primaryimage\"},\"thumbnailUrl\":\"https:\/\/revistaautobus.com.br\/wp-content\/uploads\/2024\/10\/20241011_86e7f0aa973b4a53aa7172ffae14f5f0_screenshot-5.png\",\"datePublished\":\"2024-10-14T12:26:51+00:00\",\"dateModified\":\"2024-11-05T13:51:47+00:00\",\"breadcrumb\":{\"@id\":\"https:\/\/revistaautobus.com.br\/?p=13349#breadcrumb\"},\"inLanguage\":\"pt-BR\",\"potentialAction\":[{\"@type\":\"ReadAction\",\"target\":[\"https:\/\/revistaautobus.com.br\/?p=13349\"]}]},{\"@type\":\"ImageObject\",\"inLanguage\":\"pt-BR\",\"@id\":\"https:\/\/revistaautobus.com.br\/?p=13349#primaryimage\",\"url\":\"https:\/\/revistaautobus.com.br\/wp-content\/uploads\/2024\/10\/20241011_86e7f0aa973b4a53aa7172ffae14f5f0_screenshot-5.png\",\"contentUrl\":\"https:\/\/revistaautobus.com.br\/wp-content\/uploads\/2024\/10\/20241011_86e7f0aa973b4a53aa7172ffae14f5f0_screenshot-5.png\",\"width\":1000,\"height\":556},{\"@type\":\"BreadcrumbList\",\"@id\":\"https:\/\/revistaautobus.com.br\/?p=13349#breadcrumb\",\"itemListElement\":[{\"@type\":\"ListItem\",\"position\":1,\"name\":\"In\u00edcio\",\"item\":\"https:\/\/revistaautobus.com.br\/\"},{\"@type\":\"ListItem\",\"position\":2,\"name\":\"Energia limpa no ESG da Mercedes-Benz\"}]},{\"@type\":\"WebSite\",\"@id\":\"https:\/\/revistaautobus.com.br\/#website\",\"url\":\"https:\/\/revistaautobus.com.br\/\",\"name\":\"Revista AutoBus\",\"description\":\"\",\"publisher\":{\"@id\":\"https:\/\/revistaautobus.com.br\/#organization\"},\"potentialAction\":[{\"@type\":\"SearchAction\",\"target\":{\"@type\":\"EntryPoint\",\"urlTemplate\":\"https:\/\/revistaautobus.com.br\/?s={search_term_string}\"},\"query-input\":{\"@type\":\"PropertyValueSpecification\",\"valueRequired\":true,\"valueName\":\"search_term_string\"}}],\"inLanguage\":\"pt-BR\"},{\"@type\":\"Organization\",\"@id\":\"https:\/\/revistaautobus.com.br\/#organization\",\"name\":\"Revista AutoBus\",\"url\":\"https:\/\/revistaautobus.com.br\/\",\"logo\":{\"@type\":\"ImageObject\",\"inLanguage\":\"pt-BR\",\"@id\":\"https:\/\/revistaautobus.com.br\/#\/schema\/logo\/image\/\",\"url\":\"https:\/\/revistaautobus.com.br\/wp-content\/uploads\/2024\/11\/logo_revista_autobus_fb.png\",\"contentUrl\":\"https:\/\/revistaautobus.com.br\/wp-content\/uploads\/2024\/11\/logo_revista_autobus_fb.png\",\"width\":836,\"height\":227,\"caption\":\"Revista AutoBus\"},\"image\":{\"@id\":\"https:\/\/revistaautobus.com.br\/#\/schema\/logo\/image\/\"},\"sameAs\":[\"https:\/\/www.facebook.com\/antonio.ferro.3150\",\"https:\/\/www.instagram.com\/revistaautobus\/\"]},{\"@type\":\"Person\",\"@id\":\"https:\/\/revistaautobus.com.br\/#\/schema\/person\/54af7c3eb83a310e42ef686ef6d16f50\",\"name\":\"Antonio Ferro\",\"image\":{\"@type\":\"ImageObject\",\"inLanguage\":\"pt-BR\",\"@id\":\"https:\/\/revistaautobus.com.br\/wp-content\/uploads\/2025\/12\/editor_antonio_ferro-150x150.jpg\",\"url\":\"https:\/\/revistaautobus.com.br\/wp-content\/uploads\/2025\/12\/editor_antonio_ferro-150x150.jpg\",\"contentUrl\":\"https:\/\/revistaautobus.com.br\/wp-content\/uploads\/2025\/12\/editor_antonio_ferro-150x150.jpg\",\"caption\":\"Antonio Ferro\"},\"description\":\"infobus@uol.com.br\",\"url\":\"https:\/\/revistaautobus.com.br\/?author=2\"}]}<\/script>\n<!-- \/ Yoast SEO plugin. -->","yoast_head_json":{"title":"Energia limpa no ESG da Mercedes-Benz - Revista AutoBus","robots":{"index":"index","follow":"follow","max-snippet":"max-snippet:-1","max-image-preview":"max-image-preview:large","max-video-preview":"max-video-preview:-1"},"canonical":"https:\/\/revistaautobus.com.br\/?p=13349","og_locale":"pt_BR","og_type":"article","og_title":"Energia limpa no ESG da Mercedes-Benz - Revista AutoBus","og_description":"Com a finalidade de promover a sustentabilidade ambiental em seus neg\u00f3cios, a fabricante l\u00edder de \u00f4nibus ter\u00e1 participa\u00e7\u00e3o societ\u00e1ria na empresa propriet\u00e1ria da usina de produ\u00e7\u00e3o de energia solar","og_url":"https:\/\/revistaautobus.com.br\/?p=13349","og_site_name":"Revista AutoBus","article_publisher":"https:\/\/www.facebook.com\/antonio.ferro.3150","article_published_time":"2024-10-14T12:26:51+00:00","article_modified_time":"2024-11-05T13:51:47+00:00","og_image":[{"width":1000,"height":556,"url":"https:\/\/revistaautobus.com.br\/wp-content\/uploads\/2024\/10\/20241011_86e7f0aa973b4a53aa7172ffae14f5f0_screenshot-5.png","type":"image\/png"}],"author":"Antonio Ferro","twitter_card":"summary_large_image","twitter_misc":{"Escrito por":"Antonio Ferro","Est. tempo de leitura":"2 minutos"},"schema":{"@context":"https:\/\/schema.org","@graph":[{"@type":"Article","@id":"https:\/\/revistaautobus.com.br\/?p=13349#article","isPartOf":{"@id":"https:\/\/revistaautobus.com.br\/?p=13349"},"author":{"name":"Antonio Ferro","@id":"https:\/\/revistaautobus.com.br\/#\/schema\/person\/54af7c3eb83a310e42ef686ef6d16f50"},"headline":"Energia limpa no ESG da Mercedes-Benz","datePublished":"2024-10-14T12:26:51+00:00","dateModified":"2024-11-05T13:51:47+00:00","mainEntityOfPage":{"@id":"https:\/\/revistaautobus.com.br\/?p=13349"},"wordCount":355,"commentCount":0,"publisher":{"@id":"https:\/\/revistaautobus.com.br\/#organization"},"image":{"@id":"https:\/\/revistaautobus.com.br\/?p=13349#primaryimage"},"thumbnailUrl":"https:\/\/revistaautobus.com.br\/wp-content\/uploads\/2024\/10\/20241011_86e7f0aa973b4a53aa7172ffae14f5f0_screenshot-5.png","keywords":["mercedes-benz"],"articleSection":["Montadoras","Not\u00edcias"],"inLanguage":"pt-BR","potentialAction":[{"@type":"CommentAction","name":"Comment","target":["https:\/\/revistaautobus.com.br\/?p=13349#respond"]}]},{"@type":"WebPage","@id":"https:\/\/revistaautobus.com.br\/?p=13349","url":"https:\/\/revistaautobus.com.br\/?p=13349","name":"Energia limpa no ESG da Mercedes-Benz - Revista AutoBus","isPartOf":{"@id":"https:\/\/revistaautobus.com.br\/#website"},"primaryImageOfPage":{"@id":"https:\/\/revistaautobus.com.br\/?p=13349#primaryimage"},"image":{"@id":"https:\/\/revistaautobus.com.br\/?p=13349#primaryimage"},"thumbnailUrl":"https:\/\/revistaautobus.com.br\/wp-content\/uploads\/2024\/10\/20241011_86e7f0aa973b4a53aa7172ffae14f5f0_screenshot-5.png","datePublished":"2024-10-14T12:26:51+00:00","dateModified":"2024-11-05T13:51:47+00:00","breadcrumb":{"@id":"https:\/\/revistaautobus.com.br\/?p=13349#breadcrumb"},"inLanguage":"pt-BR","potentialAction":[{"@type":"ReadAction","target":["https:\/\/revistaautobus.com.br\/?p=13349"]}]},{"@type":"ImageObject","inLanguage":"pt-BR","@id":"https:\/\/revistaautobus.com.br\/?p=13349#primaryimage","url":"https:\/\/revistaautobus.com.br\/wp-content\/uploads\/2024\/10\/20241011_86e7f0aa973b4a53aa7172ffae14f5f0_screenshot-5.png","contentUrl":"https:\/\/revistaautobus.com.br\/wp-content\/uploads\/2024\/10\/20241011_86e7f0aa973b4a53aa7172ffae14f5f0_screenshot-5.png","width":1000,"height":556},{"@type":"BreadcrumbList","@id":"https:\/\/revistaautobus.com.br\/?p=13349#breadcrumb","itemListElement":[{"@type":"ListItem","position":1,"name":"In\u00edcio","item":"https:\/\/revistaautobus.com.br\/"},{"@type":"ListItem","position":2,"name":"Energia limpa no ESG da Mercedes-Benz"}]},{"@type":"WebSite","@id":"https:\/\/revistaautobus.com.br\/#website","url":"https:\/\/revistaautobus.com.br\/","name":"Revista AutoBus","description":"","publisher":{"@id":"https:\/\/revistaautobus.com.br\/#organization"},"potentialAction":[{"@type":"SearchAction","target":{"@type":"EntryPoint","urlTemplate":"https:\/\/revistaautobus.com.br\/?s={search_term_string}"},"query-input":{"@type":"PropertyValueSpecification","valueRequired":true,"valueName":"search_term_string"}}],"inLanguage":"pt-BR"},{"@type":"Organization","@id":"https:\/\/revistaautobus.com.br\/#organization","name":"Revista AutoBus","url":"https:\/\/revistaautobus.com.br\/","logo":{"@type":"ImageObject","inLanguage":"pt-BR","@id":"https:\/\/revistaautobus.com.br\/#\/schema\/logo\/image\/","url":"https:\/\/revistaautobus.com.br\/wp-content\/uploads\/2024\/11\/logo_revista_autobus_fb.png","contentUrl":"https:\/\/revistaautobus.com.br\/wp-content\/uploads\/2024\/11\/logo_revista_autobus_fb.png","width":836,"height":227,"caption":"Revista AutoBus"},"image":{"@id":"https:\/\/revistaautobus.com.br\/#\/schema\/logo\/image\/"},"sameAs":["https:\/\/www.facebook.com\/antonio.ferro.3150","https:\/\/www.instagram.com\/revistaautobus\/"]},{"@type":"Person","@id":"https:\/\/revistaautobus.com.br\/#\/schema\/person\/54af7c3eb83a310e42ef686ef6d16f50","name":"Antonio Ferro","image":{"@type":"ImageObject","inLanguage":"pt-BR","@id":"https:\/\/revistaautobus.com.br\/wp-content\/uploads\/2025\/12\/editor_antonio_ferro-150x150.jpg","url":"https:\/\/revistaautobus.com.br\/wp-content\/uploads\/2025\/12\/editor_antonio_ferro-150x150.jpg","contentUrl":"https:\/\/revistaautobus.com.br\/wp-content\/uploads\/2025\/12\/editor_antonio_ferro-150x150.jpg","caption":"Antonio Ferro"},"description":"infobus@uol.com.br","url":"https:\/\/revistaautobus.com.br\/?author=2"}]}},"jetpack_featured_media_url":"https:\/\/revistaautobus.com.br\/wp-content\/uploads\/2024\/10\/20241011_86e7f0aa973b4a53aa7172ffae14f5f0_screenshot-5.png","jetpack_sharing_enabled":true,"_links":{"self":[{"href":"https:\/\/revistaautobus.com.br\/index.php?rest_route=\/wp\/v2\/posts\/13349","targetHints":{"allow":["GET"]}}],"collection":[{"href":"https:\/\/revistaautobus.com.br\/index.php?rest_route=\/wp\/v2\/posts"}],"about":[{"href":"https:\/\/revistaautobus.com.br\/index.php?rest_route=\/wp\/v2\/types\/post"}],"author":[{"embeddable":true,"href":"https:\/\/revistaautobus.com.br\/index.php?rest_route=\/wp\/v2\/users\/2"}],"replies":[{"embeddable":true,"href":"https:\/\/revistaautobus.com.br\/index.php?rest_route=%2Fwp%2Fv2%2Fcomments&post=13349"}],"version-history":[{"count":1,"href":"https:\/\/revistaautobus.com.br\/index.php?rest_route=\/wp\/v2\/posts\/13349\/revisions"}],"predecessor-version":[{"id":13351,"href":"https:\/\/revistaautobus.com.br\/index.php?rest_route=\/wp\/v2\/posts\/13349\/revisions\/13351"}],"wp:featuredmedia":[{"embeddable":true,"href":"https:\/\/revistaautobus.com.br\/index.php?rest_route=\/wp\/v2\/media\/13598"}],"wp:attachment":[{"href":"https:\/\/revistaautobus.com.br\/index.php?rest_route=%2Fwp%2Fv2%2Fmedia&parent=13349"}],"wp:term":[{"taxonomy":"category","embeddable":true,"href":"https:\/\/revistaautobus.com.br\/index.php?rest_route=%2Fwp%2Fv2%2Fcategories&post=13349"},{"taxonomy":"post_tag","embeddable":true,"href":"https:\/\/revistaautobus.com.br\/index.php?rest_route=%2Fwp%2Fv2%2Ftags&post=13349"}],"curies":[{"name":"wp","href":"https:\/\/api.w.org\/{rel}","templated":true}]}}