{"id":13397,"date":"2024-10-21T10:12:00","date_gmt":"2024-10-21T13:12:00","guid":{"rendered":"https:\/\/revistaautobus.com.br\/?p=13397"},"modified":"2024-11-05T09:53:52","modified_gmt":"2024-11-05T12:53:52","slug":"marcopolo-concluiu-seu-primeiro-attivi-eletrico-no-es","status":"publish","type":"post","link":"https:\/\/revistaautobus.com.br\/?p=13397","title":{"rendered":"Marcopolo concluiu seu primeiro Attivi el\u00e9trico no ES"},"content":{"rendered":"<p>Recentemente, a marca ga\u00facha de \u00f4nibus, Marcopolo, finalizou o primeiro Attivi Integral, \u00f4nibus el\u00e9trico com chassi e carro\u00e7aria pr\u00f3prios, em sua f\u00e1brica localizada na cidade de S\u00e3o Mateus. Para a empresa, essa iniciativa representa um salto na produ\u00e7\u00e3o de ve\u00edculos fabricados por dia, que passar\u00e1 de 16 para at\u00e9 26 unidades di\u00e1rias, al\u00e9m da amplia\u00e7\u00e3o da contrata\u00e7\u00e3o de profissionais em at\u00e9 20%. \u201cNosso objetivo \u00e9 acompanhar os avan\u00e7os da mobilidade com as melhores solu\u00e7\u00f5es para o transporte e os investimentos em S\u00e3o Mateus \u00e9 um exemplo desse trabalho. A f\u00e1brica est\u00e1 em uma localiza\u00e7\u00e3o estrat\u00e9gica, que nos permite atender empresas de todo o pa\u00eds e companhias internacionais, por isso apostamos na amplia\u00e7\u00e3o da capacidade t\u00e9cnica e produtiva da companhia na regi\u00e3o\u201d, disse Pablo Motta, CFO da Marcopolo.<\/p>\n<p>Segundo informa\u00e7\u00f5es da fabricante, seus investimentos em S\u00e3o Mateus j\u00e1 resultam em marcos importantes para a empresa e tamb\u00e9m para o estado, como a primeira exporta\u00e7\u00e3o feita a partir da unidade. Pela primeira vez, 50 \u00f4nibus urbanos montados no Esp\u00edrito Santo ser\u00e3o enviados ao mercado internacional e circular\u00e3o em Luanda, na Angola.<\/p>\n<div id=\"attachment_13576\" style=\"width: 1034px\" class=\"wp-caption alignnone\"><img loading=\"lazy\" decoding=\"async\" aria-describedby=\"caption-attachment-13576\" class=\"wp-image-13576 size-large\" src=\"https:\/\/revistaautobus.com.br\/wp-content\/uploads\/2024\/10\/18102024_marcopolo_vicegovernador_es_saomateus_2-1024x768.jpg\" alt=\"\" width=\"1024\" height=\"768\" srcset=\"https:\/\/revistaautobus.com.br\/wp-content\/uploads\/2024\/10\/18102024_marcopolo_vicegovernador_es_saomateus_2-1024x768.jpg 1024w, https:\/\/revistaautobus.com.br\/wp-content\/uploads\/2024\/10\/18102024_marcopolo_vicegovernador_es_saomateus_2-300x225.jpg 300w, https:\/\/revistaautobus.com.br\/wp-content\/uploads\/2024\/10\/18102024_marcopolo_vicegovernador_es_saomateus_2-768x576.jpg 768w, https:\/\/revistaautobus.com.br\/wp-content\/uploads\/2024\/10\/18102024_marcopolo_vicegovernador_es_saomateus_2-1536x1152.jpg 1536w, https:\/\/revistaautobus.com.br\/wp-content\/uploads\/2024\/10\/18102024_marcopolo_vicegovernador_es_saomateus_2-1080x810.jpg 1080w, https:\/\/revistaautobus.com.br\/wp-content\/uploads\/2024\/10\/18102024_marcopolo_vicegovernador_es_saomateus_2.jpg 1800w\" sizes=\"(max-width: 1024px) 100vw, 1024px\" \/><p id=\"caption-attachment-13576\" class=\"wp-caption-text\"><span style=\"color: #000080;\"><em><strong>De S\u00e3o Mateus para o mundo<\/strong><\/em><\/span><\/p><\/div>\n<p>O vice-governador e secret\u00e1rio de Desenvolvimento do Esp\u00edrito Santo, Ricardo Ferra\u00e7o, destacou que a \u00a0amplia\u00e7\u00e3o da opera\u00e7\u00e3o da Marcopolo \u00e9 uma conquista para o Esp\u00edrito Santo. &#8220;\u00c9 gratificante quando as pol\u00edticas p\u00fablicas de incentivos contribuem para a consolida\u00e7\u00e3o e crescimento de empresas que t\u00eam a capacidade de gerar oportunidades \u00e0s pessoas. Novas linhas de produ\u00e7\u00e3o s\u00e3o mais postos de trabalho, mais empregos, mais renda e desenvolvimento na regi\u00e3o e no estado. Agora o Esp\u00edrito Santo produz \u00f4nibus 100% el\u00e9trico e exporta \u00f4nibus para outro continente. Tecnologia e qualidade de produtos capixabas para o Brasil e mundo&#8221;, afirmou.<\/p>\n<p>Imagens &#8211; Divulga\u00e7\u00e3o<\/p>\n","protected":false},"excerpt":{"rendered":"<p>Fabricante destaca os avan\u00e7os para a amplia\u00e7\u00e3o da capacidade produtiva de sua opera\u00e7\u00e3o na cidade de S\u00e3o Mateus<\/p>\n","protected":false},"author":2,"featured_media":13575,"comment_status":"open","ping_status":"open","sticky":false,"template":"","format":"standard","meta":{"_et_pb_use_builder":"","_et_pb_old_content":"","_et_gb_content_width":"","_jetpack_memberships_contains_paid_content":false,"footnotes":""},"categories":[55,7,526],"tags":[855],"class_list":["post-13397","post","type-post","status-publish","format-standard","has-post-thumbnail","hentry","category-encarrocadora","category-mobilidade-urbana","category-onibus-eletrico","tag-marcopolo-attivi-integral","et-has-post-format-content","et_post_format-et-post-format-standard"],"yoast_head":"<!-- This site is optimized with the Yoast SEO plugin v27.2 - https:\/\/yoast.com\/product\/yoast-seo-wordpress\/ -->\n<title>Marcopolo concluiu seu primeiro Attivi el\u00e9trico no ES - Revista AutoBus<\/title>\n<meta name=\"robots\" content=\"index, follow, max-snippet:-1, max-image-preview:large, max-video-preview:-1\" \/>\n<link rel=\"canonical\" href=\"https:\/\/revistaautobus.com.br\/?p=13397\" \/>\n<meta property=\"og:locale\" content=\"pt_BR\" \/>\n<meta property=\"og:type\" content=\"article\" \/>\n<meta property=\"og:title\" content=\"Marcopolo concluiu seu primeiro Attivi el\u00e9trico no ES - Revista AutoBus\" \/>\n<meta property=\"og:description\" content=\"Fabricante destaca os avan\u00e7os para a amplia\u00e7\u00e3o da capacidade produtiva de sua opera\u00e7\u00e3o na cidade de S\u00e3o Mateus\" \/>\n<meta property=\"og:url\" content=\"https:\/\/revistaautobus.com.br\/?p=13397\" \/>\n<meta property=\"og:site_name\" content=\"Revista AutoBus\" \/>\n<meta property=\"article:publisher\" content=\"https:\/\/www.facebook.com\/antonio.ferro.3150\" \/>\n<meta property=\"article:published_time\" content=\"2024-10-21T13:12:00+00:00\" \/>\n<meta property=\"article:modified_time\" content=\"2024-11-05T12:53:52+00:00\" \/>\n<meta property=\"og:image\" content=\"https:\/\/revistaautobus.com.br\/wp-content\/uploads\/2024\/10\/18102024_marcopolo_vicegovernador_es_saomateus_1.jpg\" \/>\n\t<meta property=\"og:image:width\" content=\"1000\" \/>\n\t<meta property=\"og:image:height\" content=\"750\" \/>\n\t<meta property=\"og:image:type\" content=\"image\/jpeg\" \/>\n<meta name=\"author\" content=\"Antonio Ferro\" \/>\n<meta name=\"twitter:card\" content=\"summary_large_image\" \/>\n<meta name=\"twitter:label1\" content=\"Escrito por\" \/>\n\t<meta name=\"twitter:data1\" content=\"Antonio Ferro\" \/>\n\t<meta name=\"twitter:label2\" content=\"Est. tempo de leitura\" \/>\n\t<meta name=\"twitter:data2\" content=\"2 minutos\" \/>\n<script type=\"application\/ld+json\" class=\"yoast-schema-graph\">{\"@context\":\"https:\/\/schema.org\",\"@graph\":[{\"@type\":\"Article\",\"@id\":\"https:\/\/revistaautobus.com.br\/?p=13397#article\",\"isPartOf\":{\"@id\":\"https:\/\/revistaautobus.com.br\/?p=13397\"},\"author\":{\"name\":\"Antonio Ferro\",\"@id\":\"https:\/\/revistaautobus.com.br\/#\/schema\/person\/54af7c3eb83a310e42ef686ef6d16f50\"},\"headline\":\"Marcopolo concluiu seu primeiro Attivi el\u00e9trico no ES\",\"datePublished\":\"2024-10-21T13:12:00+00:00\",\"dateModified\":\"2024-11-05T12:53:52+00:00\",\"mainEntityOfPage\":{\"@id\":\"https:\/\/revistaautobus.com.br\/?p=13397\"},\"wordCount\":338,\"commentCount\":0,\"publisher\":{\"@id\":\"https:\/\/revistaautobus.com.br\/#organization\"},\"image\":{\"@id\":\"https:\/\/revistaautobus.com.br\/?p=13397#primaryimage\"},\"thumbnailUrl\":\"https:\/\/revistaautobus.com.br\/wp-content\/uploads\/2024\/10\/18102024_marcopolo_vicegovernador_es_saomateus_1.jpg\",\"keywords\":[\"Marcopolo Attivi Integral\"],\"articleSection\":[\"Encarro\u00e7adora\",\"Mobilidade Urbana\",\"\u00d4nibus el\u00e9trico\"],\"inLanguage\":\"pt-BR\",\"potentialAction\":[{\"@type\":\"CommentAction\",\"name\":\"Comment\",\"target\":[\"https:\/\/revistaautobus.com.br\/?p=13397#respond\"]}]},{\"@type\":\"WebPage\",\"@id\":\"https:\/\/revistaautobus.com.br\/?p=13397\",\"url\":\"https:\/\/revistaautobus.com.br\/?p=13397\",\"name\":\"Marcopolo concluiu seu primeiro Attivi el\u00e9trico no ES - Revista AutoBus\",\"isPartOf\":{\"@id\":\"https:\/\/revistaautobus.com.br\/#website\"},\"primaryImageOfPage\":{\"@id\":\"https:\/\/revistaautobus.com.br\/?p=13397#primaryimage\"},\"image\":{\"@id\":\"https:\/\/revistaautobus.com.br\/?p=13397#primaryimage\"},\"thumbnailUrl\":\"https:\/\/revistaautobus.com.br\/wp-content\/uploads\/2024\/10\/18102024_marcopolo_vicegovernador_es_saomateus_1.jpg\",\"datePublished\":\"2024-10-21T13:12:00+00:00\",\"dateModified\":\"2024-11-05T12:53:52+00:00\",\"breadcrumb\":{\"@id\":\"https:\/\/revistaautobus.com.br\/?p=13397#breadcrumb\"},\"inLanguage\":\"pt-BR\",\"potentialAction\":[{\"@type\":\"ReadAction\",\"target\":[\"https:\/\/revistaautobus.com.br\/?p=13397\"]}]},{\"@type\":\"ImageObject\",\"inLanguage\":\"pt-BR\",\"@id\":\"https:\/\/revistaautobus.com.br\/?p=13397#primaryimage\",\"url\":\"https:\/\/revistaautobus.com.br\/wp-content\/uploads\/2024\/10\/18102024_marcopolo_vicegovernador_es_saomateus_1.jpg\",\"contentUrl\":\"https:\/\/revistaautobus.com.br\/wp-content\/uploads\/2024\/10\/18102024_marcopolo_vicegovernador_es_saomateus_1.jpg\",\"width\":1000,\"height\":750},{\"@type\":\"BreadcrumbList\",\"@id\":\"https:\/\/revistaautobus.com.br\/?p=13397#breadcrumb\",\"itemListElement\":[{\"@type\":\"ListItem\",\"position\":1,\"name\":\"In\u00edcio\",\"item\":\"https:\/\/revistaautobus.com.br\/\"},{\"@type\":\"ListItem\",\"position\":2,\"name\":\"Marcopolo concluiu seu primeiro Attivi el\u00e9trico no ES\"}]},{\"@type\":\"WebSite\",\"@id\":\"https:\/\/revistaautobus.com.br\/#website\",\"url\":\"https:\/\/revistaautobus.com.br\/\",\"name\":\"Revista AutoBus\",\"description\":\"\",\"publisher\":{\"@id\":\"https:\/\/revistaautobus.com.br\/#organization\"},\"potentialAction\":[{\"@type\":\"SearchAction\",\"target\":{\"@type\":\"EntryPoint\",\"urlTemplate\":\"https:\/\/revistaautobus.com.br\/?s={search_term_string}\"},\"query-input\":{\"@type\":\"PropertyValueSpecification\",\"valueRequired\":true,\"valueName\":\"search_term_string\"}}],\"inLanguage\":\"pt-BR\"},{\"@type\":\"Organization\",\"@id\":\"https:\/\/revistaautobus.com.br\/#organization\",\"name\":\"Revista AutoBus\",\"url\":\"https:\/\/revistaautobus.com.br\/\",\"logo\":{\"@type\":\"ImageObject\",\"inLanguage\":\"pt-BR\",\"@id\":\"https:\/\/revistaautobus.com.br\/#\/schema\/logo\/image\/\",\"url\":\"https:\/\/revistaautobus.com.br\/wp-content\/uploads\/2024\/11\/logo_revista_autobus_fb.png\",\"contentUrl\":\"https:\/\/revistaautobus.com.br\/wp-content\/uploads\/2024\/11\/logo_revista_autobus_fb.png\",\"width\":836,\"height\":227,\"caption\":\"Revista AutoBus\"},\"image\":{\"@id\":\"https:\/\/revistaautobus.com.br\/#\/schema\/logo\/image\/\"},\"sameAs\":[\"https:\/\/www.facebook.com\/antonio.ferro.3150\",\"https:\/\/www.instagram.com\/revistaautobus\/\"]},{\"@type\":\"Person\",\"@id\":\"https:\/\/revistaautobus.com.br\/#\/schema\/person\/54af7c3eb83a310e42ef686ef6d16f50\",\"name\":\"Antonio Ferro\",\"image\":{\"@type\":\"ImageObject\",\"inLanguage\":\"pt-BR\",\"@id\":\"https:\/\/revistaautobus.com.br\/wp-content\/uploads\/2025\/12\/editor_antonio_ferro-150x150.jpg\",\"url\":\"https:\/\/revistaautobus.com.br\/wp-content\/uploads\/2025\/12\/editor_antonio_ferro-150x150.jpg\",\"contentUrl\":\"https:\/\/revistaautobus.com.br\/wp-content\/uploads\/2025\/12\/editor_antonio_ferro-150x150.jpg\",\"caption\":\"Antonio Ferro\"},\"description\":\"infobus@uol.com.br\",\"url\":\"https:\/\/revistaautobus.com.br\/?author=2\"}]}<\/script>\n<!-- \/ Yoast SEO plugin. -->","yoast_head_json":{"title":"Marcopolo concluiu seu primeiro Attivi el\u00e9trico no ES - Revista AutoBus","robots":{"index":"index","follow":"follow","max-snippet":"max-snippet:-1","max-image-preview":"max-image-preview:large","max-video-preview":"max-video-preview:-1"},"canonical":"https:\/\/revistaautobus.com.br\/?p=13397","og_locale":"pt_BR","og_type":"article","og_title":"Marcopolo concluiu seu primeiro Attivi el\u00e9trico no ES - Revista AutoBus","og_description":"Fabricante destaca os avan\u00e7os para a amplia\u00e7\u00e3o da capacidade produtiva de sua opera\u00e7\u00e3o na cidade de S\u00e3o Mateus","og_url":"https:\/\/revistaautobus.com.br\/?p=13397","og_site_name":"Revista AutoBus","article_publisher":"https:\/\/www.facebook.com\/antonio.ferro.3150","article_published_time":"2024-10-21T13:12:00+00:00","article_modified_time":"2024-11-05T12:53:52+00:00","og_image":[{"width":1000,"height":750,"url":"https:\/\/revistaautobus.com.br\/wp-content\/uploads\/2024\/10\/18102024_marcopolo_vicegovernador_es_saomateus_1.jpg","type":"image\/jpeg"}],"author":"Antonio Ferro","twitter_card":"summary_large_image","twitter_misc":{"Escrito por":"Antonio Ferro","Est. tempo de leitura":"2 minutos"},"schema":{"@context":"https:\/\/schema.org","@graph":[{"@type":"Article","@id":"https:\/\/revistaautobus.com.br\/?p=13397#article","isPartOf":{"@id":"https:\/\/revistaautobus.com.br\/?p=13397"},"author":{"name":"Antonio Ferro","@id":"https:\/\/revistaautobus.com.br\/#\/schema\/person\/54af7c3eb83a310e42ef686ef6d16f50"},"headline":"Marcopolo concluiu seu primeiro Attivi el\u00e9trico no ES","datePublished":"2024-10-21T13:12:00+00:00","dateModified":"2024-11-05T12:53:52+00:00","mainEntityOfPage":{"@id":"https:\/\/revistaautobus.com.br\/?p=13397"},"wordCount":338,"commentCount":0,"publisher":{"@id":"https:\/\/revistaautobus.com.br\/#organization"},"image":{"@id":"https:\/\/revistaautobus.com.br\/?p=13397#primaryimage"},"thumbnailUrl":"https:\/\/revistaautobus.com.br\/wp-content\/uploads\/2024\/10\/18102024_marcopolo_vicegovernador_es_saomateus_1.jpg","keywords":["Marcopolo Attivi Integral"],"articleSection":["Encarro\u00e7adora","Mobilidade Urbana","\u00d4nibus el\u00e9trico"],"inLanguage":"pt-BR","potentialAction":[{"@type":"CommentAction","name":"Comment","target":["https:\/\/revistaautobus.com.br\/?p=13397#respond"]}]},{"@type":"WebPage","@id":"https:\/\/revistaautobus.com.br\/?p=13397","url":"https:\/\/revistaautobus.com.br\/?p=13397","name":"Marcopolo concluiu seu primeiro Attivi el\u00e9trico no ES - Revista AutoBus","isPartOf":{"@id":"https:\/\/revistaautobus.com.br\/#website"},"primaryImageOfPage":{"@id":"https:\/\/revistaautobus.com.br\/?p=13397#primaryimage"},"image":{"@id":"https:\/\/revistaautobus.com.br\/?p=13397#primaryimage"},"thumbnailUrl":"https:\/\/revistaautobus.com.br\/wp-content\/uploads\/2024\/10\/18102024_marcopolo_vicegovernador_es_saomateus_1.jpg","datePublished":"2024-10-21T13:12:00+00:00","dateModified":"2024-11-05T12:53:52+00:00","breadcrumb":{"@id":"https:\/\/revistaautobus.com.br\/?p=13397#breadcrumb"},"inLanguage":"pt-BR","potentialAction":[{"@type":"ReadAction","target":["https:\/\/revistaautobus.com.br\/?p=13397"]}]},{"@type":"ImageObject","inLanguage":"pt-BR","@id":"https:\/\/revistaautobus.com.br\/?p=13397#primaryimage","url":"https:\/\/revistaautobus.com.br\/wp-content\/uploads\/2024\/10\/18102024_marcopolo_vicegovernador_es_saomateus_1.jpg","contentUrl":"https:\/\/revistaautobus.com.br\/wp-content\/uploads\/2024\/10\/18102024_marcopolo_vicegovernador_es_saomateus_1.jpg","width":1000,"height":750},{"@type":"BreadcrumbList","@id":"https:\/\/revistaautobus.com.br\/?p=13397#breadcrumb","itemListElement":[{"@type":"ListItem","position":1,"name":"In\u00edcio","item":"https:\/\/revistaautobus.com.br\/"},{"@type":"ListItem","position":2,"name":"Marcopolo concluiu seu primeiro Attivi el\u00e9trico no ES"}]},{"@type":"WebSite","@id":"https:\/\/revistaautobus.com.br\/#website","url":"https:\/\/revistaautobus.com.br\/","name":"Revista AutoBus","description":"","publisher":{"@id":"https:\/\/revistaautobus.com.br\/#organization"},"potentialAction":[{"@type":"SearchAction","target":{"@type":"EntryPoint","urlTemplate":"https:\/\/revistaautobus.com.br\/?s={search_term_string}"},"query-input":{"@type":"PropertyValueSpecification","valueRequired":true,"valueName":"search_term_string"}}],"inLanguage":"pt-BR"},{"@type":"Organization","@id":"https:\/\/revistaautobus.com.br\/#organization","name":"Revista AutoBus","url":"https:\/\/revistaautobus.com.br\/","logo":{"@type":"ImageObject","inLanguage":"pt-BR","@id":"https:\/\/revistaautobus.com.br\/#\/schema\/logo\/image\/","url":"https:\/\/revistaautobus.com.br\/wp-content\/uploads\/2024\/11\/logo_revista_autobus_fb.png","contentUrl":"https:\/\/revistaautobus.com.br\/wp-content\/uploads\/2024\/11\/logo_revista_autobus_fb.png","width":836,"height":227,"caption":"Revista AutoBus"},"image":{"@id":"https:\/\/revistaautobus.com.br\/#\/schema\/logo\/image\/"},"sameAs":["https:\/\/www.facebook.com\/antonio.ferro.3150","https:\/\/www.instagram.com\/revistaautobus\/"]},{"@type":"Person","@id":"https:\/\/revistaautobus.com.br\/#\/schema\/person\/54af7c3eb83a310e42ef686ef6d16f50","name":"Antonio Ferro","image":{"@type":"ImageObject","inLanguage":"pt-BR","@id":"https:\/\/revistaautobus.com.br\/wp-content\/uploads\/2025\/12\/editor_antonio_ferro-150x150.jpg","url":"https:\/\/revistaautobus.com.br\/wp-content\/uploads\/2025\/12\/editor_antonio_ferro-150x150.jpg","contentUrl":"https:\/\/revistaautobus.com.br\/wp-content\/uploads\/2025\/12\/editor_antonio_ferro-150x150.jpg","caption":"Antonio Ferro"},"description":"infobus@uol.com.br","url":"https:\/\/revistaautobus.com.br\/?author=2"}]}},"jetpack_featured_media_url":"https:\/\/revistaautobus.com.br\/wp-content\/uploads\/2024\/10\/18102024_marcopolo_vicegovernador_es_saomateus_1.jpg","jetpack_sharing_enabled":true,"_links":{"self":[{"href":"https:\/\/revistaautobus.com.br\/index.php?rest_route=\/wp\/v2\/posts\/13397","targetHints":{"allow":["GET"]}}],"collection":[{"href":"https:\/\/revistaautobus.com.br\/index.php?rest_route=\/wp\/v2\/posts"}],"about":[{"href":"https:\/\/revistaautobus.com.br\/index.php?rest_route=\/wp\/v2\/types\/post"}],"author":[{"embeddable":true,"href":"https:\/\/revistaautobus.com.br\/index.php?rest_route=\/wp\/v2\/users\/2"}],"replies":[{"embeddable":true,"href":"https:\/\/revistaautobus.com.br\/index.php?rest_route=%2Fwp%2Fv2%2Fcomments&post=13397"}],"version-history":[{"count":2,"href":"https:\/\/revistaautobus.com.br\/index.php?rest_route=\/wp\/v2\/posts\/13397\/revisions"}],"predecessor-version":[{"id":13577,"href":"https:\/\/revistaautobus.com.br\/index.php?rest_route=\/wp\/v2\/posts\/13397\/revisions\/13577"}],"wp:featuredmedia":[{"embeddable":true,"href":"https:\/\/revistaautobus.com.br\/index.php?rest_route=\/wp\/v2\/media\/13575"}],"wp:attachment":[{"href":"https:\/\/revistaautobus.com.br\/index.php?rest_route=%2Fwp%2Fv2%2Fmedia&parent=13397"}],"wp:term":[{"taxonomy":"category","embeddable":true,"href":"https:\/\/revistaautobus.com.br\/index.php?rest_route=%2Fwp%2Fv2%2Fcategories&post=13397"},{"taxonomy":"post_tag","embeddable":true,"href":"https:\/\/revistaautobus.com.br\/index.php?rest_route=%2Fwp%2Fv2%2Ftags&post=13397"}],"curies":[{"name":"wp","href":"https:\/\/api.w.org\/{rel}","templated":true}]}}