{"id":1340,"date":"2019-01-28T10:17:00","date_gmt":"2019-01-28T12:17:00","guid":{"rendered":"https:\/\/vila8.com.br\/clientes\/autobus\/?p=1340"},"modified":"2021-06-23T10:34:29","modified_gmt":"2021-06-23T13:34:29","slug":"man-euro-vi-australiano","status":"publish","type":"post","link":"https:\/\/revistaautobus.com.br\/?p=1340","title":{"rendered":"MAN Euro VI australiano"},"content":{"rendered":"\n<p>O mercado do transporte rodovi\u00e1rio australiano tem uma particularidade&nbsp;&nbsp;&nbsp; semelhante ao do Brasil, pois abrange extensas \u00e1reas pelo interior do pa\u00eds da Oceania. No setor de passageiros, os \u00f4nibus cumprem um importante papel de integrador das regi\u00f5es, ligando as principais cidades \u00e0 beira mar com outras localidades de menor porte. E, para atender esse segmento, a montadora MAN apresentou \u00e0quele mercado um novo chassi, trazendo a motoriza\u00e7\u00e3o que&nbsp;atende \u00e0 norma Euro VI.<\/p>\n\n\n\n<p>O modelo RR4 CO 26.500 est\u00e1 equipado com o propulsor de \u00faltima gera\u00e7\u00e3o com 500 cv de pot\u00eancia, seis cilindros, Euro VI, al\u00e9m de transmiss\u00e3o TipMatic com 12 marchas e sistemas de seguran\u00e7a ativa (ESP, EBS, assist\u00eancia de&nbsp;frenagem, monitoramento da press\u00e3o dos pneus) que proporcionam viagens mais c\u00f4modas. A operadora Cooma Coaches est\u00e1 operando seu novo ve\u00edculo na rota para as \u00e1reas de esqui em New South Wales.<\/p>\n\n\n\n<p>De acordo com o chefe de Vendas e Produto \u00d4nibus da MAN Truck &amp; Bus \u00c1sia Pacifico, Christian Schuf, ao entrar no mercado australiano com um produto extremamente moderno, com baixas emiss\u00f5es poluentes e seguro, outros pa\u00edses da regi\u00e3o, como Taiwan, Hong Kong e Nova Zel\u00e2ndia, j\u00e1 mostram interesse nessa configura\u00e7\u00e3o veicular para seus sistemas de transporte de passageiros.<\/p>\n\n\n\n<p>Imagem &#8211; Divulga\u00e7\u00e3o<\/p>\n","protected":false},"excerpt":{"rendered":"<p>O modelo RR4 CO 26.500 est\u00e1 equipado com o propulsor de \u00faltima gera\u00e7\u00e3o com 500 cv de pot\u00eancia, seis cilindros, Euro VI, al\u00e9m de transmiss\u00e3o TipMatic com 12 marchas e sistemas de seguran\u00e7a ativa<\/p>\n","protected":false},"author":2,"featured_media":1341,"comment_status":"open","ping_status":"open","sticky":false,"template":"","format":"standard","meta":{"_et_pb_use_builder":"off","_et_pb_old_content":"","_et_gb_content_width":"","_jetpack_memberships_contains_paid_content":false,"footnotes":""},"categories":[90],"tags":[],"class_list":["post-1340","post","type-post","status-publish","format-standard","has-post-thumbnail","hentry","category-noticias","et-has-post-format-content","et_post_format-et-post-format-standard"],"yoast_head":"<!-- This site is optimized with the Yoast SEO plugin v27.2 - https:\/\/yoast.com\/product\/yoast-seo-wordpress\/ -->\n<title>MAN Euro VI australiano - Revista AutoBus<\/title>\n<meta name=\"robots\" content=\"index, follow, max-snippet:-1, max-image-preview:large, max-video-preview:-1\" \/>\n<link rel=\"canonical\" href=\"https:\/\/revistaautobus.com.br\/?p=1340\" \/>\n<meta property=\"og:locale\" content=\"pt_BR\" \/>\n<meta property=\"og:type\" content=\"article\" \/>\n<meta property=\"og:title\" content=\"MAN Euro VI australiano - Revista AutoBus\" \/>\n<meta property=\"og:description\" content=\"O modelo RR4 CO 26.500 est\u00e1 equipado com o propulsor de \u00faltima gera\u00e7\u00e3o com 500 cv de pot\u00eancia, seis cilindros, Euro VI, al\u00e9m de transmiss\u00e3o TipMatic com 12 marchas e sistemas de seguran\u00e7a ativa\" \/>\n<meta property=\"og:url\" content=\"https:\/\/revistaautobus.com.br\/?p=1340\" \/>\n<meta property=\"og:site_name\" content=\"Revista AutoBus\" \/>\n<meta property=\"article:publisher\" content=\"https:\/\/www.facebook.com\/antonio.ferro.3150\" \/>\n<meta property=\"article:published_time\" content=\"2019-01-28T12:17:00+00:00\" \/>\n<meta property=\"article:modified_time\" content=\"2021-06-23T13:34:29+00:00\" \/>\n<meta property=\"og:image\" content=\"https:\/\/revistaautobus.com.br\/wp-content\/uploads\/2021\/06\/man-euro-vi-australiano-1548670743.jpg\" \/>\n\t<meta property=\"og:image:width\" content=\"1200\" \/>\n\t<meta property=\"og:image:height\" content=\"628\" \/>\n\t<meta property=\"og:image:type\" content=\"image\/jpeg\" \/>\n<meta name=\"author\" content=\"Antonio Ferro\" \/>\n<meta name=\"twitter:card\" content=\"summary_large_image\" \/>\n<meta name=\"twitter:label1\" content=\"Escrito por\" \/>\n\t<meta name=\"twitter:data1\" content=\"Antonio Ferro\" \/>\n\t<meta name=\"twitter:label2\" content=\"Est. tempo de leitura\" \/>\n\t<meta name=\"twitter:data2\" content=\"1 minuto\" \/>\n<script type=\"application\/ld+json\" class=\"yoast-schema-graph\">{\"@context\":\"https:\/\/schema.org\",\"@graph\":[{\"@type\":\"Article\",\"@id\":\"https:\/\/revistaautobus.com.br\/?p=1340#article\",\"isPartOf\":{\"@id\":\"https:\/\/revistaautobus.com.br\/?p=1340\"},\"author\":{\"name\":\"Antonio Ferro\",\"@id\":\"https:\/\/revistaautobus.com.br\/#\/schema\/person\/54af7c3eb83a310e42ef686ef6d16f50\"},\"headline\":\"MAN Euro VI australiano\",\"datePublished\":\"2019-01-28T12:17:00+00:00\",\"dateModified\":\"2021-06-23T13:34:29+00:00\",\"mainEntityOfPage\":{\"@id\":\"https:\/\/revistaautobus.com.br\/?p=1340\"},\"wordCount\":227,\"commentCount\":0,\"publisher\":{\"@id\":\"https:\/\/revistaautobus.com.br\/#organization\"},\"image\":{\"@id\":\"https:\/\/revistaautobus.com.br\/?p=1340#primaryimage\"},\"thumbnailUrl\":\"https:\/\/revistaautobus.com.br\/wp-content\/uploads\/2021\/06\/man-euro-vi-australiano-1548670743.jpg\",\"articleSection\":[\"Not\u00edcias\"],\"inLanguage\":\"pt-BR\",\"potentialAction\":[{\"@type\":\"CommentAction\",\"name\":\"Comment\",\"target\":[\"https:\/\/revistaautobus.com.br\/?p=1340#respond\"]}]},{\"@type\":\"WebPage\",\"@id\":\"https:\/\/revistaautobus.com.br\/?p=1340\",\"url\":\"https:\/\/revistaautobus.com.br\/?p=1340\",\"name\":\"MAN Euro VI australiano - Revista AutoBus\",\"isPartOf\":{\"@id\":\"https:\/\/revistaautobus.com.br\/#website\"},\"primaryImageOfPage\":{\"@id\":\"https:\/\/revistaautobus.com.br\/?p=1340#primaryimage\"},\"image\":{\"@id\":\"https:\/\/revistaautobus.com.br\/?p=1340#primaryimage\"},\"thumbnailUrl\":\"https:\/\/revistaautobus.com.br\/wp-content\/uploads\/2021\/06\/man-euro-vi-australiano-1548670743.jpg\",\"datePublished\":\"2019-01-28T12:17:00+00:00\",\"dateModified\":\"2021-06-23T13:34:29+00:00\",\"breadcrumb\":{\"@id\":\"https:\/\/revistaautobus.com.br\/?p=1340#breadcrumb\"},\"inLanguage\":\"pt-BR\",\"potentialAction\":[{\"@type\":\"ReadAction\",\"target\":[\"https:\/\/revistaautobus.com.br\/?p=1340\"]}]},{\"@type\":\"ImageObject\",\"inLanguage\":\"pt-BR\",\"@id\":\"https:\/\/revistaautobus.com.br\/?p=1340#primaryimage\",\"url\":\"https:\/\/revistaautobus.com.br\/wp-content\/uploads\/2021\/06\/man-euro-vi-australiano-1548670743.jpg\",\"contentUrl\":\"https:\/\/revistaautobus.com.br\/wp-content\/uploads\/2021\/06\/man-euro-vi-australiano-1548670743.jpg\",\"width\":1200,\"height\":628},{\"@type\":\"BreadcrumbList\",\"@id\":\"https:\/\/revistaautobus.com.br\/?p=1340#breadcrumb\",\"itemListElement\":[{\"@type\":\"ListItem\",\"position\":1,\"name\":\"In\u00edcio\",\"item\":\"https:\/\/revistaautobus.com.br\/\"},{\"@type\":\"ListItem\",\"position\":2,\"name\":\"MAN Euro VI australiano\"}]},{\"@type\":\"WebSite\",\"@id\":\"https:\/\/revistaautobus.com.br\/#website\",\"url\":\"https:\/\/revistaautobus.com.br\/\",\"name\":\"Revista AutoBus\",\"description\":\"\",\"publisher\":{\"@id\":\"https:\/\/revistaautobus.com.br\/#organization\"},\"potentialAction\":[{\"@type\":\"SearchAction\",\"target\":{\"@type\":\"EntryPoint\",\"urlTemplate\":\"https:\/\/revistaautobus.com.br\/?s={search_term_string}\"},\"query-input\":{\"@type\":\"PropertyValueSpecification\",\"valueRequired\":true,\"valueName\":\"search_term_string\"}}],\"inLanguage\":\"pt-BR\"},{\"@type\":\"Organization\",\"@id\":\"https:\/\/revistaautobus.com.br\/#organization\",\"name\":\"Revista AutoBus\",\"url\":\"https:\/\/revistaautobus.com.br\/\",\"logo\":{\"@type\":\"ImageObject\",\"inLanguage\":\"pt-BR\",\"@id\":\"https:\/\/revistaautobus.com.br\/#\/schema\/logo\/image\/\",\"url\":\"https:\/\/revistaautobus.com.br\/wp-content\/uploads\/2024\/11\/logo_revista_autobus_fb.png\",\"contentUrl\":\"https:\/\/revistaautobus.com.br\/wp-content\/uploads\/2024\/11\/logo_revista_autobus_fb.png\",\"width\":836,\"height\":227,\"caption\":\"Revista AutoBus\"},\"image\":{\"@id\":\"https:\/\/revistaautobus.com.br\/#\/schema\/logo\/image\/\"},\"sameAs\":[\"https:\/\/www.facebook.com\/antonio.ferro.3150\",\"https:\/\/www.instagram.com\/revistaautobus\/\"]},{\"@type\":\"Person\",\"@id\":\"https:\/\/revistaautobus.com.br\/#\/schema\/person\/54af7c3eb83a310e42ef686ef6d16f50\",\"name\":\"Antonio Ferro\",\"image\":{\"@type\":\"ImageObject\",\"inLanguage\":\"pt-BR\",\"@id\":\"https:\/\/revistaautobus.com.br\/wp-content\/uploads\/2025\/12\/editor_antonio_ferro-150x150.jpg\",\"url\":\"https:\/\/revistaautobus.com.br\/wp-content\/uploads\/2025\/12\/editor_antonio_ferro-150x150.jpg\",\"contentUrl\":\"https:\/\/revistaautobus.com.br\/wp-content\/uploads\/2025\/12\/editor_antonio_ferro-150x150.jpg\",\"caption\":\"Antonio Ferro\"},\"description\":\"infobus@uol.com.br\",\"url\":\"https:\/\/revistaautobus.com.br\/?author=2\"}]}<\/script>\n<!-- \/ Yoast SEO plugin. -->","yoast_head_json":{"title":"MAN Euro VI australiano - Revista AutoBus","robots":{"index":"index","follow":"follow","max-snippet":"max-snippet:-1","max-image-preview":"max-image-preview:large","max-video-preview":"max-video-preview:-1"},"canonical":"https:\/\/revistaautobus.com.br\/?p=1340","og_locale":"pt_BR","og_type":"article","og_title":"MAN Euro VI australiano - Revista AutoBus","og_description":"O modelo RR4 CO 26.500 est\u00e1 equipado com o propulsor de \u00faltima gera\u00e7\u00e3o com 500 cv de pot\u00eancia, seis cilindros, Euro VI, al\u00e9m de transmiss\u00e3o TipMatic com 12 marchas e sistemas de seguran\u00e7a ativa","og_url":"https:\/\/revistaautobus.com.br\/?p=1340","og_site_name":"Revista AutoBus","article_publisher":"https:\/\/www.facebook.com\/antonio.ferro.3150","article_published_time":"2019-01-28T12:17:00+00:00","article_modified_time":"2021-06-23T13:34:29+00:00","og_image":[{"width":1200,"height":628,"url":"https:\/\/revistaautobus.com.br\/wp-content\/uploads\/2021\/06\/man-euro-vi-australiano-1548670743.jpg","type":"image\/jpeg"}],"author":"Antonio Ferro","twitter_card":"summary_large_image","twitter_misc":{"Escrito por":"Antonio Ferro","Est. tempo de leitura":"1 minuto"},"schema":{"@context":"https:\/\/schema.org","@graph":[{"@type":"Article","@id":"https:\/\/revistaautobus.com.br\/?p=1340#article","isPartOf":{"@id":"https:\/\/revistaautobus.com.br\/?p=1340"},"author":{"name":"Antonio Ferro","@id":"https:\/\/revistaautobus.com.br\/#\/schema\/person\/54af7c3eb83a310e42ef686ef6d16f50"},"headline":"MAN Euro VI australiano","datePublished":"2019-01-28T12:17:00+00:00","dateModified":"2021-06-23T13:34:29+00:00","mainEntityOfPage":{"@id":"https:\/\/revistaautobus.com.br\/?p=1340"},"wordCount":227,"commentCount":0,"publisher":{"@id":"https:\/\/revistaautobus.com.br\/#organization"},"image":{"@id":"https:\/\/revistaautobus.com.br\/?p=1340#primaryimage"},"thumbnailUrl":"https:\/\/revistaautobus.com.br\/wp-content\/uploads\/2021\/06\/man-euro-vi-australiano-1548670743.jpg","articleSection":["Not\u00edcias"],"inLanguage":"pt-BR","potentialAction":[{"@type":"CommentAction","name":"Comment","target":["https:\/\/revistaautobus.com.br\/?p=1340#respond"]}]},{"@type":"WebPage","@id":"https:\/\/revistaautobus.com.br\/?p=1340","url":"https:\/\/revistaautobus.com.br\/?p=1340","name":"MAN Euro VI australiano - Revista AutoBus","isPartOf":{"@id":"https:\/\/revistaautobus.com.br\/#website"},"primaryImageOfPage":{"@id":"https:\/\/revistaautobus.com.br\/?p=1340#primaryimage"},"image":{"@id":"https:\/\/revistaautobus.com.br\/?p=1340#primaryimage"},"thumbnailUrl":"https:\/\/revistaautobus.com.br\/wp-content\/uploads\/2021\/06\/man-euro-vi-australiano-1548670743.jpg","datePublished":"2019-01-28T12:17:00+00:00","dateModified":"2021-06-23T13:34:29+00:00","breadcrumb":{"@id":"https:\/\/revistaautobus.com.br\/?p=1340#breadcrumb"},"inLanguage":"pt-BR","potentialAction":[{"@type":"ReadAction","target":["https:\/\/revistaautobus.com.br\/?p=1340"]}]},{"@type":"ImageObject","inLanguage":"pt-BR","@id":"https:\/\/revistaautobus.com.br\/?p=1340#primaryimage","url":"https:\/\/revistaautobus.com.br\/wp-content\/uploads\/2021\/06\/man-euro-vi-australiano-1548670743.jpg","contentUrl":"https:\/\/revistaautobus.com.br\/wp-content\/uploads\/2021\/06\/man-euro-vi-australiano-1548670743.jpg","width":1200,"height":628},{"@type":"BreadcrumbList","@id":"https:\/\/revistaautobus.com.br\/?p=1340#breadcrumb","itemListElement":[{"@type":"ListItem","position":1,"name":"In\u00edcio","item":"https:\/\/revistaautobus.com.br\/"},{"@type":"ListItem","position":2,"name":"MAN Euro VI australiano"}]},{"@type":"WebSite","@id":"https:\/\/revistaautobus.com.br\/#website","url":"https:\/\/revistaautobus.com.br\/","name":"Revista AutoBus","description":"","publisher":{"@id":"https:\/\/revistaautobus.com.br\/#organization"},"potentialAction":[{"@type":"SearchAction","target":{"@type":"EntryPoint","urlTemplate":"https:\/\/revistaautobus.com.br\/?s={search_term_string}"},"query-input":{"@type":"PropertyValueSpecification","valueRequired":true,"valueName":"search_term_string"}}],"inLanguage":"pt-BR"},{"@type":"Organization","@id":"https:\/\/revistaautobus.com.br\/#organization","name":"Revista AutoBus","url":"https:\/\/revistaautobus.com.br\/","logo":{"@type":"ImageObject","inLanguage":"pt-BR","@id":"https:\/\/revistaautobus.com.br\/#\/schema\/logo\/image\/","url":"https:\/\/revistaautobus.com.br\/wp-content\/uploads\/2024\/11\/logo_revista_autobus_fb.png","contentUrl":"https:\/\/revistaautobus.com.br\/wp-content\/uploads\/2024\/11\/logo_revista_autobus_fb.png","width":836,"height":227,"caption":"Revista AutoBus"},"image":{"@id":"https:\/\/revistaautobus.com.br\/#\/schema\/logo\/image\/"},"sameAs":["https:\/\/www.facebook.com\/antonio.ferro.3150","https:\/\/www.instagram.com\/revistaautobus\/"]},{"@type":"Person","@id":"https:\/\/revistaautobus.com.br\/#\/schema\/person\/54af7c3eb83a310e42ef686ef6d16f50","name":"Antonio Ferro","image":{"@type":"ImageObject","inLanguage":"pt-BR","@id":"https:\/\/revistaautobus.com.br\/wp-content\/uploads\/2025\/12\/editor_antonio_ferro-150x150.jpg","url":"https:\/\/revistaautobus.com.br\/wp-content\/uploads\/2025\/12\/editor_antonio_ferro-150x150.jpg","contentUrl":"https:\/\/revistaautobus.com.br\/wp-content\/uploads\/2025\/12\/editor_antonio_ferro-150x150.jpg","caption":"Antonio Ferro"},"description":"infobus@uol.com.br","url":"https:\/\/revistaautobus.com.br\/?author=2"}]}},"jetpack_featured_media_url":"https:\/\/revistaautobus.com.br\/wp-content\/uploads\/2021\/06\/man-euro-vi-australiano-1548670743.jpg","jetpack_sharing_enabled":true,"_links":{"self":[{"href":"https:\/\/revistaautobus.com.br\/index.php?rest_route=\/wp\/v2\/posts\/1340","targetHints":{"allow":["GET"]}}],"collection":[{"href":"https:\/\/revistaautobus.com.br\/index.php?rest_route=\/wp\/v2\/posts"}],"about":[{"href":"https:\/\/revistaautobus.com.br\/index.php?rest_route=\/wp\/v2\/types\/post"}],"author":[{"embeddable":true,"href":"https:\/\/revistaautobus.com.br\/index.php?rest_route=\/wp\/v2\/users\/2"}],"replies":[{"embeddable":true,"href":"https:\/\/revistaautobus.com.br\/index.php?rest_route=%2Fwp%2Fv2%2Fcomments&post=1340"}],"version-history":[{"count":1,"href":"https:\/\/revistaautobus.com.br\/index.php?rest_route=\/wp\/v2\/posts\/1340\/revisions"}],"predecessor-version":[{"id":1342,"href":"https:\/\/revistaautobus.com.br\/index.php?rest_route=\/wp\/v2\/posts\/1340\/revisions\/1342"}],"wp:featuredmedia":[{"embeddable":true,"href":"https:\/\/revistaautobus.com.br\/index.php?rest_route=\/wp\/v2\/media\/1341"}],"wp:attachment":[{"href":"https:\/\/revistaautobus.com.br\/index.php?rest_route=%2Fwp%2Fv2%2Fmedia&parent=1340"}],"wp:term":[{"taxonomy":"category","embeddable":true,"href":"https:\/\/revistaautobus.com.br\/index.php?rest_route=%2Fwp%2Fv2%2Fcategories&post=1340"},{"taxonomy":"post_tag","embeddable":true,"href":"https:\/\/revistaautobus.com.br\/index.php?rest_route=%2Fwp%2Fv2%2Ftags&post=1340"}],"curies":[{"name":"wp","href":"https:\/\/api.w.org\/{rel}","templated":true}]}}