{"id":13431,"date":"2024-10-28T12:16:01","date_gmt":"2024-10-28T15:16:01","guid":{"rendered":"https:\/\/revistaautobus.com.br\/?p=13431"},"modified":"2024-11-05T07:46:37","modified_gmt":"2024-11-05T10:46:37","slug":"o-papel-da-cummins-em-relacao-as-mudancas-climaticas","status":"publish","type":"post","link":"https:\/\/revistaautobus.com.br\/?p=13431","title":{"rendered":"O papel da Cummins em rela\u00e7\u00e3o \u00e0s mudan\u00e7as clim\u00e1ticas"},"content":{"rendered":"<p>A Cummins Brasil ir\u00e1 ressaltar na Fenatran 2024, feira de transportes de carga e log\u00edstica da Am\u00e9rica Latina, um portf\u00f3lio idealizado para contribuir com as redu\u00e7\u00f5es das emiss\u00f5es poluentes dos ve\u00edculos comerciais sobre pneus. Seu processo de descarboniza\u00e7\u00e3o engloba produtos movidos por energias renov\u00e1veis, com foco nas oportunidades da matriz local, onde as tecnologias da empresa se apresentam alinhadas \u00e0s voca\u00e7\u00f5es do Brasil para o transporte sustent\u00e1vel, como o uso de biocombust\u00edveis, avan\u00e7o das solu\u00e7\u00f5es diesel e a crescente ado\u00e7\u00e3o de solu\u00e7\u00f5es de mobilidade el\u00e9trica.<\/p>\n<p>Apesar de participar de um evento relacionado com o transporte de cargas, suas tecnologias se encaixam, perfeitamente, no segmento de passageiros, sendo ideais para os \u00f4nibus dos nichos urbanos e estradeiros. \u201cCom posi\u00e7\u00e3o de destaque do Brasil na agenda de transi\u00e7\u00e3o energ\u00e9tica global, nossa atua\u00e7\u00e3o busca catalisar ainda mais o uso de energias renov\u00e1veis e solu\u00e7\u00f5es de menor impacto ambiental. A verdadeira transforma\u00e7\u00e3o reside em garantir que nossas solu\u00e7\u00f5es sejam compat\u00edveis e funcionem em harmonia com o sistema energ\u00e9tico brasileiro. Adotamos uma abordagem multienerg\u00e9tica, alinhada \u00e0s vantagens competitivas locais, para impulsionar a economia e expandir a infraestrutura necess\u00e1ria para sustentar essa transi\u00e7\u00e3o\u201d, disse Adriano Rishi, presidente da Cummins Brasil.<\/p>\n<p>A fabricante quer salientar sua vers\u00e1til plataforma HELM\u2122 no mercado brasileiro que pode operar com diferentes <em>blends<\/em> de biodiesel, biocombust\u00edveis, HVO, g\u00e1s natural, gasolina e at\u00e9 o hidrog\u00eanio, este \u00faltimo sendo posicionado no topo da cadeia. A Cummins considera fundamental, no mercado brasileiro, uma plataforma de motores a combust\u00e3o interna capaz de utilizar uma variedade de biocombust\u00edveis, como biog\u00e1s e etanol.<\/p>\n<p>Com o claro objetivo de participar no segmento por meio da tecnologia de ponta, a empresa exp\u00f4s o seu sistema p\u00f3s-tratamento Single Module, que atende \u00e0s regulamenta\u00e7\u00f5es Euro VI\/Proconve P8, composto por quatro componentes principais: o Catalisador de Oxida\u00e7\u00e3o de Part\u00edculas (DOC), o Filtro de Particulado Derivado do Diesel (DPF), o Misturador de Gases e Part\u00edculas de Ureia (Mixer) e o Catalisador de Redu\u00e7\u00e3o de NOx (SCR). Segundo informa\u00e7\u00f5es, essa configura\u00e7\u00e3o modular facilita a manuten\u00e7\u00e3o, ao contr\u00e1rio de sistemas concorrentes, frequentemente mais complexos e onerosos. Al\u00e9m disso, o sistema \u00e9 compacto e leve, apresentando 60% menos volume e 40% menos peso do que solu\u00e7\u00f5es equivalentes, otimizando ainda mais os projetos dos clientes.<\/p>\n<div id=\"attachment_13555\" style=\"width: 1010px\" class=\"wp-caption alignnone\"><img loading=\"lazy\" decoding=\"async\" aria-describedby=\"caption-attachment-13555\" class=\"wp-image-13555 size-full\" src=\"https:\/\/revistaautobus.com.br\/wp-content\/uploads\/2024\/10\/SingleModVI.jpg\" alt=\"\" width=\"1000\" height=\"378\" srcset=\"https:\/\/revistaautobus.com.br\/wp-content\/uploads\/2024\/10\/SingleModVI.jpg 1000w, https:\/\/revistaautobus.com.br\/wp-content\/uploads\/2024\/10\/SingleModVI-300x113.jpg 300w, https:\/\/revistaautobus.com.br\/wp-content\/uploads\/2024\/10\/SingleModVI-768x290.jpg 768w\" sizes=\"(max-width: 1000px) 100vw, 1000px\" \/><p id=\"caption-attachment-13555\" class=\"wp-caption-text\"><span style=\"color: #008000;\"><em><strong>Sistema de p\u00f3s-tratamento de gases<\/strong><\/em><\/span><\/p><\/div>\n<p>Ainda, em se tratando de combust\u00edveis renov\u00e1veis, a marca tem em seu portf\u00f3lio as solu\u00e7\u00f5es a g\u00e1s com os novos motores B6.7N e M15N, alinhadas \u00e0s voca\u00e7\u00f5es brasileiras, com op\u00e7\u00f5es prontas para operar com biometano, oferecendo uma alternativa de baixo carbono com alta efici\u00eancia. O B6.7N tem pot\u00eancia de 190 a 280 hp, enquanto o M15N, o mais potente motor a g\u00e1s do mercado brasileiro, entrega at\u00e9 523 hp, recomend\u00e1vel para ve\u00edculos de grande porte. Este propulsor tem constru\u00e7\u00e3o leve, ao mesmo tempo robusta, permitindo uma efici\u00eancia operacional superior, com altas expectativas do mercado em termos de desempenho e sustentabilidade.<\/p>\n<p>A marca destaca que essa gera\u00e7\u00e3o de motores tem sistemas de p\u00f3s-tratamento menos complexos do que os motores a diesel, resultando em aplica\u00e7\u00f5es mais simplificadas para as montadoras e custos operacionais mais baixos para os propriet\u00e1rios de frotas, j\u00e1 que o sistema n\u00e3o requer o uso do fluido de escape Arla 32. Outro benef\u00edcio importante \u00e9 a opera\u00e7\u00e3o silenciosa e com baixa vibra\u00e7\u00e3o dos motores a g\u00e1s, proporcionando um ambiente de trabalho mais confort\u00e1vel para motoristas e passageiros.<\/p>\n<div id=\"attachment_13557\" style=\"width: 990px\" class=\"wp-caption aligncenter\"><img loading=\"lazy\" decoding=\"async\" aria-describedby=\"caption-attachment-13557\" class=\"wp-image-13557 size-large\" src=\"https:\/\/revistaautobus.com.br\/wp-content\/uploads\/2024\/10\/L9N_GasNatural_bx-980x1024.jpg\" alt=\"\" width=\"980\" height=\"1024\" srcset=\"https:\/\/revistaautobus.com.br\/wp-content\/uploads\/2024\/10\/L9N_GasNatural_bx-980x1024.jpg 980w, https:\/\/revistaautobus.com.br\/wp-content\/uploads\/2024\/10\/L9N_GasNatural_bx-287x300.jpg 287w, https:\/\/revistaautobus.com.br\/wp-content\/uploads\/2024\/10\/L9N_GasNatural_bx-768x803.jpg 768w, https:\/\/revistaautobus.com.br\/wp-content\/uploads\/2024\/10\/L9N_GasNatural_bx-1080x1129.jpg 1080w, https:\/\/revistaautobus.com.br\/wp-content\/uploads\/2024\/10\/L9N_GasNatural_bx.jpg 1200w\" sizes=\"(max-width: 980px) 100vw, 980px\" \/><p id=\"caption-attachment-13557\" class=\"wp-caption-text\"><span style=\"color: #008000;\"><em><strong>Motor movido por g\u00e1s natural ou biometano<\/strong><\/em><\/span><\/p><\/div>\n<p>Tamb\u00e9m, em termos de propuls\u00e3o limpa que pode ser utilizado no transporte comercial, o sistema de c\u00e9lulas a combust\u00edvel HyPM\u2122 HD44, de 45 kW, da Cummins promove a gera\u00e7\u00e3o da eletricidade por meio de uma rea\u00e7\u00e3o com o oxig\u00eanio que, por sua vez, \u00e9 respons\u00e1vel por carregar as baterias do ve\u00edculo, alimentando o motor de tra\u00e7\u00e3o el\u00e9trico.\u202f\u202fAl\u00e9m do HyPM\u2122 HD44, o portf\u00f3lio de c\u00e9lula a combust\u00edvel da Accelera by Cummins inclui a nova gera\u00e7\u00e3o dos sistemas FCE300 e FCE150 rec\u00e9m-lan\u00e7ados globalmente, que oferecem maior densidade de pot\u00eancia e efici\u00eancia.<\/p>\n<p>Imagens &#8211; Divulga\u00e7\u00e3o<\/p>\n","protected":false},"excerpt":{"rendered":"<p>Refer\u00eancia na produ\u00e7\u00e3o de solu\u00e7\u00f5es e motores para o transporte comercial, empresa se destaca na transi\u00e7\u00e3o energ\u00e9tica na Am\u00e9rica Latina com um portf\u00f3lio diversificado<\/p>\n","protected":false},"author":2,"featured_media":13554,"comment_status":"open","ping_status":"open","sticky":false,"template":"","format":"standard","meta":{"_et_pb_use_builder":"","_et_pb_old_content":"","_et_gb_content_width":"","_jetpack_memberships_contains_paid_content":false,"footnotes":""},"categories":[485,8,90,73],"tags":[140],"class_list":["post-13431","post","type-post","status-publish","format-standard","has-post-thumbnail","hentry","category-biometano","category-gas-natural","category-noticias","category-tecnologia","tag-cummins","et-has-post-format-content","et_post_format-et-post-format-standard"],"yoast_head":"<!-- This site is optimized with the Yoast SEO plugin v27.2 - https:\/\/yoast.com\/product\/yoast-seo-wordpress\/ -->\n<title>O papel da Cummins em rela\u00e7\u00e3o \u00e0s mudan\u00e7as clim\u00e1ticas - Revista AutoBus<\/title>\n<meta name=\"robots\" content=\"index, follow, max-snippet:-1, max-image-preview:large, max-video-preview:-1\" \/>\n<link rel=\"canonical\" href=\"https:\/\/revistaautobus.com.br\/?p=13431\" \/>\n<meta property=\"og:locale\" content=\"pt_BR\" \/>\n<meta property=\"og:type\" content=\"article\" \/>\n<meta property=\"og:title\" content=\"O papel da Cummins em rela\u00e7\u00e3o \u00e0s mudan\u00e7as clim\u00e1ticas - Revista AutoBus\" \/>\n<meta property=\"og:description\" content=\"Refer\u00eancia na produ\u00e7\u00e3o de solu\u00e7\u00f5es e motores para o transporte comercial, empresa se destaca na transi\u00e7\u00e3o energ\u00e9tica na Am\u00e9rica Latina com um portf\u00f3lio diversificado\" \/>\n<meta property=\"og:url\" content=\"https:\/\/revistaautobus.com.br\/?p=13431\" \/>\n<meta property=\"og:site_name\" content=\"Revista AutoBus\" \/>\n<meta property=\"article:publisher\" content=\"https:\/\/www.facebook.com\/antonio.ferro.3150\" \/>\n<meta property=\"article:published_time\" content=\"2024-10-28T15:16:01+00:00\" \/>\n<meta property=\"article:modified_time\" content=\"2024-11-05T10:46:37+00:00\" \/>\n<meta property=\"og:image\" content=\"https:\/\/revistaautobus.com.br\/wp-content\/uploads\/2024\/10\/X15H.jpg\" \/>\n\t<meta property=\"og:image:width\" content=\"1000\" \/>\n\t<meta property=\"og:image:height\" content=\"1111\" \/>\n\t<meta property=\"og:image:type\" content=\"image\/jpeg\" \/>\n<meta name=\"author\" content=\"Antonio Ferro\" \/>\n<meta name=\"twitter:card\" content=\"summary_large_image\" \/>\n<meta name=\"twitter:label1\" content=\"Escrito por\" \/>\n\t<meta name=\"twitter:data1\" content=\"Antonio Ferro\" \/>\n\t<meta name=\"twitter:label2\" content=\"Est. tempo de leitura\" \/>\n\t<meta name=\"twitter:data2\" content=\"4 minutos\" \/>\n<script type=\"application\/ld+json\" class=\"yoast-schema-graph\">{\"@context\":\"https:\/\/schema.org\",\"@graph\":[{\"@type\":\"Article\",\"@id\":\"https:\/\/revistaautobus.com.br\/?p=13431#article\",\"isPartOf\":{\"@id\":\"https:\/\/revistaautobus.com.br\/?p=13431\"},\"author\":{\"name\":\"Antonio Ferro\",\"@id\":\"https:\/\/revistaautobus.com.br\/#\/schema\/person\/54af7c3eb83a310e42ef686ef6d16f50\"},\"headline\":\"O papel da Cummins em rela\u00e7\u00e3o \u00e0s mudan\u00e7as clim\u00e1ticas\",\"datePublished\":\"2024-10-28T15:16:01+00:00\",\"dateModified\":\"2024-11-05T10:46:37+00:00\",\"mainEntityOfPage\":{\"@id\":\"https:\/\/revistaautobus.com.br\/?p=13431\"},\"wordCount\":766,\"commentCount\":0,\"publisher\":{\"@id\":\"https:\/\/revistaautobus.com.br\/#organization\"},\"image\":{\"@id\":\"https:\/\/revistaautobus.com.br\/?p=13431#primaryimage\"},\"thumbnailUrl\":\"https:\/\/revistaautobus.com.br\/wp-content\/uploads\/2024\/10\/X15H.jpg\",\"keywords\":[\"Cummins\"],\"articleSection\":[\"Biometano\",\"G\u00e1s Natural\",\"Not\u00edcias\",\"Tecnologia\"],\"inLanguage\":\"pt-BR\",\"potentialAction\":[{\"@type\":\"CommentAction\",\"name\":\"Comment\",\"target\":[\"https:\/\/revistaautobus.com.br\/?p=13431#respond\"]}]},{\"@type\":\"WebPage\",\"@id\":\"https:\/\/revistaautobus.com.br\/?p=13431\",\"url\":\"https:\/\/revistaautobus.com.br\/?p=13431\",\"name\":\"O papel da Cummins em rela\u00e7\u00e3o \u00e0s mudan\u00e7as clim\u00e1ticas - Revista AutoBus\",\"isPartOf\":{\"@id\":\"https:\/\/revistaautobus.com.br\/#website\"},\"primaryImageOfPage\":{\"@id\":\"https:\/\/revistaautobus.com.br\/?p=13431#primaryimage\"},\"image\":{\"@id\":\"https:\/\/revistaautobus.com.br\/?p=13431#primaryimage\"},\"thumbnailUrl\":\"https:\/\/revistaautobus.com.br\/wp-content\/uploads\/2024\/10\/X15H.jpg\",\"datePublished\":\"2024-10-28T15:16:01+00:00\",\"dateModified\":\"2024-11-05T10:46:37+00:00\",\"breadcrumb\":{\"@id\":\"https:\/\/revistaautobus.com.br\/?p=13431#breadcrumb\"},\"inLanguage\":\"pt-BR\",\"potentialAction\":[{\"@type\":\"ReadAction\",\"target\":[\"https:\/\/revistaautobus.com.br\/?p=13431\"]}]},{\"@type\":\"ImageObject\",\"inLanguage\":\"pt-BR\",\"@id\":\"https:\/\/revistaautobus.com.br\/?p=13431#primaryimage\",\"url\":\"https:\/\/revistaautobus.com.br\/wp-content\/uploads\/2024\/10\/X15H.jpg\",\"contentUrl\":\"https:\/\/revistaautobus.com.br\/wp-content\/uploads\/2024\/10\/X15H.jpg\",\"width\":1000,\"height\":1111},{\"@type\":\"BreadcrumbList\",\"@id\":\"https:\/\/revistaautobus.com.br\/?p=13431#breadcrumb\",\"itemListElement\":[{\"@type\":\"ListItem\",\"position\":1,\"name\":\"In\u00edcio\",\"item\":\"https:\/\/revistaautobus.com.br\/\"},{\"@type\":\"ListItem\",\"position\":2,\"name\":\"O papel da Cummins em rela\u00e7\u00e3o \u00e0s mudan\u00e7as clim\u00e1ticas\"}]},{\"@type\":\"WebSite\",\"@id\":\"https:\/\/revistaautobus.com.br\/#website\",\"url\":\"https:\/\/revistaautobus.com.br\/\",\"name\":\"Revista AutoBus\",\"description\":\"\",\"publisher\":{\"@id\":\"https:\/\/revistaautobus.com.br\/#organization\"},\"potentialAction\":[{\"@type\":\"SearchAction\",\"target\":{\"@type\":\"EntryPoint\",\"urlTemplate\":\"https:\/\/revistaautobus.com.br\/?s={search_term_string}\"},\"query-input\":{\"@type\":\"PropertyValueSpecification\",\"valueRequired\":true,\"valueName\":\"search_term_string\"}}],\"inLanguage\":\"pt-BR\"},{\"@type\":\"Organization\",\"@id\":\"https:\/\/revistaautobus.com.br\/#organization\",\"name\":\"Revista AutoBus\",\"url\":\"https:\/\/revistaautobus.com.br\/\",\"logo\":{\"@type\":\"ImageObject\",\"inLanguage\":\"pt-BR\",\"@id\":\"https:\/\/revistaautobus.com.br\/#\/schema\/logo\/image\/\",\"url\":\"https:\/\/revistaautobus.com.br\/wp-content\/uploads\/2024\/11\/logo_revista_autobus_fb.png\",\"contentUrl\":\"https:\/\/revistaautobus.com.br\/wp-content\/uploads\/2024\/11\/logo_revista_autobus_fb.png\",\"width\":836,\"height\":227,\"caption\":\"Revista AutoBus\"},\"image\":{\"@id\":\"https:\/\/revistaautobus.com.br\/#\/schema\/logo\/image\/\"},\"sameAs\":[\"https:\/\/www.facebook.com\/antonio.ferro.3150\",\"https:\/\/www.instagram.com\/revistaautobus\/\"]},{\"@type\":\"Person\",\"@id\":\"https:\/\/revistaautobus.com.br\/#\/schema\/person\/54af7c3eb83a310e42ef686ef6d16f50\",\"name\":\"Antonio Ferro\",\"image\":{\"@type\":\"ImageObject\",\"inLanguage\":\"pt-BR\",\"@id\":\"https:\/\/revistaautobus.com.br\/wp-content\/uploads\/2025\/12\/editor_antonio_ferro-150x150.jpg\",\"url\":\"https:\/\/revistaautobus.com.br\/wp-content\/uploads\/2025\/12\/editor_antonio_ferro-150x150.jpg\",\"contentUrl\":\"https:\/\/revistaautobus.com.br\/wp-content\/uploads\/2025\/12\/editor_antonio_ferro-150x150.jpg\",\"caption\":\"Antonio Ferro\"},\"description\":\"infobus@uol.com.br\",\"url\":\"https:\/\/revistaautobus.com.br\/?author=2\"}]}<\/script>\n<!-- \/ Yoast SEO plugin. -->","yoast_head_json":{"title":"O papel da Cummins em rela\u00e7\u00e3o \u00e0s mudan\u00e7as clim\u00e1ticas - Revista AutoBus","robots":{"index":"index","follow":"follow","max-snippet":"max-snippet:-1","max-image-preview":"max-image-preview:large","max-video-preview":"max-video-preview:-1"},"canonical":"https:\/\/revistaautobus.com.br\/?p=13431","og_locale":"pt_BR","og_type":"article","og_title":"O papel da Cummins em rela\u00e7\u00e3o \u00e0s mudan\u00e7as clim\u00e1ticas - Revista AutoBus","og_description":"Refer\u00eancia na produ\u00e7\u00e3o de solu\u00e7\u00f5es e motores para o transporte comercial, empresa se destaca na transi\u00e7\u00e3o energ\u00e9tica na Am\u00e9rica Latina com um portf\u00f3lio diversificado","og_url":"https:\/\/revistaautobus.com.br\/?p=13431","og_site_name":"Revista AutoBus","article_publisher":"https:\/\/www.facebook.com\/antonio.ferro.3150","article_published_time":"2024-10-28T15:16:01+00:00","article_modified_time":"2024-11-05T10:46:37+00:00","og_image":[{"width":1000,"height":1111,"url":"https:\/\/revistaautobus.com.br\/wp-content\/uploads\/2024\/10\/X15H.jpg","type":"image\/jpeg"}],"author":"Antonio Ferro","twitter_card":"summary_large_image","twitter_misc":{"Escrito por":"Antonio Ferro","Est. tempo de leitura":"4 minutos"},"schema":{"@context":"https:\/\/schema.org","@graph":[{"@type":"Article","@id":"https:\/\/revistaautobus.com.br\/?p=13431#article","isPartOf":{"@id":"https:\/\/revistaautobus.com.br\/?p=13431"},"author":{"name":"Antonio Ferro","@id":"https:\/\/revistaautobus.com.br\/#\/schema\/person\/54af7c3eb83a310e42ef686ef6d16f50"},"headline":"O papel da Cummins em rela\u00e7\u00e3o \u00e0s mudan\u00e7as clim\u00e1ticas","datePublished":"2024-10-28T15:16:01+00:00","dateModified":"2024-11-05T10:46:37+00:00","mainEntityOfPage":{"@id":"https:\/\/revistaautobus.com.br\/?p=13431"},"wordCount":766,"commentCount":0,"publisher":{"@id":"https:\/\/revistaautobus.com.br\/#organization"},"image":{"@id":"https:\/\/revistaautobus.com.br\/?p=13431#primaryimage"},"thumbnailUrl":"https:\/\/revistaautobus.com.br\/wp-content\/uploads\/2024\/10\/X15H.jpg","keywords":["Cummins"],"articleSection":["Biometano","G\u00e1s Natural","Not\u00edcias","Tecnologia"],"inLanguage":"pt-BR","potentialAction":[{"@type":"CommentAction","name":"Comment","target":["https:\/\/revistaautobus.com.br\/?p=13431#respond"]}]},{"@type":"WebPage","@id":"https:\/\/revistaautobus.com.br\/?p=13431","url":"https:\/\/revistaautobus.com.br\/?p=13431","name":"O papel da Cummins em rela\u00e7\u00e3o \u00e0s mudan\u00e7as clim\u00e1ticas - Revista AutoBus","isPartOf":{"@id":"https:\/\/revistaautobus.com.br\/#website"},"primaryImageOfPage":{"@id":"https:\/\/revistaautobus.com.br\/?p=13431#primaryimage"},"image":{"@id":"https:\/\/revistaautobus.com.br\/?p=13431#primaryimage"},"thumbnailUrl":"https:\/\/revistaautobus.com.br\/wp-content\/uploads\/2024\/10\/X15H.jpg","datePublished":"2024-10-28T15:16:01+00:00","dateModified":"2024-11-05T10:46:37+00:00","breadcrumb":{"@id":"https:\/\/revistaautobus.com.br\/?p=13431#breadcrumb"},"inLanguage":"pt-BR","potentialAction":[{"@type":"ReadAction","target":["https:\/\/revistaautobus.com.br\/?p=13431"]}]},{"@type":"ImageObject","inLanguage":"pt-BR","@id":"https:\/\/revistaautobus.com.br\/?p=13431#primaryimage","url":"https:\/\/revistaautobus.com.br\/wp-content\/uploads\/2024\/10\/X15H.jpg","contentUrl":"https:\/\/revistaautobus.com.br\/wp-content\/uploads\/2024\/10\/X15H.jpg","width":1000,"height":1111},{"@type":"BreadcrumbList","@id":"https:\/\/revistaautobus.com.br\/?p=13431#breadcrumb","itemListElement":[{"@type":"ListItem","position":1,"name":"In\u00edcio","item":"https:\/\/revistaautobus.com.br\/"},{"@type":"ListItem","position":2,"name":"O papel da Cummins em rela\u00e7\u00e3o \u00e0s mudan\u00e7as clim\u00e1ticas"}]},{"@type":"WebSite","@id":"https:\/\/revistaautobus.com.br\/#website","url":"https:\/\/revistaautobus.com.br\/","name":"Revista AutoBus","description":"","publisher":{"@id":"https:\/\/revistaautobus.com.br\/#organization"},"potentialAction":[{"@type":"SearchAction","target":{"@type":"EntryPoint","urlTemplate":"https:\/\/revistaautobus.com.br\/?s={search_term_string}"},"query-input":{"@type":"PropertyValueSpecification","valueRequired":true,"valueName":"search_term_string"}}],"inLanguage":"pt-BR"},{"@type":"Organization","@id":"https:\/\/revistaautobus.com.br\/#organization","name":"Revista AutoBus","url":"https:\/\/revistaautobus.com.br\/","logo":{"@type":"ImageObject","inLanguage":"pt-BR","@id":"https:\/\/revistaautobus.com.br\/#\/schema\/logo\/image\/","url":"https:\/\/revistaautobus.com.br\/wp-content\/uploads\/2024\/11\/logo_revista_autobus_fb.png","contentUrl":"https:\/\/revistaautobus.com.br\/wp-content\/uploads\/2024\/11\/logo_revista_autobus_fb.png","width":836,"height":227,"caption":"Revista AutoBus"},"image":{"@id":"https:\/\/revistaautobus.com.br\/#\/schema\/logo\/image\/"},"sameAs":["https:\/\/www.facebook.com\/antonio.ferro.3150","https:\/\/www.instagram.com\/revistaautobus\/"]},{"@type":"Person","@id":"https:\/\/revistaautobus.com.br\/#\/schema\/person\/54af7c3eb83a310e42ef686ef6d16f50","name":"Antonio Ferro","image":{"@type":"ImageObject","inLanguage":"pt-BR","@id":"https:\/\/revistaautobus.com.br\/wp-content\/uploads\/2025\/12\/editor_antonio_ferro-150x150.jpg","url":"https:\/\/revistaautobus.com.br\/wp-content\/uploads\/2025\/12\/editor_antonio_ferro-150x150.jpg","contentUrl":"https:\/\/revistaautobus.com.br\/wp-content\/uploads\/2025\/12\/editor_antonio_ferro-150x150.jpg","caption":"Antonio Ferro"},"description":"infobus@uol.com.br","url":"https:\/\/revistaautobus.com.br\/?author=2"}]}},"jetpack_featured_media_url":"https:\/\/revistaautobus.com.br\/wp-content\/uploads\/2024\/10\/X15H.jpg","jetpack_sharing_enabled":true,"_links":{"self":[{"href":"https:\/\/revistaautobus.com.br\/index.php?rest_route=\/wp\/v2\/posts\/13431","targetHints":{"allow":["GET"]}}],"collection":[{"href":"https:\/\/revistaautobus.com.br\/index.php?rest_route=\/wp\/v2\/posts"}],"about":[{"href":"https:\/\/revistaautobus.com.br\/index.php?rest_route=\/wp\/v2\/types\/post"}],"author":[{"embeddable":true,"href":"https:\/\/revistaautobus.com.br\/index.php?rest_route=\/wp\/v2\/users\/2"}],"replies":[{"embeddable":true,"href":"https:\/\/revistaautobus.com.br\/index.php?rest_route=%2Fwp%2Fv2%2Fcomments&post=13431"}],"version-history":[{"count":3,"href":"https:\/\/revistaautobus.com.br\/index.php?rest_route=\/wp\/v2\/posts\/13431\/revisions"}],"predecessor-version":[{"id":13556,"href":"https:\/\/revistaautobus.com.br\/index.php?rest_route=\/wp\/v2\/posts\/13431\/revisions\/13556"}],"wp:featuredmedia":[{"embeddable":true,"href":"https:\/\/revistaautobus.com.br\/index.php?rest_route=\/wp\/v2\/media\/13554"}],"wp:attachment":[{"href":"https:\/\/revistaautobus.com.br\/index.php?rest_route=%2Fwp%2Fv2%2Fmedia&parent=13431"}],"wp:term":[{"taxonomy":"category","embeddable":true,"href":"https:\/\/revistaautobus.com.br\/index.php?rest_route=%2Fwp%2Fv2%2Fcategories&post=13431"},{"taxonomy":"post_tag","embeddable":true,"href":"https:\/\/revistaautobus.com.br\/index.php?rest_route=%2Fwp%2Fv2%2Ftags&post=13431"}],"curies":[{"name":"wp","href":"https:\/\/api.w.org\/{rel}","templated":true}]}}