{"id":13440,"date":"2024-10-28T13:02:00","date_gmt":"2024-10-28T16:02:00","guid":{"rendered":"https:\/\/revistaautobus.com.br\/?p=13440"},"modified":"2024-11-05T07:44:05","modified_gmt":"2024-11-05T10:44:05","slug":"ouvindo-o-futuro","status":"publish","type":"post","link":"https:\/\/revistaautobus.com.br\/?p=13440","title":{"rendered":"Ouvindo o futuro"},"content":{"rendered":"<p>Por <span style=\"color: #000080;\"><em><strong>Osvaldo Born<\/strong><\/em><\/span><\/p>\n<p>A Fepasc \u2013 Federa\u00e7\u00e3o das Empresas de Transporte de Passageiros do Paran\u00e1 e Santa Catarina -, promoveu no primeiro dia de outubro o evento Tend\u00eancias 2025. Realizado no Graciosa Country Club, em Curitiba, PR, o evento contou com empres\u00e1rios do transporte coletivo dos dois estados, autoridades e fornecedores do setor, al\u00e9m de alguns clientes das empresas.<\/p>\n<p>O objetivo foi despertar a reflex\u00e3o dos convidados para tem\u00e1ticas que impactam o setor de transporte coletivo, al\u00e9m da confraterniza\u00e7\u00e3o, momento sempre de reencontro e troca de ideias. Durante o Tend\u00eancias 2025, tamb\u00e9m, foram homenageadas duas tradicionais empresas da regi\u00e3o que estavam completando importantes datas em suas hist\u00f3rias &#8211; os 90 anos da Via\u00e7\u00e3o Garcia e do Expresso Princesa dos Campos, al\u00e9m de comemorar os 35 anos da pr\u00f3pria Federa\u00e7\u00e3o.<\/p>\n<p>O evento teve abertura com as falas de Felipe Busnardo Gulin, presidente da Fepasc, seguida de Vander Francisco Costa, presidente da CNT (Confedera\u00e7\u00e3o Nacional do Transporte) e de Darci Piana, vice-governador do estado do Paran\u00e1, o estado anfitri\u00e3o. Em seguida, uma palestra sobre geopol\u00edtica, conduzida por Heni Ozi Cukier (mais conhecido como Professor HOC), que evidenciou os motivos das mudan\u00e7as que est\u00e3o acontecendo no mundo, tanto em termos de conflitos, como do ponto de vista da economia e pol\u00edtica.<\/p>\n<p><img loading=\"lazy\" decoding=\"async\" class=\"alignnone wp-image-13549 size-full\" src=\"https:\/\/revistaautobus.com.br\/wp-content\/uploads\/2024\/10\/ARB-01159.png\" alt=\"\" width=\"1000\" height=\"666\" srcset=\"https:\/\/revistaautobus.com.br\/wp-content\/uploads\/2024\/10\/ARB-01159.png 1000w, https:\/\/revistaautobus.com.br\/wp-content\/uploads\/2024\/10\/ARB-01159-300x200.png 300w, https:\/\/revistaautobus.com.br\/wp-content\/uploads\/2024\/10\/ARB-01159-768x511.png 768w\" sizes=\"(max-width: 1000px) 100vw, 1000px\" \/><\/p>\n<p>Ap\u00f3s isso, um painel promovido pela Mercedes Benz, uma das patrocinadoras do evento, mostrou o estado da arte dos motores em rela\u00e7\u00e3o \u00e0s normas de emiss\u00e3o de poluentes. Em seguida as homenagens oficiais \u00e0s empresas aniversariantes, foi apresentado outro painel com o contexto sobre as tend\u00eancias da \u00e1rea jur\u00eddica para o transporte, ressaltado pela Justen Advogados. Finalizando o evento a fala de Gustavo Loyola, ex-presidente do Banco Central do Brasil.<\/p>\n<p>Um dos assuntos de destaque, durante o Tend\u00eancias 2025, e que marcou a fala inicial do seu presidente, foi sobre a falta de isonomia em rela\u00e7\u00e3o \u00e0 legisla\u00e7\u00e3o e a concorr\u00eancia predat\u00f3ria promovida por aplicativos de transporte contra o transporte coletivo regular de passageiros. Felipe destacou os pontos negativos sobre arrecada\u00e7\u00e3o de impostos, gera\u00e7\u00e3o de empregos e seguran\u00e7a jur\u00eddica que estas \u201cpseudo\u201d op\u00e7\u00f5es de transporte t\u00eam trazido para o contexto nacional, buscando apoio das autoridades presentes para atuarem em prol do combate a estas pr\u00e1ticas abusivas e desleais.<\/p>\n<p>A Fepasc \u00e9 uma das 29 federa\u00e7\u00f5es que atualmente comp\u00f5em a CNT.<\/p>\n<p>Imagens &#8211; Divulga\u00e7\u00e3o<\/p>\n","protected":false},"excerpt":{"rendered":"<p>Um dos assuntos de destaque, durante o Tend\u00eancias 2025, e que marcou a fala inicial do seu presidente, foi sobre a falta de isonomia em rela\u00e7\u00e3o \u00e0 legisla\u00e7\u00e3o e a concorr\u00eancia predat\u00f3ria promovida por aplicativos de transporte contra o transporte coletivo regular de passageiros<\/p>\n","protected":false},"author":2,"featured_media":13548,"comment_status":"open","ping_status":"open","sticky":false,"template":"","format":"standard","meta":{"_et_pb_use_builder":"","_et_pb_old_content":"","_et_gb_content_width":"","_jetpack_memberships_contains_paid_content":false,"footnotes":""},"categories":[90,80],"tags":[856],"class_list":["post-13440","post","type-post","status-publish","format-standard","has-post-thumbnail","hentry","category-noticias","category-transporte-rodoviario","tag-fepasc","et-has-post-format-content","et_post_format-et-post-format-standard"],"yoast_head":"<!-- This site is optimized with the Yoast SEO plugin v27.2 - https:\/\/yoast.com\/product\/yoast-seo-wordpress\/ -->\n<title>Ouvindo o futuro - Revista AutoBus<\/title>\n<meta name=\"robots\" content=\"index, follow, max-snippet:-1, max-image-preview:large, max-video-preview:-1\" \/>\n<link rel=\"canonical\" href=\"https:\/\/revistaautobus.com.br\/?p=13440\" \/>\n<meta property=\"og:locale\" content=\"pt_BR\" \/>\n<meta property=\"og:type\" content=\"article\" \/>\n<meta property=\"og:title\" content=\"Ouvindo o futuro - Revista AutoBus\" \/>\n<meta property=\"og:description\" content=\"Um dos assuntos de destaque, durante o Tend\u00eancias 2025, e que marcou a fala inicial do seu presidente, foi sobre a falta de isonomia em rela\u00e7\u00e3o \u00e0 legisla\u00e7\u00e3o e a concorr\u00eancia predat\u00f3ria promovida por aplicativos de transporte contra o transporte coletivo regular de passageiros\" \/>\n<meta property=\"og:url\" content=\"https:\/\/revistaautobus.com.br\/?p=13440\" \/>\n<meta property=\"og:site_name\" content=\"Revista AutoBus\" \/>\n<meta property=\"article:publisher\" content=\"https:\/\/www.facebook.com\/antonio.ferro.3150\" \/>\n<meta property=\"article:published_time\" content=\"2024-10-28T16:02:00+00:00\" \/>\n<meta property=\"article:modified_time\" content=\"2024-11-05T10:44:05+00:00\" \/>\n<meta property=\"og:image\" content=\"https:\/\/revistaautobus.com.br\/wp-content\/uploads\/2024\/10\/ARB-00069-1.jpg\" \/>\n\t<meta property=\"og:image:width\" content=\"1000\" \/>\n\t<meta property=\"og:image:height\" content=\"666\" \/>\n\t<meta property=\"og:image:type\" content=\"image\/jpeg\" \/>\n<meta name=\"author\" content=\"Antonio Ferro\" \/>\n<meta name=\"twitter:card\" content=\"summary_large_image\" \/>\n<meta name=\"twitter:label1\" content=\"Escrito por\" \/>\n\t<meta name=\"twitter:data1\" content=\"Antonio Ferro\" \/>\n\t<meta name=\"twitter:label2\" content=\"Est. tempo de leitura\" \/>\n\t<meta name=\"twitter:data2\" content=\"2 minutos\" \/>\n<script type=\"application\/ld+json\" class=\"yoast-schema-graph\">{\"@context\":\"https:\/\/schema.org\",\"@graph\":[{\"@type\":\"Article\",\"@id\":\"https:\/\/revistaautobus.com.br\/?p=13440#article\",\"isPartOf\":{\"@id\":\"https:\/\/revistaautobus.com.br\/?p=13440\"},\"author\":{\"name\":\"Antonio Ferro\",\"@id\":\"https:\/\/revistaautobus.com.br\/#\/schema\/person\/54af7c3eb83a310e42ef686ef6d16f50\"},\"headline\":\"Ouvindo o futuro\",\"datePublished\":\"2024-10-28T16:02:00+00:00\",\"dateModified\":\"2024-11-05T10:44:05+00:00\",\"mainEntityOfPage\":{\"@id\":\"https:\/\/revistaautobus.com.br\/?p=13440\"},\"wordCount\":417,\"commentCount\":0,\"publisher\":{\"@id\":\"https:\/\/revistaautobus.com.br\/#organization\"},\"image\":{\"@id\":\"https:\/\/revistaautobus.com.br\/?p=13440#primaryimage\"},\"thumbnailUrl\":\"https:\/\/revistaautobus.com.br\/wp-content\/uploads\/2024\/10\/ARB-00069-1.jpg\",\"keywords\":[\"Fepasc\"],\"articleSection\":[\"Not\u00edcias\",\"Transporte rodovi\u00e1rio\"],\"inLanguage\":\"pt-BR\",\"potentialAction\":[{\"@type\":\"CommentAction\",\"name\":\"Comment\",\"target\":[\"https:\/\/revistaautobus.com.br\/?p=13440#respond\"]}]},{\"@type\":\"WebPage\",\"@id\":\"https:\/\/revistaautobus.com.br\/?p=13440\",\"url\":\"https:\/\/revistaautobus.com.br\/?p=13440\",\"name\":\"Ouvindo o futuro - Revista AutoBus\",\"isPartOf\":{\"@id\":\"https:\/\/revistaautobus.com.br\/#website\"},\"primaryImageOfPage\":{\"@id\":\"https:\/\/revistaautobus.com.br\/?p=13440#primaryimage\"},\"image\":{\"@id\":\"https:\/\/revistaautobus.com.br\/?p=13440#primaryimage\"},\"thumbnailUrl\":\"https:\/\/revistaautobus.com.br\/wp-content\/uploads\/2024\/10\/ARB-00069-1.jpg\",\"datePublished\":\"2024-10-28T16:02:00+00:00\",\"dateModified\":\"2024-11-05T10:44:05+00:00\",\"breadcrumb\":{\"@id\":\"https:\/\/revistaautobus.com.br\/?p=13440#breadcrumb\"},\"inLanguage\":\"pt-BR\",\"potentialAction\":[{\"@type\":\"ReadAction\",\"target\":[\"https:\/\/revistaautobus.com.br\/?p=13440\"]}]},{\"@type\":\"ImageObject\",\"inLanguage\":\"pt-BR\",\"@id\":\"https:\/\/revistaautobus.com.br\/?p=13440#primaryimage\",\"url\":\"https:\/\/revistaautobus.com.br\/wp-content\/uploads\/2024\/10\/ARB-00069-1.jpg\",\"contentUrl\":\"https:\/\/revistaautobus.com.br\/wp-content\/uploads\/2024\/10\/ARB-00069-1.jpg\",\"width\":1000,\"height\":666,\"caption\":\"@allysonrberger\"},{\"@type\":\"BreadcrumbList\",\"@id\":\"https:\/\/revistaautobus.com.br\/?p=13440#breadcrumb\",\"itemListElement\":[{\"@type\":\"ListItem\",\"position\":1,\"name\":\"In\u00edcio\",\"item\":\"https:\/\/revistaautobus.com.br\/\"},{\"@type\":\"ListItem\",\"position\":2,\"name\":\"Ouvindo o futuro\"}]},{\"@type\":\"WebSite\",\"@id\":\"https:\/\/revistaautobus.com.br\/#website\",\"url\":\"https:\/\/revistaautobus.com.br\/\",\"name\":\"Revista AutoBus\",\"description\":\"\",\"publisher\":{\"@id\":\"https:\/\/revistaautobus.com.br\/#organization\"},\"potentialAction\":[{\"@type\":\"SearchAction\",\"target\":{\"@type\":\"EntryPoint\",\"urlTemplate\":\"https:\/\/revistaautobus.com.br\/?s={search_term_string}\"},\"query-input\":{\"@type\":\"PropertyValueSpecification\",\"valueRequired\":true,\"valueName\":\"search_term_string\"}}],\"inLanguage\":\"pt-BR\"},{\"@type\":\"Organization\",\"@id\":\"https:\/\/revistaautobus.com.br\/#organization\",\"name\":\"Revista AutoBus\",\"url\":\"https:\/\/revistaautobus.com.br\/\",\"logo\":{\"@type\":\"ImageObject\",\"inLanguage\":\"pt-BR\",\"@id\":\"https:\/\/revistaautobus.com.br\/#\/schema\/logo\/image\/\",\"url\":\"https:\/\/revistaautobus.com.br\/wp-content\/uploads\/2024\/11\/logo_revista_autobus_fb.png\",\"contentUrl\":\"https:\/\/revistaautobus.com.br\/wp-content\/uploads\/2024\/11\/logo_revista_autobus_fb.png\",\"width\":836,\"height\":227,\"caption\":\"Revista AutoBus\"},\"image\":{\"@id\":\"https:\/\/revistaautobus.com.br\/#\/schema\/logo\/image\/\"},\"sameAs\":[\"https:\/\/www.facebook.com\/antonio.ferro.3150\",\"https:\/\/www.instagram.com\/revistaautobus\/\"]},{\"@type\":\"Person\",\"@id\":\"https:\/\/revistaautobus.com.br\/#\/schema\/person\/54af7c3eb83a310e42ef686ef6d16f50\",\"name\":\"Antonio Ferro\",\"image\":{\"@type\":\"ImageObject\",\"inLanguage\":\"pt-BR\",\"@id\":\"https:\/\/revistaautobus.com.br\/wp-content\/uploads\/2025\/12\/editor_antonio_ferro-150x150.jpg\",\"url\":\"https:\/\/revistaautobus.com.br\/wp-content\/uploads\/2025\/12\/editor_antonio_ferro-150x150.jpg\",\"contentUrl\":\"https:\/\/revistaautobus.com.br\/wp-content\/uploads\/2025\/12\/editor_antonio_ferro-150x150.jpg\",\"caption\":\"Antonio Ferro\"},\"description\":\"infobus@uol.com.br\",\"url\":\"https:\/\/revistaautobus.com.br\/?author=2\"}]}<\/script>\n<!-- \/ Yoast SEO plugin. -->","yoast_head_json":{"title":"Ouvindo o futuro - Revista AutoBus","robots":{"index":"index","follow":"follow","max-snippet":"max-snippet:-1","max-image-preview":"max-image-preview:large","max-video-preview":"max-video-preview:-1"},"canonical":"https:\/\/revistaautobus.com.br\/?p=13440","og_locale":"pt_BR","og_type":"article","og_title":"Ouvindo o futuro - Revista AutoBus","og_description":"Um dos assuntos de destaque, durante o Tend\u00eancias 2025, e que marcou a fala inicial do seu presidente, foi sobre a falta de isonomia em rela\u00e7\u00e3o \u00e0 legisla\u00e7\u00e3o e a concorr\u00eancia predat\u00f3ria promovida por aplicativos de transporte contra o transporte coletivo regular de passageiros","og_url":"https:\/\/revistaautobus.com.br\/?p=13440","og_site_name":"Revista AutoBus","article_publisher":"https:\/\/www.facebook.com\/antonio.ferro.3150","article_published_time":"2024-10-28T16:02:00+00:00","article_modified_time":"2024-11-05T10:44:05+00:00","og_image":[{"width":1000,"height":666,"url":"https:\/\/revistaautobus.com.br\/wp-content\/uploads\/2024\/10\/ARB-00069-1.jpg","type":"image\/jpeg"}],"author":"Antonio Ferro","twitter_card":"summary_large_image","twitter_misc":{"Escrito por":"Antonio Ferro","Est. tempo de leitura":"2 minutos"},"schema":{"@context":"https:\/\/schema.org","@graph":[{"@type":"Article","@id":"https:\/\/revistaautobus.com.br\/?p=13440#article","isPartOf":{"@id":"https:\/\/revistaautobus.com.br\/?p=13440"},"author":{"name":"Antonio Ferro","@id":"https:\/\/revistaautobus.com.br\/#\/schema\/person\/54af7c3eb83a310e42ef686ef6d16f50"},"headline":"Ouvindo o futuro","datePublished":"2024-10-28T16:02:00+00:00","dateModified":"2024-11-05T10:44:05+00:00","mainEntityOfPage":{"@id":"https:\/\/revistaautobus.com.br\/?p=13440"},"wordCount":417,"commentCount":0,"publisher":{"@id":"https:\/\/revistaautobus.com.br\/#organization"},"image":{"@id":"https:\/\/revistaautobus.com.br\/?p=13440#primaryimage"},"thumbnailUrl":"https:\/\/revistaautobus.com.br\/wp-content\/uploads\/2024\/10\/ARB-00069-1.jpg","keywords":["Fepasc"],"articleSection":["Not\u00edcias","Transporte rodovi\u00e1rio"],"inLanguage":"pt-BR","potentialAction":[{"@type":"CommentAction","name":"Comment","target":["https:\/\/revistaautobus.com.br\/?p=13440#respond"]}]},{"@type":"WebPage","@id":"https:\/\/revistaautobus.com.br\/?p=13440","url":"https:\/\/revistaautobus.com.br\/?p=13440","name":"Ouvindo o futuro - Revista AutoBus","isPartOf":{"@id":"https:\/\/revistaautobus.com.br\/#website"},"primaryImageOfPage":{"@id":"https:\/\/revistaautobus.com.br\/?p=13440#primaryimage"},"image":{"@id":"https:\/\/revistaautobus.com.br\/?p=13440#primaryimage"},"thumbnailUrl":"https:\/\/revistaautobus.com.br\/wp-content\/uploads\/2024\/10\/ARB-00069-1.jpg","datePublished":"2024-10-28T16:02:00+00:00","dateModified":"2024-11-05T10:44:05+00:00","breadcrumb":{"@id":"https:\/\/revistaautobus.com.br\/?p=13440#breadcrumb"},"inLanguage":"pt-BR","potentialAction":[{"@type":"ReadAction","target":["https:\/\/revistaautobus.com.br\/?p=13440"]}]},{"@type":"ImageObject","inLanguage":"pt-BR","@id":"https:\/\/revistaautobus.com.br\/?p=13440#primaryimage","url":"https:\/\/revistaautobus.com.br\/wp-content\/uploads\/2024\/10\/ARB-00069-1.jpg","contentUrl":"https:\/\/revistaautobus.com.br\/wp-content\/uploads\/2024\/10\/ARB-00069-1.jpg","width":1000,"height":666,"caption":"@allysonrberger"},{"@type":"BreadcrumbList","@id":"https:\/\/revistaautobus.com.br\/?p=13440#breadcrumb","itemListElement":[{"@type":"ListItem","position":1,"name":"In\u00edcio","item":"https:\/\/revistaautobus.com.br\/"},{"@type":"ListItem","position":2,"name":"Ouvindo o futuro"}]},{"@type":"WebSite","@id":"https:\/\/revistaautobus.com.br\/#website","url":"https:\/\/revistaautobus.com.br\/","name":"Revista AutoBus","description":"","publisher":{"@id":"https:\/\/revistaautobus.com.br\/#organization"},"potentialAction":[{"@type":"SearchAction","target":{"@type":"EntryPoint","urlTemplate":"https:\/\/revistaautobus.com.br\/?s={search_term_string}"},"query-input":{"@type":"PropertyValueSpecification","valueRequired":true,"valueName":"search_term_string"}}],"inLanguage":"pt-BR"},{"@type":"Organization","@id":"https:\/\/revistaautobus.com.br\/#organization","name":"Revista AutoBus","url":"https:\/\/revistaautobus.com.br\/","logo":{"@type":"ImageObject","inLanguage":"pt-BR","@id":"https:\/\/revistaautobus.com.br\/#\/schema\/logo\/image\/","url":"https:\/\/revistaautobus.com.br\/wp-content\/uploads\/2024\/11\/logo_revista_autobus_fb.png","contentUrl":"https:\/\/revistaautobus.com.br\/wp-content\/uploads\/2024\/11\/logo_revista_autobus_fb.png","width":836,"height":227,"caption":"Revista AutoBus"},"image":{"@id":"https:\/\/revistaautobus.com.br\/#\/schema\/logo\/image\/"},"sameAs":["https:\/\/www.facebook.com\/antonio.ferro.3150","https:\/\/www.instagram.com\/revistaautobus\/"]},{"@type":"Person","@id":"https:\/\/revistaautobus.com.br\/#\/schema\/person\/54af7c3eb83a310e42ef686ef6d16f50","name":"Antonio Ferro","image":{"@type":"ImageObject","inLanguage":"pt-BR","@id":"https:\/\/revistaautobus.com.br\/wp-content\/uploads\/2025\/12\/editor_antonio_ferro-150x150.jpg","url":"https:\/\/revistaautobus.com.br\/wp-content\/uploads\/2025\/12\/editor_antonio_ferro-150x150.jpg","contentUrl":"https:\/\/revistaautobus.com.br\/wp-content\/uploads\/2025\/12\/editor_antonio_ferro-150x150.jpg","caption":"Antonio Ferro"},"description":"infobus@uol.com.br","url":"https:\/\/revistaautobus.com.br\/?author=2"}]}},"jetpack_featured_media_url":"https:\/\/revistaautobus.com.br\/wp-content\/uploads\/2024\/10\/ARB-00069-1.jpg","jetpack_sharing_enabled":true,"_links":{"self":[{"href":"https:\/\/revistaautobus.com.br\/index.php?rest_route=\/wp\/v2\/posts\/13440","targetHints":{"allow":["GET"]}}],"collection":[{"href":"https:\/\/revistaautobus.com.br\/index.php?rest_route=\/wp\/v2\/posts"}],"about":[{"href":"https:\/\/revistaautobus.com.br\/index.php?rest_route=\/wp\/v2\/types\/post"}],"author":[{"embeddable":true,"href":"https:\/\/revistaautobus.com.br\/index.php?rest_route=\/wp\/v2\/users\/2"}],"replies":[{"embeddable":true,"href":"https:\/\/revistaautobus.com.br\/index.php?rest_route=%2Fwp%2Fv2%2Fcomments&post=13440"}],"version-history":[{"count":3,"href":"https:\/\/revistaautobus.com.br\/index.php?rest_route=\/wp\/v2\/posts\/13440\/revisions"}],"predecessor-version":[{"id":13551,"href":"https:\/\/revistaautobus.com.br\/index.php?rest_route=\/wp\/v2\/posts\/13440\/revisions\/13551"}],"wp:featuredmedia":[{"embeddable":true,"href":"https:\/\/revistaautobus.com.br\/index.php?rest_route=\/wp\/v2\/media\/13548"}],"wp:attachment":[{"href":"https:\/\/revistaautobus.com.br\/index.php?rest_route=%2Fwp%2Fv2%2Fmedia&parent=13440"}],"wp:term":[{"taxonomy":"category","embeddable":true,"href":"https:\/\/revistaautobus.com.br\/index.php?rest_route=%2Fwp%2Fv2%2Fcategories&post=13440"},{"taxonomy":"post_tag","embeddable":true,"href":"https:\/\/revistaautobus.com.br\/index.php?rest_route=%2Fwp%2Fv2%2Ftags&post=13440"}],"curies":[{"name":"wp","href":"https:\/\/api.w.org\/{rel}","templated":true}]}}