{"id":1349,"date":"2019-01-28T18:06:00","date_gmt":"2019-01-28T20:06:00","guid":{"rendered":"https:\/\/vila8.com.br\/clientes\/autobus\/?p=1349"},"modified":"2021-06-23T10:37:25","modified_gmt":"2021-06-23T13:37:25","slug":"telemetria-e-gps-em-bilhetagem-eletronica","status":"publish","type":"post","link":"https:\/\/revistaautobus.com.br\/?p=1349","title":{"rendered":"Telemetria e GPS em bilhetagem eletr\u00f4nica"},"content":{"rendered":"\n<p>O processo ser\u00e1 conduzido pela Transdata, pioneira e uma das principais empresas do Brasil no desenvolvimento de solu\u00e7\u00f5es integradas em ITS (Intelligent Transport Systems) dedicadas \u00e0 mobilidade, fornecedora da Via\u00e7\u00e3o Cidade Corumb\u00e1 desde Maio de 2015. A empresa, que foi respons\u00e1vel inicialmente pela implanta\u00e7\u00e3o da bilhetagem eletr\u00f4nica na cidade, far\u00e1 agora a moderniza\u00e7\u00e3o dos validadores para os atuais modelos V6, al\u00e9m da instala\u00e7\u00e3o do sistema de rastreamento de frota via GPS, do aplicativo criado para levar informa\u00e7\u00e3o ao passageiro sobre hor\u00e1rios do \u00f4nibus em tempo real e da tecnologia de telemetria.<\/p>\n\n\n\n<p>de acordo com a fabricante da tecnologia, a solu\u00e7\u00e3o de telemetria colabora com a economia de recursos das empresas operadoras, pois favorece o monitoramento da opera\u00e7\u00e3o, permitindo que a empresa acompanhe a performance de cada motorista, consequentemente reduzindo a necessidade de manuten\u00e7\u00e3o dos ve\u00edculos. O sistema de rastreamento via GPS, por sua vez, otimiza o monitoramento e efici\u00eancia operacional ao fornecer de forma online informa\u00e7\u00f5es (como posi\u00e7\u00e3o no tr\u00e2nsito, hor\u00e1rios, velocidade, solicita\u00e7\u00f5es de parada, indica\u00e7\u00e3o de comboio, entre outros) que otimizam a gest\u00e3o da frota.<\/p>\n\n\n\n<p>\u201cA Transdata est\u00e1 muito feliz com a parceria com a Via\u00e7\u00e3o Cidade Corumb\u00e1, contribuindo com a qualidade da mobilidade das pessoas\u201d,&nbsp;disse Daniela Cunha, Gerente Comercial da Transdata. A tecnologia estar\u00e1 nos 25 \u00f4nibus que fazem o servi\u00e7o urbano local.<\/p>\n\n\n\n<p>Imagem -Amin Feres<\/p>\n","protected":false},"excerpt":{"rendered":"<p>Os \u00f4nibus da Via\u00e7\u00e3o Cidade Corumb\u00e1 receber\u00e3o em Fevereiro um upgrade no sistema de bilhetagem eletr\u00f4nica, j\u00e1 utilizado pela empresa, para facilitar e modernizar a experi\u00eancia dos passageiros <\/p>\n","protected":false},"author":2,"featured_media":1350,"comment_status":"open","ping_status":"open","sticky":false,"template":"","format":"standard","meta":{"_et_pb_use_builder":"off","_et_pb_old_content":"","_et_gb_content_width":"","_jetpack_memberships_contains_paid_content":false,"footnotes":""},"categories":[90],"tags":[],"class_list":["post-1349","post","type-post","status-publish","format-standard","has-post-thumbnail","hentry","category-noticias","et-has-post-format-content","et_post_format-et-post-format-standard"],"yoast_head":"<!-- This site is optimized with the Yoast SEO plugin v27.2 - https:\/\/yoast.com\/product\/yoast-seo-wordpress\/ -->\n<title>Telemetria e GPS em bilhetagem eletr\u00f4nica - Revista AutoBus<\/title>\n<meta name=\"robots\" content=\"index, follow, max-snippet:-1, max-image-preview:large, max-video-preview:-1\" \/>\n<link rel=\"canonical\" href=\"https:\/\/revistaautobus.com.br\/?p=1349\" \/>\n<meta property=\"og:locale\" content=\"pt_BR\" \/>\n<meta property=\"og:type\" content=\"article\" \/>\n<meta property=\"og:title\" content=\"Telemetria e GPS em bilhetagem eletr\u00f4nica - Revista AutoBus\" \/>\n<meta property=\"og:description\" content=\"Os \u00f4nibus da Via\u00e7\u00e3o Cidade Corumb\u00e1 receber\u00e3o em Fevereiro um upgrade no sistema de bilhetagem eletr\u00f4nica, j\u00e1 utilizado pela empresa, para facilitar e modernizar a experi\u00eancia dos passageiros\" \/>\n<meta property=\"og:url\" content=\"https:\/\/revistaautobus.com.br\/?p=1349\" \/>\n<meta property=\"og:site_name\" content=\"Revista AutoBus\" \/>\n<meta property=\"article:publisher\" content=\"https:\/\/www.facebook.com\/antonio.ferro.3150\" \/>\n<meta property=\"article:published_time\" content=\"2019-01-28T20:06:00+00:00\" \/>\n<meta property=\"article:modified_time\" content=\"2021-06-23T13:37:25+00:00\" \/>\n<meta property=\"og:image\" content=\"https:\/\/revistaautobus.com.br\/wp-content\/uploads\/2021\/06\/telemetria-e-gps-em-bilhetagem-eletronica-1548699160.jpg\" \/>\n\t<meta property=\"og:image:width\" content=\"1200\" \/>\n\t<meta property=\"og:image:height\" content=\"638\" \/>\n\t<meta property=\"og:image:type\" content=\"image\/jpeg\" \/>\n<meta name=\"author\" content=\"Antonio Ferro\" \/>\n<meta name=\"twitter:card\" content=\"summary_large_image\" \/>\n<meta name=\"twitter:label1\" content=\"Escrito por\" \/>\n\t<meta name=\"twitter:data1\" content=\"Antonio Ferro\" \/>\n\t<meta name=\"twitter:label2\" content=\"Est. tempo de leitura\" \/>\n\t<meta name=\"twitter:data2\" content=\"1 minuto\" \/>\n<script type=\"application\/ld+json\" class=\"yoast-schema-graph\">{\"@context\":\"https:\/\/schema.org\",\"@graph\":[{\"@type\":\"Article\",\"@id\":\"https:\/\/revistaautobus.com.br\/?p=1349#article\",\"isPartOf\":{\"@id\":\"https:\/\/revistaautobus.com.br\/?p=1349\"},\"author\":{\"name\":\"Antonio Ferro\",\"@id\":\"https:\/\/revistaautobus.com.br\/#\/schema\/person\/54af7c3eb83a310e42ef686ef6d16f50\"},\"headline\":\"Telemetria e GPS em bilhetagem eletr\u00f4nica\",\"datePublished\":\"2019-01-28T20:06:00+00:00\",\"dateModified\":\"2021-06-23T13:37:25+00:00\",\"mainEntityOfPage\":{\"@id\":\"https:\/\/revistaautobus.com.br\/?p=1349\"},\"wordCount\":248,\"commentCount\":0,\"publisher\":{\"@id\":\"https:\/\/revistaautobus.com.br\/#organization\"},\"image\":{\"@id\":\"https:\/\/revistaautobus.com.br\/?p=1349#primaryimage\"},\"thumbnailUrl\":\"https:\/\/revistaautobus.com.br\/wp-content\/uploads\/2021\/06\/telemetria-e-gps-em-bilhetagem-eletronica-1548699160.jpg\",\"articleSection\":[\"Not\u00edcias\"],\"inLanguage\":\"pt-BR\",\"potentialAction\":[{\"@type\":\"CommentAction\",\"name\":\"Comment\",\"target\":[\"https:\/\/revistaautobus.com.br\/?p=1349#respond\"]}]},{\"@type\":\"WebPage\",\"@id\":\"https:\/\/revistaautobus.com.br\/?p=1349\",\"url\":\"https:\/\/revistaautobus.com.br\/?p=1349\",\"name\":\"Telemetria e GPS em bilhetagem eletr\u00f4nica - Revista AutoBus\",\"isPartOf\":{\"@id\":\"https:\/\/revistaautobus.com.br\/#website\"},\"primaryImageOfPage\":{\"@id\":\"https:\/\/revistaautobus.com.br\/?p=1349#primaryimage\"},\"image\":{\"@id\":\"https:\/\/revistaautobus.com.br\/?p=1349#primaryimage\"},\"thumbnailUrl\":\"https:\/\/revistaautobus.com.br\/wp-content\/uploads\/2021\/06\/telemetria-e-gps-em-bilhetagem-eletronica-1548699160.jpg\",\"datePublished\":\"2019-01-28T20:06:00+00:00\",\"dateModified\":\"2021-06-23T13:37:25+00:00\",\"breadcrumb\":{\"@id\":\"https:\/\/revistaautobus.com.br\/?p=1349#breadcrumb\"},\"inLanguage\":\"pt-BR\",\"potentialAction\":[{\"@type\":\"ReadAction\",\"target\":[\"https:\/\/revistaautobus.com.br\/?p=1349\"]}]},{\"@type\":\"ImageObject\",\"inLanguage\":\"pt-BR\",\"@id\":\"https:\/\/revistaautobus.com.br\/?p=1349#primaryimage\",\"url\":\"https:\/\/revistaautobus.com.br\/wp-content\/uploads\/2021\/06\/telemetria-e-gps-em-bilhetagem-eletronica-1548699160.jpg\",\"contentUrl\":\"https:\/\/revistaautobus.com.br\/wp-content\/uploads\/2021\/06\/telemetria-e-gps-em-bilhetagem-eletronica-1548699160.jpg\",\"width\":1200,\"height\":638},{\"@type\":\"BreadcrumbList\",\"@id\":\"https:\/\/revistaautobus.com.br\/?p=1349#breadcrumb\",\"itemListElement\":[{\"@type\":\"ListItem\",\"position\":1,\"name\":\"In\u00edcio\",\"item\":\"https:\/\/revistaautobus.com.br\/\"},{\"@type\":\"ListItem\",\"position\":2,\"name\":\"Telemetria e GPS em bilhetagem eletr\u00f4nica\"}]},{\"@type\":\"WebSite\",\"@id\":\"https:\/\/revistaautobus.com.br\/#website\",\"url\":\"https:\/\/revistaautobus.com.br\/\",\"name\":\"Revista AutoBus\",\"description\":\"\",\"publisher\":{\"@id\":\"https:\/\/revistaautobus.com.br\/#organization\"},\"potentialAction\":[{\"@type\":\"SearchAction\",\"target\":{\"@type\":\"EntryPoint\",\"urlTemplate\":\"https:\/\/revistaautobus.com.br\/?s={search_term_string}\"},\"query-input\":{\"@type\":\"PropertyValueSpecification\",\"valueRequired\":true,\"valueName\":\"search_term_string\"}}],\"inLanguage\":\"pt-BR\"},{\"@type\":\"Organization\",\"@id\":\"https:\/\/revistaautobus.com.br\/#organization\",\"name\":\"Revista AutoBus\",\"url\":\"https:\/\/revistaautobus.com.br\/\",\"logo\":{\"@type\":\"ImageObject\",\"inLanguage\":\"pt-BR\",\"@id\":\"https:\/\/revistaautobus.com.br\/#\/schema\/logo\/image\/\",\"url\":\"https:\/\/revistaautobus.com.br\/wp-content\/uploads\/2024\/11\/logo_revista_autobus_fb.png\",\"contentUrl\":\"https:\/\/revistaautobus.com.br\/wp-content\/uploads\/2024\/11\/logo_revista_autobus_fb.png\",\"width\":836,\"height\":227,\"caption\":\"Revista AutoBus\"},\"image\":{\"@id\":\"https:\/\/revistaautobus.com.br\/#\/schema\/logo\/image\/\"},\"sameAs\":[\"https:\/\/www.facebook.com\/antonio.ferro.3150\",\"https:\/\/www.instagram.com\/revistaautobus\/\"]},{\"@type\":\"Person\",\"@id\":\"https:\/\/revistaautobus.com.br\/#\/schema\/person\/54af7c3eb83a310e42ef686ef6d16f50\",\"name\":\"Antonio Ferro\",\"image\":{\"@type\":\"ImageObject\",\"inLanguage\":\"pt-BR\",\"@id\":\"https:\/\/revistaautobus.com.br\/wp-content\/uploads\/2025\/12\/editor_antonio_ferro-150x150.jpg\",\"url\":\"https:\/\/revistaautobus.com.br\/wp-content\/uploads\/2025\/12\/editor_antonio_ferro-150x150.jpg\",\"contentUrl\":\"https:\/\/revistaautobus.com.br\/wp-content\/uploads\/2025\/12\/editor_antonio_ferro-150x150.jpg\",\"caption\":\"Antonio Ferro\"},\"description\":\"infobus@uol.com.br\",\"url\":\"https:\/\/revistaautobus.com.br\/?author=2\"}]}<\/script>\n<!-- \/ Yoast SEO plugin. -->","yoast_head_json":{"title":"Telemetria e GPS em bilhetagem eletr\u00f4nica - Revista AutoBus","robots":{"index":"index","follow":"follow","max-snippet":"max-snippet:-1","max-image-preview":"max-image-preview:large","max-video-preview":"max-video-preview:-1"},"canonical":"https:\/\/revistaautobus.com.br\/?p=1349","og_locale":"pt_BR","og_type":"article","og_title":"Telemetria e GPS em bilhetagem eletr\u00f4nica - Revista AutoBus","og_description":"Os \u00f4nibus da Via\u00e7\u00e3o Cidade Corumb\u00e1 receber\u00e3o em Fevereiro um upgrade no sistema de bilhetagem eletr\u00f4nica, j\u00e1 utilizado pela empresa, para facilitar e modernizar a experi\u00eancia dos passageiros","og_url":"https:\/\/revistaautobus.com.br\/?p=1349","og_site_name":"Revista AutoBus","article_publisher":"https:\/\/www.facebook.com\/antonio.ferro.3150","article_published_time":"2019-01-28T20:06:00+00:00","article_modified_time":"2021-06-23T13:37:25+00:00","og_image":[{"width":1200,"height":638,"url":"https:\/\/revistaautobus.com.br\/wp-content\/uploads\/2021\/06\/telemetria-e-gps-em-bilhetagem-eletronica-1548699160.jpg","type":"image\/jpeg"}],"author":"Antonio Ferro","twitter_card":"summary_large_image","twitter_misc":{"Escrito por":"Antonio Ferro","Est. tempo de leitura":"1 minuto"},"schema":{"@context":"https:\/\/schema.org","@graph":[{"@type":"Article","@id":"https:\/\/revistaautobus.com.br\/?p=1349#article","isPartOf":{"@id":"https:\/\/revistaautobus.com.br\/?p=1349"},"author":{"name":"Antonio Ferro","@id":"https:\/\/revistaautobus.com.br\/#\/schema\/person\/54af7c3eb83a310e42ef686ef6d16f50"},"headline":"Telemetria e GPS em bilhetagem eletr\u00f4nica","datePublished":"2019-01-28T20:06:00+00:00","dateModified":"2021-06-23T13:37:25+00:00","mainEntityOfPage":{"@id":"https:\/\/revistaautobus.com.br\/?p=1349"},"wordCount":248,"commentCount":0,"publisher":{"@id":"https:\/\/revistaautobus.com.br\/#organization"},"image":{"@id":"https:\/\/revistaautobus.com.br\/?p=1349#primaryimage"},"thumbnailUrl":"https:\/\/revistaautobus.com.br\/wp-content\/uploads\/2021\/06\/telemetria-e-gps-em-bilhetagem-eletronica-1548699160.jpg","articleSection":["Not\u00edcias"],"inLanguage":"pt-BR","potentialAction":[{"@type":"CommentAction","name":"Comment","target":["https:\/\/revistaautobus.com.br\/?p=1349#respond"]}]},{"@type":"WebPage","@id":"https:\/\/revistaautobus.com.br\/?p=1349","url":"https:\/\/revistaautobus.com.br\/?p=1349","name":"Telemetria e GPS em bilhetagem eletr\u00f4nica - Revista AutoBus","isPartOf":{"@id":"https:\/\/revistaautobus.com.br\/#website"},"primaryImageOfPage":{"@id":"https:\/\/revistaautobus.com.br\/?p=1349#primaryimage"},"image":{"@id":"https:\/\/revistaautobus.com.br\/?p=1349#primaryimage"},"thumbnailUrl":"https:\/\/revistaautobus.com.br\/wp-content\/uploads\/2021\/06\/telemetria-e-gps-em-bilhetagem-eletronica-1548699160.jpg","datePublished":"2019-01-28T20:06:00+00:00","dateModified":"2021-06-23T13:37:25+00:00","breadcrumb":{"@id":"https:\/\/revistaautobus.com.br\/?p=1349#breadcrumb"},"inLanguage":"pt-BR","potentialAction":[{"@type":"ReadAction","target":["https:\/\/revistaautobus.com.br\/?p=1349"]}]},{"@type":"ImageObject","inLanguage":"pt-BR","@id":"https:\/\/revistaautobus.com.br\/?p=1349#primaryimage","url":"https:\/\/revistaautobus.com.br\/wp-content\/uploads\/2021\/06\/telemetria-e-gps-em-bilhetagem-eletronica-1548699160.jpg","contentUrl":"https:\/\/revistaautobus.com.br\/wp-content\/uploads\/2021\/06\/telemetria-e-gps-em-bilhetagem-eletronica-1548699160.jpg","width":1200,"height":638},{"@type":"BreadcrumbList","@id":"https:\/\/revistaautobus.com.br\/?p=1349#breadcrumb","itemListElement":[{"@type":"ListItem","position":1,"name":"In\u00edcio","item":"https:\/\/revistaautobus.com.br\/"},{"@type":"ListItem","position":2,"name":"Telemetria e GPS em bilhetagem eletr\u00f4nica"}]},{"@type":"WebSite","@id":"https:\/\/revistaautobus.com.br\/#website","url":"https:\/\/revistaautobus.com.br\/","name":"Revista AutoBus","description":"","publisher":{"@id":"https:\/\/revistaautobus.com.br\/#organization"},"potentialAction":[{"@type":"SearchAction","target":{"@type":"EntryPoint","urlTemplate":"https:\/\/revistaautobus.com.br\/?s={search_term_string}"},"query-input":{"@type":"PropertyValueSpecification","valueRequired":true,"valueName":"search_term_string"}}],"inLanguage":"pt-BR"},{"@type":"Organization","@id":"https:\/\/revistaautobus.com.br\/#organization","name":"Revista AutoBus","url":"https:\/\/revistaautobus.com.br\/","logo":{"@type":"ImageObject","inLanguage":"pt-BR","@id":"https:\/\/revistaautobus.com.br\/#\/schema\/logo\/image\/","url":"https:\/\/revistaautobus.com.br\/wp-content\/uploads\/2024\/11\/logo_revista_autobus_fb.png","contentUrl":"https:\/\/revistaautobus.com.br\/wp-content\/uploads\/2024\/11\/logo_revista_autobus_fb.png","width":836,"height":227,"caption":"Revista AutoBus"},"image":{"@id":"https:\/\/revistaautobus.com.br\/#\/schema\/logo\/image\/"},"sameAs":["https:\/\/www.facebook.com\/antonio.ferro.3150","https:\/\/www.instagram.com\/revistaautobus\/"]},{"@type":"Person","@id":"https:\/\/revistaautobus.com.br\/#\/schema\/person\/54af7c3eb83a310e42ef686ef6d16f50","name":"Antonio Ferro","image":{"@type":"ImageObject","inLanguage":"pt-BR","@id":"https:\/\/revistaautobus.com.br\/wp-content\/uploads\/2025\/12\/editor_antonio_ferro-150x150.jpg","url":"https:\/\/revistaautobus.com.br\/wp-content\/uploads\/2025\/12\/editor_antonio_ferro-150x150.jpg","contentUrl":"https:\/\/revistaautobus.com.br\/wp-content\/uploads\/2025\/12\/editor_antonio_ferro-150x150.jpg","caption":"Antonio Ferro"},"description":"infobus@uol.com.br","url":"https:\/\/revistaautobus.com.br\/?author=2"}]}},"jetpack_featured_media_url":"https:\/\/revistaautobus.com.br\/wp-content\/uploads\/2021\/06\/telemetria-e-gps-em-bilhetagem-eletronica-1548699160.jpg","jetpack_sharing_enabled":true,"_links":{"self":[{"href":"https:\/\/revistaautobus.com.br\/index.php?rest_route=\/wp\/v2\/posts\/1349","targetHints":{"allow":["GET"]}}],"collection":[{"href":"https:\/\/revistaautobus.com.br\/index.php?rest_route=\/wp\/v2\/posts"}],"about":[{"href":"https:\/\/revistaautobus.com.br\/index.php?rest_route=\/wp\/v2\/types\/post"}],"author":[{"embeddable":true,"href":"https:\/\/revistaautobus.com.br\/index.php?rest_route=\/wp\/v2\/users\/2"}],"replies":[{"embeddable":true,"href":"https:\/\/revistaautobus.com.br\/index.php?rest_route=%2Fwp%2Fv2%2Fcomments&post=1349"}],"version-history":[{"count":1,"href":"https:\/\/revistaautobus.com.br\/index.php?rest_route=\/wp\/v2\/posts\/1349\/revisions"}],"predecessor-version":[{"id":1351,"href":"https:\/\/revistaautobus.com.br\/index.php?rest_route=\/wp\/v2\/posts\/1349\/revisions\/1351"}],"wp:featuredmedia":[{"embeddable":true,"href":"https:\/\/revistaautobus.com.br\/index.php?rest_route=\/wp\/v2\/media\/1350"}],"wp:attachment":[{"href":"https:\/\/revistaautobus.com.br\/index.php?rest_route=%2Fwp%2Fv2%2Fmedia&parent=1349"}],"wp:term":[{"taxonomy":"category","embeddable":true,"href":"https:\/\/revistaautobus.com.br\/index.php?rest_route=%2Fwp%2Fv2%2Fcategories&post=1349"},{"taxonomy":"post_tag","embeddable":true,"href":"https:\/\/revistaautobus.com.br\/index.php?rest_route=%2Fwp%2Fv2%2Ftags&post=1349"}],"curies":[{"name":"wp","href":"https:\/\/api.w.org\/{rel}","templated":true}]}}