{"id":1364,"date":"2019-02-04T16:33:00","date_gmt":"2019-02-04T18:33:00","guid":{"rendered":"https:\/\/vila8.com.br\/clientes\/autobus\/?p=1364"},"modified":"2021-06-23T10:42:30","modified_gmt":"2021-06-23T13:42:30","slug":"balanco-de-2018","status":"publish","type":"post","link":"https:\/\/revistaautobus.com.br\/?p=1364","title":{"rendered":"Balan\u00e7o de 2018"},"content":{"rendered":"\n<p>Como de h\u00e1bito, o SPUrbanuss (Sindicato das Empresas de Transporte&nbsp;Coletivo Urbano de Passageiros de S\u00e3o Paulo), promoveu seu encontro anual com a imprensa especializada do transporte para mostrar seu trabalho e o ponto de vista quanto \u00e0s quest\u00f5es que envolvem os servi\u00e7os paulistanos no&nbsp; decorrer de 2018. Apesar de algumas adversidades ocorridas que influenciaram negativamente no setor, como a greve dos caminhoneiros que promoveu a&nbsp;&nbsp; parcialidade da opera\u00e7\u00e3o, e o aspecto quanto aos fluxos de pagamentos dos servi\u00e7os realizados, houve muita coisa positiva que permitiu um avan\u00e7o em&nbsp; termos de melhor atendimento ao usu\u00e1rio.<\/p>\n\n\n\n<figure class=\"wp-block-image\"><img decoding=\"async\" src=\"https:\/\/www.revistaautobus.com.br\/uploads\/images\/2019\/02\/251-1549298219.jpg\" alt=\"Balan\u00e7o de 2018\" title=\"Balan\u00e7o de 2018\"\/><\/figure>\n\n\n\n<p>De acordo com Francisco Christovam, presidente do SPUrbanuss, ainda que os pontos negativos fizeram parte da governan\u00e7a dos servi\u00e7os durante o ano passado, vale destacar o lado positivo, como um melhor relacionamento com a&nbsp;SPTrans, que \u00e9 o \u00f3rg\u00e3o que gerencia os \u00f4nibus urbanos paulistanos, no que tange a razoabilidade e defini\u00e7\u00e3o de linhas, al\u00e9m da redu\u00e7\u00e3o de frota em \u00e1reas onde n\u00e3o havia necessidade. \u201cTamb\u00e9m quero destacar sobre os condutores dos \u00f4nibus, principalmente aqueles que dirigem os \u00f4nibus maiores. Esses passaram a receber mais aten\u00e7\u00e3o, com uma diferencia\u00e7\u00e3o salarial na ordem de 10% em rela\u00e7\u00e3o aos motoristas de outros tipos de ve\u00edculos. Trata-se de um&nbsp;reconhecimento, afinal, eles conduzem \u00f4nibus que custam mais de um milh\u00e3o de reais\u201d.<\/p>\n\n\n\n<p>Conversar com o engenheiro civil Francisco Christovam \u00e9 ter a oportunidade de aproveitar um conhecimento \u00edmpar de quem j\u00e1 viveu o lado da gest\u00e3o p\u00fablica e hoje atua em nome das empresas concession\u00e1rias dos servi\u00e7os. Com ele, pode-se ter uma real no\u00e7\u00e3o do que se passa no sistema de transporte&nbsp;coletivo da capital paulista, que oferece uma complexa opera\u00e7\u00e3o di\u00e1ria formada por quase 14.200 mil \u00f4nibus que transportam por dia seis milh\u00f5es de&nbsp;passageiros em 9,5 milh\u00f5es de viagens realizadas.<\/p>\n\n\n\n<p>A entidade tamb\u00e9m \u00e9 respons\u00e1vel pela administra\u00e7\u00e3o de terminais urbanos, 29 ao todo, o que possibilitou a melhora dos servi\u00e7os e do atendimento \u00e0 quem os utiliza. Manter em ordem essa infraestrutura exige um trabalho significativo para que os \u00edndices de qualidade sejam um diferencial. Christovam lembrou&nbsp; outros itens que precisam ser implantados para que a opera\u00e7\u00e3o tenha&nbsp;desempenho, como o sistema de monitoramento obsoleto (medi\u00e7\u00e3o de&nbsp;viagens), a falta de investimento em infraestrutura (corredores e terminais), a falta de prioridade ao transporte coletivo (faixas exclusivas,&nbsp;compartilhamento) e a chegada de novas tecnologias (desregulamenta\u00e7\u00e3o). \u201cQuero ressaltar que o&nbsp; custo operacional \u00e9 algo que vem crescendo nos \u00faltimos anos. Hoje, a produ\u00e7\u00e3o dos servi\u00e7os est\u00e1 na ordem de R$ 8,4 bilh\u00f5es (2019), o valor da arrecada\u00e7\u00e3o \u00e9 estimada em R$ 5,3 bilh\u00f5es e o valor do&nbsp;subs\u00eddio, tamb\u00e9m estimado, alcan\u00e7a R$ 3,1 bilh\u00f5es. Infelizmente, os \u00f4nibus ainda disputam espa\u00e7o com outros modais de transporte. N\u00e3o havendo&nbsp;prioridade operacional, h\u00e1 um desequil\u00edbrio na oferta dos servi\u00e7os. Um ve\u00edculo j\u00e1 n\u00e3o consegue fazer duas viagens em um per\u00edodo de tempo. \u00c9 preciso mais um, pois os congestionamentos n\u00e3o permitem efici\u00eancia nos servi\u00e7os\u201d, explicou o executivo.<\/p>\n\n\n\n<p>No ano passado, 994 novos \u00f4nibus entraram em opera\u00e7\u00e3o e para o come\u00e7o de 2019, outras 513 unidades chegar\u00e3o para renovar a frota. 4.484 ve\u00edculos j\u00e1&nbsp; est\u00e3o equipados com o sistema de ar-condicionado, cerca de 1\/3 da frota.<\/p>\n\n\n\n<p>Quanto ao processo da licita\u00e7\u00e3o dos servi\u00e7os, aspecto paralisado por algumas liminares, o sindicato aguarda com uma expectativa positiva o desfecho dessa quest\u00e3o. \u201cIsso nos possibilitar\u00e1 novos contratos, estabilidade e seguran\u00e7a na opera\u00e7\u00e3o, o que garantir\u00e1 investimentos e retorno nas atividades das operadoras. A morosidade nesse processo foi muito ruim para todos os&nbsp;envolvidos com o segmento, houve um desgaste muito grande\u201d, observou Christovam. Ele tamb\u00e9m lamentou que a licita\u00e7\u00e3o n\u00e3o permitir\u00e1 que os&nbsp;&nbsp;&nbsp;&nbsp;&nbsp;&nbsp;&nbsp;&nbsp;&nbsp; operadores possam contribuir com o desempenho da rede de transporte. \u201cGostar\u00edamos de poder trabalhar com o conceito objeto fixo de conte\u00fado vari\u00e1vel. Entendo que o modelo da licita\u00e7\u00e3o n\u00e3o tem uma vis\u00e3o de futuro, que possa flexibilizar a forma de prestarmos os servi\u00e7os. Temos regras a seguir e ponto\u201d, disse.<\/p>\n\n\n\n<p>Segundo Christovam, em outras palavras, o poder p\u00fablico ficaria com a prerrogativa e flexibilidade para ajustar os contratos do servi\u00e7o de utilidade p\u00fablica e, se necess\u00e1rio \u00e0 chegada de novas tecnologias ou novos meios de transportes, permitir, por meio do \u201cconte\u00fado vari\u00e1vel\u201d, uma integra\u00e7\u00e3o com outros modais ou necessidades que venham surgir no futuro em virtude dos avan\u00e7os na forma de mobilidade. \u201cEm 20 anos, que \u00e9 o tempo dos contratos, podem surgir muitas novidades que venham facilitar o deslocamento das&nbsp;&nbsp;&nbsp;&nbsp; pessoas. Poder\u00edamos promover novos mecanismos de mobilidade em paralelo aos nossos neg\u00f3cios\u201d, ressaltou.<\/p>\n\n\n\n<p>A respeito da descarboniza\u00e7\u00e3o dos futuros \u00f4nibus, com tecnologia de tra\u00e7\u00e3o limpa, fato que envolve a transforma\u00e7\u00e3o da matriz energ\u00e9tica da frota paulistana, o presidente do SPUrbanuss comentou que para se alcan\u00e7ar esse aspecto, atendendo as exig\u00eancias da lei municipal do clima, \u00e9 preciso uma avalia\u00e7\u00e3o no que diz sobre tr\u00eas pilares fundamentais, que s\u00e3o disponibilidade, razoabilidade e confiabilidade tecnol\u00f3gica. \u201c\u00c9 preciso definir o tema da tra\u00e7\u00e3o alternativa ao diesel para alcan\u00e7armos a solu\u00e7\u00e3o que mais seja vi\u00e1vel para as caracter\u00edsticas de S\u00e3o Paulo. A cidade \u00e9 uma vitrine brasileira sobre transporte, mas temos que alcan\u00e7ar algumas respostas, dentre elas, referentes ao custo operacional e de compra dessas novas tecnologias\u201d, explicou Christovam.<\/p>\n\n\n\n<p>Imagens &#8211; Arquivo SPUrbanuss<\/p>\n","protected":false},"excerpt":{"rendered":"<p>Quanto ao processo da licita\u00e7\u00e3o dos servi\u00e7os, aspecto paralisado por algumas liminares, o sindicato aguarda com uma expectativa positiva o desfecho dessa quest\u00e3o. <\/p>\n","protected":false},"author":2,"featured_media":1365,"comment_status":"open","ping_status":"open","sticky":false,"template":"","format":"standard","meta":{"_et_pb_use_builder":"off","_et_pb_old_content":"","_et_gb_content_width":"","_jetpack_memberships_contains_paid_content":false,"footnotes":""},"categories":[90],"tags":[],"class_list":["post-1364","post","type-post","status-publish","format-standard","has-post-thumbnail","hentry","category-noticias","et-has-post-format-content","et_post_format-et-post-format-standard"],"yoast_head":"<!-- This site is optimized with the Yoast SEO plugin v27.2 - https:\/\/yoast.com\/product\/yoast-seo-wordpress\/ -->\n<title>Balan\u00e7o de 2018 - Revista AutoBus<\/title>\n<meta name=\"robots\" content=\"index, follow, max-snippet:-1, max-image-preview:large, max-video-preview:-1\" \/>\n<link rel=\"canonical\" href=\"https:\/\/revistaautobus.com.br\/?p=1364\" \/>\n<meta property=\"og:locale\" content=\"pt_BR\" \/>\n<meta property=\"og:type\" content=\"article\" \/>\n<meta property=\"og:title\" content=\"Balan\u00e7o de 2018 - Revista AutoBus\" \/>\n<meta property=\"og:description\" content=\"Quanto ao processo da licita\u00e7\u00e3o dos servi\u00e7os, aspecto paralisado por algumas liminares, o sindicato aguarda com uma expectativa positiva o desfecho dessa quest\u00e3o.\" \/>\n<meta property=\"og:url\" content=\"https:\/\/revistaautobus.com.br\/?p=1364\" \/>\n<meta property=\"og:site_name\" content=\"Revista AutoBus\" \/>\n<meta property=\"article:publisher\" content=\"https:\/\/www.facebook.com\/antonio.ferro.3150\" \/>\n<meta property=\"article:published_time\" content=\"2019-02-04T18:33:00+00:00\" \/>\n<meta property=\"article:modified_time\" content=\"2021-06-23T13:42:30+00:00\" \/>\n<meta property=\"og:image\" content=\"https:\/\/revistaautobus.com.br\/wp-content\/uploads\/2021\/06\/balanco-de-2018-1549298190.jpg\" \/>\n\t<meta property=\"og:image:width\" content=\"1200\" \/>\n\t<meta property=\"og:image:height\" content=\"628\" \/>\n\t<meta property=\"og:image:type\" content=\"image\/jpeg\" \/>\n<meta name=\"author\" content=\"Antonio Ferro\" \/>\n<meta name=\"twitter:card\" content=\"summary_large_image\" \/>\n<meta name=\"twitter:label1\" content=\"Escrito por\" \/>\n\t<meta name=\"twitter:data1\" content=\"Antonio Ferro\" \/>\n\t<meta name=\"twitter:label2\" content=\"Est. tempo de leitura\" \/>\n\t<meta name=\"twitter:data2\" content=\"5 minutos\" \/>\n<script type=\"application\/ld+json\" class=\"yoast-schema-graph\">{\"@context\":\"https:\/\/schema.org\",\"@graph\":[{\"@type\":\"Article\",\"@id\":\"https:\/\/revistaautobus.com.br\/?p=1364#article\",\"isPartOf\":{\"@id\":\"https:\/\/revistaautobus.com.br\/?p=1364\"},\"author\":{\"name\":\"Antonio Ferro\",\"@id\":\"https:\/\/revistaautobus.com.br\/#\/schema\/person\/54af7c3eb83a310e42ef686ef6d16f50\"},\"headline\":\"Balan\u00e7o de 2018\",\"datePublished\":\"2019-02-04T18:33:00+00:00\",\"dateModified\":\"2021-06-23T13:42:30+00:00\",\"mainEntityOfPage\":{\"@id\":\"https:\/\/revistaautobus.com.br\/?p=1364\"},\"wordCount\":968,\"commentCount\":0,\"publisher\":{\"@id\":\"https:\/\/revistaautobus.com.br\/#organization\"},\"image\":{\"@id\":\"https:\/\/revistaautobus.com.br\/?p=1364#primaryimage\"},\"thumbnailUrl\":\"https:\/\/revistaautobus.com.br\/wp-content\/uploads\/2021\/06\/balanco-de-2018-1549298190.jpg\",\"articleSection\":[\"Not\u00edcias\"],\"inLanguage\":\"pt-BR\",\"potentialAction\":[{\"@type\":\"CommentAction\",\"name\":\"Comment\",\"target\":[\"https:\/\/revistaautobus.com.br\/?p=1364#respond\"]}]},{\"@type\":\"WebPage\",\"@id\":\"https:\/\/revistaautobus.com.br\/?p=1364\",\"url\":\"https:\/\/revistaautobus.com.br\/?p=1364\",\"name\":\"Balan\u00e7o de 2018 - Revista AutoBus\",\"isPartOf\":{\"@id\":\"https:\/\/revistaautobus.com.br\/#website\"},\"primaryImageOfPage\":{\"@id\":\"https:\/\/revistaautobus.com.br\/?p=1364#primaryimage\"},\"image\":{\"@id\":\"https:\/\/revistaautobus.com.br\/?p=1364#primaryimage\"},\"thumbnailUrl\":\"https:\/\/revistaautobus.com.br\/wp-content\/uploads\/2021\/06\/balanco-de-2018-1549298190.jpg\",\"datePublished\":\"2019-02-04T18:33:00+00:00\",\"dateModified\":\"2021-06-23T13:42:30+00:00\",\"breadcrumb\":{\"@id\":\"https:\/\/revistaautobus.com.br\/?p=1364#breadcrumb\"},\"inLanguage\":\"pt-BR\",\"potentialAction\":[{\"@type\":\"ReadAction\",\"target\":[\"https:\/\/revistaautobus.com.br\/?p=1364\"]}]},{\"@type\":\"ImageObject\",\"inLanguage\":\"pt-BR\",\"@id\":\"https:\/\/revistaautobus.com.br\/?p=1364#primaryimage\",\"url\":\"https:\/\/revistaautobus.com.br\/wp-content\/uploads\/2021\/06\/balanco-de-2018-1549298190.jpg\",\"contentUrl\":\"https:\/\/revistaautobus.com.br\/wp-content\/uploads\/2021\/06\/balanco-de-2018-1549298190.jpg\",\"width\":1200,\"height\":628},{\"@type\":\"BreadcrumbList\",\"@id\":\"https:\/\/revistaautobus.com.br\/?p=1364#breadcrumb\",\"itemListElement\":[{\"@type\":\"ListItem\",\"position\":1,\"name\":\"In\u00edcio\",\"item\":\"https:\/\/revistaautobus.com.br\/\"},{\"@type\":\"ListItem\",\"position\":2,\"name\":\"Balan\u00e7o de 2018\"}]},{\"@type\":\"WebSite\",\"@id\":\"https:\/\/revistaautobus.com.br\/#website\",\"url\":\"https:\/\/revistaautobus.com.br\/\",\"name\":\"Revista AutoBus\",\"description\":\"\",\"publisher\":{\"@id\":\"https:\/\/revistaautobus.com.br\/#organization\"},\"potentialAction\":[{\"@type\":\"SearchAction\",\"target\":{\"@type\":\"EntryPoint\",\"urlTemplate\":\"https:\/\/revistaautobus.com.br\/?s={search_term_string}\"},\"query-input\":{\"@type\":\"PropertyValueSpecification\",\"valueRequired\":true,\"valueName\":\"search_term_string\"}}],\"inLanguage\":\"pt-BR\"},{\"@type\":\"Organization\",\"@id\":\"https:\/\/revistaautobus.com.br\/#organization\",\"name\":\"Revista AutoBus\",\"url\":\"https:\/\/revistaautobus.com.br\/\",\"logo\":{\"@type\":\"ImageObject\",\"inLanguage\":\"pt-BR\",\"@id\":\"https:\/\/revistaautobus.com.br\/#\/schema\/logo\/image\/\",\"url\":\"https:\/\/revistaautobus.com.br\/wp-content\/uploads\/2024\/11\/logo_revista_autobus_fb.png\",\"contentUrl\":\"https:\/\/revistaautobus.com.br\/wp-content\/uploads\/2024\/11\/logo_revista_autobus_fb.png\",\"width\":836,\"height\":227,\"caption\":\"Revista AutoBus\"},\"image\":{\"@id\":\"https:\/\/revistaautobus.com.br\/#\/schema\/logo\/image\/\"},\"sameAs\":[\"https:\/\/www.facebook.com\/antonio.ferro.3150\",\"https:\/\/www.instagram.com\/revistaautobus\/\"]},{\"@type\":\"Person\",\"@id\":\"https:\/\/revistaautobus.com.br\/#\/schema\/person\/54af7c3eb83a310e42ef686ef6d16f50\",\"name\":\"Antonio Ferro\",\"image\":{\"@type\":\"ImageObject\",\"inLanguage\":\"pt-BR\",\"@id\":\"https:\/\/revistaautobus.com.br\/wp-content\/uploads\/2025\/12\/editor_antonio_ferro-150x150.jpg\",\"url\":\"https:\/\/revistaautobus.com.br\/wp-content\/uploads\/2025\/12\/editor_antonio_ferro-150x150.jpg\",\"contentUrl\":\"https:\/\/revistaautobus.com.br\/wp-content\/uploads\/2025\/12\/editor_antonio_ferro-150x150.jpg\",\"caption\":\"Antonio Ferro\"},\"description\":\"infobus@uol.com.br\",\"url\":\"https:\/\/revistaautobus.com.br\/?author=2\"}]}<\/script>\n<!-- \/ Yoast SEO plugin. -->","yoast_head_json":{"title":"Balan\u00e7o de 2018 - Revista AutoBus","robots":{"index":"index","follow":"follow","max-snippet":"max-snippet:-1","max-image-preview":"max-image-preview:large","max-video-preview":"max-video-preview:-1"},"canonical":"https:\/\/revistaautobus.com.br\/?p=1364","og_locale":"pt_BR","og_type":"article","og_title":"Balan\u00e7o de 2018 - Revista AutoBus","og_description":"Quanto ao processo da licita\u00e7\u00e3o dos servi\u00e7os, aspecto paralisado por algumas liminares, o sindicato aguarda com uma expectativa positiva o desfecho dessa quest\u00e3o.","og_url":"https:\/\/revistaautobus.com.br\/?p=1364","og_site_name":"Revista AutoBus","article_publisher":"https:\/\/www.facebook.com\/antonio.ferro.3150","article_published_time":"2019-02-04T18:33:00+00:00","article_modified_time":"2021-06-23T13:42:30+00:00","og_image":[{"width":1200,"height":628,"url":"https:\/\/revistaautobus.com.br\/wp-content\/uploads\/2021\/06\/balanco-de-2018-1549298190.jpg","type":"image\/jpeg"}],"author":"Antonio Ferro","twitter_card":"summary_large_image","twitter_misc":{"Escrito por":"Antonio Ferro","Est. tempo de leitura":"5 minutos"},"schema":{"@context":"https:\/\/schema.org","@graph":[{"@type":"Article","@id":"https:\/\/revistaautobus.com.br\/?p=1364#article","isPartOf":{"@id":"https:\/\/revistaautobus.com.br\/?p=1364"},"author":{"name":"Antonio Ferro","@id":"https:\/\/revistaautobus.com.br\/#\/schema\/person\/54af7c3eb83a310e42ef686ef6d16f50"},"headline":"Balan\u00e7o de 2018","datePublished":"2019-02-04T18:33:00+00:00","dateModified":"2021-06-23T13:42:30+00:00","mainEntityOfPage":{"@id":"https:\/\/revistaautobus.com.br\/?p=1364"},"wordCount":968,"commentCount":0,"publisher":{"@id":"https:\/\/revistaautobus.com.br\/#organization"},"image":{"@id":"https:\/\/revistaautobus.com.br\/?p=1364#primaryimage"},"thumbnailUrl":"https:\/\/revistaautobus.com.br\/wp-content\/uploads\/2021\/06\/balanco-de-2018-1549298190.jpg","articleSection":["Not\u00edcias"],"inLanguage":"pt-BR","potentialAction":[{"@type":"CommentAction","name":"Comment","target":["https:\/\/revistaautobus.com.br\/?p=1364#respond"]}]},{"@type":"WebPage","@id":"https:\/\/revistaautobus.com.br\/?p=1364","url":"https:\/\/revistaautobus.com.br\/?p=1364","name":"Balan\u00e7o de 2018 - Revista AutoBus","isPartOf":{"@id":"https:\/\/revistaautobus.com.br\/#website"},"primaryImageOfPage":{"@id":"https:\/\/revistaautobus.com.br\/?p=1364#primaryimage"},"image":{"@id":"https:\/\/revistaautobus.com.br\/?p=1364#primaryimage"},"thumbnailUrl":"https:\/\/revistaautobus.com.br\/wp-content\/uploads\/2021\/06\/balanco-de-2018-1549298190.jpg","datePublished":"2019-02-04T18:33:00+00:00","dateModified":"2021-06-23T13:42:30+00:00","breadcrumb":{"@id":"https:\/\/revistaautobus.com.br\/?p=1364#breadcrumb"},"inLanguage":"pt-BR","potentialAction":[{"@type":"ReadAction","target":["https:\/\/revistaautobus.com.br\/?p=1364"]}]},{"@type":"ImageObject","inLanguage":"pt-BR","@id":"https:\/\/revistaautobus.com.br\/?p=1364#primaryimage","url":"https:\/\/revistaautobus.com.br\/wp-content\/uploads\/2021\/06\/balanco-de-2018-1549298190.jpg","contentUrl":"https:\/\/revistaautobus.com.br\/wp-content\/uploads\/2021\/06\/balanco-de-2018-1549298190.jpg","width":1200,"height":628},{"@type":"BreadcrumbList","@id":"https:\/\/revistaautobus.com.br\/?p=1364#breadcrumb","itemListElement":[{"@type":"ListItem","position":1,"name":"In\u00edcio","item":"https:\/\/revistaautobus.com.br\/"},{"@type":"ListItem","position":2,"name":"Balan\u00e7o de 2018"}]},{"@type":"WebSite","@id":"https:\/\/revistaautobus.com.br\/#website","url":"https:\/\/revistaautobus.com.br\/","name":"Revista AutoBus","description":"","publisher":{"@id":"https:\/\/revistaautobus.com.br\/#organization"},"potentialAction":[{"@type":"SearchAction","target":{"@type":"EntryPoint","urlTemplate":"https:\/\/revistaautobus.com.br\/?s={search_term_string}"},"query-input":{"@type":"PropertyValueSpecification","valueRequired":true,"valueName":"search_term_string"}}],"inLanguage":"pt-BR"},{"@type":"Organization","@id":"https:\/\/revistaautobus.com.br\/#organization","name":"Revista AutoBus","url":"https:\/\/revistaautobus.com.br\/","logo":{"@type":"ImageObject","inLanguage":"pt-BR","@id":"https:\/\/revistaautobus.com.br\/#\/schema\/logo\/image\/","url":"https:\/\/revistaautobus.com.br\/wp-content\/uploads\/2024\/11\/logo_revista_autobus_fb.png","contentUrl":"https:\/\/revistaautobus.com.br\/wp-content\/uploads\/2024\/11\/logo_revista_autobus_fb.png","width":836,"height":227,"caption":"Revista AutoBus"},"image":{"@id":"https:\/\/revistaautobus.com.br\/#\/schema\/logo\/image\/"},"sameAs":["https:\/\/www.facebook.com\/antonio.ferro.3150","https:\/\/www.instagram.com\/revistaautobus\/"]},{"@type":"Person","@id":"https:\/\/revistaautobus.com.br\/#\/schema\/person\/54af7c3eb83a310e42ef686ef6d16f50","name":"Antonio Ferro","image":{"@type":"ImageObject","inLanguage":"pt-BR","@id":"https:\/\/revistaautobus.com.br\/wp-content\/uploads\/2025\/12\/editor_antonio_ferro-150x150.jpg","url":"https:\/\/revistaautobus.com.br\/wp-content\/uploads\/2025\/12\/editor_antonio_ferro-150x150.jpg","contentUrl":"https:\/\/revistaautobus.com.br\/wp-content\/uploads\/2025\/12\/editor_antonio_ferro-150x150.jpg","caption":"Antonio Ferro"},"description":"infobus@uol.com.br","url":"https:\/\/revistaautobus.com.br\/?author=2"}]}},"jetpack_featured_media_url":"https:\/\/revistaautobus.com.br\/wp-content\/uploads\/2021\/06\/balanco-de-2018-1549298190.jpg","jetpack_sharing_enabled":true,"_links":{"self":[{"href":"https:\/\/revistaautobus.com.br\/index.php?rest_route=\/wp\/v2\/posts\/1364","targetHints":{"allow":["GET"]}}],"collection":[{"href":"https:\/\/revistaautobus.com.br\/index.php?rest_route=\/wp\/v2\/posts"}],"about":[{"href":"https:\/\/revistaautobus.com.br\/index.php?rest_route=\/wp\/v2\/types\/post"}],"author":[{"embeddable":true,"href":"https:\/\/revistaautobus.com.br\/index.php?rest_route=\/wp\/v2\/users\/2"}],"replies":[{"embeddable":true,"href":"https:\/\/revistaautobus.com.br\/index.php?rest_route=%2Fwp%2Fv2%2Fcomments&post=1364"}],"version-history":[{"count":1,"href":"https:\/\/revistaautobus.com.br\/index.php?rest_route=\/wp\/v2\/posts\/1364\/revisions"}],"predecessor-version":[{"id":1366,"href":"https:\/\/revistaautobus.com.br\/index.php?rest_route=\/wp\/v2\/posts\/1364\/revisions\/1366"}],"wp:featuredmedia":[{"embeddable":true,"href":"https:\/\/revistaautobus.com.br\/index.php?rest_route=\/wp\/v2\/media\/1365"}],"wp:attachment":[{"href":"https:\/\/revistaautobus.com.br\/index.php?rest_route=%2Fwp%2Fv2%2Fmedia&parent=1364"}],"wp:term":[{"taxonomy":"category","embeddable":true,"href":"https:\/\/revistaautobus.com.br\/index.php?rest_route=%2Fwp%2Fv2%2Fcategories&post=1364"},{"taxonomy":"post_tag","embeddable":true,"href":"https:\/\/revistaautobus.com.br\/index.php?rest_route=%2Fwp%2Fv2%2Ftags&post=1364"}],"curies":[{"name":"wp","href":"https:\/\/api.w.org\/{rel}","templated":true}]}}