{"id":13675,"date":"2024-11-06T13:41:48","date_gmt":"2024-11-06T16:41:48","guid":{"rendered":"https:\/\/revistaautobus.com.br\/?p=13675"},"modified":"2024-11-06T13:41:48","modified_gmt":"2024-11-06T16:41:48","slug":"no-quarto-trimestre-receita-e-producao-em-alta","status":"publish","type":"post","link":"https:\/\/revistaautobus.com.br\/?p=13675","title":{"rendered":"No quarto trimestre, receita e produ\u00e7\u00e3o em alta"},"content":{"rendered":"<p>Refer\u00eancia no desenvolvimento e produ\u00e7\u00e3o de carro\u00e7arias para \u00f4nibus, a Marcopolo anunciou seus n\u00fameros em rela\u00e7\u00e3o ao quarto trimestre deste ano. Sua receita l\u00edquida foi de R$ 2,3 bilh\u00f5es, um crescimento de 43,3% ante ao mesmo per\u00edodo do ano passado (3T23). A receita corresponde a 4.186 unidades, das quais 75% foram vendidas no Brasil, 9,2% foram exportadas do Brasil e 15,8% faturadas no exterior.<\/p>\n<p>No 3T24, houve incremento de 37,8% da produ\u00e7\u00e3o em rela\u00e7\u00e3o ao mesmo trimestre do ano passado, sendo que do total de 4.133 unidades, 3.476 foram produzidas no Brasil, um incremento de 45% em rela\u00e7\u00e3o ao mesmo per\u00edodo do ano anterior, e 657 unidades no exterior, 9% acima da produ\u00e7\u00e3o do 3T23. No acumulado dos 9 meses de 2024, a varia\u00e7\u00e3o da produ\u00e7\u00e3o foi de 20,2% em rela\u00e7\u00e3o aos 9 primeiros meses de 2023, fechando com 11.392 unidades.<\/p>\n<p>O lucro bruto atingiu R$ 576,8 milh\u00f5es, com margem de 24,9%. O EBITDA totalizou R$ 466 milh\u00f5es, com margem de 20,1%, e o lucro l\u00edquido foi de R$ 335,7 milh\u00f5es, com margem de 14,5%. Para a fabricante, isso representa o reflexo da melhoria do cen\u00e1rio do mercado, com amplia\u00e7\u00e3o dos volumes vendidos internamente, do melhor desempenho das opera\u00e7\u00f5es internacionais e da evolu\u00e7\u00e3o das exporta\u00e7\u00f5es a partir do Brasil, com crescimento de entregas no segmento rodovi\u00e1rio e avan\u00e7o das vendas dos modelos G8.<\/p>\n<p>Jos\u00e9 Antonio Valiati, diretor de Rela\u00e7\u00f5es com Investidores da Marcopolo, disse que companhia intensificou seu ritmo de produ\u00e7\u00e3o, aproximando-se dos volumes planejados, com uma maturidade e maior experi\u00eancia do quadro de pessoal na busca por maiores n\u00edveis de efici\u00eancia. \u201cA Marcopolo segue l\u00edder no mercado brasileiro de carrocerias, alcan\u00e7ando participa\u00e7\u00e3o de mercado de 47,6%. O destaque ficou com o incremento de 4,6 pontos percentuais de participa\u00e7\u00e3o de mercado no segmento rodovi\u00e1rio. O segmento de \u00f4nibus rodovi\u00e1rios se manteve na dianteira dos neg\u00f3cios com boas perspectivas para o final do ano. Fatores como o alto custo de passagens a\u00e9reas e do transporte individual favorecem a op\u00e7\u00e3o pelo \u00f4nibus e tem mantido a demanda crescente\u201d, ressaltou Valiati.<\/p>\n<p>Lembrando que a empresa investiu um total de R$ 91 milh\u00f5es, sendo R$ 33,6 milh\u00f5es nas plantas localizadas em Caxias do Sul (RS), R$ 46,1 milh\u00f5es destinados para a planta de S\u00e3o Mateus (ES) e R$ 5,7 milh\u00f5es para a Apolo (Pl\u00e1sticos).<\/p>\n<p>Imagem &#8211; Divulga\u00e7\u00e3o<\/p>\n","protected":false},"excerpt":{"rendered":"<p>Com incrementos em faturamento e fabrica\u00e7\u00e3o, a ga\u00facha Marcopolo v\u00ea um per\u00edodo muito auspicioso em seus neg\u00f3cios<\/p>\n","protected":false},"author":2,"featured_media":13676,"comment_status":"open","ping_status":"open","sticky":false,"template":"","format":"standard","meta":{"_et_pb_use_builder":"","_et_pb_old_content":"","_et_gb_content_width":"","_jetpack_memberships_contains_paid_content":false,"footnotes":""},"categories":[55,90],"tags":[84],"class_list":["post-13675","post","type-post","status-publish","format-standard","has-post-thumbnail","hentry","category-encarrocadora","category-noticias","tag-marcopolo","et-has-post-format-content","et_post_format-et-post-format-standard"],"yoast_head":"<!-- This site is optimized with the Yoast SEO plugin v27.2 - https:\/\/yoast.com\/product\/yoast-seo-wordpress\/ -->\n<title>No quarto trimestre, receita e produ\u00e7\u00e3o em alta - Revista AutoBus<\/title>\n<meta name=\"robots\" content=\"index, follow, max-snippet:-1, max-image-preview:large, max-video-preview:-1\" \/>\n<link rel=\"canonical\" href=\"https:\/\/revistaautobus.com.br\/?p=13675\" \/>\n<meta property=\"og:locale\" content=\"pt_BR\" \/>\n<meta property=\"og:type\" content=\"article\" \/>\n<meta property=\"og:title\" content=\"No quarto trimestre, receita e produ\u00e7\u00e3o em alta - Revista AutoBus\" \/>\n<meta property=\"og:description\" content=\"Com incrementos em faturamento e fabrica\u00e7\u00e3o, a ga\u00facha Marcopolo v\u00ea um per\u00edodo muito auspicioso em seus neg\u00f3cios\" \/>\n<meta property=\"og:url\" content=\"https:\/\/revistaautobus.com.br\/?p=13675\" \/>\n<meta property=\"og:site_name\" content=\"Revista AutoBus\" \/>\n<meta property=\"article:publisher\" content=\"https:\/\/www.facebook.com\/antonio.ferro.3150\" \/>\n<meta property=\"article:published_time\" content=\"2024-11-06T16:41:48+00:00\" \/>\n<meta property=\"og:image\" content=\"https:\/\/revistaautobus.com.br\/wp-content\/uploads\/2024\/11\/Foto-Fabrica-9.jpg\" \/>\n\t<meta property=\"og:image:width\" content=\"1000\" \/>\n\t<meta property=\"og:image:height\" content=\"562\" \/>\n\t<meta property=\"og:image:type\" content=\"image\/jpeg\" \/>\n<meta name=\"author\" content=\"Antonio Ferro\" \/>\n<meta name=\"twitter:card\" content=\"summary_large_image\" \/>\n<meta name=\"twitter:label1\" content=\"Escrito por\" \/>\n\t<meta name=\"twitter:data1\" content=\"Antonio Ferro\" \/>\n\t<meta name=\"twitter:label2\" content=\"Est. tempo de leitura\" \/>\n\t<meta name=\"twitter:data2\" content=\"2 minutos\" \/>\n<script type=\"application\/ld+json\" class=\"yoast-schema-graph\">{\"@context\":\"https:\/\/schema.org\",\"@graph\":[{\"@type\":\"Article\",\"@id\":\"https:\/\/revistaautobus.com.br\/?p=13675#article\",\"isPartOf\":{\"@id\":\"https:\/\/revistaautobus.com.br\/?p=13675\"},\"author\":{\"name\":\"Antonio Ferro\",\"@id\":\"https:\/\/revistaautobus.com.br\/#\/schema\/person\/54af7c3eb83a310e42ef686ef6d16f50\"},\"headline\":\"No quarto trimestre, receita e produ\u00e7\u00e3o em alta\",\"datePublished\":\"2024-11-06T16:41:48+00:00\",\"mainEntityOfPage\":{\"@id\":\"https:\/\/revistaautobus.com.br\/?p=13675\"},\"wordCount\":410,\"commentCount\":0,\"publisher\":{\"@id\":\"https:\/\/revistaautobus.com.br\/#organization\"},\"image\":{\"@id\":\"https:\/\/revistaautobus.com.br\/?p=13675#primaryimage\"},\"thumbnailUrl\":\"https:\/\/revistaautobus.com.br\/wp-content\/uploads\/2024\/11\/Foto-Fabrica-9.jpg\",\"keywords\":[\"Marcopolo\"],\"articleSection\":[\"Encarro\u00e7adora\",\"Not\u00edcias\"],\"inLanguage\":\"pt-BR\",\"potentialAction\":[{\"@type\":\"CommentAction\",\"name\":\"Comment\",\"target\":[\"https:\/\/revistaautobus.com.br\/?p=13675#respond\"]}]},{\"@type\":\"WebPage\",\"@id\":\"https:\/\/revistaautobus.com.br\/?p=13675\",\"url\":\"https:\/\/revistaautobus.com.br\/?p=13675\",\"name\":\"No quarto trimestre, receita e produ\u00e7\u00e3o em alta - Revista AutoBus\",\"isPartOf\":{\"@id\":\"https:\/\/revistaautobus.com.br\/#website\"},\"primaryImageOfPage\":{\"@id\":\"https:\/\/revistaautobus.com.br\/?p=13675#primaryimage\"},\"image\":{\"@id\":\"https:\/\/revistaautobus.com.br\/?p=13675#primaryimage\"},\"thumbnailUrl\":\"https:\/\/revistaautobus.com.br\/wp-content\/uploads\/2024\/11\/Foto-Fabrica-9.jpg\",\"datePublished\":\"2024-11-06T16:41:48+00:00\",\"breadcrumb\":{\"@id\":\"https:\/\/revistaautobus.com.br\/?p=13675#breadcrumb\"},\"inLanguage\":\"pt-BR\",\"potentialAction\":[{\"@type\":\"ReadAction\",\"target\":[\"https:\/\/revistaautobus.com.br\/?p=13675\"]}]},{\"@type\":\"ImageObject\",\"inLanguage\":\"pt-BR\",\"@id\":\"https:\/\/revistaautobus.com.br\/?p=13675#primaryimage\",\"url\":\"https:\/\/revistaautobus.com.br\/wp-content\/uploads\/2024\/11\/Foto-Fabrica-9.jpg\",\"contentUrl\":\"https:\/\/revistaautobus.com.br\/wp-content\/uploads\/2024\/11\/Foto-Fabrica-9.jpg\",\"width\":1000,\"height\":562},{\"@type\":\"BreadcrumbList\",\"@id\":\"https:\/\/revistaautobus.com.br\/?p=13675#breadcrumb\",\"itemListElement\":[{\"@type\":\"ListItem\",\"position\":1,\"name\":\"In\u00edcio\",\"item\":\"https:\/\/revistaautobus.com.br\/\"},{\"@type\":\"ListItem\",\"position\":2,\"name\":\"No quarto trimestre, receita e produ\u00e7\u00e3o em alta\"}]},{\"@type\":\"WebSite\",\"@id\":\"https:\/\/revistaautobus.com.br\/#website\",\"url\":\"https:\/\/revistaautobus.com.br\/\",\"name\":\"Revista AutoBus\",\"description\":\"\",\"publisher\":{\"@id\":\"https:\/\/revistaautobus.com.br\/#organization\"},\"potentialAction\":[{\"@type\":\"SearchAction\",\"target\":{\"@type\":\"EntryPoint\",\"urlTemplate\":\"https:\/\/revistaautobus.com.br\/?s={search_term_string}\"},\"query-input\":{\"@type\":\"PropertyValueSpecification\",\"valueRequired\":true,\"valueName\":\"search_term_string\"}}],\"inLanguage\":\"pt-BR\"},{\"@type\":\"Organization\",\"@id\":\"https:\/\/revistaautobus.com.br\/#organization\",\"name\":\"Revista AutoBus\",\"url\":\"https:\/\/revistaautobus.com.br\/\",\"logo\":{\"@type\":\"ImageObject\",\"inLanguage\":\"pt-BR\",\"@id\":\"https:\/\/revistaautobus.com.br\/#\/schema\/logo\/image\/\",\"url\":\"https:\/\/revistaautobus.com.br\/wp-content\/uploads\/2024\/11\/logo_revista_autobus_fb.png\",\"contentUrl\":\"https:\/\/revistaautobus.com.br\/wp-content\/uploads\/2024\/11\/logo_revista_autobus_fb.png\",\"width\":836,\"height\":227,\"caption\":\"Revista AutoBus\"},\"image\":{\"@id\":\"https:\/\/revistaautobus.com.br\/#\/schema\/logo\/image\/\"},\"sameAs\":[\"https:\/\/www.facebook.com\/antonio.ferro.3150\",\"https:\/\/www.instagram.com\/revistaautobus\/\"]},{\"@type\":\"Person\",\"@id\":\"https:\/\/revistaautobus.com.br\/#\/schema\/person\/54af7c3eb83a310e42ef686ef6d16f50\",\"name\":\"Antonio Ferro\",\"image\":{\"@type\":\"ImageObject\",\"inLanguage\":\"pt-BR\",\"@id\":\"https:\/\/revistaautobus.com.br\/wp-content\/uploads\/2025\/12\/editor_antonio_ferro-150x150.jpg\",\"url\":\"https:\/\/revistaautobus.com.br\/wp-content\/uploads\/2025\/12\/editor_antonio_ferro-150x150.jpg\",\"contentUrl\":\"https:\/\/revistaautobus.com.br\/wp-content\/uploads\/2025\/12\/editor_antonio_ferro-150x150.jpg\",\"caption\":\"Antonio Ferro\"},\"description\":\"infobus@uol.com.br\",\"url\":\"https:\/\/revistaautobus.com.br\/?author=2\"}]}<\/script>\n<!-- \/ Yoast SEO plugin. -->","yoast_head_json":{"title":"No quarto trimestre, receita e produ\u00e7\u00e3o em alta - Revista AutoBus","robots":{"index":"index","follow":"follow","max-snippet":"max-snippet:-1","max-image-preview":"max-image-preview:large","max-video-preview":"max-video-preview:-1"},"canonical":"https:\/\/revistaautobus.com.br\/?p=13675","og_locale":"pt_BR","og_type":"article","og_title":"No quarto trimestre, receita e produ\u00e7\u00e3o em alta - Revista AutoBus","og_description":"Com incrementos em faturamento e fabrica\u00e7\u00e3o, a ga\u00facha Marcopolo v\u00ea um per\u00edodo muito auspicioso em seus neg\u00f3cios","og_url":"https:\/\/revistaautobus.com.br\/?p=13675","og_site_name":"Revista AutoBus","article_publisher":"https:\/\/www.facebook.com\/antonio.ferro.3150","article_published_time":"2024-11-06T16:41:48+00:00","og_image":[{"width":1000,"height":562,"url":"https:\/\/revistaautobus.com.br\/wp-content\/uploads\/2024\/11\/Foto-Fabrica-9.jpg","type":"image\/jpeg"}],"author":"Antonio Ferro","twitter_card":"summary_large_image","twitter_misc":{"Escrito por":"Antonio Ferro","Est. tempo de leitura":"2 minutos"},"schema":{"@context":"https:\/\/schema.org","@graph":[{"@type":"Article","@id":"https:\/\/revistaautobus.com.br\/?p=13675#article","isPartOf":{"@id":"https:\/\/revistaautobus.com.br\/?p=13675"},"author":{"name":"Antonio Ferro","@id":"https:\/\/revistaautobus.com.br\/#\/schema\/person\/54af7c3eb83a310e42ef686ef6d16f50"},"headline":"No quarto trimestre, receita e produ\u00e7\u00e3o em alta","datePublished":"2024-11-06T16:41:48+00:00","mainEntityOfPage":{"@id":"https:\/\/revistaautobus.com.br\/?p=13675"},"wordCount":410,"commentCount":0,"publisher":{"@id":"https:\/\/revistaautobus.com.br\/#organization"},"image":{"@id":"https:\/\/revistaautobus.com.br\/?p=13675#primaryimage"},"thumbnailUrl":"https:\/\/revistaautobus.com.br\/wp-content\/uploads\/2024\/11\/Foto-Fabrica-9.jpg","keywords":["Marcopolo"],"articleSection":["Encarro\u00e7adora","Not\u00edcias"],"inLanguage":"pt-BR","potentialAction":[{"@type":"CommentAction","name":"Comment","target":["https:\/\/revistaautobus.com.br\/?p=13675#respond"]}]},{"@type":"WebPage","@id":"https:\/\/revistaautobus.com.br\/?p=13675","url":"https:\/\/revistaautobus.com.br\/?p=13675","name":"No quarto trimestre, receita e produ\u00e7\u00e3o em alta - Revista AutoBus","isPartOf":{"@id":"https:\/\/revistaautobus.com.br\/#website"},"primaryImageOfPage":{"@id":"https:\/\/revistaautobus.com.br\/?p=13675#primaryimage"},"image":{"@id":"https:\/\/revistaautobus.com.br\/?p=13675#primaryimage"},"thumbnailUrl":"https:\/\/revistaautobus.com.br\/wp-content\/uploads\/2024\/11\/Foto-Fabrica-9.jpg","datePublished":"2024-11-06T16:41:48+00:00","breadcrumb":{"@id":"https:\/\/revistaautobus.com.br\/?p=13675#breadcrumb"},"inLanguage":"pt-BR","potentialAction":[{"@type":"ReadAction","target":["https:\/\/revistaautobus.com.br\/?p=13675"]}]},{"@type":"ImageObject","inLanguage":"pt-BR","@id":"https:\/\/revistaautobus.com.br\/?p=13675#primaryimage","url":"https:\/\/revistaautobus.com.br\/wp-content\/uploads\/2024\/11\/Foto-Fabrica-9.jpg","contentUrl":"https:\/\/revistaautobus.com.br\/wp-content\/uploads\/2024\/11\/Foto-Fabrica-9.jpg","width":1000,"height":562},{"@type":"BreadcrumbList","@id":"https:\/\/revistaautobus.com.br\/?p=13675#breadcrumb","itemListElement":[{"@type":"ListItem","position":1,"name":"In\u00edcio","item":"https:\/\/revistaautobus.com.br\/"},{"@type":"ListItem","position":2,"name":"No quarto trimestre, receita e produ\u00e7\u00e3o em alta"}]},{"@type":"WebSite","@id":"https:\/\/revistaautobus.com.br\/#website","url":"https:\/\/revistaautobus.com.br\/","name":"Revista AutoBus","description":"","publisher":{"@id":"https:\/\/revistaautobus.com.br\/#organization"},"potentialAction":[{"@type":"SearchAction","target":{"@type":"EntryPoint","urlTemplate":"https:\/\/revistaautobus.com.br\/?s={search_term_string}"},"query-input":{"@type":"PropertyValueSpecification","valueRequired":true,"valueName":"search_term_string"}}],"inLanguage":"pt-BR"},{"@type":"Organization","@id":"https:\/\/revistaautobus.com.br\/#organization","name":"Revista AutoBus","url":"https:\/\/revistaautobus.com.br\/","logo":{"@type":"ImageObject","inLanguage":"pt-BR","@id":"https:\/\/revistaautobus.com.br\/#\/schema\/logo\/image\/","url":"https:\/\/revistaautobus.com.br\/wp-content\/uploads\/2024\/11\/logo_revista_autobus_fb.png","contentUrl":"https:\/\/revistaautobus.com.br\/wp-content\/uploads\/2024\/11\/logo_revista_autobus_fb.png","width":836,"height":227,"caption":"Revista AutoBus"},"image":{"@id":"https:\/\/revistaautobus.com.br\/#\/schema\/logo\/image\/"},"sameAs":["https:\/\/www.facebook.com\/antonio.ferro.3150","https:\/\/www.instagram.com\/revistaautobus\/"]},{"@type":"Person","@id":"https:\/\/revistaautobus.com.br\/#\/schema\/person\/54af7c3eb83a310e42ef686ef6d16f50","name":"Antonio Ferro","image":{"@type":"ImageObject","inLanguage":"pt-BR","@id":"https:\/\/revistaautobus.com.br\/wp-content\/uploads\/2025\/12\/editor_antonio_ferro-150x150.jpg","url":"https:\/\/revistaautobus.com.br\/wp-content\/uploads\/2025\/12\/editor_antonio_ferro-150x150.jpg","contentUrl":"https:\/\/revistaautobus.com.br\/wp-content\/uploads\/2025\/12\/editor_antonio_ferro-150x150.jpg","caption":"Antonio Ferro"},"description":"infobus@uol.com.br","url":"https:\/\/revistaautobus.com.br\/?author=2"}]}},"jetpack_featured_media_url":"https:\/\/revistaautobus.com.br\/wp-content\/uploads\/2024\/11\/Foto-Fabrica-9.jpg","jetpack_sharing_enabled":true,"_links":{"self":[{"href":"https:\/\/revistaautobus.com.br\/index.php?rest_route=\/wp\/v2\/posts\/13675","targetHints":{"allow":["GET"]}}],"collection":[{"href":"https:\/\/revistaautobus.com.br\/index.php?rest_route=\/wp\/v2\/posts"}],"about":[{"href":"https:\/\/revistaautobus.com.br\/index.php?rest_route=\/wp\/v2\/types\/post"}],"author":[{"embeddable":true,"href":"https:\/\/revistaautobus.com.br\/index.php?rest_route=\/wp\/v2\/users\/2"}],"replies":[{"embeddable":true,"href":"https:\/\/revistaautobus.com.br\/index.php?rest_route=%2Fwp%2Fv2%2Fcomments&post=13675"}],"version-history":[{"count":2,"href":"https:\/\/revistaautobus.com.br\/index.php?rest_route=\/wp\/v2\/posts\/13675\/revisions"}],"predecessor-version":[{"id":13678,"href":"https:\/\/revistaautobus.com.br\/index.php?rest_route=\/wp\/v2\/posts\/13675\/revisions\/13678"}],"wp:featuredmedia":[{"embeddable":true,"href":"https:\/\/revistaautobus.com.br\/index.php?rest_route=\/wp\/v2\/media\/13676"}],"wp:attachment":[{"href":"https:\/\/revistaautobus.com.br\/index.php?rest_route=%2Fwp%2Fv2%2Fmedia&parent=13675"}],"wp:term":[{"taxonomy":"category","embeddable":true,"href":"https:\/\/revistaautobus.com.br\/index.php?rest_route=%2Fwp%2Fv2%2Fcategories&post=13675"},{"taxonomy":"post_tag","embeddable":true,"href":"https:\/\/revistaautobus.com.br\/index.php?rest_route=%2Fwp%2Fv2%2Ftags&post=13675"}],"curies":[{"name":"wp","href":"https:\/\/api.w.org\/{rel}","templated":true}]}}