{"id":13820,"date":"2024-11-11T12:51:36","date_gmt":"2024-11-11T15:51:36","guid":{"rendered":"https:\/\/revistaautobus.com.br\/?p=13820"},"modified":"2024-11-12T12:56:45","modified_gmt":"2024-11-12T15:56:45","slug":"descarbonizacao-o-tema-do-momento","status":"publish","type":"post","link":"https:\/\/revistaautobus.com.br\/?p=13820","title":{"rendered":"Descarboniza\u00e7\u00e3o, o tema do momento"},"content":{"rendered":"<p>Durante o seu Congresso, realizado h\u00e1 poucos dias, a SAE BRASIL promoveu debates que contaram com a presen\u00e7a de autoridades, representantes do governo, CEOs de grandes empresas e ind\u00fastrias, al\u00e9m de especialistas, que tra\u00e7aram uma rota sobre \u2018Compet\u00eancias para o futuro da Mobilidade Segura, Inteligente e Sustent\u00e1vel no Brasil\u2019.<\/p>\n<p>De acordo com a associa\u00e7\u00e3o, as oportunidades para o Brasil liderar a transi\u00e7\u00e3o energ\u00e9tica nos transportes, inova\u00e7\u00f5es tecnol\u00f3gicas em desenvolvimento no setor e os desafios da eletrifica\u00e7\u00e3o s\u00e3o muitas, sendo que durante o evento foram apresentadas as principais metas de descarboniza\u00e7\u00e3o do Pa\u00eds e do Acordo de Coopera\u00e7\u00e3o Mobilidade de Baixo Carbono para o Brasil (MBCB), uma iniciativa que re\u00fane representantes de diferentes setores da cadeia de mobilidade e energia para promover a descarboniza\u00e7\u00e3o vi\u00e1vel e a nova ind\u00fastria bioel\u00e9trica.<\/p>\n<p>Para a SAE, o papel do agroneg\u00f3cio \u00e9 fundamental, pois a crescente import\u00e2ncia da bioenergia na transi\u00e7\u00e3o energ\u00e9tica global, com foco na vis\u00e3o do Brasil para o combust\u00edvel do futuro, e os biocombust\u00edveis como solu\u00e7\u00e3o econ\u00f4mico-ambiental para ve\u00edculos comerciais, tamb\u00e9m, merecem espa\u00e7o na agenda de discuss\u00f5es.<\/p>\n<div id=\"attachment_13852\" style=\"width: 1010px\" class=\"wp-caption alignnone\"><img loading=\"lazy\" decoding=\"async\" aria-describedby=\"caption-attachment-13852\" class=\"wp-image-13852 size-full\" src=\"https:\/\/revistaautobus.com.br\/wp-content\/uploads\/2024\/11\/RHF_-010.jpg\" alt=\"\" width=\"1000\" height=\"666\" srcset=\"https:\/\/revistaautobus.com.br\/wp-content\/uploads\/2024\/11\/RHF_-010.jpg 1000w, https:\/\/revistaautobus.com.br\/wp-content\/uploads\/2024\/11\/RHF_-010-300x200.jpg 300w, https:\/\/revistaautobus.com.br\/wp-content\/uploads\/2024\/11\/RHF_-010-768x511.jpg 768w\" sizes=\"(max-width: 1000px) 100vw, 1000px\" \/><p id=\"caption-attachment-13852\" class=\"wp-caption-text\"><span style=\"color: #008080;\"><em><strong>\u00d4nibus Marcopolo com c\u00e9lulas a combust\u00edvel<\/strong><\/em><\/span><\/p><\/div>\n<p>A descarboniza\u00e7\u00e3o e os desafios da eletrifica\u00e7\u00e3o marcaram parte da agenda de debates do Congresso, trazendo luz para as oportunidades de produ\u00e7\u00e3o de baterias no Brasil, consideradas fundamentais para a expans\u00e3o da eletromobilidade. Ronaldo Bianchini, diretor-executivo da SAE BRASIL, celebrou o resultado do encontro, destacando que trouxe a import\u00e2ncia da explora\u00e7\u00e3o de temas essenciais para a transforma\u00e7\u00e3o da mobilidade no Brasil e como a ind\u00fastria brasileira pode se adaptar e alavancar inova\u00e7\u00e3o, pol\u00edticas p\u00fablicas e novas tecnologias para impulsionar seu crescimento de forma sustent\u00e1vel e competitiva.<\/p>\n<p>J\u00e1 para Gast\u00f3n Diaz Perez, CEO e presidente da Bosch Am\u00e9rica Latina e <em>chairman<\/em> do Congresso SAE BRASIL 2024, afirmou que esse foi um evento enriquecedor para o futuro do setor. \u201cA transi\u00e7\u00e3o energ\u00e9tica e a descarboniza\u00e7\u00e3o s\u00e3o temas cruciais que exigem nossa aten\u00e7\u00e3o e a\u00e7\u00e3o imediata. Ao reunir os principais nomes do mercado, conseguimos promover um di\u00e1logo produtivo, compartilhar experi\u00eancias e solu\u00e7\u00f5es inovadoras que podem transformar o mercado. S\u00e3o em encontros como esse que conseguimos acelerar mudan\u00e7as e unir for\u00e7as em prol de um objetivo comum: uma mobilidade mais sustent\u00e1vel para todos\u201d, ressaltou.<\/p>\n<div id=\"attachment_13854\" style=\"width: 1010px\" class=\"wp-caption alignnone\"><img loading=\"lazy\" decoding=\"async\" aria-describedby=\"caption-attachment-13854\" class=\"wp-image-13854 size-full\" src=\"https:\/\/revistaautobus.com.br\/wp-content\/uploads\/2024\/11\/RHF_-009.jpg\" alt=\"\" width=\"1000\" height=\"666\" srcset=\"https:\/\/revistaautobus.com.br\/wp-content\/uploads\/2024\/11\/RHF_-009.jpg 1000w, https:\/\/revistaautobus.com.br\/wp-content\/uploads\/2024\/11\/RHF_-009-300x200.jpg 300w, https:\/\/revistaautobus.com.br\/wp-content\/uploads\/2024\/11\/RHF_-009-768x511.jpg 768w\" sizes=\"(max-width: 1000px) 100vw, 1000px\" \/><p id=\"caption-attachment-13854\" class=\"wp-caption-text\"><span style=\"color: #008080;\"><em><strong>Micro-\u00f4nibus com tra\u00e7\u00e3o h\u00edbrida (etanol-eletricidade) desenvolvido pela Volare<\/strong><\/em><\/span><\/p><\/div>\n<p>Imagens &#8211; Divulga\u00e7\u00e3o SAE<\/p>\n","protected":false},"excerpt":{"rendered":"<p>Transformar o transporte de passageiros ou de carga em modalidade livre das emiss\u00f5es tem sido a t\u00f4nica para se alcan\u00e7ar uma mobilidade limpa<\/p>\n","protected":false},"author":2,"featured_media":13821,"comment_status":"open","ping_status":"open","sticky":false,"template":"","format":"standard","meta":{"_et_pb_use_builder":"","_et_pb_old_content":"","_et_gb_content_width":"","_jetpack_memberships_contains_paid_content":false,"footnotes":""},"categories":[7,90,73],"tags":[854],"class_list":["post-13820","post","type-post","status-publish","format-standard","has-post-thumbnail","hentry","category-mobilidade-urbana","category-noticias","category-tecnologia","tag-congresso-sae","et-has-post-format-content","et_post_format-et-post-format-standard"],"yoast_head":"<!-- This site is optimized with the Yoast SEO plugin v27.2 - https:\/\/yoast.com\/product\/yoast-seo-wordpress\/ -->\n<title>Descarboniza\u00e7\u00e3o, o tema do momento - Revista AutoBus<\/title>\n<meta name=\"robots\" content=\"index, follow, max-snippet:-1, max-image-preview:large, max-video-preview:-1\" \/>\n<link rel=\"canonical\" href=\"https:\/\/revistaautobus.com.br\/?p=13820\" \/>\n<meta property=\"og:locale\" content=\"pt_BR\" \/>\n<meta property=\"og:type\" content=\"article\" \/>\n<meta property=\"og:title\" content=\"Descarboniza\u00e7\u00e3o, o tema do momento - Revista AutoBus\" \/>\n<meta property=\"og:description\" content=\"Transformar o transporte de passageiros ou de carga em modalidade livre das emiss\u00f5es tem sido a t\u00f4nica para se alcan\u00e7ar uma mobilidade limpa\" \/>\n<meta property=\"og:url\" content=\"https:\/\/revistaautobus.com.br\/?p=13820\" \/>\n<meta property=\"og:site_name\" content=\"Revista AutoBus\" \/>\n<meta property=\"article:publisher\" content=\"https:\/\/www.facebook.com\/antonio.ferro.3150\" \/>\n<meta property=\"article:published_time\" content=\"2024-11-11T15:51:36+00:00\" \/>\n<meta property=\"article:modified_time\" content=\"2024-11-12T15:56:45+00:00\" \/>\n<meta property=\"og:image\" content=\"https:\/\/revistaautobus.com.br\/wp-content\/uploads\/2024\/11\/image-4.jpg\" \/>\n\t<meta property=\"og:image:width\" content=\"1280\" \/>\n\t<meta property=\"og:image:height\" content=\"854\" \/>\n\t<meta property=\"og:image:type\" content=\"image\/jpeg\" \/>\n<meta name=\"author\" content=\"Antonio Ferro\" \/>\n<meta name=\"twitter:card\" content=\"summary_large_image\" \/>\n<meta name=\"twitter:label1\" content=\"Escrito por\" \/>\n\t<meta name=\"twitter:data1\" content=\"Antonio Ferro\" \/>\n\t<meta name=\"twitter:label2\" content=\"Est. tempo de leitura\" \/>\n\t<meta name=\"twitter:data2\" content=\"2 minutos\" \/>\n<script type=\"application\/ld+json\" class=\"yoast-schema-graph\">{\"@context\":\"https:\/\/schema.org\",\"@graph\":[{\"@type\":\"Article\",\"@id\":\"https:\/\/revistaautobus.com.br\/?p=13820#article\",\"isPartOf\":{\"@id\":\"https:\/\/revistaautobus.com.br\/?p=13820\"},\"author\":{\"name\":\"Antonio Ferro\",\"@id\":\"https:\/\/revistaautobus.com.br\/#\/schema\/person\/54af7c3eb83a310e42ef686ef6d16f50\"},\"headline\":\"Descarboniza\u00e7\u00e3o, o tema do momento\",\"datePublished\":\"2024-11-11T15:51:36+00:00\",\"dateModified\":\"2024-11-12T15:56:45+00:00\",\"mainEntityOfPage\":{\"@id\":\"https:\/\/revistaautobus.com.br\/?p=13820\"},\"wordCount\":458,\"commentCount\":0,\"publisher\":{\"@id\":\"https:\/\/revistaautobus.com.br\/#organization\"},\"image\":{\"@id\":\"https:\/\/revistaautobus.com.br\/?p=13820#primaryimage\"},\"thumbnailUrl\":\"https:\/\/revistaautobus.com.br\/wp-content\/uploads\/2024\/11\/image-4.jpg\",\"keywords\":[\"Congresso SAE\"],\"articleSection\":[\"Mobilidade Urbana\",\"Not\u00edcias\",\"Tecnologia\"],\"inLanguage\":\"pt-BR\",\"potentialAction\":[{\"@type\":\"CommentAction\",\"name\":\"Comment\",\"target\":[\"https:\/\/revistaautobus.com.br\/?p=13820#respond\"]}]},{\"@type\":\"WebPage\",\"@id\":\"https:\/\/revistaautobus.com.br\/?p=13820\",\"url\":\"https:\/\/revistaautobus.com.br\/?p=13820\",\"name\":\"Descarboniza\u00e7\u00e3o, o tema do momento - Revista AutoBus\",\"isPartOf\":{\"@id\":\"https:\/\/revistaautobus.com.br\/#website\"},\"primaryImageOfPage\":{\"@id\":\"https:\/\/revistaautobus.com.br\/?p=13820#primaryimage\"},\"image\":{\"@id\":\"https:\/\/revistaautobus.com.br\/?p=13820#primaryimage\"},\"thumbnailUrl\":\"https:\/\/revistaautobus.com.br\/wp-content\/uploads\/2024\/11\/image-4.jpg\",\"datePublished\":\"2024-11-11T15:51:36+00:00\",\"dateModified\":\"2024-11-12T15:56:45+00:00\",\"breadcrumb\":{\"@id\":\"https:\/\/revistaautobus.com.br\/?p=13820#breadcrumb\"},\"inLanguage\":\"pt-BR\",\"potentialAction\":[{\"@type\":\"ReadAction\",\"target\":[\"https:\/\/revistaautobus.com.br\/?p=13820\"]}]},{\"@type\":\"ImageObject\",\"inLanguage\":\"pt-BR\",\"@id\":\"https:\/\/revistaautobus.com.br\/?p=13820#primaryimage\",\"url\":\"https:\/\/revistaautobus.com.br\/wp-content\/uploads\/2024\/11\/image-4.jpg\",\"contentUrl\":\"https:\/\/revistaautobus.com.br\/wp-content\/uploads\/2024\/11\/image-4.jpg\",\"width\":1280,\"height\":854},{\"@type\":\"BreadcrumbList\",\"@id\":\"https:\/\/revistaautobus.com.br\/?p=13820#breadcrumb\",\"itemListElement\":[{\"@type\":\"ListItem\",\"position\":1,\"name\":\"In\u00edcio\",\"item\":\"https:\/\/revistaautobus.com.br\/\"},{\"@type\":\"ListItem\",\"position\":2,\"name\":\"Descarboniza\u00e7\u00e3o, o tema do momento\"}]},{\"@type\":\"WebSite\",\"@id\":\"https:\/\/revistaautobus.com.br\/#website\",\"url\":\"https:\/\/revistaautobus.com.br\/\",\"name\":\"Revista AutoBus\",\"description\":\"\",\"publisher\":{\"@id\":\"https:\/\/revistaautobus.com.br\/#organization\"},\"potentialAction\":[{\"@type\":\"SearchAction\",\"target\":{\"@type\":\"EntryPoint\",\"urlTemplate\":\"https:\/\/revistaautobus.com.br\/?s={search_term_string}\"},\"query-input\":{\"@type\":\"PropertyValueSpecification\",\"valueRequired\":true,\"valueName\":\"search_term_string\"}}],\"inLanguage\":\"pt-BR\"},{\"@type\":\"Organization\",\"@id\":\"https:\/\/revistaautobus.com.br\/#organization\",\"name\":\"Revista AutoBus\",\"url\":\"https:\/\/revistaautobus.com.br\/\",\"logo\":{\"@type\":\"ImageObject\",\"inLanguage\":\"pt-BR\",\"@id\":\"https:\/\/revistaautobus.com.br\/#\/schema\/logo\/image\/\",\"url\":\"https:\/\/revistaautobus.com.br\/wp-content\/uploads\/2024\/11\/logo_revista_autobus_fb.png\",\"contentUrl\":\"https:\/\/revistaautobus.com.br\/wp-content\/uploads\/2024\/11\/logo_revista_autobus_fb.png\",\"width\":836,\"height\":227,\"caption\":\"Revista AutoBus\"},\"image\":{\"@id\":\"https:\/\/revistaautobus.com.br\/#\/schema\/logo\/image\/\"},\"sameAs\":[\"https:\/\/www.facebook.com\/antonio.ferro.3150\",\"https:\/\/www.instagram.com\/revistaautobus\/\"]},{\"@type\":\"Person\",\"@id\":\"https:\/\/revistaautobus.com.br\/#\/schema\/person\/54af7c3eb83a310e42ef686ef6d16f50\",\"name\":\"Antonio Ferro\",\"image\":{\"@type\":\"ImageObject\",\"inLanguage\":\"pt-BR\",\"@id\":\"https:\/\/revistaautobus.com.br\/wp-content\/uploads\/2025\/12\/editor_antonio_ferro-150x150.jpg\",\"url\":\"https:\/\/revistaautobus.com.br\/wp-content\/uploads\/2025\/12\/editor_antonio_ferro-150x150.jpg\",\"contentUrl\":\"https:\/\/revistaautobus.com.br\/wp-content\/uploads\/2025\/12\/editor_antonio_ferro-150x150.jpg\",\"caption\":\"Antonio Ferro\"},\"description\":\"infobus@uol.com.br\",\"url\":\"https:\/\/revistaautobus.com.br\/?author=2\"}]}<\/script>\n<!-- \/ Yoast SEO plugin. -->","yoast_head_json":{"title":"Descarboniza\u00e7\u00e3o, o tema do momento - Revista AutoBus","robots":{"index":"index","follow":"follow","max-snippet":"max-snippet:-1","max-image-preview":"max-image-preview:large","max-video-preview":"max-video-preview:-1"},"canonical":"https:\/\/revistaautobus.com.br\/?p=13820","og_locale":"pt_BR","og_type":"article","og_title":"Descarboniza\u00e7\u00e3o, o tema do momento - Revista AutoBus","og_description":"Transformar o transporte de passageiros ou de carga em modalidade livre das emiss\u00f5es tem sido a t\u00f4nica para se alcan\u00e7ar uma mobilidade limpa","og_url":"https:\/\/revistaautobus.com.br\/?p=13820","og_site_name":"Revista AutoBus","article_publisher":"https:\/\/www.facebook.com\/antonio.ferro.3150","article_published_time":"2024-11-11T15:51:36+00:00","article_modified_time":"2024-11-12T15:56:45+00:00","og_image":[{"width":1280,"height":854,"url":"https:\/\/revistaautobus.com.br\/wp-content\/uploads\/2024\/11\/image-4.jpg","type":"image\/jpeg"}],"author":"Antonio Ferro","twitter_card":"summary_large_image","twitter_misc":{"Escrito por":"Antonio Ferro","Est. tempo de leitura":"2 minutos"},"schema":{"@context":"https:\/\/schema.org","@graph":[{"@type":"Article","@id":"https:\/\/revistaautobus.com.br\/?p=13820#article","isPartOf":{"@id":"https:\/\/revistaautobus.com.br\/?p=13820"},"author":{"name":"Antonio Ferro","@id":"https:\/\/revistaautobus.com.br\/#\/schema\/person\/54af7c3eb83a310e42ef686ef6d16f50"},"headline":"Descarboniza\u00e7\u00e3o, o tema do momento","datePublished":"2024-11-11T15:51:36+00:00","dateModified":"2024-11-12T15:56:45+00:00","mainEntityOfPage":{"@id":"https:\/\/revistaautobus.com.br\/?p=13820"},"wordCount":458,"commentCount":0,"publisher":{"@id":"https:\/\/revistaautobus.com.br\/#organization"},"image":{"@id":"https:\/\/revistaautobus.com.br\/?p=13820#primaryimage"},"thumbnailUrl":"https:\/\/revistaautobus.com.br\/wp-content\/uploads\/2024\/11\/image-4.jpg","keywords":["Congresso SAE"],"articleSection":["Mobilidade Urbana","Not\u00edcias","Tecnologia"],"inLanguage":"pt-BR","potentialAction":[{"@type":"CommentAction","name":"Comment","target":["https:\/\/revistaautobus.com.br\/?p=13820#respond"]}]},{"@type":"WebPage","@id":"https:\/\/revistaautobus.com.br\/?p=13820","url":"https:\/\/revistaautobus.com.br\/?p=13820","name":"Descarboniza\u00e7\u00e3o, o tema do momento - Revista AutoBus","isPartOf":{"@id":"https:\/\/revistaautobus.com.br\/#website"},"primaryImageOfPage":{"@id":"https:\/\/revistaautobus.com.br\/?p=13820#primaryimage"},"image":{"@id":"https:\/\/revistaautobus.com.br\/?p=13820#primaryimage"},"thumbnailUrl":"https:\/\/revistaautobus.com.br\/wp-content\/uploads\/2024\/11\/image-4.jpg","datePublished":"2024-11-11T15:51:36+00:00","dateModified":"2024-11-12T15:56:45+00:00","breadcrumb":{"@id":"https:\/\/revistaautobus.com.br\/?p=13820#breadcrumb"},"inLanguage":"pt-BR","potentialAction":[{"@type":"ReadAction","target":["https:\/\/revistaautobus.com.br\/?p=13820"]}]},{"@type":"ImageObject","inLanguage":"pt-BR","@id":"https:\/\/revistaautobus.com.br\/?p=13820#primaryimage","url":"https:\/\/revistaautobus.com.br\/wp-content\/uploads\/2024\/11\/image-4.jpg","contentUrl":"https:\/\/revistaautobus.com.br\/wp-content\/uploads\/2024\/11\/image-4.jpg","width":1280,"height":854},{"@type":"BreadcrumbList","@id":"https:\/\/revistaautobus.com.br\/?p=13820#breadcrumb","itemListElement":[{"@type":"ListItem","position":1,"name":"In\u00edcio","item":"https:\/\/revistaautobus.com.br\/"},{"@type":"ListItem","position":2,"name":"Descarboniza\u00e7\u00e3o, o tema do momento"}]},{"@type":"WebSite","@id":"https:\/\/revistaautobus.com.br\/#website","url":"https:\/\/revistaautobus.com.br\/","name":"Revista AutoBus","description":"","publisher":{"@id":"https:\/\/revistaautobus.com.br\/#organization"},"potentialAction":[{"@type":"SearchAction","target":{"@type":"EntryPoint","urlTemplate":"https:\/\/revistaautobus.com.br\/?s={search_term_string}"},"query-input":{"@type":"PropertyValueSpecification","valueRequired":true,"valueName":"search_term_string"}}],"inLanguage":"pt-BR"},{"@type":"Organization","@id":"https:\/\/revistaautobus.com.br\/#organization","name":"Revista AutoBus","url":"https:\/\/revistaautobus.com.br\/","logo":{"@type":"ImageObject","inLanguage":"pt-BR","@id":"https:\/\/revistaautobus.com.br\/#\/schema\/logo\/image\/","url":"https:\/\/revistaautobus.com.br\/wp-content\/uploads\/2024\/11\/logo_revista_autobus_fb.png","contentUrl":"https:\/\/revistaautobus.com.br\/wp-content\/uploads\/2024\/11\/logo_revista_autobus_fb.png","width":836,"height":227,"caption":"Revista AutoBus"},"image":{"@id":"https:\/\/revistaautobus.com.br\/#\/schema\/logo\/image\/"},"sameAs":["https:\/\/www.facebook.com\/antonio.ferro.3150","https:\/\/www.instagram.com\/revistaautobus\/"]},{"@type":"Person","@id":"https:\/\/revistaautobus.com.br\/#\/schema\/person\/54af7c3eb83a310e42ef686ef6d16f50","name":"Antonio Ferro","image":{"@type":"ImageObject","inLanguage":"pt-BR","@id":"https:\/\/revistaautobus.com.br\/wp-content\/uploads\/2025\/12\/editor_antonio_ferro-150x150.jpg","url":"https:\/\/revistaautobus.com.br\/wp-content\/uploads\/2025\/12\/editor_antonio_ferro-150x150.jpg","contentUrl":"https:\/\/revistaautobus.com.br\/wp-content\/uploads\/2025\/12\/editor_antonio_ferro-150x150.jpg","caption":"Antonio Ferro"},"description":"infobus@uol.com.br","url":"https:\/\/revistaautobus.com.br\/?author=2"}]}},"jetpack_featured_media_url":"https:\/\/revistaautobus.com.br\/wp-content\/uploads\/2024\/11\/image-4.jpg","jetpack_sharing_enabled":true,"_links":{"self":[{"href":"https:\/\/revistaautobus.com.br\/index.php?rest_route=\/wp\/v2\/posts\/13820","targetHints":{"allow":["GET"]}}],"collection":[{"href":"https:\/\/revistaautobus.com.br\/index.php?rest_route=\/wp\/v2\/posts"}],"about":[{"href":"https:\/\/revistaautobus.com.br\/index.php?rest_route=\/wp\/v2\/types\/post"}],"author":[{"embeddable":true,"href":"https:\/\/revistaautobus.com.br\/index.php?rest_route=\/wp\/v2\/users\/2"}],"replies":[{"embeddable":true,"href":"https:\/\/revistaautobus.com.br\/index.php?rest_route=%2Fwp%2Fv2%2Fcomments&post=13820"}],"version-history":[{"count":5,"href":"https:\/\/revistaautobus.com.br\/index.php?rest_route=\/wp\/v2\/posts\/13820\/revisions"}],"predecessor-version":[{"id":13853,"href":"https:\/\/revistaautobus.com.br\/index.php?rest_route=\/wp\/v2\/posts\/13820\/revisions\/13853"}],"wp:featuredmedia":[{"embeddable":true,"href":"https:\/\/revistaautobus.com.br\/index.php?rest_route=\/wp\/v2\/media\/13821"}],"wp:attachment":[{"href":"https:\/\/revistaautobus.com.br\/index.php?rest_route=%2Fwp%2Fv2%2Fmedia&parent=13820"}],"wp:term":[{"taxonomy":"category","embeddable":true,"href":"https:\/\/revistaautobus.com.br\/index.php?rest_route=%2Fwp%2Fv2%2Fcategories&post=13820"},{"taxonomy":"post_tag","embeddable":true,"href":"https:\/\/revistaautobus.com.br\/index.php?rest_route=%2Fwp%2Fv2%2Ftags&post=13820"}],"curies":[{"name":"wp","href":"https:\/\/api.w.org\/{rel}","templated":true}]}}