{"id":13887,"date":"2024-11-18T10:28:32","date_gmt":"2024-11-18T13:28:32","guid":{"rendered":"https:\/\/revistaautobus.com.br\/?p=13887"},"modified":"2024-11-18T10:33:05","modified_gmt":"2024-11-18T13:33:05","slug":"transporte-rodoviario-de-passageiros-em-sp-tera-seminario-focado-em-sustentabilidade-regulacao-e-tecnologia","status":"publish","type":"post","link":"https:\/\/revistaautobus.com.br\/?p=13887","title":{"rendered":"Transporte rodovi\u00e1rio de passageiros em SP ter\u00e1 semin\u00e1rio focado em sustentabilidade, regula\u00e7\u00e3o e tecnologia"},"content":{"rendered":"<p>Espa\u00e7o <span style=\"color: #800000;\"><em><strong>Setpesp<\/strong><\/em><\/span><\/p>\n<p>O Semin\u00e1rio T\u00e9cnico\/Jur\u00eddico promovido pelo SETPESP (Sindicato das Empresas de Transportes de Passageiros do Estado de S\u00e3o Paulo), que ser\u00e1 realizado em 28 de novembro, na capital paulista, j\u00e1 tem seus palestrantes confirmados. O evento reunir\u00e1 importantes nomes dos setores p\u00fablico e privado ligados ao transporte rodovi\u00e1rio de passageiros, com o objetivo de discutir temas como regula\u00e7\u00e3o, seguran\u00e7a, descarboniza\u00e7\u00e3o e novas tecnologias, abordando os principais desafios e solu\u00e7\u00f5es para o setor.<\/p>\n<p>Entre os participantes confirmados est\u00e3o nomes como Rafael Vitalle, diretor-geral da ANTT (Ag\u00eancia Nacional de Transportes Terrestres), que discutir\u00e1 o papel da regula\u00e7\u00e3o no desenvolvimento econ\u00f4mico do setor em conjunto \u00e0 Laercio Sim\u00f5es, diretor de procedimentos e log\u00edstica da ARTESP (Ag\u00eancia de Transporte do Estado de S\u00e3o Paulo).<\/p>\n<p>No debate sobre seguran\u00e7a p\u00fablica e o sistema de transporte de passageiros teremos o diretor da ANTT, Guilherme Theo Rodrigues da Rocha Sampaio, o professor Jo\u00e3o Henrique Martins, coordenador do Centro Integrado de Comando e Controle da Secretaria de Seguran\u00e7a P\u00fablica de S\u00e3o Paulo, que trar\u00e3o informa\u00e7\u00f5es sobre as metodologias aplicadas na fiscaliza\u00e7\u00e3o e seguran\u00e7a p\u00fablica com a participa\u00e7\u00e3o de representantes da ANTT e da ARTESP.<\/p>\n<p>Para o painel sobre descarboniza\u00e7\u00e3o, um dos mais esperados do evento, Nat\u00e1lia Resende, secret\u00e1ria de Meio Ambiente, Infraestrutura e Log\u00edstica do estado de S\u00e3o Paulo, Bruno Batista, diretor-executivo da CNT (Confedera\u00e7\u00e3o Nacional do Transporte), Camilo Adduch Adas, diretor da Be8, e Samuel Pereira, diretor da Ra\u00edzen, debater\u00e3o os desafios da substitui\u00e7\u00e3o dos combust\u00edveis f\u00f3sseis e a transi\u00e7\u00e3o energ\u00e9tica com a media\u00e7\u00e3o de Gentil Zanovello Affonso, presidente do SETPESP e diretor da Expresso Itamarati.<\/p>\n<p>Para abordar o uso de novas tecnologias, Phillip Klien, CEO da ClickBus, Marcos Daniel, diretor da Mix Telematics e Brenda Freitas, diretora do Grupo Tryvia, apresentar\u00e3o suas experi\u00eancias com a aplica\u00e7\u00e3o de IA e telemetria no aprimoramento dos servi\u00e7os de transporte rodovi\u00e1rio.<\/p>\n<p>O diretor-executivo do SETPESP, Antonio Laskos, destaca a relev\u00e2ncia do evento, especialmente em rela\u00e7\u00e3o \u00e0s pr\u00e1ticas sustent\u00e1veis no setor. &#8220;O semin\u00e1rio \u00e9 uma oportunidade \u00fanica para todos os envolvidos no transporte rodovi\u00e1rio de passageiros. Vamos discutir n\u00e3o apenas os desafios atuais, mas tamb\u00e9m a viabilidade de solu\u00e7\u00f5es inovadoras e sustent\u00e1veis que garantam o futuro do transporte no pa\u00eds. A troca de experi\u00eancias entre especialistas ser\u00e1 fundamental para impulsionar o desenvolvimento do setor\u201d, afirma.<\/p>\n<p>Imagem &#8211; Divulga\u00e7\u00e3o<\/p>\n","protected":false},"excerpt":{"rendered":"<p>Especialistas dos setores p\u00fablico e privado se re\u00fanem em S\u00e3o Paulo para explorar os principais desafios e solu\u00e7\u00f5es para o futuro sustent\u00e1vel do transporte rodovi\u00e1rio de passageiros<\/p>\n","protected":false},"author":2,"featured_media":13891,"comment_status":"open","ping_status":"open","sticky":false,"template":"","format":"standard","meta":{"_et_pb_use_builder":"","_et_pb_old_content":"","_et_gb_content_width":"","_jetpack_memberships_contains_paid_content":false,"footnotes":""},"categories":[90,80],"tags":[165],"class_list":["post-13887","post","type-post","status-publish","format-standard","has-post-thumbnail","hentry","category-noticias","category-transporte-rodoviario","tag-setpesp","et-has-post-format-content","et_post_format-et-post-format-standard"],"yoast_head":"<!-- This site is optimized with the Yoast SEO plugin v27.2 - https:\/\/yoast.com\/product\/yoast-seo-wordpress\/ -->\n<title>Transporte rodovi\u00e1rio de passageiros em SP ter\u00e1 semin\u00e1rio focado em sustentabilidade, regula\u00e7\u00e3o e tecnologia - Revista AutoBus<\/title>\n<meta name=\"robots\" content=\"index, follow, max-snippet:-1, max-image-preview:large, max-video-preview:-1\" \/>\n<link rel=\"canonical\" href=\"https:\/\/revistaautobus.com.br\/?p=13887\" \/>\n<meta property=\"og:locale\" content=\"pt_BR\" \/>\n<meta property=\"og:type\" content=\"article\" \/>\n<meta property=\"og:title\" content=\"Transporte rodovi\u00e1rio de passageiros em SP ter\u00e1 semin\u00e1rio focado em sustentabilidade, regula\u00e7\u00e3o e tecnologia - Revista AutoBus\" \/>\n<meta property=\"og:description\" content=\"Especialistas dos setores p\u00fablico e privado se re\u00fanem em S\u00e3o Paulo para explorar os principais desafios e solu\u00e7\u00f5es para o futuro sustent\u00e1vel do transporte rodovi\u00e1rio de passageiros\" \/>\n<meta property=\"og:url\" content=\"https:\/\/revistaautobus.com.br\/?p=13887\" \/>\n<meta property=\"og:site_name\" content=\"Revista AutoBus\" \/>\n<meta property=\"article:publisher\" content=\"https:\/\/www.facebook.com\/antonio.ferro.3150\" \/>\n<meta property=\"article:published_time\" content=\"2024-11-18T13:28:32+00:00\" \/>\n<meta property=\"article:modified_time\" content=\"2024-11-18T13:33:05+00:00\" \/>\n<meta property=\"og:image\" content=\"https:\/\/revistaautobus.com.br\/wp-content\/uploads\/2024\/11\/Lamina-Setpesp1.jpg\" \/>\n\t<meta property=\"og:image:width\" content=\"1223\" \/>\n\t<meta property=\"og:image:height\" content=\"1593\" \/>\n\t<meta property=\"og:image:type\" content=\"image\/jpeg\" \/>\n<meta name=\"author\" content=\"Antonio Ferro\" \/>\n<meta name=\"twitter:card\" content=\"summary_large_image\" \/>\n<meta name=\"twitter:label1\" content=\"Escrito por\" \/>\n\t<meta name=\"twitter:data1\" content=\"Antonio Ferro\" \/>\n\t<meta name=\"twitter:label2\" content=\"Est. tempo de leitura\" \/>\n\t<meta name=\"twitter:data2\" content=\"3 minutos\" \/>\n<script type=\"application\/ld+json\" class=\"yoast-schema-graph\">{\"@context\":\"https:\/\/schema.org\",\"@graph\":[{\"@type\":\"Article\",\"@id\":\"https:\/\/revistaautobus.com.br\/?p=13887#article\",\"isPartOf\":{\"@id\":\"https:\/\/revistaautobus.com.br\/?p=13887\"},\"author\":{\"name\":\"Antonio Ferro\",\"@id\":\"https:\/\/revistaautobus.com.br\/#\/schema\/person\/54af7c3eb83a310e42ef686ef6d16f50\"},\"headline\":\"Transporte rodovi\u00e1rio de passageiros em SP ter\u00e1 semin\u00e1rio focado em sustentabilidade, regula\u00e7\u00e3o e tecnologia\",\"datePublished\":\"2024-11-18T13:28:32+00:00\",\"dateModified\":\"2024-11-18T13:33:05+00:00\",\"mainEntityOfPage\":{\"@id\":\"https:\/\/revistaautobus.com.br\/?p=13887\"},\"wordCount\":456,\"commentCount\":0,\"publisher\":{\"@id\":\"https:\/\/revistaautobus.com.br\/#organization\"},\"image\":{\"@id\":\"https:\/\/revistaautobus.com.br\/?p=13887#primaryimage\"},\"thumbnailUrl\":\"https:\/\/revistaautobus.com.br\/wp-content\/uploads\/2024\/11\/Lamina-Setpesp1.jpg\",\"keywords\":[\"SETPESP\"],\"articleSection\":[\"Not\u00edcias\",\"Transporte rodovi\u00e1rio\"],\"inLanguage\":\"pt-BR\",\"potentialAction\":[{\"@type\":\"CommentAction\",\"name\":\"Comment\",\"target\":[\"https:\/\/revistaautobus.com.br\/?p=13887#respond\"]}]},{\"@type\":\"WebPage\",\"@id\":\"https:\/\/revistaautobus.com.br\/?p=13887\",\"url\":\"https:\/\/revistaautobus.com.br\/?p=13887\",\"name\":\"Transporte rodovi\u00e1rio de passageiros em SP ter\u00e1 semin\u00e1rio focado em sustentabilidade, regula\u00e7\u00e3o e tecnologia - Revista AutoBus\",\"isPartOf\":{\"@id\":\"https:\/\/revistaautobus.com.br\/#website\"},\"primaryImageOfPage\":{\"@id\":\"https:\/\/revistaautobus.com.br\/?p=13887#primaryimage\"},\"image\":{\"@id\":\"https:\/\/revistaautobus.com.br\/?p=13887#primaryimage\"},\"thumbnailUrl\":\"https:\/\/revistaautobus.com.br\/wp-content\/uploads\/2024\/11\/Lamina-Setpesp1.jpg\",\"datePublished\":\"2024-11-18T13:28:32+00:00\",\"dateModified\":\"2024-11-18T13:33:05+00:00\",\"breadcrumb\":{\"@id\":\"https:\/\/revistaautobus.com.br\/?p=13887#breadcrumb\"},\"inLanguage\":\"pt-BR\",\"potentialAction\":[{\"@type\":\"ReadAction\",\"target\":[\"https:\/\/revistaautobus.com.br\/?p=13887\"]}]},{\"@type\":\"ImageObject\",\"inLanguage\":\"pt-BR\",\"@id\":\"https:\/\/revistaautobus.com.br\/?p=13887#primaryimage\",\"url\":\"https:\/\/revistaautobus.com.br\/wp-content\/uploads\/2024\/11\/Lamina-Setpesp1.jpg\",\"contentUrl\":\"https:\/\/revistaautobus.com.br\/wp-content\/uploads\/2024\/11\/Lamina-Setpesp1.jpg\",\"width\":1223,\"height\":1593},{\"@type\":\"BreadcrumbList\",\"@id\":\"https:\/\/revistaautobus.com.br\/?p=13887#breadcrumb\",\"itemListElement\":[{\"@type\":\"ListItem\",\"position\":1,\"name\":\"In\u00edcio\",\"item\":\"https:\/\/revistaautobus.com.br\/\"},{\"@type\":\"ListItem\",\"position\":2,\"name\":\"Transporte rodovi\u00e1rio de passageiros em SP ter\u00e1 semin\u00e1rio focado em sustentabilidade, regula\u00e7\u00e3o e tecnologia\"}]},{\"@type\":\"WebSite\",\"@id\":\"https:\/\/revistaautobus.com.br\/#website\",\"url\":\"https:\/\/revistaautobus.com.br\/\",\"name\":\"Revista AutoBus\",\"description\":\"\",\"publisher\":{\"@id\":\"https:\/\/revistaautobus.com.br\/#organization\"},\"potentialAction\":[{\"@type\":\"SearchAction\",\"target\":{\"@type\":\"EntryPoint\",\"urlTemplate\":\"https:\/\/revistaautobus.com.br\/?s={search_term_string}\"},\"query-input\":{\"@type\":\"PropertyValueSpecification\",\"valueRequired\":true,\"valueName\":\"search_term_string\"}}],\"inLanguage\":\"pt-BR\"},{\"@type\":\"Organization\",\"@id\":\"https:\/\/revistaautobus.com.br\/#organization\",\"name\":\"Revista AutoBus\",\"url\":\"https:\/\/revistaautobus.com.br\/\",\"logo\":{\"@type\":\"ImageObject\",\"inLanguage\":\"pt-BR\",\"@id\":\"https:\/\/revistaautobus.com.br\/#\/schema\/logo\/image\/\",\"url\":\"https:\/\/revistaautobus.com.br\/wp-content\/uploads\/2024\/11\/logo_revista_autobus_fb.png\",\"contentUrl\":\"https:\/\/revistaautobus.com.br\/wp-content\/uploads\/2024\/11\/logo_revista_autobus_fb.png\",\"width\":836,\"height\":227,\"caption\":\"Revista AutoBus\"},\"image\":{\"@id\":\"https:\/\/revistaautobus.com.br\/#\/schema\/logo\/image\/\"},\"sameAs\":[\"https:\/\/www.facebook.com\/antonio.ferro.3150\",\"https:\/\/www.instagram.com\/revistaautobus\/\"]},{\"@type\":\"Person\",\"@id\":\"https:\/\/revistaautobus.com.br\/#\/schema\/person\/54af7c3eb83a310e42ef686ef6d16f50\",\"name\":\"Antonio Ferro\",\"image\":{\"@type\":\"ImageObject\",\"inLanguage\":\"pt-BR\",\"@id\":\"https:\/\/revistaautobus.com.br\/wp-content\/uploads\/2025\/12\/editor_antonio_ferro-150x150.jpg\",\"url\":\"https:\/\/revistaautobus.com.br\/wp-content\/uploads\/2025\/12\/editor_antonio_ferro-150x150.jpg\",\"contentUrl\":\"https:\/\/revistaautobus.com.br\/wp-content\/uploads\/2025\/12\/editor_antonio_ferro-150x150.jpg\",\"caption\":\"Antonio Ferro\"},\"description\":\"infobus@uol.com.br\",\"url\":\"https:\/\/revistaautobus.com.br\/?author=2\"}]}<\/script>\n<!-- \/ Yoast SEO plugin. -->","yoast_head_json":{"title":"Transporte rodovi\u00e1rio de passageiros em SP ter\u00e1 semin\u00e1rio focado em sustentabilidade, regula\u00e7\u00e3o e tecnologia - Revista AutoBus","robots":{"index":"index","follow":"follow","max-snippet":"max-snippet:-1","max-image-preview":"max-image-preview:large","max-video-preview":"max-video-preview:-1"},"canonical":"https:\/\/revistaautobus.com.br\/?p=13887","og_locale":"pt_BR","og_type":"article","og_title":"Transporte rodovi\u00e1rio de passageiros em SP ter\u00e1 semin\u00e1rio focado em sustentabilidade, regula\u00e7\u00e3o e tecnologia - Revista AutoBus","og_description":"Especialistas dos setores p\u00fablico e privado se re\u00fanem em S\u00e3o Paulo para explorar os principais desafios e solu\u00e7\u00f5es para o futuro sustent\u00e1vel do transporte rodovi\u00e1rio de passageiros","og_url":"https:\/\/revistaautobus.com.br\/?p=13887","og_site_name":"Revista AutoBus","article_publisher":"https:\/\/www.facebook.com\/antonio.ferro.3150","article_published_time":"2024-11-18T13:28:32+00:00","article_modified_time":"2024-11-18T13:33:05+00:00","og_image":[{"width":1223,"height":1593,"url":"https:\/\/revistaautobus.com.br\/wp-content\/uploads\/2024\/11\/Lamina-Setpesp1.jpg","type":"image\/jpeg"}],"author":"Antonio Ferro","twitter_card":"summary_large_image","twitter_misc":{"Escrito por":"Antonio Ferro","Est. tempo de leitura":"3 minutos"},"schema":{"@context":"https:\/\/schema.org","@graph":[{"@type":"Article","@id":"https:\/\/revistaautobus.com.br\/?p=13887#article","isPartOf":{"@id":"https:\/\/revistaautobus.com.br\/?p=13887"},"author":{"name":"Antonio Ferro","@id":"https:\/\/revistaautobus.com.br\/#\/schema\/person\/54af7c3eb83a310e42ef686ef6d16f50"},"headline":"Transporte rodovi\u00e1rio de passageiros em SP ter\u00e1 semin\u00e1rio focado em sustentabilidade, regula\u00e7\u00e3o e tecnologia","datePublished":"2024-11-18T13:28:32+00:00","dateModified":"2024-11-18T13:33:05+00:00","mainEntityOfPage":{"@id":"https:\/\/revistaautobus.com.br\/?p=13887"},"wordCount":456,"commentCount":0,"publisher":{"@id":"https:\/\/revistaautobus.com.br\/#organization"},"image":{"@id":"https:\/\/revistaautobus.com.br\/?p=13887#primaryimage"},"thumbnailUrl":"https:\/\/revistaautobus.com.br\/wp-content\/uploads\/2024\/11\/Lamina-Setpesp1.jpg","keywords":["SETPESP"],"articleSection":["Not\u00edcias","Transporte rodovi\u00e1rio"],"inLanguage":"pt-BR","potentialAction":[{"@type":"CommentAction","name":"Comment","target":["https:\/\/revistaautobus.com.br\/?p=13887#respond"]}]},{"@type":"WebPage","@id":"https:\/\/revistaautobus.com.br\/?p=13887","url":"https:\/\/revistaautobus.com.br\/?p=13887","name":"Transporte rodovi\u00e1rio de passageiros em SP ter\u00e1 semin\u00e1rio focado em sustentabilidade, regula\u00e7\u00e3o e tecnologia - Revista AutoBus","isPartOf":{"@id":"https:\/\/revistaautobus.com.br\/#website"},"primaryImageOfPage":{"@id":"https:\/\/revistaautobus.com.br\/?p=13887#primaryimage"},"image":{"@id":"https:\/\/revistaautobus.com.br\/?p=13887#primaryimage"},"thumbnailUrl":"https:\/\/revistaautobus.com.br\/wp-content\/uploads\/2024\/11\/Lamina-Setpesp1.jpg","datePublished":"2024-11-18T13:28:32+00:00","dateModified":"2024-11-18T13:33:05+00:00","breadcrumb":{"@id":"https:\/\/revistaautobus.com.br\/?p=13887#breadcrumb"},"inLanguage":"pt-BR","potentialAction":[{"@type":"ReadAction","target":["https:\/\/revistaautobus.com.br\/?p=13887"]}]},{"@type":"ImageObject","inLanguage":"pt-BR","@id":"https:\/\/revistaautobus.com.br\/?p=13887#primaryimage","url":"https:\/\/revistaautobus.com.br\/wp-content\/uploads\/2024\/11\/Lamina-Setpesp1.jpg","contentUrl":"https:\/\/revistaautobus.com.br\/wp-content\/uploads\/2024\/11\/Lamina-Setpesp1.jpg","width":1223,"height":1593},{"@type":"BreadcrumbList","@id":"https:\/\/revistaautobus.com.br\/?p=13887#breadcrumb","itemListElement":[{"@type":"ListItem","position":1,"name":"In\u00edcio","item":"https:\/\/revistaautobus.com.br\/"},{"@type":"ListItem","position":2,"name":"Transporte rodovi\u00e1rio de passageiros em SP ter\u00e1 semin\u00e1rio focado em sustentabilidade, regula\u00e7\u00e3o e tecnologia"}]},{"@type":"WebSite","@id":"https:\/\/revistaautobus.com.br\/#website","url":"https:\/\/revistaautobus.com.br\/","name":"Revista AutoBus","description":"","publisher":{"@id":"https:\/\/revistaautobus.com.br\/#organization"},"potentialAction":[{"@type":"SearchAction","target":{"@type":"EntryPoint","urlTemplate":"https:\/\/revistaautobus.com.br\/?s={search_term_string}"},"query-input":{"@type":"PropertyValueSpecification","valueRequired":true,"valueName":"search_term_string"}}],"inLanguage":"pt-BR"},{"@type":"Organization","@id":"https:\/\/revistaautobus.com.br\/#organization","name":"Revista AutoBus","url":"https:\/\/revistaautobus.com.br\/","logo":{"@type":"ImageObject","inLanguage":"pt-BR","@id":"https:\/\/revistaautobus.com.br\/#\/schema\/logo\/image\/","url":"https:\/\/revistaautobus.com.br\/wp-content\/uploads\/2024\/11\/logo_revista_autobus_fb.png","contentUrl":"https:\/\/revistaautobus.com.br\/wp-content\/uploads\/2024\/11\/logo_revista_autobus_fb.png","width":836,"height":227,"caption":"Revista AutoBus"},"image":{"@id":"https:\/\/revistaautobus.com.br\/#\/schema\/logo\/image\/"},"sameAs":["https:\/\/www.facebook.com\/antonio.ferro.3150","https:\/\/www.instagram.com\/revistaautobus\/"]},{"@type":"Person","@id":"https:\/\/revistaautobus.com.br\/#\/schema\/person\/54af7c3eb83a310e42ef686ef6d16f50","name":"Antonio Ferro","image":{"@type":"ImageObject","inLanguage":"pt-BR","@id":"https:\/\/revistaautobus.com.br\/wp-content\/uploads\/2025\/12\/editor_antonio_ferro-150x150.jpg","url":"https:\/\/revistaautobus.com.br\/wp-content\/uploads\/2025\/12\/editor_antonio_ferro-150x150.jpg","contentUrl":"https:\/\/revistaautobus.com.br\/wp-content\/uploads\/2025\/12\/editor_antonio_ferro-150x150.jpg","caption":"Antonio Ferro"},"description":"infobus@uol.com.br","url":"https:\/\/revistaautobus.com.br\/?author=2"}]}},"jetpack_featured_media_url":"https:\/\/revistaautobus.com.br\/wp-content\/uploads\/2024\/11\/Lamina-Setpesp1.jpg","jetpack_sharing_enabled":true,"_links":{"self":[{"href":"https:\/\/revistaautobus.com.br\/index.php?rest_route=\/wp\/v2\/posts\/13887","targetHints":{"allow":["GET"]}}],"collection":[{"href":"https:\/\/revistaautobus.com.br\/index.php?rest_route=\/wp\/v2\/posts"}],"about":[{"href":"https:\/\/revistaautobus.com.br\/index.php?rest_route=\/wp\/v2\/types\/post"}],"author":[{"embeddable":true,"href":"https:\/\/revistaautobus.com.br\/index.php?rest_route=\/wp\/v2\/users\/2"}],"replies":[{"embeddable":true,"href":"https:\/\/revistaautobus.com.br\/index.php?rest_route=%2Fwp%2Fv2%2Fcomments&post=13887"}],"version-history":[{"count":2,"href":"https:\/\/revistaautobus.com.br\/index.php?rest_route=\/wp\/v2\/posts\/13887\/revisions"}],"predecessor-version":[{"id":13890,"href":"https:\/\/revistaautobus.com.br\/index.php?rest_route=\/wp\/v2\/posts\/13887\/revisions\/13890"}],"wp:featuredmedia":[{"embeddable":true,"href":"https:\/\/revistaautobus.com.br\/index.php?rest_route=\/wp\/v2\/media\/13891"}],"wp:attachment":[{"href":"https:\/\/revistaautobus.com.br\/index.php?rest_route=%2Fwp%2Fv2%2Fmedia&parent=13887"}],"wp:term":[{"taxonomy":"category","embeddable":true,"href":"https:\/\/revistaautobus.com.br\/index.php?rest_route=%2Fwp%2Fv2%2Fcategories&post=13887"},{"taxonomy":"post_tag","embeddable":true,"href":"https:\/\/revistaautobus.com.br\/index.php?rest_route=%2Fwp%2Fv2%2Ftags&post=13887"}],"curies":[{"name":"wp","href":"https:\/\/api.w.org\/{rel}","templated":true}]}}