{"id":13904,"date":"2024-11-18T10:49:19","date_gmt":"2024-11-18T13:49:19","guid":{"rendered":"https:\/\/revistaautobus.com.br\/?p=13904"},"modified":"2024-11-18T10:49:19","modified_gmt":"2024-11-18T13:49:19","slug":"caio-empresa-lider-na-producao-de-onibus-urbanos-no-brasil","status":"publish","type":"post","link":"https:\/\/revistaautobus.com.br\/?p=13904","title":{"rendered":"Caio, empresa l\u00edder na produ\u00e7\u00e3o de \u00f4nibus urbanos no Brasil"},"content":{"rendered":"<p>Espa\u00e7o <span style=\"color: #333333;\"><em><strong>Caio<\/strong><\/em><\/span><\/p>\n<p>Em quase oito d\u00e9cadas de tradi\u00e7\u00e3o, a marca Caio combina pioneirismo em processos, <em>design<\/em> e manufatura, com inova\u00e7\u00e3o em materiais e tecnologia embarcada, oferecendo solu\u00e7\u00f5es de mobilidade que atendem \u00e0s diversas necessidades do mercado.<\/p>\n<p>Com unidades fabris localizadas em Botucatu e Barra Bonita (SP), a Caio possui capacidade produtiva para cerca de 50 \u00f4nibus urbanos por dia, incluindo modelos articulados e el\u00e9tricos.<\/p>\n<p>Nos \u00faltimos oito anos, a empresa consolidou sua posi\u00e7\u00e3o de lideran\u00e7a no setor, alcan\u00e7ando uma m\u00e9dia anual superior a 55% de participa\u00e7\u00e3o em toda a produ\u00e7\u00e3o de \u00f4nibus urbanos do pa\u00eds, conforme dados da FABUS (Associa\u00e7\u00e3o Nacional dos Fabricantes de \u00d4nibus).<\/p>\n<p>A Caio tem se dedicado a desenvolver solu\u00e7\u00f5es voltadas para a evolu\u00e7\u00e3o da mobilidade urbana. Com foco em sustentabilidade, produz \u00f4nibus movidos \u00e0 propuls\u00e3o el\u00e9trica e outras energias alternativas, alcan\u00e7ando, nos \u00faltimos tr\u00eas anos, uma participa\u00e7\u00e3o de cerca de 80% na fabrica\u00e7\u00e3o de \u00f4nibus el\u00e9tricos no Brasil, de acordo com dados do Renavam.<\/p>\n<p>Al\u00e9m das recentes renova\u00e7\u00f5es e amplia\u00e7\u00f5es de frota, que impactaram positivamente nos resultados da empresa em 2024, outro fator que contribuiu para o aumento na produ\u00e7\u00e3o foi a licita\u00e7\u00e3o do Programa Caminho da Escola, promovido pelo Governo Federal. A Caio foi credenciada a fabricar, em parceria com a Iveco, ganhadora da licita\u00e7\u00e3o, 3,5 mil unidades de ve\u00edculos escolares, cujas entregas est\u00e3o programadas para ocorrer entre 2024 e 2025.<\/p>\n<p>A partir da Caio, nasceu o Grupo Caio, que re\u00fane empresas cujo foco principal \u00e9 o transporte de pessoas. Todas elas est\u00e3o comprometidas em oferecer produtos e servi\u00e7os inovadores, priorizando a efici\u00eancia e a excel\u00eancia, al\u00e9m de impulsionarem o desenvolvimento econ\u00f4mico e social das regi\u00f5es onde atuam. Dessa forma, a empresa e o Grupo levam em seu DNA a marca brasileira refer\u00eancia em mobilidade e empregabilidade: Caio.<\/p>\n<p>Imagem &#8211; Divulga\u00e7\u00e3o<\/p>\n","protected":false},"excerpt":{"rendered":"<p>Resultados expressivos conquistados com comprometimento, qualidade e inova\u00e7\u00e3o<\/p>\n","protected":false},"author":2,"featured_media":13905,"comment_status":"open","ping_status":"open","sticky":false,"template":"","format":"standard","meta":{"_et_pb_use_builder":"","_et_pb_old_content":"","_et_gb_content_width":"","_jetpack_memberships_contains_paid_content":false,"footnotes":""},"categories":[55,90],"tags":[83],"class_list":["post-13904","post","type-post","status-publish","format-standard","has-post-thumbnail","hentry","category-encarrocadora","category-noticias","tag-caio","et-has-post-format-content","et_post_format-et-post-format-standard"],"yoast_head":"<!-- This site is optimized with the Yoast SEO plugin v27.2 - https:\/\/yoast.com\/product\/yoast-seo-wordpress\/ -->\n<title>Caio, empresa l\u00edder na produ\u00e7\u00e3o de \u00f4nibus urbanos no Brasil - Revista AutoBus<\/title>\n<meta name=\"robots\" content=\"index, follow, max-snippet:-1, max-image-preview:large, max-video-preview:-1\" \/>\n<link rel=\"canonical\" href=\"https:\/\/revistaautobus.com.br\/?p=13904\" \/>\n<meta property=\"og:locale\" content=\"pt_BR\" \/>\n<meta property=\"og:type\" content=\"article\" \/>\n<meta property=\"og:title\" content=\"Caio, empresa l\u00edder na produ\u00e7\u00e3o de \u00f4nibus urbanos no Brasil - Revista AutoBus\" \/>\n<meta property=\"og:description\" content=\"Resultados expressivos conquistados com comprometimento, qualidade e inova\u00e7\u00e3o\" \/>\n<meta property=\"og:url\" content=\"https:\/\/revistaautobus.com.br\/?p=13904\" \/>\n<meta property=\"og:site_name\" content=\"Revista AutoBus\" \/>\n<meta property=\"article:publisher\" content=\"https:\/\/www.facebook.com\/antonio.ferro.3150\" \/>\n<meta property=\"article:published_time\" content=\"2024-11-18T13:49:19+00:00\" \/>\n<meta property=\"og:image\" content=\"https:\/\/revistaautobus.com.br\/wp-content\/uploads\/2024\/11\/Somos-Lideres.jpg\" \/>\n\t<meta property=\"og:image:width\" content=\"1200\" \/>\n\t<meta property=\"og:image:height\" content=\"627\" \/>\n\t<meta property=\"og:image:type\" content=\"image\/jpeg\" \/>\n<meta name=\"author\" content=\"Antonio Ferro\" \/>\n<meta name=\"twitter:card\" content=\"summary_large_image\" \/>\n<meta name=\"twitter:label1\" content=\"Escrito por\" \/>\n\t<meta name=\"twitter:data1\" content=\"Antonio Ferro\" \/>\n\t<meta name=\"twitter:label2\" content=\"Est. tempo de leitura\" \/>\n\t<meta name=\"twitter:data2\" content=\"2 minutos\" \/>\n<script type=\"application\/ld+json\" class=\"yoast-schema-graph\">{\"@context\":\"https:\/\/schema.org\",\"@graph\":[{\"@type\":\"Article\",\"@id\":\"https:\/\/revistaautobus.com.br\/?p=13904#article\",\"isPartOf\":{\"@id\":\"https:\/\/revistaautobus.com.br\/?p=13904\"},\"author\":{\"name\":\"Antonio Ferro\",\"@id\":\"https:\/\/revistaautobus.com.br\/#\/schema\/person\/54af7c3eb83a310e42ef686ef6d16f50\"},\"headline\":\"Caio, empresa l\u00edder na produ\u00e7\u00e3o de \u00f4nibus urbanos no Brasil\",\"datePublished\":\"2024-11-18T13:49:19+00:00\",\"mainEntityOfPage\":{\"@id\":\"https:\/\/revistaautobus.com.br\/?p=13904\"},\"wordCount\":340,\"commentCount\":0,\"publisher\":{\"@id\":\"https:\/\/revistaautobus.com.br\/#organization\"},\"image\":{\"@id\":\"https:\/\/revistaautobus.com.br\/?p=13904#primaryimage\"},\"thumbnailUrl\":\"https:\/\/revistaautobus.com.br\/wp-content\/uploads\/2024\/11\/Somos-Lideres.jpg\",\"keywords\":[\"Caio\"],\"articleSection\":[\"Encarro\u00e7adora\",\"Not\u00edcias\"],\"inLanguage\":\"pt-BR\",\"potentialAction\":[{\"@type\":\"CommentAction\",\"name\":\"Comment\",\"target\":[\"https:\/\/revistaautobus.com.br\/?p=13904#respond\"]}]},{\"@type\":\"WebPage\",\"@id\":\"https:\/\/revistaautobus.com.br\/?p=13904\",\"url\":\"https:\/\/revistaautobus.com.br\/?p=13904\",\"name\":\"Caio, empresa l\u00edder na produ\u00e7\u00e3o de \u00f4nibus urbanos no Brasil - Revista AutoBus\",\"isPartOf\":{\"@id\":\"https:\/\/revistaautobus.com.br\/#website\"},\"primaryImageOfPage\":{\"@id\":\"https:\/\/revistaautobus.com.br\/?p=13904#primaryimage\"},\"image\":{\"@id\":\"https:\/\/revistaautobus.com.br\/?p=13904#primaryimage\"},\"thumbnailUrl\":\"https:\/\/revistaautobus.com.br\/wp-content\/uploads\/2024\/11\/Somos-Lideres.jpg\",\"datePublished\":\"2024-11-18T13:49:19+00:00\",\"breadcrumb\":{\"@id\":\"https:\/\/revistaautobus.com.br\/?p=13904#breadcrumb\"},\"inLanguage\":\"pt-BR\",\"potentialAction\":[{\"@type\":\"ReadAction\",\"target\":[\"https:\/\/revistaautobus.com.br\/?p=13904\"]}]},{\"@type\":\"ImageObject\",\"inLanguage\":\"pt-BR\",\"@id\":\"https:\/\/revistaautobus.com.br\/?p=13904#primaryimage\",\"url\":\"https:\/\/revistaautobus.com.br\/wp-content\/uploads\/2024\/11\/Somos-Lideres.jpg\",\"contentUrl\":\"https:\/\/revistaautobus.com.br\/wp-content\/uploads\/2024\/11\/Somos-Lideres.jpg\",\"width\":1200,\"height\":627},{\"@type\":\"BreadcrumbList\",\"@id\":\"https:\/\/revistaautobus.com.br\/?p=13904#breadcrumb\",\"itemListElement\":[{\"@type\":\"ListItem\",\"position\":1,\"name\":\"In\u00edcio\",\"item\":\"https:\/\/revistaautobus.com.br\/\"},{\"@type\":\"ListItem\",\"position\":2,\"name\":\"Caio, empresa l\u00edder na produ\u00e7\u00e3o de \u00f4nibus urbanos no Brasil\"}]},{\"@type\":\"WebSite\",\"@id\":\"https:\/\/revistaautobus.com.br\/#website\",\"url\":\"https:\/\/revistaautobus.com.br\/\",\"name\":\"Revista AutoBus\",\"description\":\"\",\"publisher\":{\"@id\":\"https:\/\/revistaautobus.com.br\/#organization\"},\"potentialAction\":[{\"@type\":\"SearchAction\",\"target\":{\"@type\":\"EntryPoint\",\"urlTemplate\":\"https:\/\/revistaautobus.com.br\/?s={search_term_string}\"},\"query-input\":{\"@type\":\"PropertyValueSpecification\",\"valueRequired\":true,\"valueName\":\"search_term_string\"}}],\"inLanguage\":\"pt-BR\"},{\"@type\":\"Organization\",\"@id\":\"https:\/\/revistaautobus.com.br\/#organization\",\"name\":\"Revista AutoBus\",\"url\":\"https:\/\/revistaautobus.com.br\/\",\"logo\":{\"@type\":\"ImageObject\",\"inLanguage\":\"pt-BR\",\"@id\":\"https:\/\/revistaautobus.com.br\/#\/schema\/logo\/image\/\",\"url\":\"https:\/\/revistaautobus.com.br\/wp-content\/uploads\/2024\/11\/logo_revista_autobus_fb.png\",\"contentUrl\":\"https:\/\/revistaautobus.com.br\/wp-content\/uploads\/2024\/11\/logo_revista_autobus_fb.png\",\"width\":836,\"height\":227,\"caption\":\"Revista AutoBus\"},\"image\":{\"@id\":\"https:\/\/revistaautobus.com.br\/#\/schema\/logo\/image\/\"},\"sameAs\":[\"https:\/\/www.facebook.com\/antonio.ferro.3150\",\"https:\/\/www.instagram.com\/revistaautobus\/\"]},{\"@type\":\"Person\",\"@id\":\"https:\/\/revistaautobus.com.br\/#\/schema\/person\/54af7c3eb83a310e42ef686ef6d16f50\",\"name\":\"Antonio Ferro\",\"image\":{\"@type\":\"ImageObject\",\"inLanguage\":\"pt-BR\",\"@id\":\"https:\/\/revistaautobus.com.br\/wp-content\/uploads\/2025\/12\/editor_antonio_ferro-150x150.jpg\",\"url\":\"https:\/\/revistaautobus.com.br\/wp-content\/uploads\/2025\/12\/editor_antonio_ferro-150x150.jpg\",\"contentUrl\":\"https:\/\/revistaautobus.com.br\/wp-content\/uploads\/2025\/12\/editor_antonio_ferro-150x150.jpg\",\"caption\":\"Antonio Ferro\"},\"description\":\"infobus@uol.com.br\",\"url\":\"https:\/\/revistaautobus.com.br\/?author=2\"}]}<\/script>\n<!-- \/ Yoast SEO plugin. -->","yoast_head_json":{"title":"Caio, empresa l\u00edder na produ\u00e7\u00e3o de \u00f4nibus urbanos no Brasil - Revista AutoBus","robots":{"index":"index","follow":"follow","max-snippet":"max-snippet:-1","max-image-preview":"max-image-preview:large","max-video-preview":"max-video-preview:-1"},"canonical":"https:\/\/revistaautobus.com.br\/?p=13904","og_locale":"pt_BR","og_type":"article","og_title":"Caio, empresa l\u00edder na produ\u00e7\u00e3o de \u00f4nibus urbanos no Brasil - Revista AutoBus","og_description":"Resultados expressivos conquistados com comprometimento, qualidade e inova\u00e7\u00e3o","og_url":"https:\/\/revistaautobus.com.br\/?p=13904","og_site_name":"Revista AutoBus","article_publisher":"https:\/\/www.facebook.com\/antonio.ferro.3150","article_published_time":"2024-11-18T13:49:19+00:00","og_image":[{"width":1200,"height":627,"url":"https:\/\/revistaautobus.com.br\/wp-content\/uploads\/2024\/11\/Somos-Lideres.jpg","type":"image\/jpeg"}],"author":"Antonio Ferro","twitter_card":"summary_large_image","twitter_misc":{"Escrito por":"Antonio Ferro","Est. tempo de leitura":"2 minutos"},"schema":{"@context":"https:\/\/schema.org","@graph":[{"@type":"Article","@id":"https:\/\/revistaautobus.com.br\/?p=13904#article","isPartOf":{"@id":"https:\/\/revistaautobus.com.br\/?p=13904"},"author":{"name":"Antonio Ferro","@id":"https:\/\/revistaautobus.com.br\/#\/schema\/person\/54af7c3eb83a310e42ef686ef6d16f50"},"headline":"Caio, empresa l\u00edder na produ\u00e7\u00e3o de \u00f4nibus urbanos no Brasil","datePublished":"2024-11-18T13:49:19+00:00","mainEntityOfPage":{"@id":"https:\/\/revistaautobus.com.br\/?p=13904"},"wordCount":340,"commentCount":0,"publisher":{"@id":"https:\/\/revistaautobus.com.br\/#organization"},"image":{"@id":"https:\/\/revistaautobus.com.br\/?p=13904#primaryimage"},"thumbnailUrl":"https:\/\/revistaautobus.com.br\/wp-content\/uploads\/2024\/11\/Somos-Lideres.jpg","keywords":["Caio"],"articleSection":["Encarro\u00e7adora","Not\u00edcias"],"inLanguage":"pt-BR","potentialAction":[{"@type":"CommentAction","name":"Comment","target":["https:\/\/revistaautobus.com.br\/?p=13904#respond"]}]},{"@type":"WebPage","@id":"https:\/\/revistaautobus.com.br\/?p=13904","url":"https:\/\/revistaautobus.com.br\/?p=13904","name":"Caio, empresa l\u00edder na produ\u00e7\u00e3o de \u00f4nibus urbanos no Brasil - Revista AutoBus","isPartOf":{"@id":"https:\/\/revistaautobus.com.br\/#website"},"primaryImageOfPage":{"@id":"https:\/\/revistaautobus.com.br\/?p=13904#primaryimage"},"image":{"@id":"https:\/\/revistaautobus.com.br\/?p=13904#primaryimage"},"thumbnailUrl":"https:\/\/revistaautobus.com.br\/wp-content\/uploads\/2024\/11\/Somos-Lideres.jpg","datePublished":"2024-11-18T13:49:19+00:00","breadcrumb":{"@id":"https:\/\/revistaautobus.com.br\/?p=13904#breadcrumb"},"inLanguage":"pt-BR","potentialAction":[{"@type":"ReadAction","target":["https:\/\/revistaautobus.com.br\/?p=13904"]}]},{"@type":"ImageObject","inLanguage":"pt-BR","@id":"https:\/\/revistaautobus.com.br\/?p=13904#primaryimage","url":"https:\/\/revistaautobus.com.br\/wp-content\/uploads\/2024\/11\/Somos-Lideres.jpg","contentUrl":"https:\/\/revistaautobus.com.br\/wp-content\/uploads\/2024\/11\/Somos-Lideres.jpg","width":1200,"height":627},{"@type":"BreadcrumbList","@id":"https:\/\/revistaautobus.com.br\/?p=13904#breadcrumb","itemListElement":[{"@type":"ListItem","position":1,"name":"In\u00edcio","item":"https:\/\/revistaautobus.com.br\/"},{"@type":"ListItem","position":2,"name":"Caio, empresa l\u00edder na produ\u00e7\u00e3o de \u00f4nibus urbanos no Brasil"}]},{"@type":"WebSite","@id":"https:\/\/revistaautobus.com.br\/#website","url":"https:\/\/revistaautobus.com.br\/","name":"Revista AutoBus","description":"","publisher":{"@id":"https:\/\/revistaautobus.com.br\/#organization"},"potentialAction":[{"@type":"SearchAction","target":{"@type":"EntryPoint","urlTemplate":"https:\/\/revistaautobus.com.br\/?s={search_term_string}"},"query-input":{"@type":"PropertyValueSpecification","valueRequired":true,"valueName":"search_term_string"}}],"inLanguage":"pt-BR"},{"@type":"Organization","@id":"https:\/\/revistaautobus.com.br\/#organization","name":"Revista AutoBus","url":"https:\/\/revistaautobus.com.br\/","logo":{"@type":"ImageObject","inLanguage":"pt-BR","@id":"https:\/\/revistaautobus.com.br\/#\/schema\/logo\/image\/","url":"https:\/\/revistaautobus.com.br\/wp-content\/uploads\/2024\/11\/logo_revista_autobus_fb.png","contentUrl":"https:\/\/revistaautobus.com.br\/wp-content\/uploads\/2024\/11\/logo_revista_autobus_fb.png","width":836,"height":227,"caption":"Revista AutoBus"},"image":{"@id":"https:\/\/revistaautobus.com.br\/#\/schema\/logo\/image\/"},"sameAs":["https:\/\/www.facebook.com\/antonio.ferro.3150","https:\/\/www.instagram.com\/revistaautobus\/"]},{"@type":"Person","@id":"https:\/\/revistaautobus.com.br\/#\/schema\/person\/54af7c3eb83a310e42ef686ef6d16f50","name":"Antonio Ferro","image":{"@type":"ImageObject","inLanguage":"pt-BR","@id":"https:\/\/revistaautobus.com.br\/wp-content\/uploads\/2025\/12\/editor_antonio_ferro-150x150.jpg","url":"https:\/\/revistaautobus.com.br\/wp-content\/uploads\/2025\/12\/editor_antonio_ferro-150x150.jpg","contentUrl":"https:\/\/revistaautobus.com.br\/wp-content\/uploads\/2025\/12\/editor_antonio_ferro-150x150.jpg","caption":"Antonio Ferro"},"description":"infobus@uol.com.br","url":"https:\/\/revistaautobus.com.br\/?author=2"}]}},"jetpack_featured_media_url":"https:\/\/revistaautobus.com.br\/wp-content\/uploads\/2024\/11\/Somos-Lideres.jpg","jetpack_sharing_enabled":true,"_links":{"self":[{"href":"https:\/\/revistaautobus.com.br\/index.php?rest_route=\/wp\/v2\/posts\/13904","targetHints":{"allow":["GET"]}}],"collection":[{"href":"https:\/\/revistaautobus.com.br\/index.php?rest_route=\/wp\/v2\/posts"}],"about":[{"href":"https:\/\/revistaautobus.com.br\/index.php?rest_route=\/wp\/v2\/types\/post"}],"author":[{"embeddable":true,"href":"https:\/\/revistaautobus.com.br\/index.php?rest_route=\/wp\/v2\/users\/2"}],"replies":[{"embeddable":true,"href":"https:\/\/revistaautobus.com.br\/index.php?rest_route=%2Fwp%2Fv2%2Fcomments&post=13904"}],"version-history":[{"count":2,"href":"https:\/\/revistaautobus.com.br\/index.php?rest_route=\/wp\/v2\/posts\/13904\/revisions"}],"predecessor-version":[{"id":13907,"href":"https:\/\/revistaautobus.com.br\/index.php?rest_route=\/wp\/v2\/posts\/13904\/revisions\/13907"}],"wp:featuredmedia":[{"embeddable":true,"href":"https:\/\/revistaautobus.com.br\/index.php?rest_route=\/wp\/v2\/media\/13905"}],"wp:attachment":[{"href":"https:\/\/revistaautobus.com.br\/index.php?rest_route=%2Fwp%2Fv2%2Fmedia&parent=13904"}],"wp:term":[{"taxonomy":"category","embeddable":true,"href":"https:\/\/revistaautobus.com.br\/index.php?rest_route=%2Fwp%2Fv2%2Fcategories&post=13904"},{"taxonomy":"post_tag","embeddable":true,"href":"https:\/\/revistaautobus.com.br\/index.php?rest_route=%2Fwp%2Fv2%2Ftags&post=13904"}],"curies":[{"name":"wp","href":"https:\/\/api.w.org\/{rel}","templated":true}]}}