{"id":13960,"date":"2024-11-22T08:02:23","date_gmt":"2024-11-22T11:02:23","guid":{"rendered":"https:\/\/revistaautobus.com.br\/?p=13960"},"modified":"2024-11-22T08:02:23","modified_gmt":"2024-11-22T11:02:23","slug":"em-prol-do-melhor-transporte","status":"publish","type":"post","link":"https:\/\/revistaautobus.com.br\/?p=13960","title":{"rendered":"Em prol do melhor transporte"},"content":{"rendered":"<p>A associa\u00e7\u00e3o que representa as principais empresas de transporte coletivo urbano e metropolitano do Vale do Para\u00edba e Litoral Norte, Busvale, deu in\u00edcio a uma agenda de visitas aos prefeitos eleitos das cidades da RMVale. A primeira reuni\u00e3o foi realizada pela manh\u00e3 com Anderson Farias, prefeito reeleito de S\u00e3o Jos\u00e9 dos Campos.<\/p>\n<p>De acordo com a entidade representativa, o encontro teve como objetivo parabenizar o prefeito pela reelei\u00e7\u00e3o, desejar um \u00f3timo mandato e fortalecer o di\u00e1logo sobre mobilidade urbana, que agora come\u00e7a a expandir para \u00e1reas como o deslocamento a\u00e9reo. \u201cNosso compromisso vai al\u00e9m da entrega de propostas. Estamos aqui para trabalhar junto com os gestores, oferecendo suporte t\u00e9cnico e articulando solu\u00e7\u00f5es que realmente impactem a vida da popula\u00e7\u00e3o. Um transporte p\u00fablico eficiente \u00e9 a espinha dorsal de cidades mais justas e sustent\u00e1veis,\u201d disse Rubens Fernandes, diretor-executivo da Busvale.<\/p>\n<p>A reuni\u00e3o, tamb\u00e9m, contou com uma troca de ideias sobre o futuro da mobilidade urbana, destacando pontos de interesse m\u00fatuo entre o munic\u00edpio e a Busvale. Anderson Farias se comprometeu a interceder para que a associa\u00e7\u00e3o seja convidada para uma reuni\u00e3o na AMVALE \u2013 Associa\u00e7\u00e3o dos Munic\u00edpios do Vale do Para\u00edba, Litoral Norte e Serra da Mantiqueira -, ampliando as oportunidades de di\u00e1logo com outros gestores da regi\u00e3o.<\/p>\n<p>Para a associa\u00e7\u00e3o, a iniciativa \u00e9 parte de um esfor\u00e7o cont\u00ednuo para dar continuidade \u00e0 a\u00e7\u00e3o promovida durante o per\u00edodo eleitoral, que envolveu a distribui\u00e7\u00e3o da cartilha \u201cComo Ganhar Elei\u00e7\u00f5es: Transporte P\u00fablico de Qualidade para o Cidad\u00e3o\u201d, desenvolvida pela ANTP. O material refor\u00e7a a import\u00e2ncia de um sistema de transporte p\u00fablico eficiente e acess\u00edvel para a melhoria da qualidade de vida nas cidades.<\/p>\n<p>A Busvale re\u00fane as empresas de transporte de S\u00e3o Jos\u00e9 dos Campos, Taubat\u00e9, Jacare\u00ed e Ca\u00e7apava.<\/p>\n<p>Imagem &#8211; Prefeitura de SJC\/Cl\u00e1udio Vieira<\/p>\n","protected":false},"excerpt":{"rendered":"<p>Operadoras do transporte coletivo urbano de cidades do Vale do Para\u00edba refor\u00e7am que est\u00e3o \u00e0 disposi\u00e7\u00e3o para contribu\u00edrem com a formula\u00e7\u00e3o de pol\u00edticas p\u00fablicas que priorizem a mobilidade urbana<\/p>\n","protected":false},"author":2,"featured_media":13961,"comment_status":"open","ping_status":"open","sticky":false,"template":"","format":"standard","meta":{"_et_pb_use_builder":"","_et_pb_old_content":"","_et_gb_content_width":"","_jetpack_memberships_contains_paid_content":false,"footnotes":""},"categories":[7,90,73],"tags":[871],"class_list":["post-13960","post","type-post","status-publish","format-standard","has-post-thumbnail","hentry","category-mobilidade-urbana","category-noticias","category-tecnologia","tag-busvale","et-has-post-format-content","et_post_format-et-post-format-standard"],"yoast_head":"<!-- This site is optimized with the Yoast SEO plugin v27.2 - https:\/\/yoast.com\/product\/yoast-seo-wordpress\/ -->\n<title>Em prol do melhor transporte - Revista AutoBus<\/title>\n<meta name=\"robots\" content=\"index, follow, max-snippet:-1, max-image-preview:large, max-video-preview:-1\" \/>\n<link rel=\"canonical\" href=\"https:\/\/revistaautobus.com.br\/?p=13960\" \/>\n<meta property=\"og:locale\" content=\"pt_BR\" \/>\n<meta property=\"og:type\" content=\"article\" \/>\n<meta property=\"og:title\" content=\"Em prol do melhor transporte - Revista AutoBus\" \/>\n<meta property=\"og:description\" content=\"Operadoras do transporte coletivo urbano de cidades do Vale do Para\u00edba refor\u00e7am que est\u00e3o \u00e0 disposi\u00e7\u00e3o para contribu\u00edrem com a formula\u00e7\u00e3o de pol\u00edticas p\u00fablicas que priorizem a mobilidade urbana\" \/>\n<meta property=\"og:url\" content=\"https:\/\/revistaautobus.com.br\/?p=13960\" \/>\n<meta property=\"og:site_name\" content=\"Revista AutoBus\" \/>\n<meta property=\"article:publisher\" content=\"https:\/\/www.facebook.com\/antonio.ferro.3150\" \/>\n<meta property=\"article:published_time\" content=\"2024-11-22T11:02:23+00:00\" \/>\n<meta property=\"og:image\" content=\"https:\/\/revistaautobus.com.br\/wp-content\/uploads\/2024\/11\/img_6164_claudio_vieira.jpg\" \/>\n\t<meta property=\"og:image:width\" content=\"940\" \/>\n\t<meta property=\"og:image:height\" content=\"627\" \/>\n\t<meta property=\"og:image:type\" content=\"image\/jpeg\" \/>\n<meta name=\"author\" content=\"Antonio Ferro\" \/>\n<meta name=\"twitter:card\" content=\"summary_large_image\" \/>\n<meta name=\"twitter:label1\" content=\"Escrito por\" \/>\n\t<meta name=\"twitter:data1\" content=\"Antonio Ferro\" \/>\n\t<meta name=\"twitter:label2\" content=\"Est. tempo de leitura\" \/>\n\t<meta name=\"twitter:data2\" content=\"2 minutos\" \/>\n<script type=\"application\/ld+json\" class=\"yoast-schema-graph\">{\"@context\":\"https:\/\/schema.org\",\"@graph\":[{\"@type\":\"Article\",\"@id\":\"https:\/\/revistaautobus.com.br\/?p=13960#article\",\"isPartOf\":{\"@id\":\"https:\/\/revistaautobus.com.br\/?p=13960\"},\"author\":{\"name\":\"Antonio Ferro\",\"@id\":\"https:\/\/revistaautobus.com.br\/#\/schema\/person\/54af7c3eb83a310e42ef686ef6d16f50\"},\"headline\":\"Em prol do melhor transporte\",\"datePublished\":\"2024-11-22T11:02:23+00:00\",\"mainEntityOfPage\":{\"@id\":\"https:\/\/revistaautobus.com.br\/?p=13960\"},\"wordCount\":337,\"commentCount\":0,\"publisher\":{\"@id\":\"https:\/\/revistaautobus.com.br\/#organization\"},\"image\":{\"@id\":\"https:\/\/revistaautobus.com.br\/?p=13960#primaryimage\"},\"thumbnailUrl\":\"https:\/\/revistaautobus.com.br\/wp-content\/uploads\/2024\/11\/img_6164_claudio_vieira.jpg\",\"keywords\":[\"Busvale\"],\"articleSection\":[\"Mobilidade Urbana\",\"Not\u00edcias\",\"Tecnologia\"],\"inLanguage\":\"pt-BR\",\"potentialAction\":[{\"@type\":\"CommentAction\",\"name\":\"Comment\",\"target\":[\"https:\/\/revistaautobus.com.br\/?p=13960#respond\"]}]},{\"@type\":\"WebPage\",\"@id\":\"https:\/\/revistaautobus.com.br\/?p=13960\",\"url\":\"https:\/\/revistaautobus.com.br\/?p=13960\",\"name\":\"Em prol do melhor transporte - Revista AutoBus\",\"isPartOf\":{\"@id\":\"https:\/\/revistaautobus.com.br\/#website\"},\"primaryImageOfPage\":{\"@id\":\"https:\/\/revistaautobus.com.br\/?p=13960#primaryimage\"},\"image\":{\"@id\":\"https:\/\/revistaautobus.com.br\/?p=13960#primaryimage\"},\"thumbnailUrl\":\"https:\/\/revistaautobus.com.br\/wp-content\/uploads\/2024\/11\/img_6164_claudio_vieira.jpg\",\"datePublished\":\"2024-11-22T11:02:23+00:00\",\"breadcrumb\":{\"@id\":\"https:\/\/revistaautobus.com.br\/?p=13960#breadcrumb\"},\"inLanguage\":\"pt-BR\",\"potentialAction\":[{\"@type\":\"ReadAction\",\"target\":[\"https:\/\/revistaautobus.com.br\/?p=13960\"]}]},{\"@type\":\"ImageObject\",\"inLanguage\":\"pt-BR\",\"@id\":\"https:\/\/revistaautobus.com.br\/?p=13960#primaryimage\",\"url\":\"https:\/\/revistaautobus.com.br\/wp-content\/uploads\/2024\/11\/img_6164_claudio_vieira.jpg\",\"contentUrl\":\"https:\/\/revistaautobus.com.br\/wp-content\/uploads\/2024\/11\/img_6164_claudio_vieira.jpg\",\"width\":940,\"height\":627},{\"@type\":\"BreadcrumbList\",\"@id\":\"https:\/\/revistaautobus.com.br\/?p=13960#breadcrumb\",\"itemListElement\":[{\"@type\":\"ListItem\",\"position\":1,\"name\":\"In\u00edcio\",\"item\":\"https:\/\/revistaautobus.com.br\/\"},{\"@type\":\"ListItem\",\"position\":2,\"name\":\"Em prol do melhor transporte\"}]},{\"@type\":\"WebSite\",\"@id\":\"https:\/\/revistaautobus.com.br\/#website\",\"url\":\"https:\/\/revistaautobus.com.br\/\",\"name\":\"Revista AutoBus\",\"description\":\"\",\"publisher\":{\"@id\":\"https:\/\/revistaautobus.com.br\/#organization\"},\"potentialAction\":[{\"@type\":\"SearchAction\",\"target\":{\"@type\":\"EntryPoint\",\"urlTemplate\":\"https:\/\/revistaautobus.com.br\/?s={search_term_string}\"},\"query-input\":{\"@type\":\"PropertyValueSpecification\",\"valueRequired\":true,\"valueName\":\"search_term_string\"}}],\"inLanguage\":\"pt-BR\"},{\"@type\":\"Organization\",\"@id\":\"https:\/\/revistaautobus.com.br\/#organization\",\"name\":\"Revista AutoBus\",\"url\":\"https:\/\/revistaautobus.com.br\/\",\"logo\":{\"@type\":\"ImageObject\",\"inLanguage\":\"pt-BR\",\"@id\":\"https:\/\/revistaautobus.com.br\/#\/schema\/logo\/image\/\",\"url\":\"https:\/\/revistaautobus.com.br\/wp-content\/uploads\/2024\/11\/logo_revista_autobus_fb.png\",\"contentUrl\":\"https:\/\/revistaautobus.com.br\/wp-content\/uploads\/2024\/11\/logo_revista_autobus_fb.png\",\"width\":836,\"height\":227,\"caption\":\"Revista AutoBus\"},\"image\":{\"@id\":\"https:\/\/revistaautobus.com.br\/#\/schema\/logo\/image\/\"},\"sameAs\":[\"https:\/\/www.facebook.com\/antonio.ferro.3150\",\"https:\/\/www.instagram.com\/revistaautobus\/\"]},{\"@type\":\"Person\",\"@id\":\"https:\/\/revistaautobus.com.br\/#\/schema\/person\/54af7c3eb83a310e42ef686ef6d16f50\",\"name\":\"Antonio Ferro\",\"image\":{\"@type\":\"ImageObject\",\"inLanguage\":\"pt-BR\",\"@id\":\"https:\/\/revistaautobus.com.br\/wp-content\/uploads\/2025\/12\/editor_antonio_ferro-150x150.jpg\",\"url\":\"https:\/\/revistaautobus.com.br\/wp-content\/uploads\/2025\/12\/editor_antonio_ferro-150x150.jpg\",\"contentUrl\":\"https:\/\/revistaautobus.com.br\/wp-content\/uploads\/2025\/12\/editor_antonio_ferro-150x150.jpg\",\"caption\":\"Antonio Ferro\"},\"description\":\"infobus@uol.com.br\",\"url\":\"https:\/\/revistaautobus.com.br\/?author=2\"}]}<\/script>\n<!-- \/ Yoast SEO plugin. -->","yoast_head_json":{"title":"Em prol do melhor transporte - Revista AutoBus","robots":{"index":"index","follow":"follow","max-snippet":"max-snippet:-1","max-image-preview":"max-image-preview:large","max-video-preview":"max-video-preview:-1"},"canonical":"https:\/\/revistaautobus.com.br\/?p=13960","og_locale":"pt_BR","og_type":"article","og_title":"Em prol do melhor transporte - Revista AutoBus","og_description":"Operadoras do transporte coletivo urbano de cidades do Vale do Para\u00edba refor\u00e7am que est\u00e3o \u00e0 disposi\u00e7\u00e3o para contribu\u00edrem com a formula\u00e7\u00e3o de pol\u00edticas p\u00fablicas que priorizem a mobilidade urbana","og_url":"https:\/\/revistaautobus.com.br\/?p=13960","og_site_name":"Revista AutoBus","article_publisher":"https:\/\/www.facebook.com\/antonio.ferro.3150","article_published_time":"2024-11-22T11:02:23+00:00","og_image":[{"width":940,"height":627,"url":"https:\/\/revistaautobus.com.br\/wp-content\/uploads\/2024\/11\/img_6164_claudio_vieira.jpg","type":"image\/jpeg"}],"author":"Antonio Ferro","twitter_card":"summary_large_image","twitter_misc":{"Escrito por":"Antonio Ferro","Est. tempo de leitura":"2 minutos"},"schema":{"@context":"https:\/\/schema.org","@graph":[{"@type":"Article","@id":"https:\/\/revistaautobus.com.br\/?p=13960#article","isPartOf":{"@id":"https:\/\/revistaautobus.com.br\/?p=13960"},"author":{"name":"Antonio Ferro","@id":"https:\/\/revistaautobus.com.br\/#\/schema\/person\/54af7c3eb83a310e42ef686ef6d16f50"},"headline":"Em prol do melhor transporte","datePublished":"2024-11-22T11:02:23+00:00","mainEntityOfPage":{"@id":"https:\/\/revistaautobus.com.br\/?p=13960"},"wordCount":337,"commentCount":0,"publisher":{"@id":"https:\/\/revistaautobus.com.br\/#organization"},"image":{"@id":"https:\/\/revistaautobus.com.br\/?p=13960#primaryimage"},"thumbnailUrl":"https:\/\/revistaautobus.com.br\/wp-content\/uploads\/2024\/11\/img_6164_claudio_vieira.jpg","keywords":["Busvale"],"articleSection":["Mobilidade Urbana","Not\u00edcias","Tecnologia"],"inLanguage":"pt-BR","potentialAction":[{"@type":"CommentAction","name":"Comment","target":["https:\/\/revistaautobus.com.br\/?p=13960#respond"]}]},{"@type":"WebPage","@id":"https:\/\/revistaautobus.com.br\/?p=13960","url":"https:\/\/revistaautobus.com.br\/?p=13960","name":"Em prol do melhor transporte - Revista AutoBus","isPartOf":{"@id":"https:\/\/revistaautobus.com.br\/#website"},"primaryImageOfPage":{"@id":"https:\/\/revistaautobus.com.br\/?p=13960#primaryimage"},"image":{"@id":"https:\/\/revistaautobus.com.br\/?p=13960#primaryimage"},"thumbnailUrl":"https:\/\/revistaautobus.com.br\/wp-content\/uploads\/2024\/11\/img_6164_claudio_vieira.jpg","datePublished":"2024-11-22T11:02:23+00:00","breadcrumb":{"@id":"https:\/\/revistaautobus.com.br\/?p=13960#breadcrumb"},"inLanguage":"pt-BR","potentialAction":[{"@type":"ReadAction","target":["https:\/\/revistaautobus.com.br\/?p=13960"]}]},{"@type":"ImageObject","inLanguage":"pt-BR","@id":"https:\/\/revistaautobus.com.br\/?p=13960#primaryimage","url":"https:\/\/revistaautobus.com.br\/wp-content\/uploads\/2024\/11\/img_6164_claudio_vieira.jpg","contentUrl":"https:\/\/revistaautobus.com.br\/wp-content\/uploads\/2024\/11\/img_6164_claudio_vieira.jpg","width":940,"height":627},{"@type":"BreadcrumbList","@id":"https:\/\/revistaautobus.com.br\/?p=13960#breadcrumb","itemListElement":[{"@type":"ListItem","position":1,"name":"In\u00edcio","item":"https:\/\/revistaautobus.com.br\/"},{"@type":"ListItem","position":2,"name":"Em prol do melhor transporte"}]},{"@type":"WebSite","@id":"https:\/\/revistaautobus.com.br\/#website","url":"https:\/\/revistaautobus.com.br\/","name":"Revista AutoBus","description":"","publisher":{"@id":"https:\/\/revistaautobus.com.br\/#organization"},"potentialAction":[{"@type":"SearchAction","target":{"@type":"EntryPoint","urlTemplate":"https:\/\/revistaautobus.com.br\/?s={search_term_string}"},"query-input":{"@type":"PropertyValueSpecification","valueRequired":true,"valueName":"search_term_string"}}],"inLanguage":"pt-BR"},{"@type":"Organization","@id":"https:\/\/revistaautobus.com.br\/#organization","name":"Revista AutoBus","url":"https:\/\/revistaautobus.com.br\/","logo":{"@type":"ImageObject","inLanguage":"pt-BR","@id":"https:\/\/revistaautobus.com.br\/#\/schema\/logo\/image\/","url":"https:\/\/revistaautobus.com.br\/wp-content\/uploads\/2024\/11\/logo_revista_autobus_fb.png","contentUrl":"https:\/\/revistaautobus.com.br\/wp-content\/uploads\/2024\/11\/logo_revista_autobus_fb.png","width":836,"height":227,"caption":"Revista AutoBus"},"image":{"@id":"https:\/\/revistaautobus.com.br\/#\/schema\/logo\/image\/"},"sameAs":["https:\/\/www.facebook.com\/antonio.ferro.3150","https:\/\/www.instagram.com\/revistaautobus\/"]},{"@type":"Person","@id":"https:\/\/revistaautobus.com.br\/#\/schema\/person\/54af7c3eb83a310e42ef686ef6d16f50","name":"Antonio Ferro","image":{"@type":"ImageObject","inLanguage":"pt-BR","@id":"https:\/\/revistaautobus.com.br\/wp-content\/uploads\/2025\/12\/editor_antonio_ferro-150x150.jpg","url":"https:\/\/revistaautobus.com.br\/wp-content\/uploads\/2025\/12\/editor_antonio_ferro-150x150.jpg","contentUrl":"https:\/\/revistaautobus.com.br\/wp-content\/uploads\/2025\/12\/editor_antonio_ferro-150x150.jpg","caption":"Antonio Ferro"},"description":"infobus@uol.com.br","url":"https:\/\/revistaautobus.com.br\/?author=2"}]}},"jetpack_featured_media_url":"https:\/\/revistaautobus.com.br\/wp-content\/uploads\/2024\/11\/img_6164_claudio_vieira.jpg","jetpack_sharing_enabled":true,"_links":{"self":[{"href":"https:\/\/revistaautobus.com.br\/index.php?rest_route=\/wp\/v2\/posts\/13960","targetHints":{"allow":["GET"]}}],"collection":[{"href":"https:\/\/revistaautobus.com.br\/index.php?rest_route=\/wp\/v2\/posts"}],"about":[{"href":"https:\/\/revistaautobus.com.br\/index.php?rest_route=\/wp\/v2\/types\/post"}],"author":[{"embeddable":true,"href":"https:\/\/revistaautobus.com.br\/index.php?rest_route=\/wp\/v2\/users\/2"}],"replies":[{"embeddable":true,"href":"https:\/\/revistaautobus.com.br\/index.php?rest_route=%2Fwp%2Fv2%2Fcomments&post=13960"}],"version-history":[{"count":2,"href":"https:\/\/revistaautobus.com.br\/index.php?rest_route=\/wp\/v2\/posts\/13960\/revisions"}],"predecessor-version":[{"id":13963,"href":"https:\/\/revistaautobus.com.br\/index.php?rest_route=\/wp\/v2\/posts\/13960\/revisions\/13963"}],"wp:featuredmedia":[{"embeddable":true,"href":"https:\/\/revistaautobus.com.br\/index.php?rest_route=\/wp\/v2\/media\/13961"}],"wp:attachment":[{"href":"https:\/\/revistaautobus.com.br\/index.php?rest_route=%2Fwp%2Fv2%2Fmedia&parent=13960"}],"wp:term":[{"taxonomy":"category","embeddable":true,"href":"https:\/\/revistaautobus.com.br\/index.php?rest_route=%2Fwp%2Fv2%2Fcategories&post=13960"},{"taxonomy":"post_tag","embeddable":true,"href":"https:\/\/revistaautobus.com.br\/index.php?rest_route=%2Fwp%2Fv2%2Ftags&post=13960"}],"curies":[{"name":"wp","href":"https:\/\/api.w.org\/{rel}","templated":true}]}}