{"id":13994,"date":"2024-11-22T14:32:37","date_gmt":"2024-11-22T17:32:37","guid":{"rendered":"https:\/\/revistaautobus.com.br\/?p=13994"},"modified":"2024-11-22T14:33:10","modified_gmt":"2024-11-22T17:33:10","slug":"conforto-de-alto-nivel-ao-passageiro","status":"publish","type":"post","link":"https:\/\/revistaautobus.com.br\/?p=13994","title":{"rendered":"Conforto de alto n\u00edvel ao passageiro"},"content":{"rendered":"<p>A transportadora Nova Itapemirim-Suzantur deu um passo bem largo ao inaugurar um espa\u00e7o exclusivo, dentro do Terminal Tiet\u00ea, em S\u00e3o Paulo, para atender seus clientes de forma inovadora. Sua nova Sala Vip \u00e9 uma experi\u00eancia aos clientes dos servi\u00e7os leito e leito-cama, dispondo, em uma \u00e1rea de 170 metros quadrados, de um ambiente que re\u00fane conforto e tranquilidade. O <em>lounge<\/em> oferece caf\u00e9 e outras bebidas, al\u00e9m de conex\u00e3o de internet via Wi-Fi, espa\u00e7o coworking, sala de reuni\u00e3o e banheiros com op\u00e7\u00e3o de banho pago, tudo tr\u00eas horas antes de seguir viagem.<\/p>\n<p>O diretor-operacional da empresa, J\u00falio C\u00e9zar de Assis, comentou que o novo ambiente se diferencia de outras salas vips nos terminais rodovi\u00e1rios localizado no Pa\u00eds. \u201cSubimos o n\u00edvel na presta\u00e7\u00e3o de servi\u00e7o, dando aos clientes o diferencial proporcional ao conforto, qualidade, atendimento e personificar o sentimento a uma realidade. A Sala Vip tem o objetivo de proporcionar ainda mais esse requinte e amplitude da classe de conforto que a Nova Itapemirim quer proporcionar aos seus clientes\u201d, afirmou.<\/p>\n<p>Esse espa\u00e7o estar\u00e1 aberto todos os dias, das 4h da manh\u00e3 at\u00e9 1h do dia seguinte, para duas categorias de clientes &#8211; leitos e leito-cama, que ter\u00e3o acesso ao local por meio de QR Code, impresso na passagem e que ser\u00e1 usado na entrada do sal\u00e3o, a poucos metros do guich\u00ea da empresa.<\/p>\n<div id=\"attachment_13996\" style=\"width: 1010px\" class=\"wp-caption alignnone\"><img loading=\"lazy\" decoding=\"async\" aria-describedby=\"caption-attachment-13996\" class=\"wp-image-13996 size-full\" src=\"https:\/\/revistaautobus.com.br\/wp-content\/uploads\/2024\/11\/IMG_13241.jpeg\" alt=\"\" width=\"1000\" height=\"750\" srcset=\"https:\/\/revistaautobus.com.br\/wp-content\/uploads\/2024\/11\/IMG_13241.jpeg 1000w, https:\/\/revistaautobus.com.br\/wp-content\/uploads\/2024\/11\/IMG_13241-300x225.jpeg 300w, https:\/\/revistaautobus.com.br\/wp-content\/uploads\/2024\/11\/IMG_13241-768x576.jpeg 768w\" sizes=\"(max-width: 1000px) 100vw, 1000px\" \/><p id=\"caption-attachment-13996\" class=\"wp-caption-text\"><strong><span style=\"color: #008000;\"><em>O espa\u00e7o contempla conforto e comodidade aos passageiros<\/em><\/span><\/strong><\/p><\/div>\n<p>Hoje, a Nova Itapemirim conta com 101 linhas que j\u00e1 rodam sob a nova gest\u00e3o e a previs\u00e3o \u00e9 que, nos primeiros meses do pr\u00f3ximo ano, todas as 125 rotas j\u00e1 estejam em circula\u00e7\u00e3o. Al\u00e9m disso, ela opera 70 \u00f4nibus com dois pavimentos (Double Decker), sendo que 60 s\u00e3o da categoria leito-cama, respondendo, ao todo, por 480 poltronas nessa modalidade.<\/p>\n<p>De acordo com a empresa, somente pelo estado de S\u00e3o Paulo, cerca de 200 pessoas viajam pelas categorias leito e leito-cama diariamente, e a proje\u00e7\u00e3o \u00e9 de amplia\u00e7\u00e3o na aquisi\u00e7\u00e3o desses pacotes de viagem.<\/p>\n<p><em><strong>At\u00e9 banho<\/strong><\/em><\/p>\n<p>A nova Sala Vip da Itapemirim conta com seis banheiros, sendo um de acesso geral, e cinco com chuveiro, por meio de toaletes individuais, onde os clientes poder\u00e3o usufruir pelos valores de R$ 40 para adultos e R$ 30 a crian\u00e7as. O servi\u00e7o disponibiliza gratuitamente kit-banho, com sabonete, shampoo e condicionador, por meio de produtos ecol\u00f3gicos oriundos da Amaz\u00f4nia, al\u00e9m de toalhas.<\/p>\n<p>Outro detalhe \u00e9 que a operadora disp\u00f5e de uma sala reservada para bagagens e compartimentos exclusivos para pets, somente enquanto o tutor utiliza o servi\u00e7o do banho, com conforto, livre circula\u00e7\u00e3o de ar e climatizado, sem custo adicional. \u201cOs clientes buscam melhor otimiza\u00e7\u00e3o do seu tempo para produzir, enquanto se deslocam de um ponto ao outro. O \u00f4nibus \u00e9 o maior promotor disso. Essa redescoberta de que o \u00f4nibus hoje \u00e9 um transporte de luxo e, ao mesmo tempo, o mais acess\u00edvel, vem fazendo essa mudan\u00e7a de h\u00e1bito, de c\u00e1lculo e de escolha por uma melhor experi\u00eancia\u201d, observou J\u00falio.<\/p>\n<p><img loading=\"lazy\" decoding=\"async\" class=\"alignnone wp-image-13997 size-full\" src=\"https:\/\/revistaautobus.com.br\/wp-content\/uploads\/2024\/11\/IMG_13411.jpeg\" alt=\"\" width=\"1000\" height=\"750\" srcset=\"https:\/\/revistaautobus.com.br\/wp-content\/uploads\/2024\/11\/IMG_13411.jpeg 1000w, https:\/\/revistaautobus.com.br\/wp-content\/uploads\/2024\/11\/IMG_13411-300x225.jpeg 300w, https:\/\/revistaautobus.com.br\/wp-content\/uploads\/2024\/11\/IMG_13411-768x576.jpeg 768w\" sizes=\"(max-width: 1000px) 100vw, 1000px\" \/><\/p>\n<p>O executivo, tamb\u00e9m, lembrou que, mesmo que o avi\u00e3o seja geralmente mais r\u00e1pido, os clientes est\u00e3o adquirindo uma avalia\u00e7\u00e3o mais ampla e assim enxergando as vantagens do transporte rodovi\u00e1rio. \u201cO cliente quer mais. Quer seguran\u00e7a e praticidade de poder trabalhar enquanto viaja, e os \u00f4nibus e os nossos espa\u00e7os contam com cobertura de internet maior do que no modal a\u00e9reo, isso al\u00e9m dos kits de conforto\u201d, explicou.<\/p>\n<p>A transportadora fez uma avalia\u00e7\u00e3o de mercado ressaltando que o turismo rodovi\u00e1rio \u00e9 a primeira op\u00e7\u00e3o de busca dos viajantes brasileiros, chegando a 74%, superando alternativas como carro pr\u00f3prio e avi\u00f5es. E, em meio ao cen\u00e1rio otimista no setor, ela n\u00e3o descarta planos para que novas salas vip possam ser inauguradas em outros terminais rodovi\u00e1rios pelo Brasil.<\/p>\n<p>Imagens &#8211; Divulga\u00e7\u00e3o<\/p>\n","protected":false},"excerpt":{"rendered":"<p>Operadora do transporte rodovi\u00e1rio de passageiros vai al\u00e9m do que o setor estava acostumado a oferecer aos seus clientes<\/p>\n","protected":false},"author":2,"featured_media":13995,"comment_status":"open","ping_status":"open","sticky":false,"template":"","format":"standard","meta":{"_et_pb_use_builder":"","_et_pb_old_content":"","_et_gb_content_width":"","_jetpack_memberships_contains_paid_content":false,"footnotes":""},"categories":[90,80],"tags":[642],"class_list":["post-13994","post","type-post","status-publish","format-standard","has-post-thumbnail","hentry","category-noticias","category-transporte-rodoviario","tag-nova-itapemirim","et-has-post-format-content","et_post_format-et-post-format-standard"],"yoast_head":"<!-- This site is optimized with the Yoast SEO plugin v27.2 - https:\/\/yoast.com\/product\/yoast-seo-wordpress\/ -->\n<title>Conforto de alto n\u00edvel ao passageiro - Revista AutoBus<\/title>\n<meta name=\"robots\" content=\"index, follow, max-snippet:-1, max-image-preview:large, max-video-preview:-1\" \/>\n<link rel=\"canonical\" href=\"https:\/\/revistaautobus.com.br\/?p=13994\" \/>\n<meta property=\"og:locale\" content=\"pt_BR\" \/>\n<meta property=\"og:type\" content=\"article\" \/>\n<meta property=\"og:title\" content=\"Conforto de alto n\u00edvel ao passageiro - Revista AutoBus\" \/>\n<meta property=\"og:description\" content=\"Operadora do transporte rodovi\u00e1rio de passageiros vai al\u00e9m do que o setor estava acostumado a oferecer aos seus clientes\" \/>\n<meta property=\"og:url\" content=\"https:\/\/revistaautobus.com.br\/?p=13994\" \/>\n<meta property=\"og:site_name\" content=\"Revista AutoBus\" \/>\n<meta property=\"article:publisher\" content=\"https:\/\/www.facebook.com\/antonio.ferro.3150\" \/>\n<meta property=\"article:published_time\" content=\"2024-11-22T17:32:37+00:00\" \/>\n<meta property=\"article:modified_time\" content=\"2024-11-22T17:33:10+00:00\" \/>\n<meta property=\"og:image\" content=\"https:\/\/revistaautobus.com.br\/wp-content\/uploads\/2024\/11\/IMG_71821.jpg\" \/>\n\t<meta property=\"og:image:width\" content=\"1000\" \/>\n\t<meta property=\"og:image:height\" content=\"666\" \/>\n\t<meta property=\"og:image:type\" content=\"image\/jpeg\" \/>\n<meta name=\"author\" content=\"Antonio Ferro\" \/>\n<meta name=\"twitter:card\" content=\"summary_large_image\" \/>\n<meta name=\"twitter:label1\" content=\"Escrito por\" \/>\n\t<meta name=\"twitter:data1\" content=\"Antonio Ferro\" \/>\n\t<meta name=\"twitter:label2\" content=\"Est. tempo de leitura\" \/>\n\t<meta name=\"twitter:data2\" content=\"5 minutos\" \/>\n<script type=\"application\/ld+json\" class=\"yoast-schema-graph\">{\"@context\":\"https:\/\/schema.org\",\"@graph\":[{\"@type\":\"Article\",\"@id\":\"https:\/\/revistaautobus.com.br\/?p=13994#article\",\"isPartOf\":{\"@id\":\"https:\/\/revistaautobus.com.br\/?p=13994\"},\"author\":{\"name\":\"Antonio Ferro\",\"@id\":\"https:\/\/revistaautobus.com.br\/#\/schema\/person\/54af7c3eb83a310e42ef686ef6d16f50\"},\"headline\":\"Conforto de alto n\u00edvel ao passageiro\",\"datePublished\":\"2024-11-22T17:32:37+00:00\",\"dateModified\":\"2024-11-22T17:33:10+00:00\",\"mainEntityOfPage\":{\"@id\":\"https:\/\/revistaautobus.com.br\/?p=13994\"},\"wordCount\":677,\"commentCount\":0,\"publisher\":{\"@id\":\"https:\/\/revistaautobus.com.br\/#organization\"},\"image\":{\"@id\":\"https:\/\/revistaautobus.com.br\/?p=13994#primaryimage\"},\"thumbnailUrl\":\"https:\/\/revistaautobus.com.br\/wp-content\/uploads\/2024\/11\/IMG_71821.jpg\",\"keywords\":[\"Nova Itapemirim\"],\"articleSection\":[\"Not\u00edcias\",\"Transporte rodovi\u00e1rio\"],\"inLanguage\":\"pt-BR\",\"potentialAction\":[{\"@type\":\"CommentAction\",\"name\":\"Comment\",\"target\":[\"https:\/\/revistaautobus.com.br\/?p=13994#respond\"]}]},{\"@type\":\"WebPage\",\"@id\":\"https:\/\/revistaautobus.com.br\/?p=13994\",\"url\":\"https:\/\/revistaautobus.com.br\/?p=13994\",\"name\":\"Conforto de alto n\u00edvel ao passageiro - Revista AutoBus\",\"isPartOf\":{\"@id\":\"https:\/\/revistaautobus.com.br\/#website\"},\"primaryImageOfPage\":{\"@id\":\"https:\/\/revistaautobus.com.br\/?p=13994#primaryimage\"},\"image\":{\"@id\":\"https:\/\/revistaautobus.com.br\/?p=13994#primaryimage\"},\"thumbnailUrl\":\"https:\/\/revistaautobus.com.br\/wp-content\/uploads\/2024\/11\/IMG_71821.jpg\",\"datePublished\":\"2024-11-22T17:32:37+00:00\",\"dateModified\":\"2024-11-22T17:33:10+00:00\",\"breadcrumb\":{\"@id\":\"https:\/\/revistaautobus.com.br\/?p=13994#breadcrumb\"},\"inLanguage\":\"pt-BR\",\"potentialAction\":[{\"@type\":\"ReadAction\",\"target\":[\"https:\/\/revistaautobus.com.br\/?p=13994\"]}]},{\"@type\":\"ImageObject\",\"inLanguage\":\"pt-BR\",\"@id\":\"https:\/\/revistaautobus.com.br\/?p=13994#primaryimage\",\"url\":\"https:\/\/revistaautobus.com.br\/wp-content\/uploads\/2024\/11\/IMG_71821.jpg\",\"contentUrl\":\"https:\/\/revistaautobus.com.br\/wp-content\/uploads\/2024\/11\/IMG_71821.jpg\",\"width\":1000,\"height\":666},{\"@type\":\"BreadcrumbList\",\"@id\":\"https:\/\/revistaautobus.com.br\/?p=13994#breadcrumb\",\"itemListElement\":[{\"@type\":\"ListItem\",\"position\":1,\"name\":\"In\u00edcio\",\"item\":\"https:\/\/revistaautobus.com.br\/\"},{\"@type\":\"ListItem\",\"position\":2,\"name\":\"Conforto de alto n\u00edvel ao passageiro\"}]},{\"@type\":\"WebSite\",\"@id\":\"https:\/\/revistaautobus.com.br\/#website\",\"url\":\"https:\/\/revistaautobus.com.br\/\",\"name\":\"Revista AutoBus\",\"description\":\"\",\"publisher\":{\"@id\":\"https:\/\/revistaautobus.com.br\/#organization\"},\"potentialAction\":[{\"@type\":\"SearchAction\",\"target\":{\"@type\":\"EntryPoint\",\"urlTemplate\":\"https:\/\/revistaautobus.com.br\/?s={search_term_string}\"},\"query-input\":{\"@type\":\"PropertyValueSpecification\",\"valueRequired\":true,\"valueName\":\"search_term_string\"}}],\"inLanguage\":\"pt-BR\"},{\"@type\":\"Organization\",\"@id\":\"https:\/\/revistaautobus.com.br\/#organization\",\"name\":\"Revista AutoBus\",\"url\":\"https:\/\/revistaautobus.com.br\/\",\"logo\":{\"@type\":\"ImageObject\",\"inLanguage\":\"pt-BR\",\"@id\":\"https:\/\/revistaautobus.com.br\/#\/schema\/logo\/image\/\",\"url\":\"https:\/\/revistaautobus.com.br\/wp-content\/uploads\/2024\/11\/logo_revista_autobus_fb.png\",\"contentUrl\":\"https:\/\/revistaautobus.com.br\/wp-content\/uploads\/2024\/11\/logo_revista_autobus_fb.png\",\"width\":836,\"height\":227,\"caption\":\"Revista AutoBus\"},\"image\":{\"@id\":\"https:\/\/revistaautobus.com.br\/#\/schema\/logo\/image\/\"},\"sameAs\":[\"https:\/\/www.facebook.com\/antonio.ferro.3150\",\"https:\/\/www.instagram.com\/revistaautobus\/\"]},{\"@type\":\"Person\",\"@id\":\"https:\/\/revistaautobus.com.br\/#\/schema\/person\/54af7c3eb83a310e42ef686ef6d16f50\",\"name\":\"Antonio Ferro\",\"image\":{\"@type\":\"ImageObject\",\"inLanguage\":\"pt-BR\",\"@id\":\"https:\/\/revistaautobus.com.br\/wp-content\/uploads\/2025\/12\/editor_antonio_ferro-150x150.jpg\",\"url\":\"https:\/\/revistaautobus.com.br\/wp-content\/uploads\/2025\/12\/editor_antonio_ferro-150x150.jpg\",\"contentUrl\":\"https:\/\/revistaautobus.com.br\/wp-content\/uploads\/2025\/12\/editor_antonio_ferro-150x150.jpg\",\"caption\":\"Antonio Ferro\"},\"description\":\"infobus@uol.com.br\",\"url\":\"https:\/\/revistaautobus.com.br\/?author=2\"}]}<\/script>\n<!-- \/ Yoast SEO plugin. -->","yoast_head_json":{"title":"Conforto de alto n\u00edvel ao passageiro - Revista AutoBus","robots":{"index":"index","follow":"follow","max-snippet":"max-snippet:-1","max-image-preview":"max-image-preview:large","max-video-preview":"max-video-preview:-1"},"canonical":"https:\/\/revistaautobus.com.br\/?p=13994","og_locale":"pt_BR","og_type":"article","og_title":"Conforto de alto n\u00edvel ao passageiro - Revista AutoBus","og_description":"Operadora do transporte rodovi\u00e1rio de passageiros vai al\u00e9m do que o setor estava acostumado a oferecer aos seus clientes","og_url":"https:\/\/revistaautobus.com.br\/?p=13994","og_site_name":"Revista AutoBus","article_publisher":"https:\/\/www.facebook.com\/antonio.ferro.3150","article_published_time":"2024-11-22T17:32:37+00:00","article_modified_time":"2024-11-22T17:33:10+00:00","og_image":[{"width":1000,"height":666,"url":"https:\/\/revistaautobus.com.br\/wp-content\/uploads\/2024\/11\/IMG_71821.jpg","type":"image\/jpeg"}],"author":"Antonio Ferro","twitter_card":"summary_large_image","twitter_misc":{"Escrito por":"Antonio Ferro","Est. tempo de leitura":"5 minutos"},"schema":{"@context":"https:\/\/schema.org","@graph":[{"@type":"Article","@id":"https:\/\/revistaautobus.com.br\/?p=13994#article","isPartOf":{"@id":"https:\/\/revistaautobus.com.br\/?p=13994"},"author":{"name":"Antonio Ferro","@id":"https:\/\/revistaautobus.com.br\/#\/schema\/person\/54af7c3eb83a310e42ef686ef6d16f50"},"headline":"Conforto de alto n\u00edvel ao passageiro","datePublished":"2024-11-22T17:32:37+00:00","dateModified":"2024-11-22T17:33:10+00:00","mainEntityOfPage":{"@id":"https:\/\/revistaautobus.com.br\/?p=13994"},"wordCount":677,"commentCount":0,"publisher":{"@id":"https:\/\/revistaautobus.com.br\/#organization"},"image":{"@id":"https:\/\/revistaautobus.com.br\/?p=13994#primaryimage"},"thumbnailUrl":"https:\/\/revistaautobus.com.br\/wp-content\/uploads\/2024\/11\/IMG_71821.jpg","keywords":["Nova Itapemirim"],"articleSection":["Not\u00edcias","Transporte rodovi\u00e1rio"],"inLanguage":"pt-BR","potentialAction":[{"@type":"CommentAction","name":"Comment","target":["https:\/\/revistaautobus.com.br\/?p=13994#respond"]}]},{"@type":"WebPage","@id":"https:\/\/revistaautobus.com.br\/?p=13994","url":"https:\/\/revistaautobus.com.br\/?p=13994","name":"Conforto de alto n\u00edvel ao passageiro - Revista AutoBus","isPartOf":{"@id":"https:\/\/revistaautobus.com.br\/#website"},"primaryImageOfPage":{"@id":"https:\/\/revistaautobus.com.br\/?p=13994#primaryimage"},"image":{"@id":"https:\/\/revistaautobus.com.br\/?p=13994#primaryimage"},"thumbnailUrl":"https:\/\/revistaautobus.com.br\/wp-content\/uploads\/2024\/11\/IMG_71821.jpg","datePublished":"2024-11-22T17:32:37+00:00","dateModified":"2024-11-22T17:33:10+00:00","breadcrumb":{"@id":"https:\/\/revistaautobus.com.br\/?p=13994#breadcrumb"},"inLanguage":"pt-BR","potentialAction":[{"@type":"ReadAction","target":["https:\/\/revistaautobus.com.br\/?p=13994"]}]},{"@type":"ImageObject","inLanguage":"pt-BR","@id":"https:\/\/revistaautobus.com.br\/?p=13994#primaryimage","url":"https:\/\/revistaautobus.com.br\/wp-content\/uploads\/2024\/11\/IMG_71821.jpg","contentUrl":"https:\/\/revistaautobus.com.br\/wp-content\/uploads\/2024\/11\/IMG_71821.jpg","width":1000,"height":666},{"@type":"BreadcrumbList","@id":"https:\/\/revistaautobus.com.br\/?p=13994#breadcrumb","itemListElement":[{"@type":"ListItem","position":1,"name":"In\u00edcio","item":"https:\/\/revistaautobus.com.br\/"},{"@type":"ListItem","position":2,"name":"Conforto de alto n\u00edvel ao passageiro"}]},{"@type":"WebSite","@id":"https:\/\/revistaautobus.com.br\/#website","url":"https:\/\/revistaautobus.com.br\/","name":"Revista AutoBus","description":"","publisher":{"@id":"https:\/\/revistaautobus.com.br\/#organization"},"potentialAction":[{"@type":"SearchAction","target":{"@type":"EntryPoint","urlTemplate":"https:\/\/revistaautobus.com.br\/?s={search_term_string}"},"query-input":{"@type":"PropertyValueSpecification","valueRequired":true,"valueName":"search_term_string"}}],"inLanguage":"pt-BR"},{"@type":"Organization","@id":"https:\/\/revistaautobus.com.br\/#organization","name":"Revista AutoBus","url":"https:\/\/revistaautobus.com.br\/","logo":{"@type":"ImageObject","inLanguage":"pt-BR","@id":"https:\/\/revistaautobus.com.br\/#\/schema\/logo\/image\/","url":"https:\/\/revistaautobus.com.br\/wp-content\/uploads\/2024\/11\/logo_revista_autobus_fb.png","contentUrl":"https:\/\/revistaautobus.com.br\/wp-content\/uploads\/2024\/11\/logo_revista_autobus_fb.png","width":836,"height":227,"caption":"Revista AutoBus"},"image":{"@id":"https:\/\/revistaautobus.com.br\/#\/schema\/logo\/image\/"},"sameAs":["https:\/\/www.facebook.com\/antonio.ferro.3150","https:\/\/www.instagram.com\/revistaautobus\/"]},{"@type":"Person","@id":"https:\/\/revistaautobus.com.br\/#\/schema\/person\/54af7c3eb83a310e42ef686ef6d16f50","name":"Antonio Ferro","image":{"@type":"ImageObject","inLanguage":"pt-BR","@id":"https:\/\/revistaautobus.com.br\/wp-content\/uploads\/2025\/12\/editor_antonio_ferro-150x150.jpg","url":"https:\/\/revistaautobus.com.br\/wp-content\/uploads\/2025\/12\/editor_antonio_ferro-150x150.jpg","contentUrl":"https:\/\/revistaautobus.com.br\/wp-content\/uploads\/2025\/12\/editor_antonio_ferro-150x150.jpg","caption":"Antonio Ferro"},"description":"infobus@uol.com.br","url":"https:\/\/revistaautobus.com.br\/?author=2"}]}},"jetpack_featured_media_url":"https:\/\/revistaautobus.com.br\/wp-content\/uploads\/2024\/11\/IMG_71821.jpg","jetpack_sharing_enabled":true,"_links":{"self":[{"href":"https:\/\/revistaautobus.com.br\/index.php?rest_route=\/wp\/v2\/posts\/13994","targetHints":{"allow":["GET"]}}],"collection":[{"href":"https:\/\/revistaautobus.com.br\/index.php?rest_route=\/wp\/v2\/posts"}],"about":[{"href":"https:\/\/revistaautobus.com.br\/index.php?rest_route=\/wp\/v2\/types\/post"}],"author":[{"embeddable":true,"href":"https:\/\/revistaautobus.com.br\/index.php?rest_route=\/wp\/v2\/users\/2"}],"replies":[{"embeddable":true,"href":"https:\/\/revistaautobus.com.br\/index.php?rest_route=%2Fwp%2Fv2%2Fcomments&post=13994"}],"version-history":[{"count":3,"href":"https:\/\/revistaautobus.com.br\/index.php?rest_route=\/wp\/v2\/posts\/13994\/revisions"}],"predecessor-version":[{"id":13999,"href":"https:\/\/revistaautobus.com.br\/index.php?rest_route=\/wp\/v2\/posts\/13994\/revisions\/13999"}],"wp:featuredmedia":[{"embeddable":true,"href":"https:\/\/revistaautobus.com.br\/index.php?rest_route=\/wp\/v2\/media\/13995"}],"wp:attachment":[{"href":"https:\/\/revistaautobus.com.br\/index.php?rest_route=%2Fwp%2Fv2%2Fmedia&parent=13994"}],"wp:term":[{"taxonomy":"category","embeddable":true,"href":"https:\/\/revistaautobus.com.br\/index.php?rest_route=%2Fwp%2Fv2%2Fcategories&post=13994"},{"taxonomy":"post_tag","embeddable":true,"href":"https:\/\/revistaautobus.com.br\/index.php?rest_route=%2Fwp%2Fv2%2Ftags&post=13994"}],"curies":[{"name":"wp","href":"https:\/\/api.w.org\/{rel}","templated":true}]}}