{"id":14034,"date":"2024-12-02T09:39:47","date_gmt":"2024-12-02T12:39:47","guid":{"rendered":"https:\/\/revistaautobus.com.br\/?p=14034"},"modified":"2024-12-02T09:39:47","modified_gmt":"2024-12-02T12:39:47","slug":"semana-da-qualidade-2024-no-grupo-caio","status":"publish","type":"post","link":"https:\/\/revistaautobus.com.br\/?p=14034","title":{"rendered":"Semana da qualidade 2024 no Grupo Caio"},"content":{"rendered":"<p><span style=\"color: #008080;\"><em><strong>Espa\u00e7o Caio<\/strong><\/em><\/span><\/p>\n<p>O Grupo Caio promoveu atividades em celebra\u00e7\u00e3o ao Dia Mundial da Qualidade, definido pela ONU como a segunda quinta-feira de novembro, neste ano, o dia 14.<\/p>\n<p>A campanha, realizada ao longo de quatro dias, de 11 a 14 de novembro, foi organizada pelos setores de Qualidade e Endomarketing &#8211; Gente &amp; Gest\u00e3o, reafirmando o compromisso das empresas com a excel\u00eancia em seus produtos e servi\u00e7os.<\/p>\n<p>Essa iniciativa teve como objetivo promover a conscientiza\u00e7\u00e3o sobre a qualidade e suas implica\u00e7\u00f5es no dia a dia dos colaboradores, sendo uma ferramenta essencial para garantir um ambiente de trabalho mais eficiente e harmonioso, al\u00e9m de fidelizar clientes.<\/p>\n<p>Maur\u00edcio Cunha, vice-presidente do Grupo Caio, destaca: \u201cDurante uma semana repleta de atividades, ensinamentos e divers\u00e3o, conseguimos demonstrar na pr\u00e1tica a import\u00e2ncia de realizar nosso trabalho com qualidade. Reafirmamos nosso compromisso de sempre fazer o melhor, promovendo o desenvolvimento profissional, pessoal e do Grupo\u201d.<\/p>\n<p><strong><em>A\u00e7\u00f5es promovidas durante a semana<\/em><\/strong><\/p>\n<p>A Semana da Qualidade teve seu in\u00edcio com o v\u00eddeo \u201cQ da Qualidade\u201d, na qual colaboradores das empresas de Botucatu e Barra Bonita formaram um grande \u201cQ\u201d em uma vis\u00e3o a\u00e9rea no gramado da Caio Botucatu.<\/p>\n<p>Outra a\u00e7\u00e3o foi a \u201cAssinatura da Qualidade\u201d com a <em>hashtag<\/em> #EusouQualidade, onde os colaboradores e autoridades do Grupo Caio puderam assinar \u00f4nibus e pe\u00e7as fabricadas por cada empresa, registrando seu compromisso com a excel\u00eancia.<\/p>\n<p>Al\u00e9m disso, foram realizadas atividades como din\u00e2micas sobre a separa\u00e7\u00e3o correta de materiais e exposi\u00e7\u00e3o de <em>banners<\/em> nas f\u00e1bricas.<\/p>\n<p>A Semana da Qualidade do Grupo Caio reafirma a import\u00e2ncia da qualidade cont\u00ednua e o impacto positivo que tem nas a\u00e7\u00f5es e relacionamentos de todos os colaboradores.<\/p>\n<p>Imagem &#8211; Divulga\u00e7\u00e3o<\/p>\n","protected":false},"excerpt":{"rendered":"<p>A iniciativa teve como objetivo promover a conscientiza\u00e7\u00e3o sobre a qualidade e suas implica\u00e7\u00f5es no dia a dia dos colaboradores<\/p>\n","protected":false},"author":2,"featured_media":14035,"comment_status":"open","ping_status":"open","sticky":false,"template":"","format":"standard","meta":{"_et_pb_use_builder":"","_et_pb_old_content":"","_et_gb_content_width":"","_jetpack_memberships_contains_paid_content":false,"footnotes":""},"categories":[557,55,90],"tags":[83],"class_list":["post-14034","post","type-post","status-publish","format-standard","has-post-thumbnail","hentry","category-celulas-a-combustivel","category-encarrocadora","category-noticias","tag-caio","et-has-post-format-content","et_post_format-et-post-format-standard"],"yoast_head":"<!-- This site is optimized with the Yoast SEO plugin v27.2 - https:\/\/yoast.com\/product\/yoast-seo-wordpress\/ -->\n<title>Semana da qualidade 2024 no Grupo Caio - Revista AutoBus<\/title>\n<meta name=\"robots\" content=\"index, follow, max-snippet:-1, max-image-preview:large, max-video-preview:-1\" \/>\n<link rel=\"canonical\" href=\"https:\/\/revistaautobus.com.br\/?p=14034\" \/>\n<meta property=\"og:locale\" content=\"pt_BR\" \/>\n<meta property=\"og:type\" content=\"article\" \/>\n<meta property=\"og:title\" content=\"Semana da qualidade 2024 no Grupo Caio - Revista AutoBus\" \/>\n<meta property=\"og:description\" content=\"A iniciativa teve como objetivo promover a conscientiza\u00e7\u00e3o sobre a qualidade e suas implica\u00e7\u00f5es no dia a dia dos colaboradores\" \/>\n<meta property=\"og:url\" content=\"https:\/\/revistaautobus.com.br\/?p=14034\" \/>\n<meta property=\"og:site_name\" content=\"Revista AutoBus\" \/>\n<meta property=\"article:publisher\" content=\"https:\/\/www.facebook.com\/antonio.ferro.3150\" \/>\n<meta property=\"article:published_time\" content=\"2024-12-02T12:39:47+00:00\" \/>\n<meta property=\"og:image\" content=\"https:\/\/revistaautobus.com.br\/wp-content\/uploads\/2024\/12\/Qualidade_-Caio-1.jpg\" \/>\n\t<meta property=\"og:image:width\" content=\"1000\" \/>\n\t<meta property=\"og:image:height\" content=\"750\" \/>\n\t<meta property=\"og:image:type\" content=\"image\/jpeg\" \/>\n<meta name=\"author\" content=\"Antonio Ferro\" \/>\n<meta name=\"twitter:card\" content=\"summary_large_image\" \/>\n<meta name=\"twitter:label1\" content=\"Escrito por\" \/>\n\t<meta name=\"twitter:data1\" content=\"Antonio Ferro\" \/>\n\t<meta name=\"twitter:label2\" content=\"Est. tempo de leitura\" \/>\n\t<meta name=\"twitter:data2\" content=\"2 minutos\" \/>\n<script type=\"application\/ld+json\" class=\"yoast-schema-graph\">{\"@context\":\"https:\/\/schema.org\",\"@graph\":[{\"@type\":\"Article\",\"@id\":\"https:\/\/revistaautobus.com.br\/?p=14034#article\",\"isPartOf\":{\"@id\":\"https:\/\/revistaautobus.com.br\/?p=14034\"},\"author\":{\"name\":\"Antonio Ferro\",\"@id\":\"https:\/\/revistaautobus.com.br\/#\/schema\/person\/54af7c3eb83a310e42ef686ef6d16f50\"},\"headline\":\"Semana da qualidade 2024 no Grupo Caio\",\"datePublished\":\"2024-12-02T12:39:47+00:00\",\"mainEntityOfPage\":{\"@id\":\"https:\/\/revistaautobus.com.br\/?p=14034\"},\"wordCount\":305,\"commentCount\":0,\"publisher\":{\"@id\":\"https:\/\/revistaautobus.com.br\/#organization\"},\"image\":{\"@id\":\"https:\/\/revistaautobus.com.br\/?p=14034#primaryimage\"},\"thumbnailUrl\":\"https:\/\/revistaautobus.com.br\/wp-content\/uploads\/2024\/12\/Qualidade_-Caio-1.jpg\",\"keywords\":[\"Caio\"],\"articleSection\":[\"C\u00e9lulas a combust\u00edvel\",\"Encarro\u00e7adora\",\"Not\u00edcias\"],\"inLanguage\":\"pt-BR\",\"potentialAction\":[{\"@type\":\"CommentAction\",\"name\":\"Comment\",\"target\":[\"https:\/\/revistaautobus.com.br\/?p=14034#respond\"]}]},{\"@type\":\"WebPage\",\"@id\":\"https:\/\/revistaautobus.com.br\/?p=14034\",\"url\":\"https:\/\/revistaautobus.com.br\/?p=14034\",\"name\":\"Semana da qualidade 2024 no Grupo Caio - Revista AutoBus\",\"isPartOf\":{\"@id\":\"https:\/\/revistaautobus.com.br\/#website\"},\"primaryImageOfPage\":{\"@id\":\"https:\/\/revistaautobus.com.br\/?p=14034#primaryimage\"},\"image\":{\"@id\":\"https:\/\/revistaautobus.com.br\/?p=14034#primaryimage\"},\"thumbnailUrl\":\"https:\/\/revistaautobus.com.br\/wp-content\/uploads\/2024\/12\/Qualidade_-Caio-1.jpg\",\"datePublished\":\"2024-12-02T12:39:47+00:00\",\"breadcrumb\":{\"@id\":\"https:\/\/revistaautobus.com.br\/?p=14034#breadcrumb\"},\"inLanguage\":\"pt-BR\",\"potentialAction\":[{\"@type\":\"ReadAction\",\"target\":[\"https:\/\/revistaautobus.com.br\/?p=14034\"]}]},{\"@type\":\"ImageObject\",\"inLanguage\":\"pt-BR\",\"@id\":\"https:\/\/revistaautobus.com.br\/?p=14034#primaryimage\",\"url\":\"https:\/\/revistaautobus.com.br\/wp-content\/uploads\/2024\/12\/Qualidade_-Caio-1.jpg\",\"contentUrl\":\"https:\/\/revistaautobus.com.br\/wp-content\/uploads\/2024\/12\/Qualidade_-Caio-1.jpg\",\"width\":1000,\"height\":750},{\"@type\":\"BreadcrumbList\",\"@id\":\"https:\/\/revistaautobus.com.br\/?p=14034#breadcrumb\",\"itemListElement\":[{\"@type\":\"ListItem\",\"position\":1,\"name\":\"In\u00edcio\",\"item\":\"https:\/\/revistaautobus.com.br\/\"},{\"@type\":\"ListItem\",\"position\":2,\"name\":\"Semana da qualidade 2024 no Grupo Caio\"}]},{\"@type\":\"WebSite\",\"@id\":\"https:\/\/revistaautobus.com.br\/#website\",\"url\":\"https:\/\/revistaautobus.com.br\/\",\"name\":\"Revista AutoBus\",\"description\":\"\",\"publisher\":{\"@id\":\"https:\/\/revistaautobus.com.br\/#organization\"},\"potentialAction\":[{\"@type\":\"SearchAction\",\"target\":{\"@type\":\"EntryPoint\",\"urlTemplate\":\"https:\/\/revistaautobus.com.br\/?s={search_term_string}\"},\"query-input\":{\"@type\":\"PropertyValueSpecification\",\"valueRequired\":true,\"valueName\":\"search_term_string\"}}],\"inLanguage\":\"pt-BR\"},{\"@type\":\"Organization\",\"@id\":\"https:\/\/revistaautobus.com.br\/#organization\",\"name\":\"Revista AutoBus\",\"url\":\"https:\/\/revistaautobus.com.br\/\",\"logo\":{\"@type\":\"ImageObject\",\"inLanguage\":\"pt-BR\",\"@id\":\"https:\/\/revistaautobus.com.br\/#\/schema\/logo\/image\/\",\"url\":\"https:\/\/revistaautobus.com.br\/wp-content\/uploads\/2024\/11\/logo_revista_autobus_fb.png\",\"contentUrl\":\"https:\/\/revistaautobus.com.br\/wp-content\/uploads\/2024\/11\/logo_revista_autobus_fb.png\",\"width\":836,\"height\":227,\"caption\":\"Revista AutoBus\"},\"image\":{\"@id\":\"https:\/\/revistaautobus.com.br\/#\/schema\/logo\/image\/\"},\"sameAs\":[\"https:\/\/www.facebook.com\/antonio.ferro.3150\",\"https:\/\/www.instagram.com\/revistaautobus\/\"]},{\"@type\":\"Person\",\"@id\":\"https:\/\/revistaautobus.com.br\/#\/schema\/person\/54af7c3eb83a310e42ef686ef6d16f50\",\"name\":\"Antonio Ferro\",\"image\":{\"@type\":\"ImageObject\",\"inLanguage\":\"pt-BR\",\"@id\":\"https:\/\/revistaautobus.com.br\/wp-content\/uploads\/2025\/12\/editor_antonio_ferro-150x150.jpg\",\"url\":\"https:\/\/revistaautobus.com.br\/wp-content\/uploads\/2025\/12\/editor_antonio_ferro-150x150.jpg\",\"contentUrl\":\"https:\/\/revistaautobus.com.br\/wp-content\/uploads\/2025\/12\/editor_antonio_ferro-150x150.jpg\",\"caption\":\"Antonio Ferro\"},\"description\":\"infobus@uol.com.br\",\"url\":\"https:\/\/revistaautobus.com.br\/?author=2\"}]}<\/script>\n<!-- \/ Yoast SEO plugin. -->","yoast_head_json":{"title":"Semana da qualidade 2024 no Grupo Caio - Revista AutoBus","robots":{"index":"index","follow":"follow","max-snippet":"max-snippet:-1","max-image-preview":"max-image-preview:large","max-video-preview":"max-video-preview:-1"},"canonical":"https:\/\/revistaautobus.com.br\/?p=14034","og_locale":"pt_BR","og_type":"article","og_title":"Semana da qualidade 2024 no Grupo Caio - Revista AutoBus","og_description":"A iniciativa teve como objetivo promover a conscientiza\u00e7\u00e3o sobre a qualidade e suas implica\u00e7\u00f5es no dia a dia dos colaboradores","og_url":"https:\/\/revistaautobus.com.br\/?p=14034","og_site_name":"Revista AutoBus","article_publisher":"https:\/\/www.facebook.com\/antonio.ferro.3150","article_published_time":"2024-12-02T12:39:47+00:00","og_image":[{"width":1000,"height":750,"url":"https:\/\/revistaautobus.com.br\/wp-content\/uploads\/2024\/12\/Qualidade_-Caio-1.jpg","type":"image\/jpeg"}],"author":"Antonio Ferro","twitter_card":"summary_large_image","twitter_misc":{"Escrito por":"Antonio Ferro","Est. tempo de leitura":"2 minutos"},"schema":{"@context":"https:\/\/schema.org","@graph":[{"@type":"Article","@id":"https:\/\/revistaautobus.com.br\/?p=14034#article","isPartOf":{"@id":"https:\/\/revistaautobus.com.br\/?p=14034"},"author":{"name":"Antonio Ferro","@id":"https:\/\/revistaautobus.com.br\/#\/schema\/person\/54af7c3eb83a310e42ef686ef6d16f50"},"headline":"Semana da qualidade 2024 no Grupo Caio","datePublished":"2024-12-02T12:39:47+00:00","mainEntityOfPage":{"@id":"https:\/\/revistaautobus.com.br\/?p=14034"},"wordCount":305,"commentCount":0,"publisher":{"@id":"https:\/\/revistaautobus.com.br\/#organization"},"image":{"@id":"https:\/\/revistaautobus.com.br\/?p=14034#primaryimage"},"thumbnailUrl":"https:\/\/revistaautobus.com.br\/wp-content\/uploads\/2024\/12\/Qualidade_-Caio-1.jpg","keywords":["Caio"],"articleSection":["C\u00e9lulas a combust\u00edvel","Encarro\u00e7adora","Not\u00edcias"],"inLanguage":"pt-BR","potentialAction":[{"@type":"CommentAction","name":"Comment","target":["https:\/\/revistaautobus.com.br\/?p=14034#respond"]}]},{"@type":"WebPage","@id":"https:\/\/revistaautobus.com.br\/?p=14034","url":"https:\/\/revistaautobus.com.br\/?p=14034","name":"Semana da qualidade 2024 no Grupo Caio - Revista AutoBus","isPartOf":{"@id":"https:\/\/revistaautobus.com.br\/#website"},"primaryImageOfPage":{"@id":"https:\/\/revistaautobus.com.br\/?p=14034#primaryimage"},"image":{"@id":"https:\/\/revistaautobus.com.br\/?p=14034#primaryimage"},"thumbnailUrl":"https:\/\/revistaautobus.com.br\/wp-content\/uploads\/2024\/12\/Qualidade_-Caio-1.jpg","datePublished":"2024-12-02T12:39:47+00:00","breadcrumb":{"@id":"https:\/\/revistaautobus.com.br\/?p=14034#breadcrumb"},"inLanguage":"pt-BR","potentialAction":[{"@type":"ReadAction","target":["https:\/\/revistaautobus.com.br\/?p=14034"]}]},{"@type":"ImageObject","inLanguage":"pt-BR","@id":"https:\/\/revistaautobus.com.br\/?p=14034#primaryimage","url":"https:\/\/revistaautobus.com.br\/wp-content\/uploads\/2024\/12\/Qualidade_-Caio-1.jpg","contentUrl":"https:\/\/revistaautobus.com.br\/wp-content\/uploads\/2024\/12\/Qualidade_-Caio-1.jpg","width":1000,"height":750},{"@type":"BreadcrumbList","@id":"https:\/\/revistaautobus.com.br\/?p=14034#breadcrumb","itemListElement":[{"@type":"ListItem","position":1,"name":"In\u00edcio","item":"https:\/\/revistaautobus.com.br\/"},{"@type":"ListItem","position":2,"name":"Semana da qualidade 2024 no Grupo Caio"}]},{"@type":"WebSite","@id":"https:\/\/revistaautobus.com.br\/#website","url":"https:\/\/revistaautobus.com.br\/","name":"Revista AutoBus","description":"","publisher":{"@id":"https:\/\/revistaautobus.com.br\/#organization"},"potentialAction":[{"@type":"SearchAction","target":{"@type":"EntryPoint","urlTemplate":"https:\/\/revistaautobus.com.br\/?s={search_term_string}"},"query-input":{"@type":"PropertyValueSpecification","valueRequired":true,"valueName":"search_term_string"}}],"inLanguage":"pt-BR"},{"@type":"Organization","@id":"https:\/\/revistaautobus.com.br\/#organization","name":"Revista AutoBus","url":"https:\/\/revistaautobus.com.br\/","logo":{"@type":"ImageObject","inLanguage":"pt-BR","@id":"https:\/\/revistaautobus.com.br\/#\/schema\/logo\/image\/","url":"https:\/\/revistaautobus.com.br\/wp-content\/uploads\/2024\/11\/logo_revista_autobus_fb.png","contentUrl":"https:\/\/revistaautobus.com.br\/wp-content\/uploads\/2024\/11\/logo_revista_autobus_fb.png","width":836,"height":227,"caption":"Revista AutoBus"},"image":{"@id":"https:\/\/revistaautobus.com.br\/#\/schema\/logo\/image\/"},"sameAs":["https:\/\/www.facebook.com\/antonio.ferro.3150","https:\/\/www.instagram.com\/revistaautobus\/"]},{"@type":"Person","@id":"https:\/\/revistaautobus.com.br\/#\/schema\/person\/54af7c3eb83a310e42ef686ef6d16f50","name":"Antonio Ferro","image":{"@type":"ImageObject","inLanguage":"pt-BR","@id":"https:\/\/revistaautobus.com.br\/wp-content\/uploads\/2025\/12\/editor_antonio_ferro-150x150.jpg","url":"https:\/\/revistaautobus.com.br\/wp-content\/uploads\/2025\/12\/editor_antonio_ferro-150x150.jpg","contentUrl":"https:\/\/revistaautobus.com.br\/wp-content\/uploads\/2025\/12\/editor_antonio_ferro-150x150.jpg","caption":"Antonio Ferro"},"description":"infobus@uol.com.br","url":"https:\/\/revistaautobus.com.br\/?author=2"}]}},"jetpack_featured_media_url":"https:\/\/revistaautobus.com.br\/wp-content\/uploads\/2024\/12\/Qualidade_-Caio-1.jpg","jetpack_sharing_enabled":true,"_links":{"self":[{"href":"https:\/\/revistaautobus.com.br\/index.php?rest_route=\/wp\/v2\/posts\/14034","targetHints":{"allow":["GET"]}}],"collection":[{"href":"https:\/\/revistaautobus.com.br\/index.php?rest_route=\/wp\/v2\/posts"}],"about":[{"href":"https:\/\/revistaautobus.com.br\/index.php?rest_route=\/wp\/v2\/types\/post"}],"author":[{"embeddable":true,"href":"https:\/\/revistaautobus.com.br\/index.php?rest_route=\/wp\/v2\/users\/2"}],"replies":[{"embeddable":true,"href":"https:\/\/revistaautobus.com.br\/index.php?rest_route=%2Fwp%2Fv2%2Fcomments&post=14034"}],"version-history":[{"count":2,"href":"https:\/\/revistaautobus.com.br\/index.php?rest_route=\/wp\/v2\/posts\/14034\/revisions"}],"predecessor-version":[{"id":14037,"href":"https:\/\/revistaautobus.com.br\/index.php?rest_route=\/wp\/v2\/posts\/14034\/revisions\/14037"}],"wp:featuredmedia":[{"embeddable":true,"href":"https:\/\/revistaautobus.com.br\/index.php?rest_route=\/wp\/v2\/media\/14035"}],"wp:attachment":[{"href":"https:\/\/revistaautobus.com.br\/index.php?rest_route=%2Fwp%2Fv2%2Fmedia&parent=14034"}],"wp:term":[{"taxonomy":"category","embeddable":true,"href":"https:\/\/revistaautobus.com.br\/index.php?rest_route=%2Fwp%2Fv2%2Fcategories&post=14034"},{"taxonomy":"post_tag","embeddable":true,"href":"https:\/\/revistaautobus.com.br\/index.php?rest_route=%2Fwp%2Fv2%2Ftags&post=14034"}],"curies":[{"name":"wp","href":"https:\/\/api.w.org\/{rel}","templated":true}]}}