{"id":14206,"date":"2024-12-16T10:19:52","date_gmt":"2024-12-16T13:19:52","guid":{"rendered":"https:\/\/revistaautobus.com.br\/?p=14206"},"modified":"2024-12-16T10:19:52","modified_gmt":"2024-12-16T13:19:52","slug":"marcopolo-destaca-resultados-recordes-e-crescimento-para-os-investidores","status":"publish","type":"post","link":"https:\/\/revistaautobus.com.br\/?p=14206","title":{"rendered":"Marcopolo destaca resultados recordes e crescimento para os investidores"},"content":{"rendered":"<p><span style=\"color: #0000ff;\"><em><strong>Espa\u00e7o Marcopolo<\/strong><\/em><\/span><\/p>\n<p>A Marcopolo realizou, no dia 5 de dezembro, o Marcopolo Day, tradicional evento que reuniu cerca de 50 analistas de investimento e acionistas da companhia do Brasil e do exterior em sua sede, em Caxias do Sul. O destaque do encontro, apresentado pela diretoria da empresa, foram os resultados recordes que v\u00eam sendo registrados ano ap\u00f3s ano, com crescimento das atividades.<\/p>\n<p>A companhia apresentou as perspectivas de neg\u00f3cios, atualizou os investidores sobre os cen\u00e1rios esperados para os mercados brasileiro e internacional do transporte rodovi\u00e1rio de passageiros, assim como as a\u00e7\u00f5es desenvolvidas para colaborar com a descarboniza\u00e7\u00e3o e a mobilidade sustent\u00e1vel, como o in\u00edcio de produ\u00e7\u00e3o do \u00f4nibus 100% el\u00e9trico Attivi Integral na planta de S\u00e3o Mateus, no Esp\u00edrito Santo, e a apresenta\u00e7\u00e3o do primeiro micro-\u00f4nibus h\u00edbrido\/el\u00e9trico do mercado, com recarga das baterias feita por um motor a etanol.<\/p>\n<p>No evento, os participantes puderam ainda conhecer a linha de produtos da Marcopolo, como os modelos da Gera\u00e7\u00e3o 8 de rodovi\u00e1rios, e as modernas instala\u00e7\u00f5es das duas f\u00e1bricas localizadas em Caxias do Sul.<\/p>\n<p><span style=\"color: #000000;\"><strong>Volare 80 mil<\/strong><\/span><\/p>\n<p>A unidade comemorativa das 80 mil produzidas \u00e9 um modelo Fly 9 que foi adquirido pela ANV Turismo, operadora de transporte com sede em Caxias do Sul\/RS. O ve\u00edculo tem configura\u00e7\u00e3o Executiva, com sistema de ar-condicionado de teto, dispositivo de acessibilidade DPM e vidros colados, al\u00e9m de 9,30 metros de comprimento total e 32 poltronas executivas reclin\u00e1veis com revestimento em couroflex, com porta-copos, porta-pacotes e tomadas USB. Ele ser\u00e1 utilizado em opera\u00e7\u00f5es de fretamento e turismo.<\/p>\n<p><img loading=\"lazy\" decoding=\"async\" class=\"alignnone wp-image-14208 size-large\" src=\"https:\/\/revistaautobus.com.br\/wp-content\/uploads\/2024\/12\/12122024-Volare-80-mil-micro-onibus_1-1024x683.jpg\" alt=\"\" width=\"1024\" height=\"683\" srcset=\"https:\/\/revistaautobus.com.br\/wp-content\/uploads\/2024\/12\/12122024-Volare-80-mil-micro-onibus_1-1024x683.jpg 1024w, https:\/\/revistaautobus.com.br\/wp-content\/uploads\/2024\/12\/12122024-Volare-80-mil-micro-onibus_1-300x200.jpg 300w, https:\/\/revistaautobus.com.br\/wp-content\/uploads\/2024\/12\/12122024-Volare-80-mil-micro-onibus_1-768x512.jpg 768w, https:\/\/revistaautobus.com.br\/wp-content\/uploads\/2024\/12\/12122024-Volare-80-mil-micro-onibus_1-1536x1024.jpg 1536w, https:\/\/revistaautobus.com.br\/wp-content\/uploads\/2024\/12\/12122024-Volare-80-mil-micro-onibus_1-1080x720.jpg 1080w, https:\/\/revistaautobus.com.br\/wp-content\/uploads\/2024\/12\/12122024-Volare-80-mil-micro-onibus_1.jpg 1800w\" sizes=\"(max-width: 1024px) 100vw, 1024px\" \/><\/p>\n<p>De acordo com a fabricante Volare, seu modelo Fly 9 consolida ainda mais o posicionamento e vanguarda da marca na oferta de ve\u00edculos diferenciados, sendo um ve\u00edculo robusto, vers\u00e1til e que apresenta melhor rela\u00e7\u00e3o custo\/benef\u00edcio se comparado aos demais micro-\u00f4nibus do seu segmento. \u201cAlcan\u00e7ar a expressiva marca de 80 mil unidades produzidas e comercializadas \u00e9 um feito especial para a Volare. Ao longo de sua trajet\u00f3ria de 26 anos, sempre nos destacamos pelo pioneirismo, inova\u00e7\u00e3o, amplo portf\u00f3lio de modelos e o desenvolvimento de ve\u00edculos sob medida para as necessidades e caracter\u00edsticas do transporte de passageiros\u201d, destacou Sidnei Vargas, gerente comercial da Volare.<\/p>\n","protected":false},"excerpt":{"rendered":"<p>Fabricante de carro\u00e7arias realizou, recentemente, o seu Marcopolo Day, reunindo analistas de investimento e acionistas em sua sede na cidade de Caxias do Sul<\/p>\n","protected":false},"author":2,"featured_media":14207,"comment_status":"open","ping_status":"open","sticky":false,"template":"","format":"standard","meta":{"_et_pb_use_builder":"","_et_pb_old_content":"","_et_gb_content_width":"","_jetpack_memberships_contains_paid_content":false,"footnotes":""},"categories":[90],"tags":[84,885],"class_list":["post-14206","post","type-post","status-publish","format-standard","has-post-thumbnail","hentry","category-noticias","tag-marcopolo","tag-volare-80-mil","et-has-post-format-content","et_post_format-et-post-format-standard"],"yoast_head":"<!-- This site is optimized with the Yoast SEO plugin v27.2 - https:\/\/yoast.com\/product\/yoast-seo-wordpress\/ -->\n<title>Marcopolo destaca resultados recordes e crescimento para os investidores - Revista AutoBus<\/title>\n<meta name=\"robots\" content=\"index, follow, max-snippet:-1, max-image-preview:large, max-video-preview:-1\" \/>\n<link rel=\"canonical\" href=\"https:\/\/revistaautobus.com.br\/?p=14206\" \/>\n<meta property=\"og:locale\" content=\"pt_BR\" \/>\n<meta property=\"og:type\" content=\"article\" \/>\n<meta property=\"og:title\" content=\"Marcopolo destaca resultados recordes e crescimento para os investidores - Revista AutoBus\" \/>\n<meta property=\"og:description\" content=\"Fabricante de carro\u00e7arias realizou, recentemente, o seu Marcopolo Day, reunindo analistas de investimento e acionistas em sua sede na cidade de Caxias do Sul\" \/>\n<meta property=\"og:url\" content=\"https:\/\/revistaautobus.com.br\/?p=14206\" \/>\n<meta property=\"og:site_name\" content=\"Revista AutoBus\" \/>\n<meta property=\"article:publisher\" content=\"https:\/\/www.facebook.com\/antonio.ferro.3150\" \/>\n<meta property=\"article:published_time\" content=\"2024-12-16T13:19:52+00:00\" \/>\n<meta property=\"og:image\" content=\"https:\/\/revistaautobus.com.br\/wp-content\/uploads\/2024\/12\/06122024-Marcopolo_Marcopolo-Day_1.jpg\" \/>\n\t<meta property=\"og:image:width\" content=\"1000\" \/>\n\t<meta property=\"og:image:height\" content=\"666\" \/>\n\t<meta property=\"og:image:type\" content=\"image\/jpeg\" \/>\n<meta name=\"author\" content=\"Antonio Ferro\" \/>\n<meta name=\"twitter:card\" content=\"summary_large_image\" \/>\n<meta name=\"twitter:label1\" content=\"Escrito por\" \/>\n\t<meta name=\"twitter:data1\" content=\"Antonio Ferro\" \/>\n\t<meta name=\"twitter:label2\" content=\"Est. tempo de leitura\" \/>\n\t<meta name=\"twitter:data2\" content=\"3 minutos\" \/>\n<script type=\"application\/ld+json\" class=\"yoast-schema-graph\">{\"@context\":\"https:\/\/schema.org\",\"@graph\":[{\"@type\":\"Article\",\"@id\":\"https:\/\/revistaautobus.com.br\/?p=14206#article\",\"isPartOf\":{\"@id\":\"https:\/\/revistaautobus.com.br\/?p=14206\"},\"author\":{\"name\":\"Antonio Ferro\",\"@id\":\"https:\/\/revistaautobus.com.br\/#\/schema\/person\/54af7c3eb83a310e42ef686ef6d16f50\"},\"headline\":\"Marcopolo destaca resultados recordes e crescimento para os investidores\",\"datePublished\":\"2024-12-16T13:19:52+00:00\",\"mainEntityOfPage\":{\"@id\":\"https:\/\/revistaautobus.com.br\/?p=14206\"},\"wordCount\":391,\"commentCount\":0,\"publisher\":{\"@id\":\"https:\/\/revistaautobus.com.br\/#organization\"},\"image\":{\"@id\":\"https:\/\/revistaautobus.com.br\/?p=14206#primaryimage\"},\"thumbnailUrl\":\"https:\/\/revistaautobus.com.br\/wp-content\/uploads\/2024\/12\/06122024-Marcopolo_Marcopolo-Day_1.jpg\",\"keywords\":[\"Marcopolo\",\"Volare 80 mil\"],\"articleSection\":[\"Not\u00edcias\"],\"inLanguage\":\"pt-BR\",\"potentialAction\":[{\"@type\":\"CommentAction\",\"name\":\"Comment\",\"target\":[\"https:\/\/revistaautobus.com.br\/?p=14206#respond\"]}]},{\"@type\":\"WebPage\",\"@id\":\"https:\/\/revistaautobus.com.br\/?p=14206\",\"url\":\"https:\/\/revistaautobus.com.br\/?p=14206\",\"name\":\"Marcopolo destaca resultados recordes e crescimento para os investidores - Revista AutoBus\",\"isPartOf\":{\"@id\":\"https:\/\/revistaautobus.com.br\/#website\"},\"primaryImageOfPage\":{\"@id\":\"https:\/\/revistaautobus.com.br\/?p=14206#primaryimage\"},\"image\":{\"@id\":\"https:\/\/revistaautobus.com.br\/?p=14206#primaryimage\"},\"thumbnailUrl\":\"https:\/\/revistaautobus.com.br\/wp-content\/uploads\/2024\/12\/06122024-Marcopolo_Marcopolo-Day_1.jpg\",\"datePublished\":\"2024-12-16T13:19:52+00:00\",\"breadcrumb\":{\"@id\":\"https:\/\/revistaautobus.com.br\/?p=14206#breadcrumb\"},\"inLanguage\":\"pt-BR\",\"potentialAction\":[{\"@type\":\"ReadAction\",\"target\":[\"https:\/\/revistaautobus.com.br\/?p=14206\"]}]},{\"@type\":\"ImageObject\",\"inLanguage\":\"pt-BR\",\"@id\":\"https:\/\/revistaautobus.com.br\/?p=14206#primaryimage\",\"url\":\"https:\/\/revistaautobus.com.br\/wp-content\/uploads\/2024\/12\/06122024-Marcopolo_Marcopolo-Day_1.jpg\",\"contentUrl\":\"https:\/\/revistaautobus.com.br\/wp-content\/uploads\/2024\/12\/06122024-Marcopolo_Marcopolo-Day_1.jpg\",\"width\":1000,\"height\":666},{\"@type\":\"BreadcrumbList\",\"@id\":\"https:\/\/revistaautobus.com.br\/?p=14206#breadcrumb\",\"itemListElement\":[{\"@type\":\"ListItem\",\"position\":1,\"name\":\"In\u00edcio\",\"item\":\"https:\/\/revistaautobus.com.br\/\"},{\"@type\":\"ListItem\",\"position\":2,\"name\":\"Marcopolo destaca resultados recordes e crescimento para os investidores\"}]},{\"@type\":\"WebSite\",\"@id\":\"https:\/\/revistaautobus.com.br\/#website\",\"url\":\"https:\/\/revistaautobus.com.br\/\",\"name\":\"Revista AutoBus\",\"description\":\"\",\"publisher\":{\"@id\":\"https:\/\/revistaautobus.com.br\/#organization\"},\"potentialAction\":[{\"@type\":\"SearchAction\",\"target\":{\"@type\":\"EntryPoint\",\"urlTemplate\":\"https:\/\/revistaautobus.com.br\/?s={search_term_string}\"},\"query-input\":{\"@type\":\"PropertyValueSpecification\",\"valueRequired\":true,\"valueName\":\"search_term_string\"}}],\"inLanguage\":\"pt-BR\"},{\"@type\":\"Organization\",\"@id\":\"https:\/\/revistaautobus.com.br\/#organization\",\"name\":\"Revista AutoBus\",\"url\":\"https:\/\/revistaautobus.com.br\/\",\"logo\":{\"@type\":\"ImageObject\",\"inLanguage\":\"pt-BR\",\"@id\":\"https:\/\/revistaautobus.com.br\/#\/schema\/logo\/image\/\",\"url\":\"https:\/\/revistaautobus.com.br\/wp-content\/uploads\/2024\/11\/logo_revista_autobus_fb.png\",\"contentUrl\":\"https:\/\/revistaautobus.com.br\/wp-content\/uploads\/2024\/11\/logo_revista_autobus_fb.png\",\"width\":836,\"height\":227,\"caption\":\"Revista AutoBus\"},\"image\":{\"@id\":\"https:\/\/revistaautobus.com.br\/#\/schema\/logo\/image\/\"},\"sameAs\":[\"https:\/\/www.facebook.com\/antonio.ferro.3150\",\"https:\/\/www.instagram.com\/revistaautobus\/\"]},{\"@type\":\"Person\",\"@id\":\"https:\/\/revistaautobus.com.br\/#\/schema\/person\/54af7c3eb83a310e42ef686ef6d16f50\",\"name\":\"Antonio Ferro\",\"image\":{\"@type\":\"ImageObject\",\"inLanguage\":\"pt-BR\",\"@id\":\"https:\/\/revistaautobus.com.br\/wp-content\/uploads\/2025\/12\/editor_antonio_ferro-150x150.jpg\",\"url\":\"https:\/\/revistaautobus.com.br\/wp-content\/uploads\/2025\/12\/editor_antonio_ferro-150x150.jpg\",\"contentUrl\":\"https:\/\/revistaautobus.com.br\/wp-content\/uploads\/2025\/12\/editor_antonio_ferro-150x150.jpg\",\"caption\":\"Antonio Ferro\"},\"description\":\"infobus@uol.com.br\",\"url\":\"https:\/\/revistaautobus.com.br\/?author=2\"}]}<\/script>\n<!-- \/ Yoast SEO plugin. -->","yoast_head_json":{"title":"Marcopolo destaca resultados recordes e crescimento para os investidores - Revista AutoBus","robots":{"index":"index","follow":"follow","max-snippet":"max-snippet:-1","max-image-preview":"max-image-preview:large","max-video-preview":"max-video-preview:-1"},"canonical":"https:\/\/revistaautobus.com.br\/?p=14206","og_locale":"pt_BR","og_type":"article","og_title":"Marcopolo destaca resultados recordes e crescimento para os investidores - Revista AutoBus","og_description":"Fabricante de carro\u00e7arias realizou, recentemente, o seu Marcopolo Day, reunindo analistas de investimento e acionistas em sua sede na cidade de Caxias do Sul","og_url":"https:\/\/revistaautobus.com.br\/?p=14206","og_site_name":"Revista AutoBus","article_publisher":"https:\/\/www.facebook.com\/antonio.ferro.3150","article_published_time":"2024-12-16T13:19:52+00:00","og_image":[{"width":1000,"height":666,"url":"https:\/\/revistaautobus.com.br\/wp-content\/uploads\/2024\/12\/06122024-Marcopolo_Marcopolo-Day_1.jpg","type":"image\/jpeg"}],"author":"Antonio Ferro","twitter_card":"summary_large_image","twitter_misc":{"Escrito por":"Antonio Ferro","Est. tempo de leitura":"3 minutos"},"schema":{"@context":"https:\/\/schema.org","@graph":[{"@type":"Article","@id":"https:\/\/revistaautobus.com.br\/?p=14206#article","isPartOf":{"@id":"https:\/\/revistaautobus.com.br\/?p=14206"},"author":{"name":"Antonio Ferro","@id":"https:\/\/revistaautobus.com.br\/#\/schema\/person\/54af7c3eb83a310e42ef686ef6d16f50"},"headline":"Marcopolo destaca resultados recordes e crescimento para os investidores","datePublished":"2024-12-16T13:19:52+00:00","mainEntityOfPage":{"@id":"https:\/\/revistaautobus.com.br\/?p=14206"},"wordCount":391,"commentCount":0,"publisher":{"@id":"https:\/\/revistaautobus.com.br\/#organization"},"image":{"@id":"https:\/\/revistaautobus.com.br\/?p=14206#primaryimage"},"thumbnailUrl":"https:\/\/revistaautobus.com.br\/wp-content\/uploads\/2024\/12\/06122024-Marcopolo_Marcopolo-Day_1.jpg","keywords":["Marcopolo","Volare 80 mil"],"articleSection":["Not\u00edcias"],"inLanguage":"pt-BR","potentialAction":[{"@type":"CommentAction","name":"Comment","target":["https:\/\/revistaautobus.com.br\/?p=14206#respond"]}]},{"@type":"WebPage","@id":"https:\/\/revistaautobus.com.br\/?p=14206","url":"https:\/\/revistaautobus.com.br\/?p=14206","name":"Marcopolo destaca resultados recordes e crescimento para os investidores - Revista AutoBus","isPartOf":{"@id":"https:\/\/revistaautobus.com.br\/#website"},"primaryImageOfPage":{"@id":"https:\/\/revistaautobus.com.br\/?p=14206#primaryimage"},"image":{"@id":"https:\/\/revistaautobus.com.br\/?p=14206#primaryimage"},"thumbnailUrl":"https:\/\/revistaautobus.com.br\/wp-content\/uploads\/2024\/12\/06122024-Marcopolo_Marcopolo-Day_1.jpg","datePublished":"2024-12-16T13:19:52+00:00","breadcrumb":{"@id":"https:\/\/revistaautobus.com.br\/?p=14206#breadcrumb"},"inLanguage":"pt-BR","potentialAction":[{"@type":"ReadAction","target":["https:\/\/revistaautobus.com.br\/?p=14206"]}]},{"@type":"ImageObject","inLanguage":"pt-BR","@id":"https:\/\/revistaautobus.com.br\/?p=14206#primaryimage","url":"https:\/\/revistaautobus.com.br\/wp-content\/uploads\/2024\/12\/06122024-Marcopolo_Marcopolo-Day_1.jpg","contentUrl":"https:\/\/revistaautobus.com.br\/wp-content\/uploads\/2024\/12\/06122024-Marcopolo_Marcopolo-Day_1.jpg","width":1000,"height":666},{"@type":"BreadcrumbList","@id":"https:\/\/revistaautobus.com.br\/?p=14206#breadcrumb","itemListElement":[{"@type":"ListItem","position":1,"name":"In\u00edcio","item":"https:\/\/revistaautobus.com.br\/"},{"@type":"ListItem","position":2,"name":"Marcopolo destaca resultados recordes e crescimento para os investidores"}]},{"@type":"WebSite","@id":"https:\/\/revistaautobus.com.br\/#website","url":"https:\/\/revistaautobus.com.br\/","name":"Revista AutoBus","description":"","publisher":{"@id":"https:\/\/revistaautobus.com.br\/#organization"},"potentialAction":[{"@type":"SearchAction","target":{"@type":"EntryPoint","urlTemplate":"https:\/\/revistaautobus.com.br\/?s={search_term_string}"},"query-input":{"@type":"PropertyValueSpecification","valueRequired":true,"valueName":"search_term_string"}}],"inLanguage":"pt-BR"},{"@type":"Organization","@id":"https:\/\/revistaautobus.com.br\/#organization","name":"Revista AutoBus","url":"https:\/\/revistaautobus.com.br\/","logo":{"@type":"ImageObject","inLanguage":"pt-BR","@id":"https:\/\/revistaautobus.com.br\/#\/schema\/logo\/image\/","url":"https:\/\/revistaautobus.com.br\/wp-content\/uploads\/2024\/11\/logo_revista_autobus_fb.png","contentUrl":"https:\/\/revistaautobus.com.br\/wp-content\/uploads\/2024\/11\/logo_revista_autobus_fb.png","width":836,"height":227,"caption":"Revista AutoBus"},"image":{"@id":"https:\/\/revistaautobus.com.br\/#\/schema\/logo\/image\/"},"sameAs":["https:\/\/www.facebook.com\/antonio.ferro.3150","https:\/\/www.instagram.com\/revistaautobus\/"]},{"@type":"Person","@id":"https:\/\/revistaautobus.com.br\/#\/schema\/person\/54af7c3eb83a310e42ef686ef6d16f50","name":"Antonio Ferro","image":{"@type":"ImageObject","inLanguage":"pt-BR","@id":"https:\/\/revistaautobus.com.br\/wp-content\/uploads\/2025\/12\/editor_antonio_ferro-150x150.jpg","url":"https:\/\/revistaautobus.com.br\/wp-content\/uploads\/2025\/12\/editor_antonio_ferro-150x150.jpg","contentUrl":"https:\/\/revistaautobus.com.br\/wp-content\/uploads\/2025\/12\/editor_antonio_ferro-150x150.jpg","caption":"Antonio Ferro"},"description":"infobus@uol.com.br","url":"https:\/\/revistaautobus.com.br\/?author=2"}]}},"jetpack_featured_media_url":"https:\/\/revistaautobus.com.br\/wp-content\/uploads\/2024\/12\/06122024-Marcopolo_Marcopolo-Day_1.jpg","jetpack_sharing_enabled":true,"_links":{"self":[{"href":"https:\/\/revistaautobus.com.br\/index.php?rest_route=\/wp\/v2\/posts\/14206","targetHints":{"allow":["GET"]}}],"collection":[{"href":"https:\/\/revistaautobus.com.br\/index.php?rest_route=\/wp\/v2\/posts"}],"about":[{"href":"https:\/\/revistaautobus.com.br\/index.php?rest_route=\/wp\/v2\/types\/post"}],"author":[{"embeddable":true,"href":"https:\/\/revistaautobus.com.br\/index.php?rest_route=\/wp\/v2\/users\/2"}],"replies":[{"embeddable":true,"href":"https:\/\/revistaautobus.com.br\/index.php?rest_route=%2Fwp%2Fv2%2Fcomments&post=14206"}],"version-history":[{"count":2,"href":"https:\/\/revistaautobus.com.br\/index.php?rest_route=\/wp\/v2\/posts\/14206\/revisions"}],"predecessor-version":[{"id":14210,"href":"https:\/\/revistaautobus.com.br\/index.php?rest_route=\/wp\/v2\/posts\/14206\/revisions\/14210"}],"wp:featuredmedia":[{"embeddable":true,"href":"https:\/\/revistaautobus.com.br\/index.php?rest_route=\/wp\/v2\/media\/14207"}],"wp:attachment":[{"href":"https:\/\/revistaautobus.com.br\/index.php?rest_route=%2Fwp%2Fv2%2Fmedia&parent=14206"}],"wp:term":[{"taxonomy":"category","embeddable":true,"href":"https:\/\/revistaautobus.com.br\/index.php?rest_route=%2Fwp%2Fv2%2Fcategories&post=14206"},{"taxonomy":"post_tag","embeddable":true,"href":"https:\/\/revistaautobus.com.br\/index.php?rest_route=%2Fwp%2Fv2%2Ftags&post=14206"}],"curies":[{"name":"wp","href":"https:\/\/api.w.org\/{rel}","templated":true}]}}