{"id":14306,"date":"2025-01-09T14:12:53","date_gmt":"2025-01-09T17:12:53","guid":{"rendered":"https:\/\/revistaautobus.com.br\/?p=14306"},"modified":"2025-01-09T16:36:28","modified_gmt":"2025-01-09T19:36:28","slug":"vou-agora-torcer-para-que-os-avancos-continuem-e-que-tudo-seja-alcancado-com-dignidade-e-respeito","status":"publish","type":"post","link":"https:\/\/revistaautobus.com.br\/?p=14306","title":{"rendered":"\u201cVou, agora, torcer para que os avan\u00e7os continuem e que tudo seja alcan\u00e7ado com dignidade e respeito\u201d"},"content":{"rendered":"<p><span style=\"color: #0000ff;\"><em>Por Andr\u00e9 Dantas, engenheiro civil com doutorado em transportes<\/em><\/span><\/p>\n<p>Quando recebi a liga\u00e7\u00e3o do ent\u00e3o Vice-Prefeito de Belo Horizonte, Fuad Noman, n\u00e3o poderia imaginar, nem nos meus sonhos mais malucos, tudo o que aconteceria trabalhando na Prefeitura de Belo Horizonte. Era mar\u00e7o de 2022, e a pandemia COVID-19 ainda estava afetando nossas vidas e a mobilidade de Belo Horizonte estava em situa\u00e7\u00e3o cr\u00edtica. Hoje, depois de 2 anos e 10 meses, percebo o quanto foi complexo, prazeroso, frustrante e estimulante tudo que passamos com a lideran\u00e7a do Prefeito Fuad Noman. S\u00e3o sentimentos contradit\u00f3rios em rela\u00e7\u00e3o a essa jornada, mas s\u00e3o os que encontro para expressar o desafio de um gestor p\u00fablico, que fui na BHTrans, por apenas 15 dias, e depois na Superintend\u00eancia de Mobilidade (SUMOB). Acho que \u00e9 importante contar um pouco sobre essa experi\u00eancia, porque foram muitos os destaques positivos, mas tamb\u00e9m houve frustra\u00e7\u00f5es e h\u00e1 perspectivas interessantes.<\/p>\n<p>Sem d\u00favida nenhuma, entendo que o principal destaque foi estruturar a SUMOB, no sentido de formar um time com profissionais altamente qualificados, motivados e com valores diferenciados para pensar diferente as rela\u00e7\u00f5es com os parceiros da mobilidade. Felizmente, conseguimos selecionar uma equipe fant\u00e1stica e que entendeu a situa\u00e7\u00e3o e enfrentou todos os desafios sem esmorecer. Nossa equipe come\u00e7ou com o competente chefe de gabinete da SUMOB, Lucas Colen, e eu dividindo uma sala. Vieram os diretores e, depois de um ano, \u00e9ramos mais de 200 profissionais ocupando um pr\u00e9dio inteiro.<\/p>\n<p>Junto com a BHTrans, essa equipe foi respons\u00e1vel, entre muitas atividades, por implantar, controlar e fiscalizar o primeiro subs\u00eddio dos \u00f4nibus (emergencial) de Belo Horizonte, sem um sistema computacional dedicado e sem experi\u00eancia anterior. Sa\u00edmos de pouco mais de 15 mil viagens di\u00e1rias de \u00f4nibus (mar\u00e7o de 2022) para 21.708 viagens (julho de 2022), de acordo com a Lei Municipal 11.367\/22. Depois, demos um salto ainda maior, que foi a Remunera\u00e7\u00e3o Complementar (Lei Municipal 11.458\/23), que transformou completamente o planejamento, a fiscaliza\u00e7\u00e3o e a remunera\u00e7\u00e3o dos servi\u00e7os de \u00f4nibus. Al\u00e9m do acr\u00e9scimo de viagens, alcan\u00e7ando quase 25 mil por dia, um dos indicadores mais impactantes foi a adi\u00e7\u00e3o de mais de 1.000 \u00f4nibus novos, em um sistema que tem hoje aproximadamente 2.700 ve\u00edculos. Como dizia Dr. Ot\u00e1vio Cunha, ex-presidente da NTU, transporte de qualidade custa caro, e tudo isso ocorreu em fun\u00e7\u00e3o do aporte da Prefeitura de mais de R$ 1 bilh\u00e3o, que foi fiscalizado, controlado e amplamente divulgado em relat\u00f3rios, pain\u00e9is de controle e toda a burocracia dos processos administrativos que registram o que aconteceu.<\/p>\n<p><img loading=\"lazy\" decoding=\"async\" class=\"aligncenter wp-image-14308\" src=\"https:\/\/revistaautobus.com.br\/wp-content\/uploads\/2025\/01\/unnamed-2-300x300.png\" alt=\"\" width=\"500\" height=\"500\" srcset=\"https:\/\/revistaautobus.com.br\/wp-content\/uploads\/2025\/01\/unnamed-2-300x300.png 300w, https:\/\/revistaautobus.com.br\/wp-content\/uploads\/2025\/01\/unnamed-2-150x150.png 150w, https:\/\/revistaautobus.com.br\/wp-content\/uploads\/2025\/01\/unnamed-2-768x768.png 768w, https:\/\/revistaautobus.com.br\/wp-content\/uploads\/2025\/01\/unnamed-2-440x440.png 440w, https:\/\/revistaautobus.com.br\/wp-content\/uploads\/2025\/01\/unnamed-2.png 845w\" sizes=\"(max-width: 500px) 100vw, 500px\" \/><\/p>\n<p>Entre as frustra\u00e7\u00f5es, lamento muito o desgaste decorrente do desrespeito ao ser humano, principalmente proveniente dos pol\u00edticos mal-intencionados. Sofremos injustific\u00e1veis ataques de diversas formas, porque para se autopromover e desgastar o trabalho s\u00e9rio do Prefeito e de toda equipe da mobilidade valia tudo, inclusive ofender pessoalmente o Superintendente de Mobilidade. Entretanto, todas as vezes que fui convocado a prestar esclarecimentos, compareci por v\u00e1rios canais institucionais, imprensa, sempre disposto a esclarecer com respeito e toda paci\u00eancia, al\u00e9m de evid\u00eancias, nossa atua\u00e7\u00e3o \u00e9tica e transparente. Infelizmente, tivemos que ouvir ofensas sem fundamentos. Felizmente, seguimos, eu apoiado por toda equipe e pelos pares da Prefeitura, em nome do nosso compromisso maior pela melhoria da mobilidade.<\/p>\n<p>Hoje, tenho convic\u00e7\u00e3o que as perspectivas para a mobilidade de Belo Horizonte s\u00e3o \u00f3timas, apesar de serem desafiadoras, como sempre ser\u00e3o. H\u00e1 uma base muito forte e comprometida de profissionais que querem continuar na oferta do melhor para a sociedade. H\u00e1 tamb\u00e9m o Prefeito Fuad e a dedicada estrutura administrativa da Prefeitura, que entendem mobilidade como uma prioridade. H\u00e1 projetos fant\u00e1sticos de implanta\u00e7\u00e3o de prioriza\u00e7\u00e3o vi\u00e1ria e at\u00e9 um BRT na Avenida Amazonas em andamento. E h\u00e1 uma vis\u00e3o de futuro, uma perspectiva de repensar todo o modelo de neg\u00f3cios para dar prioridade aos deslocamentos sustent\u00e1veis e avan\u00e7ar no cumprimento da Lei Federal 12.587\/12, do Plano Diretor, do Plano de Mobilidade, do Plano Ciclovi\u00e1rio e tudo mais.<\/p>\n<p>Vou, agora, torcer para que os avan\u00e7os continuem e que tudo seja alcan\u00e7ado com dignidade e respeito.<\/p>\n<p>Imagens &#8211; Acervo pessoal<\/p>\n","protected":false},"excerpt":{"rendered":"<p>Hoje, tenho convic\u00e7\u00e3o que as perspectivas para a mobilidade de Belo Horizonte s\u00e3o \u00f3timas, apesar de serem desafiadoras, como sempre ser\u00e3o<\/p>\n","protected":false},"author":2,"featured_media":14307,"comment_status":"open","ping_status":"open","sticky":false,"template":"","format":"standard","meta":{"_et_pb_use_builder":"","_et_pb_old_content":"","_et_gb_content_width":"","_jetpack_memberships_contains_paid_content":false,"footnotes":""},"categories":[588,41],"tags":[888,889],"class_list":["post-14306","post","type-post","status-publish","format-standard","has-post-thumbnail","hentry","category-opiniao","category-ponto-de-vista","tag-andre-dantas","tag-transporte-de-bh","et-has-post-format-content","et_post_format-et-post-format-standard"],"yoast_head":"<!-- This site is optimized with the Yoast SEO plugin v27.2 - https:\/\/yoast.com\/product\/yoast-seo-wordpress\/ -->\n<title>\u201cVou, agora, torcer para que os avan\u00e7os continuem e que tudo seja alcan\u00e7ado com dignidade e respeito\u201d - Revista AutoBus<\/title>\n<meta name=\"robots\" content=\"index, follow, max-snippet:-1, max-image-preview:large, max-video-preview:-1\" \/>\n<link rel=\"canonical\" href=\"https:\/\/revistaautobus.com.br\/?p=14306\" \/>\n<meta property=\"og:locale\" content=\"pt_BR\" \/>\n<meta property=\"og:type\" content=\"article\" \/>\n<meta property=\"og:title\" content=\"\u201cVou, agora, torcer para que os avan\u00e7os continuem e que tudo seja alcan\u00e7ado com dignidade e respeito\u201d - Revista AutoBus\" \/>\n<meta property=\"og:description\" content=\"Hoje, tenho convic\u00e7\u00e3o que as perspectivas para a mobilidade de Belo Horizonte s\u00e3o \u00f3timas, apesar de serem desafiadoras, como sempre ser\u00e3o\" \/>\n<meta property=\"og:url\" content=\"https:\/\/revistaautobus.com.br\/?p=14306\" \/>\n<meta property=\"og:site_name\" content=\"Revista AutoBus\" \/>\n<meta property=\"article:publisher\" content=\"https:\/\/www.facebook.com\/antonio.ferro.3150\" \/>\n<meta property=\"article:published_time\" content=\"2025-01-09T17:12:53+00:00\" \/>\n<meta property=\"article:modified_time\" content=\"2025-01-09T19:36:28+00:00\" \/>\n<meta property=\"og:image\" content=\"https:\/\/revistaautobus.com.br\/wp-content\/uploads\/2025\/01\/WhatsApp-Image-2024-10-24-at-14.36.14.jpeg\" \/>\n\t<meta property=\"og:image:width\" content=\"1600\" \/>\n\t<meta property=\"og:image:height\" content=\"737\" \/>\n\t<meta property=\"og:image:type\" content=\"image\/jpeg\" \/>\n<meta name=\"author\" content=\"Antonio Ferro\" \/>\n<meta name=\"twitter:card\" content=\"summary_large_image\" \/>\n<meta name=\"twitter:label1\" content=\"Escrito por\" \/>\n\t<meta name=\"twitter:data1\" content=\"Antonio Ferro\" \/>\n\t<meta name=\"twitter:label2\" content=\"Est. tempo de leitura\" \/>\n\t<meta name=\"twitter:data2\" content=\"5 minutos\" \/>\n<script type=\"application\/ld+json\" class=\"yoast-schema-graph\">{\"@context\":\"https:\/\/schema.org\",\"@graph\":[{\"@type\":\"Article\",\"@id\":\"https:\/\/revistaautobus.com.br\/?p=14306#article\",\"isPartOf\":{\"@id\":\"https:\/\/revistaautobus.com.br\/?p=14306\"},\"author\":{\"name\":\"Antonio Ferro\",\"@id\":\"https:\/\/revistaautobus.com.br\/#\/schema\/person\/54af7c3eb83a310e42ef686ef6d16f50\"},\"headline\":\"\u201cVou, agora, torcer para que os avan\u00e7os continuem e que tudo seja alcan\u00e7ado com dignidade e respeito\u201d\",\"datePublished\":\"2025-01-09T17:12:53+00:00\",\"dateModified\":\"2025-01-09T19:36:28+00:00\",\"mainEntityOfPage\":{\"@id\":\"https:\/\/revistaautobus.com.br\/?p=14306\"},\"wordCount\":734,\"commentCount\":1,\"publisher\":{\"@id\":\"https:\/\/revistaautobus.com.br\/#organization\"},\"image\":{\"@id\":\"https:\/\/revistaautobus.com.br\/?p=14306#primaryimage\"},\"thumbnailUrl\":\"https:\/\/revistaautobus.com.br\/wp-content\/uploads\/2025\/01\/WhatsApp-Image-2024-10-24-at-14.36.14.jpeg\",\"keywords\":[\"Andr\u00e9 Dantas\",\"Transporte de BH\"],\"articleSection\":[\"Opini\u00e3o\",\"Ponto de Vista\"],\"inLanguage\":\"pt-BR\",\"potentialAction\":[{\"@type\":\"CommentAction\",\"name\":\"Comment\",\"target\":[\"https:\/\/revistaautobus.com.br\/?p=14306#respond\"]}]},{\"@type\":\"WebPage\",\"@id\":\"https:\/\/revistaautobus.com.br\/?p=14306\",\"url\":\"https:\/\/revistaautobus.com.br\/?p=14306\",\"name\":\"\u201cVou, agora, torcer para que os avan\u00e7os continuem e que tudo seja alcan\u00e7ado com dignidade e respeito\u201d - Revista AutoBus\",\"isPartOf\":{\"@id\":\"https:\/\/revistaautobus.com.br\/#website\"},\"primaryImageOfPage\":{\"@id\":\"https:\/\/revistaautobus.com.br\/?p=14306#primaryimage\"},\"image\":{\"@id\":\"https:\/\/revistaautobus.com.br\/?p=14306#primaryimage\"},\"thumbnailUrl\":\"https:\/\/revistaautobus.com.br\/wp-content\/uploads\/2025\/01\/WhatsApp-Image-2024-10-24-at-14.36.14.jpeg\",\"datePublished\":\"2025-01-09T17:12:53+00:00\",\"dateModified\":\"2025-01-09T19:36:28+00:00\",\"breadcrumb\":{\"@id\":\"https:\/\/revistaautobus.com.br\/?p=14306#breadcrumb\"},\"inLanguage\":\"pt-BR\",\"potentialAction\":[{\"@type\":\"ReadAction\",\"target\":[\"https:\/\/revistaautobus.com.br\/?p=14306\"]}]},{\"@type\":\"ImageObject\",\"inLanguage\":\"pt-BR\",\"@id\":\"https:\/\/revistaautobus.com.br\/?p=14306#primaryimage\",\"url\":\"https:\/\/revistaautobus.com.br\/wp-content\/uploads\/2025\/01\/WhatsApp-Image-2024-10-24-at-14.36.14.jpeg\",\"contentUrl\":\"https:\/\/revistaautobus.com.br\/wp-content\/uploads\/2025\/01\/WhatsApp-Image-2024-10-24-at-14.36.14.jpeg\",\"width\":1600,\"height\":737},{\"@type\":\"BreadcrumbList\",\"@id\":\"https:\/\/revistaautobus.com.br\/?p=14306#breadcrumb\",\"itemListElement\":[{\"@type\":\"ListItem\",\"position\":1,\"name\":\"In\u00edcio\",\"item\":\"https:\/\/revistaautobus.com.br\/\"},{\"@type\":\"ListItem\",\"position\":2,\"name\":\"\u201cVou, agora, torcer para que os avan\u00e7os continuem e que tudo seja alcan\u00e7ado com dignidade e respeito\u201d\"}]},{\"@type\":\"WebSite\",\"@id\":\"https:\/\/revistaautobus.com.br\/#website\",\"url\":\"https:\/\/revistaautobus.com.br\/\",\"name\":\"Revista AutoBus\",\"description\":\"\",\"publisher\":{\"@id\":\"https:\/\/revistaautobus.com.br\/#organization\"},\"potentialAction\":[{\"@type\":\"SearchAction\",\"target\":{\"@type\":\"EntryPoint\",\"urlTemplate\":\"https:\/\/revistaautobus.com.br\/?s={search_term_string}\"},\"query-input\":{\"@type\":\"PropertyValueSpecification\",\"valueRequired\":true,\"valueName\":\"search_term_string\"}}],\"inLanguage\":\"pt-BR\"},{\"@type\":\"Organization\",\"@id\":\"https:\/\/revistaautobus.com.br\/#organization\",\"name\":\"Revista AutoBus\",\"url\":\"https:\/\/revistaautobus.com.br\/\",\"logo\":{\"@type\":\"ImageObject\",\"inLanguage\":\"pt-BR\",\"@id\":\"https:\/\/revistaautobus.com.br\/#\/schema\/logo\/image\/\",\"url\":\"https:\/\/revistaautobus.com.br\/wp-content\/uploads\/2024\/11\/logo_revista_autobus_fb.png\",\"contentUrl\":\"https:\/\/revistaautobus.com.br\/wp-content\/uploads\/2024\/11\/logo_revista_autobus_fb.png\",\"width\":836,\"height\":227,\"caption\":\"Revista AutoBus\"},\"image\":{\"@id\":\"https:\/\/revistaautobus.com.br\/#\/schema\/logo\/image\/\"},\"sameAs\":[\"https:\/\/www.facebook.com\/antonio.ferro.3150\",\"https:\/\/www.instagram.com\/revistaautobus\/\"]},{\"@type\":\"Person\",\"@id\":\"https:\/\/revistaautobus.com.br\/#\/schema\/person\/54af7c3eb83a310e42ef686ef6d16f50\",\"name\":\"Antonio Ferro\",\"image\":{\"@type\":\"ImageObject\",\"inLanguage\":\"pt-BR\",\"@id\":\"https:\/\/revistaautobus.com.br\/wp-content\/uploads\/2025\/12\/editor_antonio_ferro-150x150.jpg\",\"url\":\"https:\/\/revistaautobus.com.br\/wp-content\/uploads\/2025\/12\/editor_antonio_ferro-150x150.jpg\",\"contentUrl\":\"https:\/\/revistaautobus.com.br\/wp-content\/uploads\/2025\/12\/editor_antonio_ferro-150x150.jpg\",\"caption\":\"Antonio Ferro\"},\"description\":\"infobus@uol.com.br\",\"url\":\"https:\/\/revistaautobus.com.br\/?author=2\"}]}<\/script>\n<!-- \/ Yoast SEO plugin. -->","yoast_head_json":{"title":"\u201cVou, agora, torcer para que os avan\u00e7os continuem e que tudo seja alcan\u00e7ado com dignidade e respeito\u201d - Revista AutoBus","robots":{"index":"index","follow":"follow","max-snippet":"max-snippet:-1","max-image-preview":"max-image-preview:large","max-video-preview":"max-video-preview:-1"},"canonical":"https:\/\/revistaautobus.com.br\/?p=14306","og_locale":"pt_BR","og_type":"article","og_title":"\u201cVou, agora, torcer para que os avan\u00e7os continuem e que tudo seja alcan\u00e7ado com dignidade e respeito\u201d - Revista AutoBus","og_description":"Hoje, tenho convic\u00e7\u00e3o que as perspectivas para a mobilidade de Belo Horizonte s\u00e3o \u00f3timas, apesar de serem desafiadoras, como sempre ser\u00e3o","og_url":"https:\/\/revistaautobus.com.br\/?p=14306","og_site_name":"Revista AutoBus","article_publisher":"https:\/\/www.facebook.com\/antonio.ferro.3150","article_published_time":"2025-01-09T17:12:53+00:00","article_modified_time":"2025-01-09T19:36:28+00:00","og_image":[{"width":1600,"height":737,"url":"https:\/\/revistaautobus.com.br\/wp-content\/uploads\/2025\/01\/WhatsApp-Image-2024-10-24-at-14.36.14.jpeg","type":"image\/jpeg"}],"author":"Antonio Ferro","twitter_card":"summary_large_image","twitter_misc":{"Escrito por":"Antonio Ferro","Est. tempo de leitura":"5 minutos"},"schema":{"@context":"https:\/\/schema.org","@graph":[{"@type":"Article","@id":"https:\/\/revistaautobus.com.br\/?p=14306#article","isPartOf":{"@id":"https:\/\/revistaautobus.com.br\/?p=14306"},"author":{"name":"Antonio Ferro","@id":"https:\/\/revistaautobus.com.br\/#\/schema\/person\/54af7c3eb83a310e42ef686ef6d16f50"},"headline":"\u201cVou, agora, torcer para que os avan\u00e7os continuem e que tudo seja alcan\u00e7ado com dignidade e respeito\u201d","datePublished":"2025-01-09T17:12:53+00:00","dateModified":"2025-01-09T19:36:28+00:00","mainEntityOfPage":{"@id":"https:\/\/revistaautobus.com.br\/?p=14306"},"wordCount":734,"commentCount":1,"publisher":{"@id":"https:\/\/revistaautobus.com.br\/#organization"},"image":{"@id":"https:\/\/revistaautobus.com.br\/?p=14306#primaryimage"},"thumbnailUrl":"https:\/\/revistaautobus.com.br\/wp-content\/uploads\/2025\/01\/WhatsApp-Image-2024-10-24-at-14.36.14.jpeg","keywords":["Andr\u00e9 Dantas","Transporte de BH"],"articleSection":["Opini\u00e3o","Ponto de Vista"],"inLanguage":"pt-BR","potentialAction":[{"@type":"CommentAction","name":"Comment","target":["https:\/\/revistaautobus.com.br\/?p=14306#respond"]}]},{"@type":"WebPage","@id":"https:\/\/revistaautobus.com.br\/?p=14306","url":"https:\/\/revistaautobus.com.br\/?p=14306","name":"\u201cVou, agora, torcer para que os avan\u00e7os continuem e que tudo seja alcan\u00e7ado com dignidade e respeito\u201d - Revista AutoBus","isPartOf":{"@id":"https:\/\/revistaautobus.com.br\/#website"},"primaryImageOfPage":{"@id":"https:\/\/revistaautobus.com.br\/?p=14306#primaryimage"},"image":{"@id":"https:\/\/revistaautobus.com.br\/?p=14306#primaryimage"},"thumbnailUrl":"https:\/\/revistaautobus.com.br\/wp-content\/uploads\/2025\/01\/WhatsApp-Image-2024-10-24-at-14.36.14.jpeg","datePublished":"2025-01-09T17:12:53+00:00","dateModified":"2025-01-09T19:36:28+00:00","breadcrumb":{"@id":"https:\/\/revistaautobus.com.br\/?p=14306#breadcrumb"},"inLanguage":"pt-BR","potentialAction":[{"@type":"ReadAction","target":["https:\/\/revistaautobus.com.br\/?p=14306"]}]},{"@type":"ImageObject","inLanguage":"pt-BR","@id":"https:\/\/revistaautobus.com.br\/?p=14306#primaryimage","url":"https:\/\/revistaautobus.com.br\/wp-content\/uploads\/2025\/01\/WhatsApp-Image-2024-10-24-at-14.36.14.jpeg","contentUrl":"https:\/\/revistaautobus.com.br\/wp-content\/uploads\/2025\/01\/WhatsApp-Image-2024-10-24-at-14.36.14.jpeg","width":1600,"height":737},{"@type":"BreadcrumbList","@id":"https:\/\/revistaautobus.com.br\/?p=14306#breadcrumb","itemListElement":[{"@type":"ListItem","position":1,"name":"In\u00edcio","item":"https:\/\/revistaautobus.com.br\/"},{"@type":"ListItem","position":2,"name":"\u201cVou, agora, torcer para que os avan\u00e7os continuem e que tudo seja alcan\u00e7ado com dignidade e respeito\u201d"}]},{"@type":"WebSite","@id":"https:\/\/revistaautobus.com.br\/#website","url":"https:\/\/revistaautobus.com.br\/","name":"Revista AutoBus","description":"","publisher":{"@id":"https:\/\/revistaautobus.com.br\/#organization"},"potentialAction":[{"@type":"SearchAction","target":{"@type":"EntryPoint","urlTemplate":"https:\/\/revistaautobus.com.br\/?s={search_term_string}"},"query-input":{"@type":"PropertyValueSpecification","valueRequired":true,"valueName":"search_term_string"}}],"inLanguage":"pt-BR"},{"@type":"Organization","@id":"https:\/\/revistaautobus.com.br\/#organization","name":"Revista AutoBus","url":"https:\/\/revistaautobus.com.br\/","logo":{"@type":"ImageObject","inLanguage":"pt-BR","@id":"https:\/\/revistaautobus.com.br\/#\/schema\/logo\/image\/","url":"https:\/\/revistaautobus.com.br\/wp-content\/uploads\/2024\/11\/logo_revista_autobus_fb.png","contentUrl":"https:\/\/revistaautobus.com.br\/wp-content\/uploads\/2024\/11\/logo_revista_autobus_fb.png","width":836,"height":227,"caption":"Revista AutoBus"},"image":{"@id":"https:\/\/revistaautobus.com.br\/#\/schema\/logo\/image\/"},"sameAs":["https:\/\/www.facebook.com\/antonio.ferro.3150","https:\/\/www.instagram.com\/revistaautobus\/"]},{"@type":"Person","@id":"https:\/\/revistaautobus.com.br\/#\/schema\/person\/54af7c3eb83a310e42ef686ef6d16f50","name":"Antonio Ferro","image":{"@type":"ImageObject","inLanguage":"pt-BR","@id":"https:\/\/revistaautobus.com.br\/wp-content\/uploads\/2025\/12\/editor_antonio_ferro-150x150.jpg","url":"https:\/\/revistaautobus.com.br\/wp-content\/uploads\/2025\/12\/editor_antonio_ferro-150x150.jpg","contentUrl":"https:\/\/revistaautobus.com.br\/wp-content\/uploads\/2025\/12\/editor_antonio_ferro-150x150.jpg","caption":"Antonio Ferro"},"description":"infobus@uol.com.br","url":"https:\/\/revistaautobus.com.br\/?author=2"}]}},"jetpack_featured_media_url":"https:\/\/revistaautobus.com.br\/wp-content\/uploads\/2025\/01\/WhatsApp-Image-2024-10-24-at-14.36.14.jpeg","jetpack_sharing_enabled":true,"_links":{"self":[{"href":"https:\/\/revistaautobus.com.br\/index.php?rest_route=\/wp\/v2\/posts\/14306","targetHints":{"allow":["GET"]}}],"collection":[{"href":"https:\/\/revistaautobus.com.br\/index.php?rest_route=\/wp\/v2\/posts"}],"about":[{"href":"https:\/\/revistaautobus.com.br\/index.php?rest_route=\/wp\/v2\/types\/post"}],"author":[{"embeddable":true,"href":"https:\/\/revistaautobus.com.br\/index.php?rest_route=\/wp\/v2\/users\/2"}],"replies":[{"embeddable":true,"href":"https:\/\/revistaautobus.com.br\/index.php?rest_route=%2Fwp%2Fv2%2Fcomments&post=14306"}],"version-history":[{"count":4,"href":"https:\/\/revistaautobus.com.br\/index.php?rest_route=\/wp\/v2\/posts\/14306\/revisions"}],"predecessor-version":[{"id":14323,"href":"https:\/\/revistaautobus.com.br\/index.php?rest_route=\/wp\/v2\/posts\/14306\/revisions\/14323"}],"wp:featuredmedia":[{"embeddable":true,"href":"https:\/\/revistaautobus.com.br\/index.php?rest_route=\/wp\/v2\/media\/14307"}],"wp:attachment":[{"href":"https:\/\/revistaautobus.com.br\/index.php?rest_route=%2Fwp%2Fv2%2Fmedia&parent=14306"}],"wp:term":[{"taxonomy":"category","embeddable":true,"href":"https:\/\/revistaautobus.com.br\/index.php?rest_route=%2Fwp%2Fv2%2Fcategories&post=14306"},{"taxonomy":"post_tag","embeddable":true,"href":"https:\/\/revistaautobus.com.br\/index.php?rest_route=%2Fwp%2Fv2%2Ftags&post=14306"}],"curies":[{"name":"wp","href":"https:\/\/api.w.org\/{rel}","templated":true}]}}