{"id":14360,"date":"2025-01-10T13:04:39","date_gmt":"2025-01-10T16:04:39","guid":{"rendered":"https:\/\/revistaautobus.com.br\/?p=14360"},"modified":"2025-01-10T13:04:39","modified_gmt":"2025-01-10T16:04:39","slug":"a-melhor-gestao-para-o-transporte-eficiente","status":"publish","type":"post","link":"https:\/\/revistaautobus.com.br\/?p=14360","title":{"rendered":"A melhor gest\u00e3o para o transporte eficiente"},"content":{"rendered":"<p>Recentemente, a Companhia Estadual de Transportes Coletivos de Passageiros do Estado do Esp\u00edrito Santo (CETURB-ES) implementou o Centro de Intelig\u00eancia da Mobilidade Urbana, uma sala gerencial, que consegue extrair diversos dados da opera\u00e7\u00e3o dos \u00f4nibus e apresenta em relat\u00f3rios e dashboards as informa\u00e7\u00f5es essenciais para uma gest\u00e3o inteligente, r\u00e1pida e precisa.<\/p>\n<p>De acordo com informa\u00e7\u00f5es recebidas por este canal, h\u00e1 diferenciais que tornam o controle uma solu\u00e7\u00e3o eficiente, econ\u00f4mica para o estado e que oferece os melhores resultados na opera\u00e7\u00e3o para o usu\u00e1rio, sendo um deles o <em>software<\/em> desenvolvido e utilizado que permite monitorar 1.800 \u00f4nibus com somente quatro operadores por turno.<\/p>\n<p>Ainda, no contexto operacional, o uso da tecnologia permite alcan\u00e7ar informa\u00e7\u00f5es de partidas atrasadas ou adiantadas, cumprimento de viagens, linhas com lota\u00e7\u00e3o por trechos, detec\u00e7\u00e3o de necessidade de corre\u00e7\u00e3o de tabelas de viagens, detec\u00e7\u00e3o de \u00f4nibus atrasado para in\u00edcio da pr\u00f3xima viagem, alertas de falhas de programa\u00e7\u00e3o de tabelas de viagens, dentre outros dados. Todas as informa\u00e7\u00f5es podem ser acessadas pelas empresas concession\u00e1rias e o \u00f3rg\u00e3o gestor. \u201cO lan\u00e7amento de dados em tempo real possibilita ao gestor do transporte mobilizar corre\u00e7\u00f5es na fonte do problema, o que resulta em maior efici\u00eancia e conforto ao usu\u00e1rio dos \u00f4nibus. Trata-se de um exemplo real sobre como a gest\u00e3o das tecnologias dispon\u00edveis pode gerar economia e efici\u00eancia ao setor p\u00fablico com impacto positivo direto na sociedade\u201d, ressaltou Marcelo Antunes, diretor-presidente da CETURB-ES.<\/p>\n<p><img loading=\"lazy\" decoding=\"async\" class=\"wp-image-14362 size-full aligncenter\" src=\"https:\/\/revistaautobus.com.br\/wp-content\/uploads\/2025\/01\/IMG-20250110-WA0014.jpg\" alt=\"\" width=\"734\" height=\"793\" srcset=\"https:\/\/revistaautobus.com.br\/wp-content\/uploads\/2025\/01\/IMG-20250110-WA0014.jpg 734w, https:\/\/revistaautobus.com.br\/wp-content\/uploads\/2025\/01\/IMG-20250110-WA0014-278x300.jpg 278w\" sizes=\"(max-width: 734px) 100vw, 734px\" \/><\/p>\n<p>O <em>software<\/em>, desenvolvido pela Geocontrol S\/A, empresa capixaba pioneira na cria\u00e7\u00e3o de diversas solu\u00e7\u00f5es 100% nacionais, \u00e9 integrado ao planejamento e opera\u00e7\u00f5es, permitindo que todos envolvidos (garagens, fiscais, gerentes e operadores de CCO) possam atualizar os ajustes na opera\u00e7\u00e3o em tempo real, pelo uso da mesma ferramenta. Dessa forma, torna-se poss\u00edvel avaliar se as viagens est\u00e3o seguindo conforme o planejado ou se h\u00e1 alguma intercorr\u00eancia, possibilitando tomadas r\u00e1pidas de decis\u00e3o e corre\u00e7\u00f5es efetivas quando houver necessidade.<\/p>\n<p>Dessa maneira, o resultado \u00e9 uma agilidade maior nas corre\u00e7\u00f5es e ajustes necess\u00e1rios para um melhor atendimento do usu\u00e1rio do Sistema Transcol de transporte coletivo integrado de estrutura tronco-alimentadora que funciona na regi\u00e3o metropolitana de Vit\u00f3ria desde 1989, transportando, hoje, mais de 17 milh\u00f5es de passageiros mensais nos sete munic\u00edpios de abrang\u00eancia. O Transcol \u00e9 operado por 10 empresas privadas divididas em dois cons\u00f3rcios e gerenciada pela CETURB-ES.<\/p>\n<p>Imagens &#8211; Divulga\u00e7\u00e3o<\/p>\n","protected":false},"excerpt":{"rendered":"<p>No Espirito Santo, a ado\u00e7\u00e3o de tecnologia de monitoramento do transporte coletivo tem o objetivo de oferecer a opera\u00e7\u00e3o otimizada<\/p>\n","protected":false},"author":2,"featured_media":14361,"comment_status":"open","ping_status":"open","sticky":false,"template":"","format":"standard","meta":{"_et_pb_use_builder":"","_et_pb_old_content":"","_et_gb_content_width":"","_jetpack_memberships_contains_paid_content":false,"footnotes":""},"categories":[7,90,73],"tags":[891],"class_list":["post-14360","post","type-post","status-publish","format-standard","has-post-thumbnail","hentry","category-mobilidade-urbana","category-noticias","category-tecnologia","tag-ceturb","et-has-post-format-content","et_post_format-et-post-format-standard"],"yoast_head":"<!-- This site is optimized with the Yoast SEO plugin v27.2 - https:\/\/yoast.com\/product\/yoast-seo-wordpress\/ -->\n<title>A melhor gest\u00e3o para o transporte eficiente - Revista AutoBus<\/title>\n<meta name=\"robots\" content=\"index, follow, max-snippet:-1, max-image-preview:large, max-video-preview:-1\" \/>\n<link rel=\"canonical\" href=\"https:\/\/revistaautobus.com.br\/?p=14360\" \/>\n<meta property=\"og:locale\" content=\"pt_BR\" \/>\n<meta property=\"og:type\" content=\"article\" \/>\n<meta property=\"og:title\" content=\"A melhor gest\u00e3o para o transporte eficiente - Revista AutoBus\" \/>\n<meta property=\"og:description\" content=\"No Espirito Santo, a ado\u00e7\u00e3o de tecnologia de monitoramento do transporte coletivo tem o objetivo de oferecer a opera\u00e7\u00e3o otimizada\" \/>\n<meta property=\"og:url\" content=\"https:\/\/revistaautobus.com.br\/?p=14360\" \/>\n<meta property=\"og:site_name\" content=\"Revista AutoBus\" \/>\n<meta property=\"article:publisher\" content=\"https:\/\/www.facebook.com\/antonio.ferro.3150\" \/>\n<meta property=\"article:published_time\" content=\"2025-01-10T16:04:39+00:00\" \/>\n<meta property=\"og:image\" content=\"https:\/\/revistaautobus.com.br\/wp-content\/uploads\/2025\/01\/IMG-20250110-WA0015.jpg\" \/>\n\t<meta property=\"og:image:width\" content=\"1280\" \/>\n\t<meta property=\"og:image:height\" content=\"720\" \/>\n\t<meta property=\"og:image:type\" content=\"image\/jpeg\" \/>\n<meta name=\"author\" content=\"Antonio Ferro\" \/>\n<meta name=\"twitter:card\" content=\"summary_large_image\" \/>\n<meta name=\"twitter:label1\" content=\"Escrito por\" \/>\n\t<meta name=\"twitter:data1\" content=\"Antonio Ferro\" \/>\n\t<meta name=\"twitter:label2\" content=\"Est. tempo de leitura\" \/>\n\t<meta name=\"twitter:data2\" content=\"3 minutos\" \/>\n<script type=\"application\/ld+json\" class=\"yoast-schema-graph\">{\"@context\":\"https:\/\/schema.org\",\"@graph\":[{\"@type\":\"Article\",\"@id\":\"https:\/\/revistaautobus.com.br\/?p=14360#article\",\"isPartOf\":{\"@id\":\"https:\/\/revistaautobus.com.br\/?p=14360\"},\"author\":{\"name\":\"Antonio Ferro\",\"@id\":\"https:\/\/revistaautobus.com.br\/#\/schema\/person\/54af7c3eb83a310e42ef686ef6d16f50\"},\"headline\":\"A melhor gest\u00e3o para o transporte eficiente\",\"datePublished\":\"2025-01-10T16:04:39+00:00\",\"mainEntityOfPage\":{\"@id\":\"https:\/\/revistaautobus.com.br\/?p=14360\"},\"wordCount\":431,\"commentCount\":0,\"publisher\":{\"@id\":\"https:\/\/revistaautobus.com.br\/#organization\"},\"image\":{\"@id\":\"https:\/\/revistaautobus.com.br\/?p=14360#primaryimage\"},\"thumbnailUrl\":\"https:\/\/revistaautobus.com.br\/wp-content\/uploads\/2025\/01\/IMG-20250110-WA0015.jpg\",\"keywords\":[\"CETURB\"],\"articleSection\":[\"Mobilidade Urbana\",\"Not\u00edcias\",\"Tecnologia\"],\"inLanguage\":\"pt-BR\",\"potentialAction\":[{\"@type\":\"CommentAction\",\"name\":\"Comment\",\"target\":[\"https:\/\/revistaautobus.com.br\/?p=14360#respond\"]}]},{\"@type\":\"WebPage\",\"@id\":\"https:\/\/revistaautobus.com.br\/?p=14360\",\"url\":\"https:\/\/revistaautobus.com.br\/?p=14360\",\"name\":\"A melhor gest\u00e3o para o transporte eficiente - Revista AutoBus\",\"isPartOf\":{\"@id\":\"https:\/\/revistaautobus.com.br\/#website\"},\"primaryImageOfPage\":{\"@id\":\"https:\/\/revistaautobus.com.br\/?p=14360#primaryimage\"},\"image\":{\"@id\":\"https:\/\/revistaautobus.com.br\/?p=14360#primaryimage\"},\"thumbnailUrl\":\"https:\/\/revistaautobus.com.br\/wp-content\/uploads\/2025\/01\/IMG-20250110-WA0015.jpg\",\"datePublished\":\"2025-01-10T16:04:39+00:00\",\"breadcrumb\":{\"@id\":\"https:\/\/revistaautobus.com.br\/?p=14360#breadcrumb\"},\"inLanguage\":\"pt-BR\",\"potentialAction\":[{\"@type\":\"ReadAction\",\"target\":[\"https:\/\/revistaautobus.com.br\/?p=14360\"]}]},{\"@type\":\"ImageObject\",\"inLanguage\":\"pt-BR\",\"@id\":\"https:\/\/revistaautobus.com.br\/?p=14360#primaryimage\",\"url\":\"https:\/\/revistaautobus.com.br\/wp-content\/uploads\/2025\/01\/IMG-20250110-WA0015.jpg\",\"contentUrl\":\"https:\/\/revistaautobus.com.br\/wp-content\/uploads\/2025\/01\/IMG-20250110-WA0015.jpg\",\"width\":1280,\"height\":720},{\"@type\":\"BreadcrumbList\",\"@id\":\"https:\/\/revistaautobus.com.br\/?p=14360#breadcrumb\",\"itemListElement\":[{\"@type\":\"ListItem\",\"position\":1,\"name\":\"In\u00edcio\",\"item\":\"https:\/\/revistaautobus.com.br\/\"},{\"@type\":\"ListItem\",\"position\":2,\"name\":\"A melhor gest\u00e3o para o transporte eficiente\"}]},{\"@type\":\"WebSite\",\"@id\":\"https:\/\/revistaautobus.com.br\/#website\",\"url\":\"https:\/\/revistaautobus.com.br\/\",\"name\":\"Revista AutoBus\",\"description\":\"\",\"publisher\":{\"@id\":\"https:\/\/revistaautobus.com.br\/#organization\"},\"potentialAction\":[{\"@type\":\"SearchAction\",\"target\":{\"@type\":\"EntryPoint\",\"urlTemplate\":\"https:\/\/revistaautobus.com.br\/?s={search_term_string}\"},\"query-input\":{\"@type\":\"PropertyValueSpecification\",\"valueRequired\":true,\"valueName\":\"search_term_string\"}}],\"inLanguage\":\"pt-BR\"},{\"@type\":\"Organization\",\"@id\":\"https:\/\/revistaautobus.com.br\/#organization\",\"name\":\"Revista AutoBus\",\"url\":\"https:\/\/revistaautobus.com.br\/\",\"logo\":{\"@type\":\"ImageObject\",\"inLanguage\":\"pt-BR\",\"@id\":\"https:\/\/revistaautobus.com.br\/#\/schema\/logo\/image\/\",\"url\":\"https:\/\/revistaautobus.com.br\/wp-content\/uploads\/2024\/11\/logo_revista_autobus_fb.png\",\"contentUrl\":\"https:\/\/revistaautobus.com.br\/wp-content\/uploads\/2024\/11\/logo_revista_autobus_fb.png\",\"width\":836,\"height\":227,\"caption\":\"Revista AutoBus\"},\"image\":{\"@id\":\"https:\/\/revistaautobus.com.br\/#\/schema\/logo\/image\/\"},\"sameAs\":[\"https:\/\/www.facebook.com\/antonio.ferro.3150\",\"https:\/\/www.instagram.com\/revistaautobus\/\"]},{\"@type\":\"Person\",\"@id\":\"https:\/\/revistaautobus.com.br\/#\/schema\/person\/54af7c3eb83a310e42ef686ef6d16f50\",\"name\":\"Antonio Ferro\",\"image\":{\"@type\":\"ImageObject\",\"inLanguage\":\"pt-BR\",\"@id\":\"https:\/\/revistaautobus.com.br\/wp-content\/uploads\/2025\/12\/editor_antonio_ferro-150x150.jpg\",\"url\":\"https:\/\/revistaautobus.com.br\/wp-content\/uploads\/2025\/12\/editor_antonio_ferro-150x150.jpg\",\"contentUrl\":\"https:\/\/revistaautobus.com.br\/wp-content\/uploads\/2025\/12\/editor_antonio_ferro-150x150.jpg\",\"caption\":\"Antonio Ferro\"},\"description\":\"infobus@uol.com.br\",\"url\":\"https:\/\/revistaautobus.com.br\/?author=2\"}]}<\/script>\n<!-- \/ Yoast SEO plugin. -->","yoast_head_json":{"title":"A melhor gest\u00e3o para o transporte eficiente - Revista AutoBus","robots":{"index":"index","follow":"follow","max-snippet":"max-snippet:-1","max-image-preview":"max-image-preview:large","max-video-preview":"max-video-preview:-1"},"canonical":"https:\/\/revistaautobus.com.br\/?p=14360","og_locale":"pt_BR","og_type":"article","og_title":"A melhor gest\u00e3o para o transporte eficiente - Revista AutoBus","og_description":"No Espirito Santo, a ado\u00e7\u00e3o de tecnologia de monitoramento do transporte coletivo tem o objetivo de oferecer a opera\u00e7\u00e3o otimizada","og_url":"https:\/\/revistaautobus.com.br\/?p=14360","og_site_name":"Revista AutoBus","article_publisher":"https:\/\/www.facebook.com\/antonio.ferro.3150","article_published_time":"2025-01-10T16:04:39+00:00","og_image":[{"width":1280,"height":720,"url":"https:\/\/revistaautobus.com.br\/wp-content\/uploads\/2025\/01\/IMG-20250110-WA0015.jpg","type":"image\/jpeg"}],"author":"Antonio Ferro","twitter_card":"summary_large_image","twitter_misc":{"Escrito por":"Antonio Ferro","Est. tempo de leitura":"3 minutos"},"schema":{"@context":"https:\/\/schema.org","@graph":[{"@type":"Article","@id":"https:\/\/revistaautobus.com.br\/?p=14360#article","isPartOf":{"@id":"https:\/\/revistaautobus.com.br\/?p=14360"},"author":{"name":"Antonio Ferro","@id":"https:\/\/revistaautobus.com.br\/#\/schema\/person\/54af7c3eb83a310e42ef686ef6d16f50"},"headline":"A melhor gest\u00e3o para o transporte eficiente","datePublished":"2025-01-10T16:04:39+00:00","mainEntityOfPage":{"@id":"https:\/\/revistaautobus.com.br\/?p=14360"},"wordCount":431,"commentCount":0,"publisher":{"@id":"https:\/\/revistaautobus.com.br\/#organization"},"image":{"@id":"https:\/\/revistaautobus.com.br\/?p=14360#primaryimage"},"thumbnailUrl":"https:\/\/revistaautobus.com.br\/wp-content\/uploads\/2025\/01\/IMG-20250110-WA0015.jpg","keywords":["CETURB"],"articleSection":["Mobilidade Urbana","Not\u00edcias","Tecnologia"],"inLanguage":"pt-BR","potentialAction":[{"@type":"CommentAction","name":"Comment","target":["https:\/\/revistaautobus.com.br\/?p=14360#respond"]}]},{"@type":"WebPage","@id":"https:\/\/revistaautobus.com.br\/?p=14360","url":"https:\/\/revistaautobus.com.br\/?p=14360","name":"A melhor gest\u00e3o para o transporte eficiente - Revista AutoBus","isPartOf":{"@id":"https:\/\/revistaautobus.com.br\/#website"},"primaryImageOfPage":{"@id":"https:\/\/revistaautobus.com.br\/?p=14360#primaryimage"},"image":{"@id":"https:\/\/revistaautobus.com.br\/?p=14360#primaryimage"},"thumbnailUrl":"https:\/\/revistaautobus.com.br\/wp-content\/uploads\/2025\/01\/IMG-20250110-WA0015.jpg","datePublished":"2025-01-10T16:04:39+00:00","breadcrumb":{"@id":"https:\/\/revistaautobus.com.br\/?p=14360#breadcrumb"},"inLanguage":"pt-BR","potentialAction":[{"@type":"ReadAction","target":["https:\/\/revistaautobus.com.br\/?p=14360"]}]},{"@type":"ImageObject","inLanguage":"pt-BR","@id":"https:\/\/revistaautobus.com.br\/?p=14360#primaryimage","url":"https:\/\/revistaautobus.com.br\/wp-content\/uploads\/2025\/01\/IMG-20250110-WA0015.jpg","contentUrl":"https:\/\/revistaautobus.com.br\/wp-content\/uploads\/2025\/01\/IMG-20250110-WA0015.jpg","width":1280,"height":720},{"@type":"BreadcrumbList","@id":"https:\/\/revistaautobus.com.br\/?p=14360#breadcrumb","itemListElement":[{"@type":"ListItem","position":1,"name":"In\u00edcio","item":"https:\/\/revistaautobus.com.br\/"},{"@type":"ListItem","position":2,"name":"A melhor gest\u00e3o para o transporte eficiente"}]},{"@type":"WebSite","@id":"https:\/\/revistaautobus.com.br\/#website","url":"https:\/\/revistaautobus.com.br\/","name":"Revista AutoBus","description":"","publisher":{"@id":"https:\/\/revistaautobus.com.br\/#organization"},"potentialAction":[{"@type":"SearchAction","target":{"@type":"EntryPoint","urlTemplate":"https:\/\/revistaautobus.com.br\/?s={search_term_string}"},"query-input":{"@type":"PropertyValueSpecification","valueRequired":true,"valueName":"search_term_string"}}],"inLanguage":"pt-BR"},{"@type":"Organization","@id":"https:\/\/revistaautobus.com.br\/#organization","name":"Revista AutoBus","url":"https:\/\/revistaautobus.com.br\/","logo":{"@type":"ImageObject","inLanguage":"pt-BR","@id":"https:\/\/revistaautobus.com.br\/#\/schema\/logo\/image\/","url":"https:\/\/revistaautobus.com.br\/wp-content\/uploads\/2024\/11\/logo_revista_autobus_fb.png","contentUrl":"https:\/\/revistaautobus.com.br\/wp-content\/uploads\/2024\/11\/logo_revista_autobus_fb.png","width":836,"height":227,"caption":"Revista AutoBus"},"image":{"@id":"https:\/\/revistaautobus.com.br\/#\/schema\/logo\/image\/"},"sameAs":["https:\/\/www.facebook.com\/antonio.ferro.3150","https:\/\/www.instagram.com\/revistaautobus\/"]},{"@type":"Person","@id":"https:\/\/revistaautobus.com.br\/#\/schema\/person\/54af7c3eb83a310e42ef686ef6d16f50","name":"Antonio Ferro","image":{"@type":"ImageObject","inLanguage":"pt-BR","@id":"https:\/\/revistaautobus.com.br\/wp-content\/uploads\/2025\/12\/editor_antonio_ferro-150x150.jpg","url":"https:\/\/revistaautobus.com.br\/wp-content\/uploads\/2025\/12\/editor_antonio_ferro-150x150.jpg","contentUrl":"https:\/\/revistaautobus.com.br\/wp-content\/uploads\/2025\/12\/editor_antonio_ferro-150x150.jpg","caption":"Antonio Ferro"},"description":"infobus@uol.com.br","url":"https:\/\/revistaautobus.com.br\/?author=2"}]}},"jetpack_featured_media_url":"https:\/\/revistaautobus.com.br\/wp-content\/uploads\/2025\/01\/IMG-20250110-WA0015.jpg","jetpack_sharing_enabled":true,"_links":{"self":[{"href":"https:\/\/revistaautobus.com.br\/index.php?rest_route=\/wp\/v2\/posts\/14360","targetHints":{"allow":["GET"]}}],"collection":[{"href":"https:\/\/revistaautobus.com.br\/index.php?rest_route=\/wp\/v2\/posts"}],"about":[{"href":"https:\/\/revistaautobus.com.br\/index.php?rest_route=\/wp\/v2\/types\/post"}],"author":[{"embeddable":true,"href":"https:\/\/revistaautobus.com.br\/index.php?rest_route=\/wp\/v2\/users\/2"}],"replies":[{"embeddable":true,"href":"https:\/\/revistaautobus.com.br\/index.php?rest_route=%2Fwp%2Fv2%2Fcomments&post=14360"}],"version-history":[{"count":2,"href":"https:\/\/revistaautobus.com.br\/index.php?rest_route=\/wp\/v2\/posts\/14360\/revisions"}],"predecessor-version":[{"id":14364,"href":"https:\/\/revistaautobus.com.br\/index.php?rest_route=\/wp\/v2\/posts\/14360\/revisions\/14364"}],"wp:featuredmedia":[{"embeddable":true,"href":"https:\/\/revistaautobus.com.br\/index.php?rest_route=\/wp\/v2\/media\/14361"}],"wp:attachment":[{"href":"https:\/\/revistaautobus.com.br\/index.php?rest_route=%2Fwp%2Fv2%2Fmedia&parent=14360"}],"wp:term":[{"taxonomy":"category","embeddable":true,"href":"https:\/\/revistaautobus.com.br\/index.php?rest_route=%2Fwp%2Fv2%2Fcategories&post=14360"},{"taxonomy":"post_tag","embeddable":true,"href":"https:\/\/revistaautobus.com.br\/index.php?rest_route=%2Fwp%2Fv2%2Ftags&post=14360"}],"curies":[{"name":"wp","href":"https:\/\/api.w.org\/{rel}","templated":true}]}}