{"id":14632,"date":"2025-02-24T08:20:06","date_gmt":"2025-02-24T11:20:06","guid":{"rendered":"https:\/\/revistaautobus.com.br\/?p=14632"},"modified":"2025-02-24T08:20:06","modified_gmt":"2025-02-24T11:20:06","slug":"no-carnaval-carioca-os-folioes-chegam-de-onibus","status":"publish","type":"post","link":"https:\/\/revistaautobus.com.br\/?p=14632","title":{"rendered":"No carnaval carioca, os foli\u00f5es chegam de \u00f4nibus"},"content":{"rendered":"<p>Durante a festa do Momo, entre os dias 27 de fevereiro e 10 de mar\u00e7o, a Rodovi\u00e1ria do Rio, 2\u00ba maior terminal rodovi\u00e1rio da Am\u00e9rica Latina, deve movimentar 500.404 viajantes entre embarques e desembarques. O n\u00famero deve representar um aumento de 1,5% nas viagens de \u00f4nibus pela rodovi\u00e1ria em rela\u00e7\u00e3o ao Carnaval de 2024.<\/p>\n<p>De acordo com a gerencia do terminal, o dia com maior n\u00famero de viagens ser\u00e1 a sexta-feira (28\/02), com 32.867 embarques e 33.495 desembarques. Para atender esta demanda, as 39 empresas de \u00f4nibus que operam no terminal disponibilizaram uma frota de 16.485 ve\u00edculos, incluindo 4.244 \u00f4nibus extras.<\/p>\n<p>Roberta Faria, Diretora Geral da Rodovi\u00e1ria do Rio, disse que o Carnaval \u00e9 um per\u00edodo importante para a cidade do Rio de Janeiro se destacar ainda mais como um dos maiores destinos tur\u00edsticos do Pa\u00eds. \u201cEste evento, que atrai milh\u00f5es de visitantes, contribui significativamente para a economia local e impulsiona o turismo de forma expressiva. Estamos otimistas para receber mais de meio milh\u00e3o de passageiros durante esse per\u00edodo, com uma infraestrutura e um atendimento dedicados \u00e0 garantir o melhor receptivo de turistas que chegam de diversas regi\u00f5es do Brasil. A Rodovi\u00e1ria do Rio est\u00e1 preparada para receber os passageiros com conforto, seguran\u00e7a e agilidade aos passageiros, refor\u00e7ando a relev\u00e2ncia desse modal para o sucesso da festa e o fortalecimento da cadeia tur\u00edstica da cidade\u201d, explicou.<\/p>\n<p><img loading=\"lazy\" decoding=\"async\" class=\"alignnone wp-image-14634 size-full\" src=\"https:\/\/revistaautobus.com.br\/wp-content\/uploads\/2025\/02\/1_20250221_075336_0000.png\" alt=\"\" width=\"1000\" height=\"666\" srcset=\"https:\/\/revistaautobus.com.br\/wp-content\/uploads\/2025\/02\/1_20250221_075336_0000.png 1000w, https:\/\/revistaautobus.com.br\/wp-content\/uploads\/2025\/02\/1_20250221_075336_0000-300x200.png 300w, https:\/\/revistaautobus.com.br\/wp-content\/uploads\/2025\/02\/1_20250221_075336_0000-768x511.png 768w\" sizes=\"(max-width: 1000px) 100vw, 1000px\" \/><\/p>\n<p>E, ainda, segundo informou a administra\u00e7\u00e3o da Rodovi\u00e1ria, os principais destinos procurados por quem vai usar o \u00f4nibus para deixar a cidade do Rio de Janeiro, nesse per\u00edodo, s\u00e3o as cidades da Costa do Sol, Costa Verde, Serra Fluminense e interior do Rio de Janeiro, al\u00e9m de cidades de S\u00e3o Paulo e Minas Gerais. No desembarque de turistas dever\u00e1 haver um fluxo de 250.606 passageiros vindos principalmente de Minas Gerais, S\u00e3o Paulo e Esp\u00edrito Santo para passar o Carnaval. O n\u00famero de viajantes chegando \u00e9 maior do que o volume de quem sai da cidade.<\/p>\n<p>Imagens &#8211; Divulga\u00e7\u00e3o<\/p>\n","protected":false},"excerpt":{"rendered":"<p>Quem chegar \u00e0 capital fluminense pela rodovi\u00e1ria, ter\u00e1 uma programa\u00e7\u00e3o de eventos gratuitos, como a visita do Rei Momo, a banda da Guarda Municipal, exposi\u00e7\u00e3o de fantasias da Mangueira, maquiagem de carnaval, distribui\u00e7\u00e3o de kits e muitas a\u00e7\u00f5es de utilidade p\u00fablica<\/p>\n","protected":false},"author":2,"featured_media":14633,"comment_status":"open","ping_status":"open","sticky":false,"template":"","format":"standard","meta":{"_et_pb_use_builder":"","_et_pb_old_content":"","_et_gb_content_width":"","_jetpack_memberships_contains_paid_content":false,"footnotes":""},"categories":[90,80],"tags":[910,846],"class_list":["post-14632","post","type-post","status-publish","format-standard","has-post-thumbnail","hentry","category-noticias","category-transporte-rodoviario","tag-carnaval-carioca-2025","tag-rodoviaria-do-rio","et-has-post-format-content","et_post_format-et-post-format-standard"],"yoast_head":"<!-- This site is optimized with the Yoast SEO plugin v27.2 - https:\/\/yoast.com\/product\/yoast-seo-wordpress\/ -->\n<title>No carnaval carioca, os foli\u00f5es chegam de \u00f4nibus - Revista AutoBus<\/title>\n<meta name=\"robots\" content=\"index, follow, max-snippet:-1, max-image-preview:large, max-video-preview:-1\" \/>\n<link rel=\"canonical\" href=\"https:\/\/revistaautobus.com.br\/?p=14632\" \/>\n<meta property=\"og:locale\" content=\"pt_BR\" \/>\n<meta property=\"og:type\" content=\"article\" \/>\n<meta property=\"og:title\" content=\"No carnaval carioca, os foli\u00f5es chegam de \u00f4nibus - Revista AutoBus\" \/>\n<meta property=\"og:description\" content=\"Quem chegar \u00e0 capital fluminense pela rodovi\u00e1ria, ter\u00e1 uma programa\u00e7\u00e3o de eventos gratuitos, como a visita do Rei Momo, a banda da Guarda Municipal, exposi\u00e7\u00e3o de fantasias da Mangueira, maquiagem de carnaval, distribui\u00e7\u00e3o de kits e muitas a\u00e7\u00f5es de utilidade p\u00fablica\" \/>\n<meta property=\"og:url\" content=\"https:\/\/revistaautobus.com.br\/?p=14632\" \/>\n<meta property=\"og:site_name\" content=\"Revista AutoBus\" \/>\n<meta property=\"article:publisher\" content=\"https:\/\/www.facebook.com\/antonio.ferro.3150\" \/>\n<meta property=\"article:published_time\" content=\"2025-02-24T11:20:06+00:00\" \/>\n<meta property=\"og:image\" content=\"https:\/\/revistaautobus.com.br\/wp-content\/uploads\/2025\/02\/5_20250221_075336_0004.png\" \/>\n\t<meta property=\"og:image:width\" content=\"1000\" \/>\n\t<meta property=\"og:image:height\" content=\"666\" \/>\n\t<meta property=\"og:image:type\" content=\"image\/png\" \/>\n<meta name=\"author\" content=\"Antonio Ferro\" \/>\n<meta name=\"twitter:card\" content=\"summary_large_image\" \/>\n<meta name=\"twitter:label1\" content=\"Escrito por\" \/>\n\t<meta name=\"twitter:data1\" content=\"Antonio Ferro\" \/>\n\t<meta name=\"twitter:label2\" content=\"Est. tempo de leitura\" \/>\n\t<meta name=\"twitter:data2\" content=\"3 minutos\" \/>\n<script type=\"application\/ld+json\" class=\"yoast-schema-graph\">{\"@context\":\"https:\/\/schema.org\",\"@graph\":[{\"@type\":\"Article\",\"@id\":\"https:\/\/revistaautobus.com.br\/?p=14632#article\",\"isPartOf\":{\"@id\":\"https:\/\/revistaautobus.com.br\/?p=14632\"},\"author\":{\"name\":\"Antonio Ferro\",\"@id\":\"https:\/\/revistaautobus.com.br\/#\/schema\/person\/54af7c3eb83a310e42ef686ef6d16f50\"},\"headline\":\"No carnaval carioca, os foli\u00f5es chegam de \u00f4nibus\",\"datePublished\":\"2025-02-24T11:20:06+00:00\",\"mainEntityOfPage\":{\"@id\":\"https:\/\/revistaautobus.com.br\/?p=14632\"},\"wordCount\":349,\"commentCount\":0,\"publisher\":{\"@id\":\"https:\/\/revistaautobus.com.br\/#organization\"},\"image\":{\"@id\":\"https:\/\/revistaautobus.com.br\/?p=14632#primaryimage\"},\"thumbnailUrl\":\"https:\/\/revistaautobus.com.br\/wp-content\/uploads\/2025\/02\/5_20250221_075336_0004.png\",\"keywords\":[\"Carnaval carioca 2025\",\"Rodovi\u00e1ria do Rio\"],\"articleSection\":[\"Not\u00edcias\",\"Transporte rodovi\u00e1rio\"],\"inLanguage\":\"pt-BR\",\"potentialAction\":[{\"@type\":\"CommentAction\",\"name\":\"Comment\",\"target\":[\"https:\/\/revistaautobus.com.br\/?p=14632#respond\"]}]},{\"@type\":\"WebPage\",\"@id\":\"https:\/\/revistaautobus.com.br\/?p=14632\",\"url\":\"https:\/\/revistaautobus.com.br\/?p=14632\",\"name\":\"No carnaval carioca, os foli\u00f5es chegam de \u00f4nibus - Revista AutoBus\",\"isPartOf\":{\"@id\":\"https:\/\/revistaautobus.com.br\/#website\"},\"primaryImageOfPage\":{\"@id\":\"https:\/\/revistaautobus.com.br\/?p=14632#primaryimage\"},\"image\":{\"@id\":\"https:\/\/revistaautobus.com.br\/?p=14632#primaryimage\"},\"thumbnailUrl\":\"https:\/\/revistaautobus.com.br\/wp-content\/uploads\/2025\/02\/5_20250221_075336_0004.png\",\"datePublished\":\"2025-02-24T11:20:06+00:00\",\"breadcrumb\":{\"@id\":\"https:\/\/revistaautobus.com.br\/?p=14632#breadcrumb\"},\"inLanguage\":\"pt-BR\",\"potentialAction\":[{\"@type\":\"ReadAction\",\"target\":[\"https:\/\/revistaautobus.com.br\/?p=14632\"]}]},{\"@type\":\"ImageObject\",\"inLanguage\":\"pt-BR\",\"@id\":\"https:\/\/revistaautobus.com.br\/?p=14632#primaryimage\",\"url\":\"https:\/\/revistaautobus.com.br\/wp-content\/uploads\/2025\/02\/5_20250221_075336_0004.png\",\"contentUrl\":\"https:\/\/revistaautobus.com.br\/wp-content\/uploads\/2025\/02\/5_20250221_075336_0004.png\",\"width\":1000,\"height\":666},{\"@type\":\"BreadcrumbList\",\"@id\":\"https:\/\/revistaautobus.com.br\/?p=14632#breadcrumb\",\"itemListElement\":[{\"@type\":\"ListItem\",\"position\":1,\"name\":\"In\u00edcio\",\"item\":\"https:\/\/revistaautobus.com.br\/\"},{\"@type\":\"ListItem\",\"position\":2,\"name\":\"No carnaval carioca, os foli\u00f5es chegam de \u00f4nibus\"}]},{\"@type\":\"WebSite\",\"@id\":\"https:\/\/revistaautobus.com.br\/#website\",\"url\":\"https:\/\/revistaautobus.com.br\/\",\"name\":\"Revista AutoBus\",\"description\":\"\",\"publisher\":{\"@id\":\"https:\/\/revistaautobus.com.br\/#organization\"},\"potentialAction\":[{\"@type\":\"SearchAction\",\"target\":{\"@type\":\"EntryPoint\",\"urlTemplate\":\"https:\/\/revistaautobus.com.br\/?s={search_term_string}\"},\"query-input\":{\"@type\":\"PropertyValueSpecification\",\"valueRequired\":true,\"valueName\":\"search_term_string\"}}],\"inLanguage\":\"pt-BR\"},{\"@type\":\"Organization\",\"@id\":\"https:\/\/revistaautobus.com.br\/#organization\",\"name\":\"Revista AutoBus\",\"url\":\"https:\/\/revistaautobus.com.br\/\",\"logo\":{\"@type\":\"ImageObject\",\"inLanguage\":\"pt-BR\",\"@id\":\"https:\/\/revistaautobus.com.br\/#\/schema\/logo\/image\/\",\"url\":\"https:\/\/revistaautobus.com.br\/wp-content\/uploads\/2024\/11\/logo_revista_autobus_fb.png\",\"contentUrl\":\"https:\/\/revistaautobus.com.br\/wp-content\/uploads\/2024\/11\/logo_revista_autobus_fb.png\",\"width\":836,\"height\":227,\"caption\":\"Revista AutoBus\"},\"image\":{\"@id\":\"https:\/\/revistaautobus.com.br\/#\/schema\/logo\/image\/\"},\"sameAs\":[\"https:\/\/www.facebook.com\/antonio.ferro.3150\",\"https:\/\/www.instagram.com\/revistaautobus\/\"]},{\"@type\":\"Person\",\"@id\":\"https:\/\/revistaautobus.com.br\/#\/schema\/person\/54af7c3eb83a310e42ef686ef6d16f50\",\"name\":\"Antonio Ferro\",\"image\":{\"@type\":\"ImageObject\",\"inLanguage\":\"pt-BR\",\"@id\":\"https:\/\/revistaautobus.com.br\/wp-content\/uploads\/2025\/12\/editor_antonio_ferro-150x150.jpg\",\"url\":\"https:\/\/revistaautobus.com.br\/wp-content\/uploads\/2025\/12\/editor_antonio_ferro-150x150.jpg\",\"contentUrl\":\"https:\/\/revistaautobus.com.br\/wp-content\/uploads\/2025\/12\/editor_antonio_ferro-150x150.jpg\",\"caption\":\"Antonio Ferro\"},\"description\":\"infobus@uol.com.br\",\"url\":\"https:\/\/revistaautobus.com.br\/?author=2\"}]}<\/script>\n<!-- \/ Yoast SEO plugin. -->","yoast_head_json":{"title":"No carnaval carioca, os foli\u00f5es chegam de \u00f4nibus - Revista AutoBus","robots":{"index":"index","follow":"follow","max-snippet":"max-snippet:-1","max-image-preview":"max-image-preview:large","max-video-preview":"max-video-preview:-1"},"canonical":"https:\/\/revistaautobus.com.br\/?p=14632","og_locale":"pt_BR","og_type":"article","og_title":"No carnaval carioca, os foli\u00f5es chegam de \u00f4nibus - Revista AutoBus","og_description":"Quem chegar \u00e0 capital fluminense pela rodovi\u00e1ria, ter\u00e1 uma programa\u00e7\u00e3o de eventos gratuitos, como a visita do Rei Momo, a banda da Guarda Municipal, exposi\u00e7\u00e3o de fantasias da Mangueira, maquiagem de carnaval, distribui\u00e7\u00e3o de kits e muitas a\u00e7\u00f5es de utilidade p\u00fablica","og_url":"https:\/\/revistaautobus.com.br\/?p=14632","og_site_name":"Revista AutoBus","article_publisher":"https:\/\/www.facebook.com\/antonio.ferro.3150","article_published_time":"2025-02-24T11:20:06+00:00","og_image":[{"width":1000,"height":666,"url":"https:\/\/revistaautobus.com.br\/wp-content\/uploads\/2025\/02\/5_20250221_075336_0004.png","type":"image\/png"}],"author":"Antonio Ferro","twitter_card":"summary_large_image","twitter_misc":{"Escrito por":"Antonio Ferro","Est. tempo de leitura":"3 minutos"},"schema":{"@context":"https:\/\/schema.org","@graph":[{"@type":"Article","@id":"https:\/\/revistaautobus.com.br\/?p=14632#article","isPartOf":{"@id":"https:\/\/revistaautobus.com.br\/?p=14632"},"author":{"name":"Antonio Ferro","@id":"https:\/\/revistaautobus.com.br\/#\/schema\/person\/54af7c3eb83a310e42ef686ef6d16f50"},"headline":"No carnaval carioca, os foli\u00f5es chegam de \u00f4nibus","datePublished":"2025-02-24T11:20:06+00:00","mainEntityOfPage":{"@id":"https:\/\/revistaautobus.com.br\/?p=14632"},"wordCount":349,"commentCount":0,"publisher":{"@id":"https:\/\/revistaautobus.com.br\/#organization"},"image":{"@id":"https:\/\/revistaautobus.com.br\/?p=14632#primaryimage"},"thumbnailUrl":"https:\/\/revistaautobus.com.br\/wp-content\/uploads\/2025\/02\/5_20250221_075336_0004.png","keywords":["Carnaval carioca 2025","Rodovi\u00e1ria do Rio"],"articleSection":["Not\u00edcias","Transporte rodovi\u00e1rio"],"inLanguage":"pt-BR","potentialAction":[{"@type":"CommentAction","name":"Comment","target":["https:\/\/revistaautobus.com.br\/?p=14632#respond"]}]},{"@type":"WebPage","@id":"https:\/\/revistaautobus.com.br\/?p=14632","url":"https:\/\/revistaautobus.com.br\/?p=14632","name":"No carnaval carioca, os foli\u00f5es chegam de \u00f4nibus - Revista AutoBus","isPartOf":{"@id":"https:\/\/revistaautobus.com.br\/#website"},"primaryImageOfPage":{"@id":"https:\/\/revistaautobus.com.br\/?p=14632#primaryimage"},"image":{"@id":"https:\/\/revistaautobus.com.br\/?p=14632#primaryimage"},"thumbnailUrl":"https:\/\/revistaautobus.com.br\/wp-content\/uploads\/2025\/02\/5_20250221_075336_0004.png","datePublished":"2025-02-24T11:20:06+00:00","breadcrumb":{"@id":"https:\/\/revistaautobus.com.br\/?p=14632#breadcrumb"},"inLanguage":"pt-BR","potentialAction":[{"@type":"ReadAction","target":["https:\/\/revistaautobus.com.br\/?p=14632"]}]},{"@type":"ImageObject","inLanguage":"pt-BR","@id":"https:\/\/revistaautobus.com.br\/?p=14632#primaryimage","url":"https:\/\/revistaautobus.com.br\/wp-content\/uploads\/2025\/02\/5_20250221_075336_0004.png","contentUrl":"https:\/\/revistaautobus.com.br\/wp-content\/uploads\/2025\/02\/5_20250221_075336_0004.png","width":1000,"height":666},{"@type":"BreadcrumbList","@id":"https:\/\/revistaautobus.com.br\/?p=14632#breadcrumb","itemListElement":[{"@type":"ListItem","position":1,"name":"In\u00edcio","item":"https:\/\/revistaautobus.com.br\/"},{"@type":"ListItem","position":2,"name":"No carnaval carioca, os foli\u00f5es chegam de \u00f4nibus"}]},{"@type":"WebSite","@id":"https:\/\/revistaautobus.com.br\/#website","url":"https:\/\/revistaautobus.com.br\/","name":"Revista AutoBus","description":"","publisher":{"@id":"https:\/\/revistaautobus.com.br\/#organization"},"potentialAction":[{"@type":"SearchAction","target":{"@type":"EntryPoint","urlTemplate":"https:\/\/revistaautobus.com.br\/?s={search_term_string}"},"query-input":{"@type":"PropertyValueSpecification","valueRequired":true,"valueName":"search_term_string"}}],"inLanguage":"pt-BR"},{"@type":"Organization","@id":"https:\/\/revistaautobus.com.br\/#organization","name":"Revista AutoBus","url":"https:\/\/revistaautobus.com.br\/","logo":{"@type":"ImageObject","inLanguage":"pt-BR","@id":"https:\/\/revistaautobus.com.br\/#\/schema\/logo\/image\/","url":"https:\/\/revistaautobus.com.br\/wp-content\/uploads\/2024\/11\/logo_revista_autobus_fb.png","contentUrl":"https:\/\/revistaautobus.com.br\/wp-content\/uploads\/2024\/11\/logo_revista_autobus_fb.png","width":836,"height":227,"caption":"Revista AutoBus"},"image":{"@id":"https:\/\/revistaautobus.com.br\/#\/schema\/logo\/image\/"},"sameAs":["https:\/\/www.facebook.com\/antonio.ferro.3150","https:\/\/www.instagram.com\/revistaautobus\/"]},{"@type":"Person","@id":"https:\/\/revistaautobus.com.br\/#\/schema\/person\/54af7c3eb83a310e42ef686ef6d16f50","name":"Antonio Ferro","image":{"@type":"ImageObject","inLanguage":"pt-BR","@id":"https:\/\/revistaautobus.com.br\/wp-content\/uploads\/2025\/12\/editor_antonio_ferro-150x150.jpg","url":"https:\/\/revistaautobus.com.br\/wp-content\/uploads\/2025\/12\/editor_antonio_ferro-150x150.jpg","contentUrl":"https:\/\/revistaautobus.com.br\/wp-content\/uploads\/2025\/12\/editor_antonio_ferro-150x150.jpg","caption":"Antonio Ferro"},"description":"infobus@uol.com.br","url":"https:\/\/revistaautobus.com.br\/?author=2"}]}},"jetpack_featured_media_url":"https:\/\/revistaautobus.com.br\/wp-content\/uploads\/2025\/02\/5_20250221_075336_0004.png","jetpack_sharing_enabled":true,"_links":{"self":[{"href":"https:\/\/revistaautobus.com.br\/index.php?rest_route=\/wp\/v2\/posts\/14632","targetHints":{"allow":["GET"]}}],"collection":[{"href":"https:\/\/revistaautobus.com.br\/index.php?rest_route=\/wp\/v2\/posts"}],"about":[{"href":"https:\/\/revistaautobus.com.br\/index.php?rest_route=\/wp\/v2\/types\/post"}],"author":[{"embeddable":true,"href":"https:\/\/revistaautobus.com.br\/index.php?rest_route=\/wp\/v2\/users\/2"}],"replies":[{"embeddable":true,"href":"https:\/\/revistaautobus.com.br\/index.php?rest_route=%2Fwp%2Fv2%2Fcomments&post=14632"}],"version-history":[{"count":2,"href":"https:\/\/revistaautobus.com.br\/index.php?rest_route=\/wp\/v2\/posts\/14632\/revisions"}],"predecessor-version":[{"id":14636,"href":"https:\/\/revistaautobus.com.br\/index.php?rest_route=\/wp\/v2\/posts\/14632\/revisions\/14636"}],"wp:featuredmedia":[{"embeddable":true,"href":"https:\/\/revistaautobus.com.br\/index.php?rest_route=\/wp\/v2\/media\/14633"}],"wp:attachment":[{"href":"https:\/\/revistaautobus.com.br\/index.php?rest_route=%2Fwp%2Fv2%2Fmedia&parent=14632"}],"wp:term":[{"taxonomy":"category","embeddable":true,"href":"https:\/\/revistaautobus.com.br\/index.php?rest_route=%2Fwp%2Fv2%2Fcategories&post=14632"},{"taxonomy":"post_tag","embeddable":true,"href":"https:\/\/revistaautobus.com.br\/index.php?rest_route=%2Fwp%2Fv2%2Ftags&post=14632"}],"curies":[{"name":"wp","href":"https:\/\/api.w.org\/{rel}","templated":true}]}}