{"id":1469,"date":"2019-03-21T06:33:00","date_gmt":"2019-03-21T09:33:00","guid":{"rendered":"https:\/\/vila8.com.br\/clientes\/autobus\/?p=1469"},"modified":"2021-06-23T11:41:34","modified_gmt":"2021-06-23T14:41:34","slug":"metra-com-nova-frota-de-onibus-articulados","status":"publish","type":"post","link":"https:\/\/revistaautobus.com.br\/?p=1469","title":{"rendered":"Metra com nova frota de \u00f4nibus articulados"},"content":{"rendered":"\n<p>O corredor de transporte metropolitano Diadema &#8211; Brooklin, uma extens\u00e3o do conhecido sistema ABD, que liga as zonas sul e leste da cidade de S\u00e3o Paulo passando pelas cidades de Santo Andr\u00e9, S\u00e3o Bernardo do Campo e Diadema, acaba de receber uma nova frota de \u00f4nibus, composta por ve\u00edculos articulados adquiridos pela operadora Metra.<\/p>\n\n\n\n<p>Os novos \u00f4nibus contam com chassis Volvo (motor eletr\u00f4nico DH12E de 340 cv de pot\u00eancia) e carro\u00e7arias da marca Caio (conex\u00e3o de internet via Wi-Fi,&nbsp;tomadas com entrada USB 12 Volts para recarga e, para maior conforto dos&nbsp; usu\u00e1rios do transporte coletivo urbano, vidros colados e sistema de ar-condicionado). Possuem 20,55 metros de comprimento e capacidade para 154 passageiros.\u201cO objetivo \u00e9 aumentar a capacidade de transporte de passageiros no corredor&nbsp; Diadema &#8211; Brooklin, e garantir, nesta extens\u00e3o do Corredor ABD que \u00e9 compartilhada e n\u00e3o tem gest\u00e3o exclusiva da Metra, um servi\u00e7o com o nosso padr\u00e3o de qualidade, j\u00e1 reconhecido como o melhor do transporte&nbsp;coletivo&nbsp; urbano de todo o Estado de S\u00e3o Paulo, conforme a mais recente pesquisa IQC \u2013 \u00cdndice de Qualidade pelo Cliente\u201d, disse Maria Beatriz Setti Braga, diretora da Metra.<\/p>\n\n\n\n<figure class=\"wp-block-image\"><img decoding=\"async\" src=\"https:\/\/www.revistaautobus.com.br\/uploads\/images\/2019\/03\/286-1553171728.jpg\" alt=\"Metra com nova frota de \u00f4nibus articulados\" title=\"Metra com nova frota de \u00f4nibus articulados\"\/><\/figure>\n\n\n\n<p>A operadora \u00e9 reconhecida pelo padr\u00e3o de qualidade imprimido em seus&nbsp;servi\u00e7os, atuando com foco na sustentabilidade e na preserva\u00e7\u00e3o ambiental com diferentes a\u00e7\u00f5es.<\/p>\n\n\n\n<p>&nbsp;Mais de 85 mil pessoas por dia circulam no trecho do corredor, que tem 12&nbsp;quil\u00f4metros de extens\u00e3o e faz a interliga\u00e7\u00e3o com as linhas 5 e 9 do Metr\u00f4 de S\u00e3o Paulo, al\u00e9m do corredor S\u00e3o Mateus \u2013 Jabaquara, no terminal Diadema. \u201cNossos \u00f4nibus s\u00e3o especialmente projetados para operar em corredores de transporte. Com piso totalmente plano, h\u00e1 muito mais espa\u00e7o para os&nbsp;passageiros, al\u00e9m de menos ru\u00eddo interno, por conta da posi\u00e7\u00e3o do motor. S\u00e3o ve\u00edculos muito avan\u00e7ados, com suspens\u00e3o e freios eletr\u00f4nicos, que v\u00e3o trazer mais conforto e seguran\u00e7a para a popula\u00e7\u00e3o da maior metr\u00f3pole do Pa\u00eds\u201d,&nbsp;observou Fabiano Todeschini, presidente da Volvo Buses Latin America.<\/p>\n\n\n\n<p>A montadora ainda ressalta o maior espa\u00e7o interno para os passageiros, em virtude da localiza\u00e7\u00e3o do motor do chassi, que \u00e9 central, e pelo projeto das caixas de roda, que n\u00e3o tiram espa\u00e7o do interior dos ve\u00edculos. \u201cMesmo com um pequeno degrau de acesso, a circula\u00e7\u00e3o de passageiros dentro dos novos \u00f4nibus \u00e9 muito melhor e mais segura. \u00c9 uma concep\u00e7\u00e3o que opera com&nbsp;absoluto sucesso em diversas cidades do mundo\u201d, destacou Humberto Costa,&nbsp;gerente comercial de \u00f4nibus Volvo em S\u00e3o Paulo.<\/p>\n\n\n\n<p>Imagens &#8211; Volvo Brasil<\/p>\n","protected":false},"excerpt":{"rendered":"<p>Os 25 novos \u00f4nibus contam com chassis Volvo (motor eletr\u00f4nico DH12E de 340 cv de pot\u00eancia) e carro\u00e7arias da marca Caio <\/p>\n","protected":false},"author":2,"featured_media":1470,"comment_status":"open","ping_status":"open","sticky":false,"template":"","format":"standard","meta":{"_et_pb_use_builder":"off","_et_pb_old_content":"","_et_gb_content_width":"","_jetpack_memberships_contains_paid_content":false,"footnotes":""},"categories":[90],"tags":[],"class_list":["post-1469","post","type-post","status-publish","format-standard","has-post-thumbnail","hentry","category-noticias","et-has-post-format-content","et_post_format-et-post-format-standard"],"yoast_head":"<!-- This site is optimized with the Yoast SEO plugin v27.2 - https:\/\/yoast.com\/product\/yoast-seo-wordpress\/ -->\n<title>Metra com nova frota de \u00f4nibus articulados - Revista AutoBus<\/title>\n<meta name=\"robots\" content=\"index, follow, max-snippet:-1, max-image-preview:large, max-video-preview:-1\" \/>\n<link rel=\"canonical\" href=\"https:\/\/revistaautobus.com.br\/?p=1469\" \/>\n<meta property=\"og:locale\" content=\"pt_BR\" \/>\n<meta property=\"og:type\" content=\"article\" \/>\n<meta property=\"og:title\" content=\"Metra com nova frota de \u00f4nibus articulados - Revista AutoBus\" \/>\n<meta property=\"og:description\" content=\"Os 25 novos \u00f4nibus contam com chassis Volvo (motor eletr\u00f4nico DH12E de 340 cv de pot\u00eancia) e carro\u00e7arias da marca Caio\" \/>\n<meta property=\"og:url\" content=\"https:\/\/revistaautobus.com.br\/?p=1469\" \/>\n<meta property=\"og:site_name\" content=\"Revista AutoBus\" \/>\n<meta property=\"article:publisher\" content=\"https:\/\/www.facebook.com\/antonio.ferro.3150\" \/>\n<meta property=\"article:published_time\" content=\"2019-03-21T09:33:00+00:00\" \/>\n<meta property=\"article:modified_time\" content=\"2021-06-23T14:41:34+00:00\" \/>\n<meta property=\"og:image\" content=\"https:\/\/revistaautobus.com.br\/wp-content\/uploads\/2021\/06\/metra-com-nova-frota-de-onibus-articulados-1553171711.jpg\" \/>\n\t<meta property=\"og:image:width\" content=\"1200\" \/>\n\t<meta property=\"og:image:height\" content=\"628\" \/>\n\t<meta property=\"og:image:type\" content=\"image\/jpeg\" \/>\n<meta name=\"author\" content=\"Antonio Ferro\" \/>\n<meta name=\"twitter:card\" content=\"summary_large_image\" \/>\n<meta name=\"twitter:label1\" content=\"Escrito por\" \/>\n\t<meta name=\"twitter:data1\" content=\"Antonio Ferro\" \/>\n\t<meta name=\"twitter:label2\" content=\"Est. tempo de leitura\" \/>\n\t<meta name=\"twitter:data2\" content=\"2 minutos\" \/>\n<script type=\"application\/ld+json\" class=\"yoast-schema-graph\">{\"@context\":\"https:\/\/schema.org\",\"@graph\":[{\"@type\":\"Article\",\"@id\":\"https:\/\/revistaautobus.com.br\/?p=1469#article\",\"isPartOf\":{\"@id\":\"https:\/\/revistaautobus.com.br\/?p=1469\"},\"author\":{\"name\":\"Antonio Ferro\",\"@id\":\"https:\/\/revistaautobus.com.br\/#\/schema\/person\/54af7c3eb83a310e42ef686ef6d16f50\"},\"headline\":\"Metra com nova frota de \u00f4nibus articulados\",\"datePublished\":\"2019-03-21T09:33:00+00:00\",\"dateModified\":\"2021-06-23T14:41:34+00:00\",\"mainEntityOfPage\":{\"@id\":\"https:\/\/revistaautobus.com.br\/?p=1469\"},\"wordCount\":460,\"commentCount\":0,\"publisher\":{\"@id\":\"https:\/\/revistaautobus.com.br\/#organization\"},\"image\":{\"@id\":\"https:\/\/revistaautobus.com.br\/?p=1469#primaryimage\"},\"thumbnailUrl\":\"https:\/\/revistaautobus.com.br\/wp-content\/uploads\/2021\/06\/metra-com-nova-frota-de-onibus-articulados-1553171711.jpg\",\"articleSection\":[\"Not\u00edcias\"],\"inLanguage\":\"pt-BR\",\"potentialAction\":[{\"@type\":\"CommentAction\",\"name\":\"Comment\",\"target\":[\"https:\/\/revistaautobus.com.br\/?p=1469#respond\"]}]},{\"@type\":\"WebPage\",\"@id\":\"https:\/\/revistaautobus.com.br\/?p=1469\",\"url\":\"https:\/\/revistaautobus.com.br\/?p=1469\",\"name\":\"Metra com nova frota de \u00f4nibus articulados - Revista AutoBus\",\"isPartOf\":{\"@id\":\"https:\/\/revistaautobus.com.br\/#website\"},\"primaryImageOfPage\":{\"@id\":\"https:\/\/revistaautobus.com.br\/?p=1469#primaryimage\"},\"image\":{\"@id\":\"https:\/\/revistaautobus.com.br\/?p=1469#primaryimage\"},\"thumbnailUrl\":\"https:\/\/revistaautobus.com.br\/wp-content\/uploads\/2021\/06\/metra-com-nova-frota-de-onibus-articulados-1553171711.jpg\",\"datePublished\":\"2019-03-21T09:33:00+00:00\",\"dateModified\":\"2021-06-23T14:41:34+00:00\",\"breadcrumb\":{\"@id\":\"https:\/\/revistaautobus.com.br\/?p=1469#breadcrumb\"},\"inLanguage\":\"pt-BR\",\"potentialAction\":[{\"@type\":\"ReadAction\",\"target\":[\"https:\/\/revistaautobus.com.br\/?p=1469\"]}]},{\"@type\":\"ImageObject\",\"inLanguage\":\"pt-BR\",\"@id\":\"https:\/\/revistaautobus.com.br\/?p=1469#primaryimage\",\"url\":\"https:\/\/revistaautobus.com.br\/wp-content\/uploads\/2021\/06\/metra-com-nova-frota-de-onibus-articulados-1553171711.jpg\",\"contentUrl\":\"https:\/\/revistaautobus.com.br\/wp-content\/uploads\/2021\/06\/metra-com-nova-frota-de-onibus-articulados-1553171711.jpg\",\"width\":1200,\"height\":628},{\"@type\":\"BreadcrumbList\",\"@id\":\"https:\/\/revistaautobus.com.br\/?p=1469#breadcrumb\",\"itemListElement\":[{\"@type\":\"ListItem\",\"position\":1,\"name\":\"In\u00edcio\",\"item\":\"https:\/\/revistaautobus.com.br\/\"},{\"@type\":\"ListItem\",\"position\":2,\"name\":\"Metra com nova frota de \u00f4nibus articulados\"}]},{\"@type\":\"WebSite\",\"@id\":\"https:\/\/revistaautobus.com.br\/#website\",\"url\":\"https:\/\/revistaautobus.com.br\/\",\"name\":\"Revista AutoBus\",\"description\":\"\",\"publisher\":{\"@id\":\"https:\/\/revistaautobus.com.br\/#organization\"},\"potentialAction\":[{\"@type\":\"SearchAction\",\"target\":{\"@type\":\"EntryPoint\",\"urlTemplate\":\"https:\/\/revistaautobus.com.br\/?s={search_term_string}\"},\"query-input\":{\"@type\":\"PropertyValueSpecification\",\"valueRequired\":true,\"valueName\":\"search_term_string\"}}],\"inLanguage\":\"pt-BR\"},{\"@type\":\"Organization\",\"@id\":\"https:\/\/revistaautobus.com.br\/#organization\",\"name\":\"Revista AutoBus\",\"url\":\"https:\/\/revistaautobus.com.br\/\",\"logo\":{\"@type\":\"ImageObject\",\"inLanguage\":\"pt-BR\",\"@id\":\"https:\/\/revistaautobus.com.br\/#\/schema\/logo\/image\/\",\"url\":\"https:\/\/revistaautobus.com.br\/wp-content\/uploads\/2024\/11\/logo_revista_autobus_fb.png\",\"contentUrl\":\"https:\/\/revistaautobus.com.br\/wp-content\/uploads\/2024\/11\/logo_revista_autobus_fb.png\",\"width\":836,\"height\":227,\"caption\":\"Revista AutoBus\"},\"image\":{\"@id\":\"https:\/\/revistaautobus.com.br\/#\/schema\/logo\/image\/\"},\"sameAs\":[\"https:\/\/www.facebook.com\/antonio.ferro.3150\",\"https:\/\/www.instagram.com\/revistaautobus\/\"]},{\"@type\":\"Person\",\"@id\":\"https:\/\/revistaautobus.com.br\/#\/schema\/person\/54af7c3eb83a310e42ef686ef6d16f50\",\"name\":\"Antonio Ferro\",\"image\":{\"@type\":\"ImageObject\",\"inLanguage\":\"pt-BR\",\"@id\":\"https:\/\/revistaautobus.com.br\/wp-content\/uploads\/2025\/12\/editor_antonio_ferro-150x150.jpg\",\"url\":\"https:\/\/revistaautobus.com.br\/wp-content\/uploads\/2025\/12\/editor_antonio_ferro-150x150.jpg\",\"contentUrl\":\"https:\/\/revistaautobus.com.br\/wp-content\/uploads\/2025\/12\/editor_antonio_ferro-150x150.jpg\",\"caption\":\"Antonio Ferro\"},\"description\":\"infobus@uol.com.br\",\"url\":\"https:\/\/revistaautobus.com.br\/?author=2\"}]}<\/script>\n<!-- \/ Yoast SEO plugin. -->","yoast_head_json":{"title":"Metra com nova frota de \u00f4nibus articulados - Revista AutoBus","robots":{"index":"index","follow":"follow","max-snippet":"max-snippet:-1","max-image-preview":"max-image-preview:large","max-video-preview":"max-video-preview:-1"},"canonical":"https:\/\/revistaautobus.com.br\/?p=1469","og_locale":"pt_BR","og_type":"article","og_title":"Metra com nova frota de \u00f4nibus articulados - Revista AutoBus","og_description":"Os 25 novos \u00f4nibus contam com chassis Volvo (motor eletr\u00f4nico DH12E de 340 cv de pot\u00eancia) e carro\u00e7arias da marca Caio","og_url":"https:\/\/revistaautobus.com.br\/?p=1469","og_site_name":"Revista AutoBus","article_publisher":"https:\/\/www.facebook.com\/antonio.ferro.3150","article_published_time":"2019-03-21T09:33:00+00:00","article_modified_time":"2021-06-23T14:41:34+00:00","og_image":[{"width":1200,"height":628,"url":"https:\/\/revistaautobus.com.br\/wp-content\/uploads\/2021\/06\/metra-com-nova-frota-de-onibus-articulados-1553171711.jpg","type":"image\/jpeg"}],"author":"Antonio Ferro","twitter_card":"summary_large_image","twitter_misc":{"Escrito por":"Antonio Ferro","Est. tempo de leitura":"2 minutos"},"schema":{"@context":"https:\/\/schema.org","@graph":[{"@type":"Article","@id":"https:\/\/revistaautobus.com.br\/?p=1469#article","isPartOf":{"@id":"https:\/\/revistaautobus.com.br\/?p=1469"},"author":{"name":"Antonio Ferro","@id":"https:\/\/revistaautobus.com.br\/#\/schema\/person\/54af7c3eb83a310e42ef686ef6d16f50"},"headline":"Metra com nova frota de \u00f4nibus articulados","datePublished":"2019-03-21T09:33:00+00:00","dateModified":"2021-06-23T14:41:34+00:00","mainEntityOfPage":{"@id":"https:\/\/revistaautobus.com.br\/?p=1469"},"wordCount":460,"commentCount":0,"publisher":{"@id":"https:\/\/revistaautobus.com.br\/#organization"},"image":{"@id":"https:\/\/revistaautobus.com.br\/?p=1469#primaryimage"},"thumbnailUrl":"https:\/\/revistaautobus.com.br\/wp-content\/uploads\/2021\/06\/metra-com-nova-frota-de-onibus-articulados-1553171711.jpg","articleSection":["Not\u00edcias"],"inLanguage":"pt-BR","potentialAction":[{"@type":"CommentAction","name":"Comment","target":["https:\/\/revistaautobus.com.br\/?p=1469#respond"]}]},{"@type":"WebPage","@id":"https:\/\/revistaautobus.com.br\/?p=1469","url":"https:\/\/revistaautobus.com.br\/?p=1469","name":"Metra com nova frota de \u00f4nibus articulados - Revista AutoBus","isPartOf":{"@id":"https:\/\/revistaautobus.com.br\/#website"},"primaryImageOfPage":{"@id":"https:\/\/revistaautobus.com.br\/?p=1469#primaryimage"},"image":{"@id":"https:\/\/revistaautobus.com.br\/?p=1469#primaryimage"},"thumbnailUrl":"https:\/\/revistaautobus.com.br\/wp-content\/uploads\/2021\/06\/metra-com-nova-frota-de-onibus-articulados-1553171711.jpg","datePublished":"2019-03-21T09:33:00+00:00","dateModified":"2021-06-23T14:41:34+00:00","breadcrumb":{"@id":"https:\/\/revistaautobus.com.br\/?p=1469#breadcrumb"},"inLanguage":"pt-BR","potentialAction":[{"@type":"ReadAction","target":["https:\/\/revistaautobus.com.br\/?p=1469"]}]},{"@type":"ImageObject","inLanguage":"pt-BR","@id":"https:\/\/revistaautobus.com.br\/?p=1469#primaryimage","url":"https:\/\/revistaautobus.com.br\/wp-content\/uploads\/2021\/06\/metra-com-nova-frota-de-onibus-articulados-1553171711.jpg","contentUrl":"https:\/\/revistaautobus.com.br\/wp-content\/uploads\/2021\/06\/metra-com-nova-frota-de-onibus-articulados-1553171711.jpg","width":1200,"height":628},{"@type":"BreadcrumbList","@id":"https:\/\/revistaautobus.com.br\/?p=1469#breadcrumb","itemListElement":[{"@type":"ListItem","position":1,"name":"In\u00edcio","item":"https:\/\/revistaautobus.com.br\/"},{"@type":"ListItem","position":2,"name":"Metra com nova frota de \u00f4nibus articulados"}]},{"@type":"WebSite","@id":"https:\/\/revistaautobus.com.br\/#website","url":"https:\/\/revistaautobus.com.br\/","name":"Revista AutoBus","description":"","publisher":{"@id":"https:\/\/revistaautobus.com.br\/#organization"},"potentialAction":[{"@type":"SearchAction","target":{"@type":"EntryPoint","urlTemplate":"https:\/\/revistaautobus.com.br\/?s={search_term_string}"},"query-input":{"@type":"PropertyValueSpecification","valueRequired":true,"valueName":"search_term_string"}}],"inLanguage":"pt-BR"},{"@type":"Organization","@id":"https:\/\/revistaautobus.com.br\/#organization","name":"Revista AutoBus","url":"https:\/\/revistaautobus.com.br\/","logo":{"@type":"ImageObject","inLanguage":"pt-BR","@id":"https:\/\/revistaautobus.com.br\/#\/schema\/logo\/image\/","url":"https:\/\/revistaautobus.com.br\/wp-content\/uploads\/2024\/11\/logo_revista_autobus_fb.png","contentUrl":"https:\/\/revistaautobus.com.br\/wp-content\/uploads\/2024\/11\/logo_revista_autobus_fb.png","width":836,"height":227,"caption":"Revista AutoBus"},"image":{"@id":"https:\/\/revistaautobus.com.br\/#\/schema\/logo\/image\/"},"sameAs":["https:\/\/www.facebook.com\/antonio.ferro.3150","https:\/\/www.instagram.com\/revistaautobus\/"]},{"@type":"Person","@id":"https:\/\/revistaautobus.com.br\/#\/schema\/person\/54af7c3eb83a310e42ef686ef6d16f50","name":"Antonio Ferro","image":{"@type":"ImageObject","inLanguage":"pt-BR","@id":"https:\/\/revistaautobus.com.br\/wp-content\/uploads\/2025\/12\/editor_antonio_ferro-150x150.jpg","url":"https:\/\/revistaautobus.com.br\/wp-content\/uploads\/2025\/12\/editor_antonio_ferro-150x150.jpg","contentUrl":"https:\/\/revistaautobus.com.br\/wp-content\/uploads\/2025\/12\/editor_antonio_ferro-150x150.jpg","caption":"Antonio Ferro"},"description":"infobus@uol.com.br","url":"https:\/\/revistaautobus.com.br\/?author=2"}]}},"jetpack_featured_media_url":"https:\/\/revistaautobus.com.br\/wp-content\/uploads\/2021\/06\/metra-com-nova-frota-de-onibus-articulados-1553171711.jpg","jetpack_sharing_enabled":true,"_links":{"self":[{"href":"https:\/\/revistaautobus.com.br\/index.php?rest_route=\/wp\/v2\/posts\/1469","targetHints":{"allow":["GET"]}}],"collection":[{"href":"https:\/\/revistaautobus.com.br\/index.php?rest_route=\/wp\/v2\/posts"}],"about":[{"href":"https:\/\/revistaautobus.com.br\/index.php?rest_route=\/wp\/v2\/types\/post"}],"author":[{"embeddable":true,"href":"https:\/\/revistaautobus.com.br\/index.php?rest_route=\/wp\/v2\/users\/2"}],"replies":[{"embeddable":true,"href":"https:\/\/revistaautobus.com.br\/index.php?rest_route=%2Fwp%2Fv2%2Fcomments&post=1469"}],"version-history":[{"count":1,"href":"https:\/\/revistaautobus.com.br\/index.php?rest_route=\/wp\/v2\/posts\/1469\/revisions"}],"predecessor-version":[{"id":1471,"href":"https:\/\/revistaautobus.com.br\/index.php?rest_route=\/wp\/v2\/posts\/1469\/revisions\/1471"}],"wp:featuredmedia":[{"embeddable":true,"href":"https:\/\/revistaautobus.com.br\/index.php?rest_route=\/wp\/v2\/media\/1470"}],"wp:attachment":[{"href":"https:\/\/revistaautobus.com.br\/index.php?rest_route=%2Fwp%2Fv2%2Fmedia&parent=1469"}],"wp:term":[{"taxonomy":"category","embeddable":true,"href":"https:\/\/revistaautobus.com.br\/index.php?rest_route=%2Fwp%2Fv2%2Fcategories&post=1469"},{"taxonomy":"post_tag","embeddable":true,"href":"https:\/\/revistaautobus.com.br\/index.php?rest_route=%2Fwp%2Fv2%2Ftags&post=1469"}],"curies":[{"name":"wp","href":"https:\/\/api.w.org\/{rel}","templated":true}]}}