{"id":14696,"date":"2025-02-28T08:38:37","date_gmt":"2025-02-28T11:38:37","guid":{"rendered":"https:\/\/revistaautobus.com.br\/?p=14696"},"modified":"2025-02-28T08:38:37","modified_gmt":"2025-02-28T11:38:37","slug":"tony-tour-recebeu-novos-onibus-busscar","status":"publish","type":"post","link":"https:\/\/revistaautobus.com.br\/?p=14696","title":{"rendered":"Tony Tour recebeu novos \u00f4nibus Busscar"},"content":{"rendered":"<p>Com sede na capital da Argentina, Buenos Aires, a empresa de turismo, Tony Tur, renovou sua frota com a chegada de mais duas unidades de \u00f4nibus rodovi\u00e1rio com carro\u00e7aria Vissta Buss DD da Busscar, tradicional encarro\u00e7adora joinvilense. Os ve\u00edculos est\u00e3o sobre chassi Volvo B450R 6X2 e t\u00eam 14 metros de comprimento.<\/p>\n<p>Em sua configura\u00e7\u00e3o para proporcionar maior seguran\u00e7a nas viagens, h\u00e1 c\u00e2mera instalada na cabine e um sensor que est\u00e1 posicionado no para-choque para evitar pontos cegos. S\u00e3o 31 poltronas Leito no sal\u00e3o superior e 12 poltronas Leito no sal\u00e3o inferior, todas revestidas com viscoel\u00e1stico, tendo apoio para cabe\u00e7a, p\u00e9s e pernas. A experi\u00eancia dos passageiros \u00e9 aprimorada com dois tetos solares, ilumina\u00e7\u00e3o em LED azul sob os assentos e um sistema de cromoterapia, que possibilita a troca de cores na ilumina\u00e7\u00e3o interna.<\/p>\n<p>Outros componentes, o sistema de ar-condicionado com filtro anti-p\u00f3len, sanit\u00e1rio no sal\u00e3o inferior, sistema de refrigera\u00e7\u00e3o e alarme de velocidade de 100 km\/h com sinal sonoro e visual, completam a carro\u00e7aria. A comunica\u00e7\u00e3o tamb\u00e9m \u00e9 facilitada com um interfone de tr\u00eas pontos posicionado na cabine em ambos os sal\u00f5es.<\/p>\n<p>Paulo Corso, diretor-comercial da Busscar, disse que a entrega desses ve\u00edculos para o mercado argentino mostra a capacidade da empresa em atender \u00e0s demandas do mercado internacional. \u201cNosso objetivo \u00e9 atender \u00e0s exig\u00eancias do setor de transporte rodovi\u00e1rio em mercados diversificados, garantindo durabilidade, desempenho e uma boa experi\u00eancia para as empresas, motoristas e passageiros\u201d, observou.<\/p>\n<p>J\u00e1 o gerente de exporta\u00e7\u00e3o, Fabien Accari\u00e8s, comentou que a escolha da empresa Tony Tur pelos ve\u00edculos da Busscar mostra o reconhecimento da qualidade e confian\u00e7a na Busscar e no atendimento de exporta\u00e7\u00e3o. \u201cNosso foco \u00e9 oferecer carrocerias que trazem efici\u00eancia operacional, garantindo que o produto atenda tanto \u00e0s expectativas dos passageiros quanto \u00e0s necessidades das empresas de transporte,\u201d afirmou.<\/p>\n<p>Imagem &#8211; Divulga\u00e7\u00e3o<\/p>\n","protected":false},"excerpt":{"rendered":"<p>Empresa argentina adquiriu dois ve\u00edculos com carro\u00e7arias Vissta Buss DD sobre chassi Volvo B450R 6X2<\/p>\n","protected":false},"author":2,"featured_media":14697,"comment_status":"open","ping_status":"open","sticky":false,"template":"","format":"standard","meta":{"_et_pb_use_builder":"","_et_pb_old_content":"","_et_gb_content_width":"","_jetpack_memberships_contains_paid_content":false,"footnotes":""},"categories":[53,80],"tags":[56],"class_list":["post-14696","post","type-post","status-publish","format-standard","has-post-thumbnail","hentry","category-internacional","category-transporte-rodoviario","tag-busscar","et-has-post-format-content","et_post_format-et-post-format-standard"],"yoast_head":"<!-- This site is optimized with the Yoast SEO plugin v27.2 - https:\/\/yoast.com\/product\/yoast-seo-wordpress\/ -->\n<title>Tony Tour recebeu novos \u00f4nibus Busscar - Revista AutoBus<\/title>\n<meta name=\"robots\" content=\"index, follow, max-snippet:-1, max-image-preview:large, max-video-preview:-1\" \/>\n<link rel=\"canonical\" href=\"https:\/\/revistaautobus.com.br\/?p=14696\" \/>\n<meta property=\"og:locale\" content=\"pt_BR\" \/>\n<meta property=\"og:type\" content=\"article\" \/>\n<meta property=\"og:title\" content=\"Tony Tour recebeu novos \u00f4nibus Busscar - Revista AutoBus\" \/>\n<meta property=\"og:description\" content=\"Empresa argentina adquiriu dois ve\u00edculos com carro\u00e7arias Vissta Buss DD sobre chassi Volvo B450R 6X2\" \/>\n<meta property=\"og:url\" content=\"https:\/\/revistaautobus.com.br\/?p=14696\" \/>\n<meta property=\"og:site_name\" content=\"Revista AutoBus\" \/>\n<meta property=\"article:publisher\" content=\"https:\/\/www.facebook.com\/antonio.ferro.3150\" \/>\n<meta property=\"article:published_time\" content=\"2025-02-28T11:38:37+00:00\" \/>\n<meta property=\"og:image\" content=\"https:\/\/revistaautobus.com.br\/wp-content\/uploads\/2025\/02\/IMG_3942.jpg\" \/>\n\t<meta property=\"og:image:width\" content=\"1024\" \/>\n\t<meta property=\"og:image:height\" content=\"682\" \/>\n\t<meta property=\"og:image:type\" content=\"image\/jpeg\" \/>\n<meta name=\"author\" content=\"Antonio Ferro\" \/>\n<meta name=\"twitter:card\" content=\"summary_large_image\" \/>\n<meta name=\"twitter:label1\" content=\"Escrito por\" \/>\n\t<meta name=\"twitter:data1\" content=\"Antonio Ferro\" \/>\n\t<meta name=\"twitter:label2\" content=\"Est. tempo de leitura\" \/>\n\t<meta name=\"twitter:data2\" content=\"2 minutos\" \/>\n<script type=\"application\/ld+json\" class=\"yoast-schema-graph\">{\"@context\":\"https:\/\/schema.org\",\"@graph\":[{\"@type\":\"Article\",\"@id\":\"https:\/\/revistaautobus.com.br\/?p=14696#article\",\"isPartOf\":{\"@id\":\"https:\/\/revistaautobus.com.br\/?p=14696\"},\"author\":{\"name\":\"Antonio Ferro\",\"@id\":\"https:\/\/revistaautobus.com.br\/#\/schema\/person\/54af7c3eb83a310e42ef686ef6d16f50\"},\"headline\":\"Tony Tour recebeu novos \u00f4nibus Busscar\",\"datePublished\":\"2025-02-28T11:38:37+00:00\",\"mainEntityOfPage\":{\"@id\":\"https:\/\/revistaautobus.com.br\/?p=14696\"},\"wordCount\":338,\"commentCount\":0,\"publisher\":{\"@id\":\"https:\/\/revistaautobus.com.br\/#organization\"},\"image\":{\"@id\":\"https:\/\/revistaautobus.com.br\/?p=14696#primaryimage\"},\"thumbnailUrl\":\"https:\/\/revistaautobus.com.br\/wp-content\/uploads\/2025\/02\/IMG_3942.jpg\",\"keywords\":[\"Busscar\"],\"articleSection\":[\"Internacional\",\"Transporte rodovi\u00e1rio\"],\"inLanguage\":\"pt-BR\",\"potentialAction\":[{\"@type\":\"CommentAction\",\"name\":\"Comment\",\"target\":[\"https:\/\/revistaautobus.com.br\/?p=14696#respond\"]}]},{\"@type\":\"WebPage\",\"@id\":\"https:\/\/revistaautobus.com.br\/?p=14696\",\"url\":\"https:\/\/revistaautobus.com.br\/?p=14696\",\"name\":\"Tony Tour recebeu novos \u00f4nibus Busscar - Revista AutoBus\",\"isPartOf\":{\"@id\":\"https:\/\/revistaautobus.com.br\/#website\"},\"primaryImageOfPage\":{\"@id\":\"https:\/\/revistaautobus.com.br\/?p=14696#primaryimage\"},\"image\":{\"@id\":\"https:\/\/revistaautobus.com.br\/?p=14696#primaryimage\"},\"thumbnailUrl\":\"https:\/\/revistaautobus.com.br\/wp-content\/uploads\/2025\/02\/IMG_3942.jpg\",\"datePublished\":\"2025-02-28T11:38:37+00:00\",\"breadcrumb\":{\"@id\":\"https:\/\/revistaautobus.com.br\/?p=14696#breadcrumb\"},\"inLanguage\":\"pt-BR\",\"potentialAction\":[{\"@type\":\"ReadAction\",\"target\":[\"https:\/\/revistaautobus.com.br\/?p=14696\"]}]},{\"@type\":\"ImageObject\",\"inLanguage\":\"pt-BR\",\"@id\":\"https:\/\/revistaautobus.com.br\/?p=14696#primaryimage\",\"url\":\"https:\/\/revistaautobus.com.br\/wp-content\/uploads\/2025\/02\/IMG_3942.jpg\",\"contentUrl\":\"https:\/\/revistaautobus.com.br\/wp-content\/uploads\/2025\/02\/IMG_3942.jpg\",\"width\":1024,\"height\":682},{\"@type\":\"BreadcrumbList\",\"@id\":\"https:\/\/revistaautobus.com.br\/?p=14696#breadcrumb\",\"itemListElement\":[{\"@type\":\"ListItem\",\"position\":1,\"name\":\"In\u00edcio\",\"item\":\"https:\/\/revistaautobus.com.br\/\"},{\"@type\":\"ListItem\",\"position\":2,\"name\":\"Tony Tour recebeu novos \u00f4nibus Busscar\"}]},{\"@type\":\"WebSite\",\"@id\":\"https:\/\/revistaautobus.com.br\/#website\",\"url\":\"https:\/\/revistaautobus.com.br\/\",\"name\":\"Revista AutoBus\",\"description\":\"\",\"publisher\":{\"@id\":\"https:\/\/revistaautobus.com.br\/#organization\"},\"potentialAction\":[{\"@type\":\"SearchAction\",\"target\":{\"@type\":\"EntryPoint\",\"urlTemplate\":\"https:\/\/revistaautobus.com.br\/?s={search_term_string}\"},\"query-input\":{\"@type\":\"PropertyValueSpecification\",\"valueRequired\":true,\"valueName\":\"search_term_string\"}}],\"inLanguage\":\"pt-BR\"},{\"@type\":\"Organization\",\"@id\":\"https:\/\/revistaautobus.com.br\/#organization\",\"name\":\"Revista AutoBus\",\"url\":\"https:\/\/revistaautobus.com.br\/\",\"logo\":{\"@type\":\"ImageObject\",\"inLanguage\":\"pt-BR\",\"@id\":\"https:\/\/revistaautobus.com.br\/#\/schema\/logo\/image\/\",\"url\":\"https:\/\/revistaautobus.com.br\/wp-content\/uploads\/2024\/11\/logo_revista_autobus_fb.png\",\"contentUrl\":\"https:\/\/revistaautobus.com.br\/wp-content\/uploads\/2024\/11\/logo_revista_autobus_fb.png\",\"width\":836,\"height\":227,\"caption\":\"Revista AutoBus\"},\"image\":{\"@id\":\"https:\/\/revistaautobus.com.br\/#\/schema\/logo\/image\/\"},\"sameAs\":[\"https:\/\/www.facebook.com\/antonio.ferro.3150\",\"https:\/\/www.instagram.com\/revistaautobus\/\"]},{\"@type\":\"Person\",\"@id\":\"https:\/\/revistaautobus.com.br\/#\/schema\/person\/54af7c3eb83a310e42ef686ef6d16f50\",\"name\":\"Antonio Ferro\",\"image\":{\"@type\":\"ImageObject\",\"inLanguage\":\"pt-BR\",\"@id\":\"https:\/\/revistaautobus.com.br\/wp-content\/uploads\/2025\/12\/editor_antonio_ferro-150x150.jpg\",\"url\":\"https:\/\/revistaautobus.com.br\/wp-content\/uploads\/2025\/12\/editor_antonio_ferro-150x150.jpg\",\"contentUrl\":\"https:\/\/revistaautobus.com.br\/wp-content\/uploads\/2025\/12\/editor_antonio_ferro-150x150.jpg\",\"caption\":\"Antonio Ferro\"},\"description\":\"infobus@uol.com.br\",\"url\":\"https:\/\/revistaautobus.com.br\/?author=2\"}]}<\/script>\n<!-- \/ Yoast SEO plugin. -->","yoast_head_json":{"title":"Tony Tour recebeu novos \u00f4nibus Busscar - Revista AutoBus","robots":{"index":"index","follow":"follow","max-snippet":"max-snippet:-1","max-image-preview":"max-image-preview:large","max-video-preview":"max-video-preview:-1"},"canonical":"https:\/\/revistaautobus.com.br\/?p=14696","og_locale":"pt_BR","og_type":"article","og_title":"Tony Tour recebeu novos \u00f4nibus Busscar - Revista AutoBus","og_description":"Empresa argentina adquiriu dois ve\u00edculos com carro\u00e7arias Vissta Buss DD sobre chassi Volvo B450R 6X2","og_url":"https:\/\/revistaautobus.com.br\/?p=14696","og_site_name":"Revista AutoBus","article_publisher":"https:\/\/www.facebook.com\/antonio.ferro.3150","article_published_time":"2025-02-28T11:38:37+00:00","og_image":[{"width":1024,"height":682,"url":"https:\/\/revistaautobus.com.br\/wp-content\/uploads\/2025\/02\/IMG_3942.jpg","type":"image\/jpeg"}],"author":"Antonio Ferro","twitter_card":"summary_large_image","twitter_misc":{"Escrito por":"Antonio Ferro","Est. tempo de leitura":"2 minutos"},"schema":{"@context":"https:\/\/schema.org","@graph":[{"@type":"Article","@id":"https:\/\/revistaautobus.com.br\/?p=14696#article","isPartOf":{"@id":"https:\/\/revistaautobus.com.br\/?p=14696"},"author":{"name":"Antonio Ferro","@id":"https:\/\/revistaautobus.com.br\/#\/schema\/person\/54af7c3eb83a310e42ef686ef6d16f50"},"headline":"Tony Tour recebeu novos \u00f4nibus Busscar","datePublished":"2025-02-28T11:38:37+00:00","mainEntityOfPage":{"@id":"https:\/\/revistaautobus.com.br\/?p=14696"},"wordCount":338,"commentCount":0,"publisher":{"@id":"https:\/\/revistaautobus.com.br\/#organization"},"image":{"@id":"https:\/\/revistaautobus.com.br\/?p=14696#primaryimage"},"thumbnailUrl":"https:\/\/revistaautobus.com.br\/wp-content\/uploads\/2025\/02\/IMG_3942.jpg","keywords":["Busscar"],"articleSection":["Internacional","Transporte rodovi\u00e1rio"],"inLanguage":"pt-BR","potentialAction":[{"@type":"CommentAction","name":"Comment","target":["https:\/\/revistaautobus.com.br\/?p=14696#respond"]}]},{"@type":"WebPage","@id":"https:\/\/revistaautobus.com.br\/?p=14696","url":"https:\/\/revistaautobus.com.br\/?p=14696","name":"Tony Tour recebeu novos \u00f4nibus Busscar - Revista AutoBus","isPartOf":{"@id":"https:\/\/revistaautobus.com.br\/#website"},"primaryImageOfPage":{"@id":"https:\/\/revistaautobus.com.br\/?p=14696#primaryimage"},"image":{"@id":"https:\/\/revistaautobus.com.br\/?p=14696#primaryimage"},"thumbnailUrl":"https:\/\/revistaautobus.com.br\/wp-content\/uploads\/2025\/02\/IMG_3942.jpg","datePublished":"2025-02-28T11:38:37+00:00","breadcrumb":{"@id":"https:\/\/revistaautobus.com.br\/?p=14696#breadcrumb"},"inLanguage":"pt-BR","potentialAction":[{"@type":"ReadAction","target":["https:\/\/revistaautobus.com.br\/?p=14696"]}]},{"@type":"ImageObject","inLanguage":"pt-BR","@id":"https:\/\/revistaautobus.com.br\/?p=14696#primaryimage","url":"https:\/\/revistaautobus.com.br\/wp-content\/uploads\/2025\/02\/IMG_3942.jpg","contentUrl":"https:\/\/revistaautobus.com.br\/wp-content\/uploads\/2025\/02\/IMG_3942.jpg","width":1024,"height":682},{"@type":"BreadcrumbList","@id":"https:\/\/revistaautobus.com.br\/?p=14696#breadcrumb","itemListElement":[{"@type":"ListItem","position":1,"name":"In\u00edcio","item":"https:\/\/revistaautobus.com.br\/"},{"@type":"ListItem","position":2,"name":"Tony Tour recebeu novos \u00f4nibus Busscar"}]},{"@type":"WebSite","@id":"https:\/\/revistaautobus.com.br\/#website","url":"https:\/\/revistaautobus.com.br\/","name":"Revista AutoBus","description":"","publisher":{"@id":"https:\/\/revistaautobus.com.br\/#organization"},"potentialAction":[{"@type":"SearchAction","target":{"@type":"EntryPoint","urlTemplate":"https:\/\/revistaautobus.com.br\/?s={search_term_string}"},"query-input":{"@type":"PropertyValueSpecification","valueRequired":true,"valueName":"search_term_string"}}],"inLanguage":"pt-BR"},{"@type":"Organization","@id":"https:\/\/revistaautobus.com.br\/#organization","name":"Revista AutoBus","url":"https:\/\/revistaautobus.com.br\/","logo":{"@type":"ImageObject","inLanguage":"pt-BR","@id":"https:\/\/revistaautobus.com.br\/#\/schema\/logo\/image\/","url":"https:\/\/revistaautobus.com.br\/wp-content\/uploads\/2024\/11\/logo_revista_autobus_fb.png","contentUrl":"https:\/\/revistaautobus.com.br\/wp-content\/uploads\/2024\/11\/logo_revista_autobus_fb.png","width":836,"height":227,"caption":"Revista AutoBus"},"image":{"@id":"https:\/\/revistaautobus.com.br\/#\/schema\/logo\/image\/"},"sameAs":["https:\/\/www.facebook.com\/antonio.ferro.3150","https:\/\/www.instagram.com\/revistaautobus\/"]},{"@type":"Person","@id":"https:\/\/revistaautobus.com.br\/#\/schema\/person\/54af7c3eb83a310e42ef686ef6d16f50","name":"Antonio Ferro","image":{"@type":"ImageObject","inLanguage":"pt-BR","@id":"https:\/\/revistaautobus.com.br\/wp-content\/uploads\/2025\/12\/editor_antonio_ferro-150x150.jpg","url":"https:\/\/revistaautobus.com.br\/wp-content\/uploads\/2025\/12\/editor_antonio_ferro-150x150.jpg","contentUrl":"https:\/\/revistaautobus.com.br\/wp-content\/uploads\/2025\/12\/editor_antonio_ferro-150x150.jpg","caption":"Antonio Ferro"},"description":"infobus@uol.com.br","url":"https:\/\/revistaautobus.com.br\/?author=2"}]}},"jetpack_featured_media_url":"https:\/\/revistaautobus.com.br\/wp-content\/uploads\/2025\/02\/IMG_3942.jpg","jetpack_sharing_enabled":true,"_links":{"self":[{"href":"https:\/\/revistaautobus.com.br\/index.php?rest_route=\/wp\/v2\/posts\/14696","targetHints":{"allow":["GET"]}}],"collection":[{"href":"https:\/\/revistaautobus.com.br\/index.php?rest_route=\/wp\/v2\/posts"}],"about":[{"href":"https:\/\/revistaautobus.com.br\/index.php?rest_route=\/wp\/v2\/types\/post"}],"author":[{"embeddable":true,"href":"https:\/\/revistaautobus.com.br\/index.php?rest_route=\/wp\/v2\/users\/2"}],"replies":[{"embeddable":true,"href":"https:\/\/revistaautobus.com.br\/index.php?rest_route=%2Fwp%2Fv2%2Fcomments&post=14696"}],"version-history":[{"count":2,"href":"https:\/\/revistaautobus.com.br\/index.php?rest_route=\/wp\/v2\/posts\/14696\/revisions"}],"predecessor-version":[{"id":14699,"href":"https:\/\/revistaautobus.com.br\/index.php?rest_route=\/wp\/v2\/posts\/14696\/revisions\/14699"}],"wp:featuredmedia":[{"embeddable":true,"href":"https:\/\/revistaautobus.com.br\/index.php?rest_route=\/wp\/v2\/media\/14697"}],"wp:attachment":[{"href":"https:\/\/revistaautobus.com.br\/index.php?rest_route=%2Fwp%2Fv2%2Fmedia&parent=14696"}],"wp:term":[{"taxonomy":"category","embeddable":true,"href":"https:\/\/revistaautobus.com.br\/index.php?rest_route=%2Fwp%2Fv2%2Fcategories&post=14696"},{"taxonomy":"post_tag","embeddable":true,"href":"https:\/\/revistaautobus.com.br\/index.php?rest_route=%2Fwp%2Fv2%2Ftags&post=14696"}],"curies":[{"name":"wp","href":"https:\/\/api.w.org\/{rel}","templated":true}]}}