{"id":14719,"date":"2025-02-28T09:52:20","date_gmt":"2025-02-28T12:52:20","guid":{"rendered":"https:\/\/revistaautobus.com.br\/?p=14719"},"modified":"2025-02-28T09:52:20","modified_gmt":"2025-02-28T12:52:20","slug":"incentivo-a-energia-renovavel","status":"publish","type":"post","link":"https:\/\/revistaautobus.com.br\/?p=14719","title":{"rendered":"Incentivo \u00e0 energia renov\u00e1vel"},"content":{"rendered":"<p>Visando alcan\u00e7ar a promo\u00e7\u00e3o e comercializa\u00e7\u00e3o de novos modelos energ\u00e9ticos, a fabricante de ve\u00edculos comerciais, Mercedes-Benz, d\u00e1 mais um passo decisivo rumo \u00e0 neutralidade de CO2 em suas unidades produtivas de S\u00e3o Bernardo do Campo (SP) e de Juiz de Fora (MG).<\/p>\n<p>Por meio da aquisi\u00e7\u00e3o da participa\u00e7\u00e3o no capital da usina solar do projeto Dunamis, constru\u00edda pela Ra\u00edzen no munic\u00edpio de Santana dos Matos (RN), a marca fomenta o projeto de energia solar composto por quatro usinas fotovoltaicas, abrangendo uma \u00e1rea de 410 hectares com capacidade instalada total de 117,54 MW. Dessa maneira, a energia el\u00e9trica gerada pelo projeto cobre 100% do abastecimento da f\u00e1brica de caminh\u00f5es, chassis de \u00f4nibus e agregados de S\u00e3o Bernardo do Campo e da f\u00e1brica de cabines de caminh\u00f5es de Juiz de Fora.<\/p>\n<p>Em linhas gerais, a energia el\u00e9trica gerada pelo projeto Dunamis alimentar\u00e1 o Sistema Interligado Nacional (SIN), que integra a gera\u00e7\u00e3o de energia el\u00e9trica e assegura o fornecimento aos usu\u00e1rios conectados em todo o Brasil. \u201cA Daimler Truck est\u00e1 trabalhando em diferentes frentes para alcan\u00e7ar a neutralidade de CO2 em todas as suas opera\u00e7\u00f5es pelo mundo. Aqui no Brasil, a Mercedes-Benz deu um grande passo nessa estrat\u00e9gia de neg\u00f3cios com foco em sustentabilidade, refor\u00e7ando o nosso compromisso e contribui\u00e7\u00e3o com o meio ambiente por meio do consumo de energia limpa, impactando na redu\u00e7\u00e3o das emiss\u00f5es e dos efeitos das altera\u00e7\u00f5es clim\u00e1ticas. A fazenda solar faz parte de uma gama de a\u00e7\u00f5es que estamos desenvolvendo nas nossas f\u00e1bricas brasileiras, como o n\u00edvel aterro zero nas duas plantas, o Pr\u00e9dio Verde, em Juiz de Fora, e a nossa linha de pe\u00e7as remanufaturadas totalmente alinhada com o conceito de economia circular\u201d, disse Erica Daumichen, vice-presidente de Opera\u00e7\u00f5es de Caminh\u00f5es e Agregados da Mercedes-Benz do Brasil.<\/p>\n<p>E, segundo informa a Mercedes-Benz, a eletricidade produzida pelas usinas solares pode ajudar a evitar a emiss\u00e3o de at\u00e9 20 mil toneladas de CO2 por ano, o que equivale ao abastecimento de 48 mil domic\u00edlios brasileiros (proje\u00e7\u00e3o baseada no fator de convers\u00e3o 2021 do Minist\u00e9rio da Ci\u00eancia, Tecnologia e Inova\u00e7\u00e3o). \u201cOu seja, a forma como a Mercedes-Benz do Brasil e suas estruturas industriais recebem o suprimento de energia n\u00e3o muda. A energia limpa na qual a Empresa est\u00e1 investindo contribui para a produ\u00e7\u00e3o verde de energia, abastecendo o SIN, conforme o modelo adotado no Brasil\u201d, explicou Erica.<\/p>\n<p>Refer\u00eancia no mercado por ter um portf\u00f3lio adequado com a demanda do transporte sobre pneus, a marca da estrela de tr\u00eas pontas tem outras iniciativas sustent\u00e1veis, como o Programa Aterro Zero, implantado em S\u00e3o Bernardo do Campo e Juiz de Fora, que abrange diversos processos de descarte e reciclagem de materiais. Dessa maneira, a empresa deixa de enviar cerca de 1 milh\u00e3o de toneladas de res\u00edduos por ano para aterros sanit\u00e1rios, evitando a emiss\u00e3o de CO2, al\u00e9m de minimizar outros impactos ambientais.<\/p>\n<p>Imagem &#8211; Divulga\u00e7\u00e3o<\/p>\n","protected":false},"excerpt":{"rendered":"<p>Mercedes-Benz do Brasil participa do projeto \u201cDunamis\u201d de gera\u00e7\u00e3o de energia fotovoltaica da Ra\u00edzen Power<\/p>\n","protected":false},"author":2,"featured_media":14720,"comment_status":"open","ping_status":"open","sticky":false,"template":"","format":"standard","meta":{"_et_pb_use_builder":"","_et_pb_old_content":"","_et_gb_content_width":"","_jetpack_memberships_contains_paid_content":false,"footnotes":""},"categories":[562,10,90],"tags":[17],"class_list":["post-14719","post","type-post","status-publish","format-standard","has-post-thumbnail","hentry","category-eletrificacao","category-montadoras","category-noticias","tag-mercedes-benz","et-has-post-format-content","et_post_format-et-post-format-standard"],"yoast_head":"<!-- This site is optimized with the Yoast SEO plugin v27.2 - https:\/\/yoast.com\/product\/yoast-seo-wordpress\/ -->\n<title>Incentivo \u00e0 energia renov\u00e1vel - Revista AutoBus<\/title>\n<meta name=\"robots\" content=\"index, follow, max-snippet:-1, max-image-preview:large, max-video-preview:-1\" \/>\n<link rel=\"canonical\" href=\"https:\/\/revistaautobus.com.br\/?p=14719\" \/>\n<meta property=\"og:locale\" content=\"pt_BR\" \/>\n<meta property=\"og:type\" content=\"article\" \/>\n<meta property=\"og:title\" content=\"Incentivo \u00e0 energia renov\u00e1vel - Revista AutoBus\" \/>\n<meta property=\"og:description\" content=\"Mercedes-Benz do Brasil participa do projeto \u201cDunamis\u201d de gera\u00e7\u00e3o de energia fotovoltaica da Ra\u00edzen Power\" \/>\n<meta property=\"og:url\" content=\"https:\/\/revistaautobus.com.br\/?p=14719\" \/>\n<meta property=\"og:site_name\" content=\"Revista AutoBus\" \/>\n<meta property=\"article:publisher\" content=\"https:\/\/www.facebook.com\/antonio.ferro.3150\" \/>\n<meta property=\"article:published_time\" content=\"2025-02-28T12:52:20+00:00\" \/>\n<meta property=\"og:image\" content=\"https:\/\/revistaautobus.com.br\/wp-content\/uploads\/2025\/02\/20250224_057b254f77224c63b78b141a3b2e6e10_dunamis-1.jpg\" \/>\n\t<meta property=\"og:image:width\" content=\"1280\" \/>\n\t<meta property=\"og:image:height\" content=\"960\" \/>\n\t<meta property=\"og:image:type\" content=\"image\/jpeg\" \/>\n<meta name=\"author\" content=\"Antonio Ferro\" \/>\n<meta name=\"twitter:card\" content=\"summary_large_image\" \/>\n<meta name=\"twitter:label1\" content=\"Escrito por\" \/>\n\t<meta name=\"twitter:data1\" content=\"Antonio Ferro\" \/>\n\t<meta name=\"twitter:label2\" content=\"Est. tempo de leitura\" \/>\n\t<meta name=\"twitter:data2\" content=\"3 minutos\" \/>\n<script type=\"application\/ld+json\" class=\"yoast-schema-graph\">{\"@context\":\"https:\/\/schema.org\",\"@graph\":[{\"@type\":\"Article\",\"@id\":\"https:\/\/revistaautobus.com.br\/?p=14719#article\",\"isPartOf\":{\"@id\":\"https:\/\/revistaautobus.com.br\/?p=14719\"},\"author\":{\"name\":\"Antonio Ferro\",\"@id\":\"https:\/\/revistaautobus.com.br\/#\/schema\/person\/54af7c3eb83a310e42ef686ef6d16f50\"},\"headline\":\"Incentivo \u00e0 energia renov\u00e1vel\",\"datePublished\":\"2025-02-28T12:52:20+00:00\",\"mainEntityOfPage\":{\"@id\":\"https:\/\/revistaautobus.com.br\/?p=14719\"},\"wordCount\":526,\"commentCount\":0,\"publisher\":{\"@id\":\"https:\/\/revistaautobus.com.br\/#organization\"},\"image\":{\"@id\":\"https:\/\/revistaautobus.com.br\/?p=14719#primaryimage\"},\"thumbnailUrl\":\"https:\/\/revistaautobus.com.br\/wp-content\/uploads\/2025\/02\/20250224_057b254f77224c63b78b141a3b2e6e10_dunamis-1.jpg\",\"keywords\":[\"mercedes-benz\"],\"articleSection\":[\"Eletrifica\u00e7\u00e3o\",\"Montadoras\",\"Not\u00edcias\"],\"inLanguage\":\"pt-BR\",\"potentialAction\":[{\"@type\":\"CommentAction\",\"name\":\"Comment\",\"target\":[\"https:\/\/revistaautobus.com.br\/?p=14719#respond\"]}]},{\"@type\":\"WebPage\",\"@id\":\"https:\/\/revistaautobus.com.br\/?p=14719\",\"url\":\"https:\/\/revistaautobus.com.br\/?p=14719\",\"name\":\"Incentivo \u00e0 energia renov\u00e1vel - Revista AutoBus\",\"isPartOf\":{\"@id\":\"https:\/\/revistaautobus.com.br\/#website\"},\"primaryImageOfPage\":{\"@id\":\"https:\/\/revistaautobus.com.br\/?p=14719#primaryimage\"},\"image\":{\"@id\":\"https:\/\/revistaautobus.com.br\/?p=14719#primaryimage\"},\"thumbnailUrl\":\"https:\/\/revistaautobus.com.br\/wp-content\/uploads\/2025\/02\/20250224_057b254f77224c63b78b141a3b2e6e10_dunamis-1.jpg\",\"datePublished\":\"2025-02-28T12:52:20+00:00\",\"breadcrumb\":{\"@id\":\"https:\/\/revistaautobus.com.br\/?p=14719#breadcrumb\"},\"inLanguage\":\"pt-BR\",\"potentialAction\":[{\"@type\":\"ReadAction\",\"target\":[\"https:\/\/revistaautobus.com.br\/?p=14719\"]}]},{\"@type\":\"ImageObject\",\"inLanguage\":\"pt-BR\",\"@id\":\"https:\/\/revistaautobus.com.br\/?p=14719#primaryimage\",\"url\":\"https:\/\/revistaautobus.com.br\/wp-content\/uploads\/2025\/02\/20250224_057b254f77224c63b78b141a3b2e6e10_dunamis-1.jpg\",\"contentUrl\":\"https:\/\/revistaautobus.com.br\/wp-content\/uploads\/2025\/02\/20250224_057b254f77224c63b78b141a3b2e6e10_dunamis-1.jpg\",\"width\":1280,\"height\":960},{\"@type\":\"BreadcrumbList\",\"@id\":\"https:\/\/revistaautobus.com.br\/?p=14719#breadcrumb\",\"itemListElement\":[{\"@type\":\"ListItem\",\"position\":1,\"name\":\"In\u00edcio\",\"item\":\"https:\/\/revistaautobus.com.br\/\"},{\"@type\":\"ListItem\",\"position\":2,\"name\":\"Incentivo \u00e0 energia renov\u00e1vel\"}]},{\"@type\":\"WebSite\",\"@id\":\"https:\/\/revistaautobus.com.br\/#website\",\"url\":\"https:\/\/revistaautobus.com.br\/\",\"name\":\"Revista AutoBus\",\"description\":\"\",\"publisher\":{\"@id\":\"https:\/\/revistaautobus.com.br\/#organization\"},\"potentialAction\":[{\"@type\":\"SearchAction\",\"target\":{\"@type\":\"EntryPoint\",\"urlTemplate\":\"https:\/\/revistaautobus.com.br\/?s={search_term_string}\"},\"query-input\":{\"@type\":\"PropertyValueSpecification\",\"valueRequired\":true,\"valueName\":\"search_term_string\"}}],\"inLanguage\":\"pt-BR\"},{\"@type\":\"Organization\",\"@id\":\"https:\/\/revistaautobus.com.br\/#organization\",\"name\":\"Revista AutoBus\",\"url\":\"https:\/\/revistaautobus.com.br\/\",\"logo\":{\"@type\":\"ImageObject\",\"inLanguage\":\"pt-BR\",\"@id\":\"https:\/\/revistaautobus.com.br\/#\/schema\/logo\/image\/\",\"url\":\"https:\/\/revistaautobus.com.br\/wp-content\/uploads\/2024\/11\/logo_revista_autobus_fb.png\",\"contentUrl\":\"https:\/\/revistaautobus.com.br\/wp-content\/uploads\/2024\/11\/logo_revista_autobus_fb.png\",\"width\":836,\"height\":227,\"caption\":\"Revista AutoBus\"},\"image\":{\"@id\":\"https:\/\/revistaautobus.com.br\/#\/schema\/logo\/image\/\"},\"sameAs\":[\"https:\/\/www.facebook.com\/antonio.ferro.3150\",\"https:\/\/www.instagram.com\/revistaautobus\/\"]},{\"@type\":\"Person\",\"@id\":\"https:\/\/revistaautobus.com.br\/#\/schema\/person\/54af7c3eb83a310e42ef686ef6d16f50\",\"name\":\"Antonio Ferro\",\"image\":{\"@type\":\"ImageObject\",\"inLanguage\":\"pt-BR\",\"@id\":\"https:\/\/revistaautobus.com.br\/wp-content\/uploads\/2025\/12\/editor_antonio_ferro-150x150.jpg\",\"url\":\"https:\/\/revistaautobus.com.br\/wp-content\/uploads\/2025\/12\/editor_antonio_ferro-150x150.jpg\",\"contentUrl\":\"https:\/\/revistaautobus.com.br\/wp-content\/uploads\/2025\/12\/editor_antonio_ferro-150x150.jpg\",\"caption\":\"Antonio Ferro\"},\"description\":\"infobus@uol.com.br\",\"url\":\"https:\/\/revistaautobus.com.br\/?author=2\"}]}<\/script>\n<!-- \/ Yoast SEO plugin. -->","yoast_head_json":{"title":"Incentivo \u00e0 energia renov\u00e1vel - Revista AutoBus","robots":{"index":"index","follow":"follow","max-snippet":"max-snippet:-1","max-image-preview":"max-image-preview:large","max-video-preview":"max-video-preview:-1"},"canonical":"https:\/\/revistaautobus.com.br\/?p=14719","og_locale":"pt_BR","og_type":"article","og_title":"Incentivo \u00e0 energia renov\u00e1vel - Revista AutoBus","og_description":"Mercedes-Benz do Brasil participa do projeto \u201cDunamis\u201d de gera\u00e7\u00e3o de energia fotovoltaica da Ra\u00edzen Power","og_url":"https:\/\/revistaautobus.com.br\/?p=14719","og_site_name":"Revista AutoBus","article_publisher":"https:\/\/www.facebook.com\/antonio.ferro.3150","article_published_time":"2025-02-28T12:52:20+00:00","og_image":[{"width":1280,"height":960,"url":"https:\/\/revistaautobus.com.br\/wp-content\/uploads\/2025\/02\/20250224_057b254f77224c63b78b141a3b2e6e10_dunamis-1.jpg","type":"image\/jpeg"}],"author":"Antonio Ferro","twitter_card":"summary_large_image","twitter_misc":{"Escrito por":"Antonio Ferro","Est. tempo de leitura":"3 minutos"},"schema":{"@context":"https:\/\/schema.org","@graph":[{"@type":"Article","@id":"https:\/\/revistaautobus.com.br\/?p=14719#article","isPartOf":{"@id":"https:\/\/revistaautobus.com.br\/?p=14719"},"author":{"name":"Antonio Ferro","@id":"https:\/\/revistaautobus.com.br\/#\/schema\/person\/54af7c3eb83a310e42ef686ef6d16f50"},"headline":"Incentivo \u00e0 energia renov\u00e1vel","datePublished":"2025-02-28T12:52:20+00:00","mainEntityOfPage":{"@id":"https:\/\/revistaautobus.com.br\/?p=14719"},"wordCount":526,"commentCount":0,"publisher":{"@id":"https:\/\/revistaautobus.com.br\/#organization"},"image":{"@id":"https:\/\/revistaautobus.com.br\/?p=14719#primaryimage"},"thumbnailUrl":"https:\/\/revistaautobus.com.br\/wp-content\/uploads\/2025\/02\/20250224_057b254f77224c63b78b141a3b2e6e10_dunamis-1.jpg","keywords":["mercedes-benz"],"articleSection":["Eletrifica\u00e7\u00e3o","Montadoras","Not\u00edcias"],"inLanguage":"pt-BR","potentialAction":[{"@type":"CommentAction","name":"Comment","target":["https:\/\/revistaautobus.com.br\/?p=14719#respond"]}]},{"@type":"WebPage","@id":"https:\/\/revistaautobus.com.br\/?p=14719","url":"https:\/\/revistaautobus.com.br\/?p=14719","name":"Incentivo \u00e0 energia renov\u00e1vel - Revista AutoBus","isPartOf":{"@id":"https:\/\/revistaautobus.com.br\/#website"},"primaryImageOfPage":{"@id":"https:\/\/revistaautobus.com.br\/?p=14719#primaryimage"},"image":{"@id":"https:\/\/revistaautobus.com.br\/?p=14719#primaryimage"},"thumbnailUrl":"https:\/\/revistaautobus.com.br\/wp-content\/uploads\/2025\/02\/20250224_057b254f77224c63b78b141a3b2e6e10_dunamis-1.jpg","datePublished":"2025-02-28T12:52:20+00:00","breadcrumb":{"@id":"https:\/\/revistaautobus.com.br\/?p=14719#breadcrumb"},"inLanguage":"pt-BR","potentialAction":[{"@type":"ReadAction","target":["https:\/\/revistaautobus.com.br\/?p=14719"]}]},{"@type":"ImageObject","inLanguage":"pt-BR","@id":"https:\/\/revistaautobus.com.br\/?p=14719#primaryimage","url":"https:\/\/revistaautobus.com.br\/wp-content\/uploads\/2025\/02\/20250224_057b254f77224c63b78b141a3b2e6e10_dunamis-1.jpg","contentUrl":"https:\/\/revistaautobus.com.br\/wp-content\/uploads\/2025\/02\/20250224_057b254f77224c63b78b141a3b2e6e10_dunamis-1.jpg","width":1280,"height":960},{"@type":"BreadcrumbList","@id":"https:\/\/revistaautobus.com.br\/?p=14719#breadcrumb","itemListElement":[{"@type":"ListItem","position":1,"name":"In\u00edcio","item":"https:\/\/revistaautobus.com.br\/"},{"@type":"ListItem","position":2,"name":"Incentivo \u00e0 energia renov\u00e1vel"}]},{"@type":"WebSite","@id":"https:\/\/revistaautobus.com.br\/#website","url":"https:\/\/revistaautobus.com.br\/","name":"Revista AutoBus","description":"","publisher":{"@id":"https:\/\/revistaautobus.com.br\/#organization"},"potentialAction":[{"@type":"SearchAction","target":{"@type":"EntryPoint","urlTemplate":"https:\/\/revistaautobus.com.br\/?s={search_term_string}"},"query-input":{"@type":"PropertyValueSpecification","valueRequired":true,"valueName":"search_term_string"}}],"inLanguage":"pt-BR"},{"@type":"Organization","@id":"https:\/\/revistaautobus.com.br\/#organization","name":"Revista AutoBus","url":"https:\/\/revistaautobus.com.br\/","logo":{"@type":"ImageObject","inLanguage":"pt-BR","@id":"https:\/\/revistaautobus.com.br\/#\/schema\/logo\/image\/","url":"https:\/\/revistaautobus.com.br\/wp-content\/uploads\/2024\/11\/logo_revista_autobus_fb.png","contentUrl":"https:\/\/revistaautobus.com.br\/wp-content\/uploads\/2024\/11\/logo_revista_autobus_fb.png","width":836,"height":227,"caption":"Revista AutoBus"},"image":{"@id":"https:\/\/revistaautobus.com.br\/#\/schema\/logo\/image\/"},"sameAs":["https:\/\/www.facebook.com\/antonio.ferro.3150","https:\/\/www.instagram.com\/revistaautobus\/"]},{"@type":"Person","@id":"https:\/\/revistaautobus.com.br\/#\/schema\/person\/54af7c3eb83a310e42ef686ef6d16f50","name":"Antonio Ferro","image":{"@type":"ImageObject","inLanguage":"pt-BR","@id":"https:\/\/revistaautobus.com.br\/wp-content\/uploads\/2025\/12\/editor_antonio_ferro-150x150.jpg","url":"https:\/\/revistaautobus.com.br\/wp-content\/uploads\/2025\/12\/editor_antonio_ferro-150x150.jpg","contentUrl":"https:\/\/revistaautobus.com.br\/wp-content\/uploads\/2025\/12\/editor_antonio_ferro-150x150.jpg","caption":"Antonio Ferro"},"description":"infobus@uol.com.br","url":"https:\/\/revistaautobus.com.br\/?author=2"}]}},"jetpack_featured_media_url":"https:\/\/revistaautobus.com.br\/wp-content\/uploads\/2025\/02\/20250224_057b254f77224c63b78b141a3b2e6e10_dunamis-1.jpg","jetpack_sharing_enabled":true,"_links":{"self":[{"href":"https:\/\/revistaautobus.com.br\/index.php?rest_route=\/wp\/v2\/posts\/14719","targetHints":{"allow":["GET"]}}],"collection":[{"href":"https:\/\/revistaautobus.com.br\/index.php?rest_route=\/wp\/v2\/posts"}],"about":[{"href":"https:\/\/revistaautobus.com.br\/index.php?rest_route=\/wp\/v2\/types\/post"}],"author":[{"embeddable":true,"href":"https:\/\/revistaautobus.com.br\/index.php?rest_route=\/wp\/v2\/users\/2"}],"replies":[{"embeddable":true,"href":"https:\/\/revistaautobus.com.br\/index.php?rest_route=%2Fwp%2Fv2%2Fcomments&post=14719"}],"version-history":[{"count":2,"href":"https:\/\/revistaautobus.com.br\/index.php?rest_route=\/wp\/v2\/posts\/14719\/revisions"}],"predecessor-version":[{"id":14722,"href":"https:\/\/revistaautobus.com.br\/index.php?rest_route=\/wp\/v2\/posts\/14719\/revisions\/14722"}],"wp:featuredmedia":[{"embeddable":true,"href":"https:\/\/revistaautobus.com.br\/index.php?rest_route=\/wp\/v2\/media\/14720"}],"wp:attachment":[{"href":"https:\/\/revistaautobus.com.br\/index.php?rest_route=%2Fwp%2Fv2%2Fmedia&parent=14719"}],"wp:term":[{"taxonomy":"category","embeddable":true,"href":"https:\/\/revistaautobus.com.br\/index.php?rest_route=%2Fwp%2Fv2%2Fcategories&post=14719"},{"taxonomy":"post_tag","embeddable":true,"href":"https:\/\/revistaautobus.com.br\/index.php?rest_route=%2Fwp%2Fv2%2Ftags&post=14719"}],"curies":[{"name":"wp","href":"https:\/\/api.w.org\/{rel}","templated":true}]}}