{"id":14739,"date":"2025-03-07T10:27:59","date_gmt":"2025-03-07T13:27:59","guid":{"rendered":"https:\/\/revistaautobus.com.br\/?p=14739"},"modified":"2025-03-08T15:37:22","modified_gmt":"2025-03-08T18:37:22","slug":"suica-o-instrumento-de-transformacao-do-negocio-dos-transportes-urbanos","status":"publish","type":"post","link":"https:\/\/revistaautobus.com.br\/?p=14739","title":{"rendered":"SUICA \u2013 o instrumento de transforma\u00e7\u00e3o do neg\u00f3cio dos transportes urbanos"},"content":{"rendered":"<p><span style=\"color: #333399;\"><em><strong>Por Andr\u00e9 Dantas, engenheiro civil com doutorado em transportes<\/strong><\/em><\/span><\/p>\n<p>Nesta viagem, depois de tudo que vi e experimentei, n\u00e3o tenho d\u00favidas em afirmar que o fato mais interessante e disruptivo que encontrei \u00e9 o sistema SUICA. Seja no \u00f4nibus, no metr\u00f4, no trem, na loja de conveni\u00eancia, no restaurante e na padaria, o pagamento com o SUICA \u00e9 simples, r\u00e1pido e sem custos adicionais. J\u00e1 conheci o OCTOPUS em Hong Kong, e tudo que \u00e9 poss\u00edvel fazer com o AliPay na China. Eles s\u00e3o muito relevantes, mas a magnitude de implementa\u00e7\u00e3o e expans\u00e3o do SUICA s\u00e3o surpreendentes porque h\u00e1 uma vis\u00e3o de neg\u00f3cios que vai transformar a oferta de produtos e servi\u00e7os.<\/p>\n<p>O SUICA (Super Urban Intelligent Card), representa um passo fundamental na consolida\u00e7\u00e3o de um ecossistema de mobilidade. O SUICA agora domina as transa\u00e7\u00f5es de transporte p\u00fablico e \u00e9 aceito em uma ampla variedade de neg\u00f3cios, incluindo restaurantes, lojas de conveni\u00eancia e m\u00e1quinas de venda autom\u00e1tica. Trata-se de uma tecnologia propriet\u00e1ria da SONY, tamb\u00e9m utilizada em Hong Kong e Cingapura. Com o tempo, incorporou tecnologia de pagamento m\u00f3vel (Google Pay e Apple Pay). Apesar de seu impacto substancial no setor de pagamentos, a caracter\u00edstica mais importante do SUICA \u00e9 que ele evoluiu para uma enorme plataforma digital que interage diariamente com milh\u00f5es de usu\u00e1rios de mobilidade.<\/p>\n<p>Conforme detalhado na publica\u00e7\u00e3o recente da JR East (2024), o objetivo \u00e9 &#8220;&#8230;fazer do SUICA uma plataforma digital universal, aprimorando as experi\u00eancias de viagem, pagamentos e estilo de vida tanto para residentes quanto para visitantes&#8230;&#8221; [tradu\u00e7\u00e3o livre]. Os planos para o futuro pr\u00f3ximo incluem transformar um cart\u00e3o de mobilidade em um dispositivo de estilo de vida. Semelhante a um banco, o SUICA suportar\u00e1 grandes transa\u00e7\u00f5es e transfer\u00eancias de dinheiro eletr\u00f4nico, enquanto se integra aos servi\u00e7os governamentais locais para oferecer descontos regionais, transporte sob demanda e benef\u00edcios locais. Al\u00e9m disso, servi\u00e7os personalizados e impulsionados por IA, como t\u00e1xis pr\u00e9-reservados e recomenda\u00e7\u00f5es de produtos personalizadas, est\u00e3o sendo introduzidos.<\/p>\n<div id=\"attachment_14741\" style=\"width: 778px\" class=\"wp-caption aligncenter\"><img loading=\"lazy\" decoding=\"async\" aria-describedby=\"caption-attachment-14741\" class=\"wp-image-14741 size-large\" src=\"https:\/\/revistaautobus.com.br\/wp-content\/uploads\/2025\/03\/IMG-20250307-WA0037-768x1024.jpg\" alt=\"\" width=\"768\" height=\"1024\" srcset=\"https:\/\/revistaautobus.com.br\/wp-content\/uploads\/2025\/03\/IMG-20250307-WA0037-768x1024.jpg 768w, https:\/\/revistaautobus.com.br\/wp-content\/uploads\/2025\/03\/IMG-20250307-WA0037-225x300.jpg 225w, https:\/\/revistaautobus.com.br\/wp-content\/uploads\/2025\/03\/IMG-20250307-WA0037.jpg 960w\" sizes=\"(max-width: 768px) 100vw, 768px\" \/><p id=\"caption-attachment-14741\" class=\"wp-caption-text\"><span style=\"color: #339966;\"><em><strong>Validador (\u00c0 esquerda) habilitado para SUICA, \u00f4nibus Hiroshima<\/strong><\/em><\/span><\/p><\/div>\n<p>A rea\u00e7\u00e3o mais natural \u00e9 querer aplicar o sistema ao nosso contexto. N\u00e3o recomendo isso. O SUICA \u00e9 o resultado da evolu\u00e7\u00e3o da mentalidade de realizar neg\u00f3cios. \u00c9 tamb\u00e9m um projeto tecnol\u00f3gico de longo prazo, que foi subsidiado pelo governo central do Jap\u00e3o, e \u00e9 conduzido por uma megaempresa (JR EAST) que atua em um dos maiores mercados do mundo. Ent\u00e3o, diferentemente do que muitas vezes \u00e9 realizado em terra brasilis, o caminho compreende projetos estruturados e com o engajamento propositivo e disruptivo dos principais atores. Vai exigir muito investimento e tempo.<\/p>\n<div id=\"attachment_14742\" style=\"width: 778px\" class=\"wp-caption aligncenter\"><img loading=\"lazy\" decoding=\"async\" aria-describedby=\"caption-attachment-14742\" class=\"wp-image-14742 size-large\" src=\"https:\/\/revistaautobus.com.br\/wp-content\/uploads\/2025\/03\/IMG-20250307-WA0039-768x1024.jpg\" alt=\"\" width=\"768\" height=\"1024\" srcset=\"https:\/\/revistaautobus.com.br\/wp-content\/uploads\/2025\/03\/IMG-20250307-WA0039-768x1024.jpg 768w, https:\/\/revistaautobus.com.br\/wp-content\/uploads\/2025\/03\/IMG-20250307-WA0039-225x300.jpg 225w, https:\/\/revistaautobus.com.br\/wp-content\/uploads\/2025\/03\/IMG-20250307-WA0039.jpg 960w\" sizes=\"(max-width: 768px) 100vw, 768px\" \/><p id=\"caption-attachment-14742\" class=\"wp-caption-text\"><span style=\"color: #008080;\"><em><strong>M\u00e1quina de cobran\u00e7a com leitor SUICA, \u00f4nibus Quioto<\/strong><\/em><\/span><\/p><\/div>\n<p>Abaixo, mais imagens relacionadas com a tecnologia<\/p>\n<p><img loading=\"lazy\" decoding=\"async\" class=\"alignnone wp-image-14772 size-large\" src=\"https:\/\/revistaautobus.com.br\/wp-content\/uploads\/2025\/03\/IMG-20250307-WA0034-1024x768.jpg\" alt=\"\" width=\"1024\" height=\"768\" srcset=\"https:\/\/revistaautobus.com.br\/wp-content\/uploads\/2025\/03\/IMG-20250307-WA0034-1024x768.jpg 1024w, https:\/\/revistaautobus.com.br\/wp-content\/uploads\/2025\/03\/IMG-20250307-WA0034-300x225.jpg 300w, https:\/\/revistaautobus.com.br\/wp-content\/uploads\/2025\/03\/IMG-20250307-WA0034-768x576.jpg 768w, https:\/\/revistaautobus.com.br\/wp-content\/uploads\/2025\/03\/IMG-20250307-WA0034-1080x810.jpg 1080w, https:\/\/revistaautobus.com.br\/wp-content\/uploads\/2025\/03\/IMG-20250307-WA0034.jpg 1280w\" sizes=\"(max-width: 1024px) 100vw, 1024px\" \/><\/p>\n<p><img loading=\"lazy\" decoding=\"async\" class=\"wp-image-14774 size-large aligncenter\" src=\"https:\/\/revistaautobus.com.br\/wp-content\/uploads\/2025\/03\/IMG-20250307-WA0038-768x1024.jpg\" alt=\"\" width=\"768\" height=\"1024\" srcset=\"https:\/\/revistaautobus.com.br\/wp-content\/uploads\/2025\/03\/IMG-20250307-WA0038-768x1024.jpg 768w, https:\/\/revistaautobus.com.br\/wp-content\/uploads\/2025\/03\/IMG-20250307-WA0038-225x300.jpg 225w, https:\/\/revistaautobus.com.br\/wp-content\/uploads\/2025\/03\/IMG-20250307-WA0038.jpg 960w\" sizes=\"(max-width: 768px) 100vw, 768px\" \/><\/p>\n<p><img loading=\"lazy\" decoding=\"async\" class=\"wp-image-14775 size-large aligncenter\" src=\"https:\/\/revistaautobus.com.br\/wp-content\/uploads\/2025\/03\/IMG-20250307-WA0036-768x1024.jpg\" alt=\"\" width=\"768\" height=\"1024\" srcset=\"https:\/\/revistaautobus.com.br\/wp-content\/uploads\/2025\/03\/IMG-20250307-WA0036-768x1024.jpg 768w, https:\/\/revistaautobus.com.br\/wp-content\/uploads\/2025\/03\/IMG-20250307-WA0036-225x300.jpg 225w, https:\/\/revistaautobus.com.br\/wp-content\/uploads\/2025\/03\/IMG-20250307-WA0036.jpg 960w\" sizes=\"(max-width: 768px) 100vw, 768px\" \/><\/p>\n<p>&nbsp;<\/p>\n<p>Imagens &#8211; Andr\u00e9 Dantas<\/p>\n","protected":false},"excerpt":{"rendered":"<p>O SUICA \u00e9 o resultado da evolu\u00e7\u00e3o da mentalidade de realizar neg\u00f3cios<\/p>\n","protected":false},"author":2,"featured_media":14740,"comment_status":"open","ping_status":"open","sticky":false,"template":"","format":"standard","meta":{"_et_pb_use_builder":"","_et_pb_old_content":"","_et_gb_content_width":"","_jetpack_memberships_contains_paid_content":false,"footnotes":""},"categories":[53,7,41,73],"tags":[915,916],"class_list":["post-14739","post","type-post","status-publish","format-standard","has-post-thumbnail","hentry","category-internacional","category-mobilidade-urbana","category-ponto-de-vista","category-tecnologia","tag-suica","tag-transporte-coletivo-no-japao","et-has-post-format-content","et_post_format-et-post-format-standard"],"yoast_head":"<!-- This site is optimized with the Yoast SEO plugin v27.2 - https:\/\/yoast.com\/product\/yoast-seo-wordpress\/ -->\n<title>SUICA \u2013 o instrumento de transforma\u00e7\u00e3o do neg\u00f3cio dos transportes urbanos - Revista AutoBus<\/title>\n<meta name=\"robots\" content=\"index, follow, max-snippet:-1, max-image-preview:large, max-video-preview:-1\" \/>\n<link rel=\"canonical\" href=\"https:\/\/revistaautobus.com.br\/?p=14739\" \/>\n<meta property=\"og:locale\" content=\"pt_BR\" \/>\n<meta property=\"og:type\" content=\"article\" \/>\n<meta property=\"og:title\" content=\"SUICA \u2013 o instrumento de transforma\u00e7\u00e3o do neg\u00f3cio dos transportes urbanos - Revista AutoBus\" \/>\n<meta property=\"og:description\" content=\"O SUICA \u00e9 o resultado da evolu\u00e7\u00e3o da mentalidade de realizar neg\u00f3cios\" \/>\n<meta property=\"og:url\" content=\"https:\/\/revistaautobus.com.br\/?p=14739\" \/>\n<meta property=\"og:site_name\" content=\"Revista AutoBus\" \/>\n<meta property=\"article:publisher\" content=\"https:\/\/www.facebook.com\/antonio.ferro.3150\" \/>\n<meta property=\"article:published_time\" content=\"2025-03-07T13:27:59+00:00\" \/>\n<meta property=\"article:modified_time\" content=\"2025-03-08T18:37:22+00:00\" \/>\n<meta property=\"og:image\" content=\"https:\/\/revistaautobus.com.br\/wp-content\/uploads\/2025\/03\/IMG-20250307-WA0035.jpg\" \/>\n\t<meta property=\"og:image:width\" content=\"960\" \/>\n\t<meta property=\"og:image:height\" content=\"1280\" \/>\n\t<meta property=\"og:image:type\" content=\"image\/jpeg\" \/>\n<meta name=\"author\" content=\"Antonio Ferro\" \/>\n<meta name=\"twitter:card\" content=\"summary_large_image\" \/>\n<meta name=\"twitter:label1\" content=\"Escrito por\" \/>\n\t<meta name=\"twitter:data1\" content=\"Antonio Ferro\" \/>\n\t<meta name=\"twitter:label2\" content=\"Est. tempo de leitura\" \/>\n\t<meta name=\"twitter:data2\" content=\"4 minutos\" \/>\n<script type=\"application\/ld+json\" class=\"yoast-schema-graph\">{\"@context\":\"https:\/\/schema.org\",\"@graph\":[{\"@type\":\"Article\",\"@id\":\"https:\/\/revistaautobus.com.br\/?p=14739#article\",\"isPartOf\":{\"@id\":\"https:\/\/revistaautobus.com.br\/?p=14739\"},\"author\":{\"name\":\"Antonio Ferro\",\"@id\":\"https:\/\/revistaautobus.com.br\/#\/schema\/person\/54af7c3eb83a310e42ef686ef6d16f50\"},\"headline\":\"SUICA \u2013 o instrumento de transforma\u00e7\u00e3o do neg\u00f3cio dos transportes urbanos\",\"datePublished\":\"2025-03-07T13:27:59+00:00\",\"dateModified\":\"2025-03-08T18:37:22+00:00\",\"mainEntityOfPage\":{\"@id\":\"https:\/\/revistaautobus.com.br\/?p=14739\"},\"wordCount\":507,\"commentCount\":0,\"publisher\":{\"@id\":\"https:\/\/revistaautobus.com.br\/#organization\"},\"image\":{\"@id\":\"https:\/\/revistaautobus.com.br\/?p=14739#primaryimage\"},\"thumbnailUrl\":\"https:\/\/revistaautobus.com.br\/wp-content\/uploads\/2025\/03\/IMG-20250307-WA0035.jpg\",\"keywords\":[\"SUICA\",\"Transporte coletivo no Jap\u00e3o\"],\"articleSection\":[\"Internacional\",\"Mobilidade Urbana\",\"Ponto de Vista\",\"Tecnologia\"],\"inLanguage\":\"pt-BR\",\"potentialAction\":[{\"@type\":\"CommentAction\",\"name\":\"Comment\",\"target\":[\"https:\/\/revistaautobus.com.br\/?p=14739#respond\"]}]},{\"@type\":\"WebPage\",\"@id\":\"https:\/\/revistaautobus.com.br\/?p=14739\",\"url\":\"https:\/\/revistaautobus.com.br\/?p=14739\",\"name\":\"SUICA \u2013 o instrumento de transforma\u00e7\u00e3o do neg\u00f3cio dos transportes urbanos - Revista AutoBus\",\"isPartOf\":{\"@id\":\"https:\/\/revistaautobus.com.br\/#website\"},\"primaryImageOfPage\":{\"@id\":\"https:\/\/revistaautobus.com.br\/?p=14739#primaryimage\"},\"image\":{\"@id\":\"https:\/\/revistaautobus.com.br\/?p=14739#primaryimage\"},\"thumbnailUrl\":\"https:\/\/revistaautobus.com.br\/wp-content\/uploads\/2025\/03\/IMG-20250307-WA0035.jpg\",\"datePublished\":\"2025-03-07T13:27:59+00:00\",\"dateModified\":\"2025-03-08T18:37:22+00:00\",\"breadcrumb\":{\"@id\":\"https:\/\/revistaautobus.com.br\/?p=14739#breadcrumb\"},\"inLanguage\":\"pt-BR\",\"potentialAction\":[{\"@type\":\"ReadAction\",\"target\":[\"https:\/\/revistaautobus.com.br\/?p=14739\"]}]},{\"@type\":\"ImageObject\",\"inLanguage\":\"pt-BR\",\"@id\":\"https:\/\/revistaautobus.com.br\/?p=14739#primaryimage\",\"url\":\"https:\/\/revistaautobus.com.br\/wp-content\/uploads\/2025\/03\/IMG-20250307-WA0035.jpg\",\"contentUrl\":\"https:\/\/revistaautobus.com.br\/wp-content\/uploads\/2025\/03\/IMG-20250307-WA0035.jpg\",\"width\":960,\"height\":1280},{\"@type\":\"BreadcrumbList\",\"@id\":\"https:\/\/revistaautobus.com.br\/?p=14739#breadcrumb\",\"itemListElement\":[{\"@type\":\"ListItem\",\"position\":1,\"name\":\"In\u00edcio\",\"item\":\"https:\/\/revistaautobus.com.br\/\"},{\"@type\":\"ListItem\",\"position\":2,\"name\":\"SUICA \u2013 o instrumento de transforma\u00e7\u00e3o do neg\u00f3cio dos transportes urbanos\"}]},{\"@type\":\"WebSite\",\"@id\":\"https:\/\/revistaautobus.com.br\/#website\",\"url\":\"https:\/\/revistaautobus.com.br\/\",\"name\":\"Revista AutoBus\",\"description\":\"\",\"publisher\":{\"@id\":\"https:\/\/revistaautobus.com.br\/#organization\"},\"potentialAction\":[{\"@type\":\"SearchAction\",\"target\":{\"@type\":\"EntryPoint\",\"urlTemplate\":\"https:\/\/revistaautobus.com.br\/?s={search_term_string}\"},\"query-input\":{\"@type\":\"PropertyValueSpecification\",\"valueRequired\":true,\"valueName\":\"search_term_string\"}}],\"inLanguage\":\"pt-BR\"},{\"@type\":\"Organization\",\"@id\":\"https:\/\/revistaautobus.com.br\/#organization\",\"name\":\"Revista AutoBus\",\"url\":\"https:\/\/revistaautobus.com.br\/\",\"logo\":{\"@type\":\"ImageObject\",\"inLanguage\":\"pt-BR\",\"@id\":\"https:\/\/revistaautobus.com.br\/#\/schema\/logo\/image\/\",\"url\":\"https:\/\/revistaautobus.com.br\/wp-content\/uploads\/2024\/11\/logo_revista_autobus_fb.png\",\"contentUrl\":\"https:\/\/revistaautobus.com.br\/wp-content\/uploads\/2024\/11\/logo_revista_autobus_fb.png\",\"width\":836,\"height\":227,\"caption\":\"Revista AutoBus\"},\"image\":{\"@id\":\"https:\/\/revistaautobus.com.br\/#\/schema\/logo\/image\/\"},\"sameAs\":[\"https:\/\/www.facebook.com\/antonio.ferro.3150\",\"https:\/\/www.instagram.com\/revistaautobus\/\"]},{\"@type\":\"Person\",\"@id\":\"https:\/\/revistaautobus.com.br\/#\/schema\/person\/54af7c3eb83a310e42ef686ef6d16f50\",\"name\":\"Antonio Ferro\",\"image\":{\"@type\":\"ImageObject\",\"inLanguage\":\"pt-BR\",\"@id\":\"https:\/\/revistaautobus.com.br\/wp-content\/uploads\/2025\/12\/editor_antonio_ferro-150x150.jpg\",\"url\":\"https:\/\/revistaautobus.com.br\/wp-content\/uploads\/2025\/12\/editor_antonio_ferro-150x150.jpg\",\"contentUrl\":\"https:\/\/revistaautobus.com.br\/wp-content\/uploads\/2025\/12\/editor_antonio_ferro-150x150.jpg\",\"caption\":\"Antonio Ferro\"},\"description\":\"infobus@uol.com.br\",\"url\":\"https:\/\/revistaautobus.com.br\/?author=2\"}]}<\/script>\n<!-- \/ Yoast SEO plugin. -->","yoast_head_json":{"title":"SUICA \u2013 o instrumento de transforma\u00e7\u00e3o do neg\u00f3cio dos transportes urbanos - Revista AutoBus","robots":{"index":"index","follow":"follow","max-snippet":"max-snippet:-1","max-image-preview":"max-image-preview:large","max-video-preview":"max-video-preview:-1"},"canonical":"https:\/\/revistaautobus.com.br\/?p=14739","og_locale":"pt_BR","og_type":"article","og_title":"SUICA \u2013 o instrumento de transforma\u00e7\u00e3o do neg\u00f3cio dos transportes urbanos - Revista AutoBus","og_description":"O SUICA \u00e9 o resultado da evolu\u00e7\u00e3o da mentalidade de realizar neg\u00f3cios","og_url":"https:\/\/revistaautobus.com.br\/?p=14739","og_site_name":"Revista AutoBus","article_publisher":"https:\/\/www.facebook.com\/antonio.ferro.3150","article_published_time":"2025-03-07T13:27:59+00:00","article_modified_time":"2025-03-08T18:37:22+00:00","og_image":[{"width":960,"height":1280,"url":"https:\/\/revistaautobus.com.br\/wp-content\/uploads\/2025\/03\/IMG-20250307-WA0035.jpg","type":"image\/jpeg"}],"author":"Antonio Ferro","twitter_card":"summary_large_image","twitter_misc":{"Escrito por":"Antonio Ferro","Est. tempo de leitura":"4 minutos"},"schema":{"@context":"https:\/\/schema.org","@graph":[{"@type":"Article","@id":"https:\/\/revistaautobus.com.br\/?p=14739#article","isPartOf":{"@id":"https:\/\/revistaautobus.com.br\/?p=14739"},"author":{"name":"Antonio Ferro","@id":"https:\/\/revistaautobus.com.br\/#\/schema\/person\/54af7c3eb83a310e42ef686ef6d16f50"},"headline":"SUICA \u2013 o instrumento de transforma\u00e7\u00e3o do neg\u00f3cio dos transportes urbanos","datePublished":"2025-03-07T13:27:59+00:00","dateModified":"2025-03-08T18:37:22+00:00","mainEntityOfPage":{"@id":"https:\/\/revistaautobus.com.br\/?p=14739"},"wordCount":507,"commentCount":0,"publisher":{"@id":"https:\/\/revistaautobus.com.br\/#organization"},"image":{"@id":"https:\/\/revistaautobus.com.br\/?p=14739#primaryimage"},"thumbnailUrl":"https:\/\/revistaautobus.com.br\/wp-content\/uploads\/2025\/03\/IMG-20250307-WA0035.jpg","keywords":["SUICA","Transporte coletivo no Jap\u00e3o"],"articleSection":["Internacional","Mobilidade Urbana","Ponto de Vista","Tecnologia"],"inLanguage":"pt-BR","potentialAction":[{"@type":"CommentAction","name":"Comment","target":["https:\/\/revistaautobus.com.br\/?p=14739#respond"]}]},{"@type":"WebPage","@id":"https:\/\/revistaautobus.com.br\/?p=14739","url":"https:\/\/revistaautobus.com.br\/?p=14739","name":"SUICA \u2013 o instrumento de transforma\u00e7\u00e3o do neg\u00f3cio dos transportes urbanos - Revista AutoBus","isPartOf":{"@id":"https:\/\/revistaautobus.com.br\/#website"},"primaryImageOfPage":{"@id":"https:\/\/revistaautobus.com.br\/?p=14739#primaryimage"},"image":{"@id":"https:\/\/revistaautobus.com.br\/?p=14739#primaryimage"},"thumbnailUrl":"https:\/\/revistaautobus.com.br\/wp-content\/uploads\/2025\/03\/IMG-20250307-WA0035.jpg","datePublished":"2025-03-07T13:27:59+00:00","dateModified":"2025-03-08T18:37:22+00:00","breadcrumb":{"@id":"https:\/\/revistaautobus.com.br\/?p=14739#breadcrumb"},"inLanguage":"pt-BR","potentialAction":[{"@type":"ReadAction","target":["https:\/\/revistaautobus.com.br\/?p=14739"]}]},{"@type":"ImageObject","inLanguage":"pt-BR","@id":"https:\/\/revistaautobus.com.br\/?p=14739#primaryimage","url":"https:\/\/revistaautobus.com.br\/wp-content\/uploads\/2025\/03\/IMG-20250307-WA0035.jpg","contentUrl":"https:\/\/revistaautobus.com.br\/wp-content\/uploads\/2025\/03\/IMG-20250307-WA0035.jpg","width":960,"height":1280},{"@type":"BreadcrumbList","@id":"https:\/\/revistaautobus.com.br\/?p=14739#breadcrumb","itemListElement":[{"@type":"ListItem","position":1,"name":"In\u00edcio","item":"https:\/\/revistaautobus.com.br\/"},{"@type":"ListItem","position":2,"name":"SUICA \u2013 o instrumento de transforma\u00e7\u00e3o do neg\u00f3cio dos transportes urbanos"}]},{"@type":"WebSite","@id":"https:\/\/revistaautobus.com.br\/#website","url":"https:\/\/revistaautobus.com.br\/","name":"Revista AutoBus","description":"","publisher":{"@id":"https:\/\/revistaautobus.com.br\/#organization"},"potentialAction":[{"@type":"SearchAction","target":{"@type":"EntryPoint","urlTemplate":"https:\/\/revistaautobus.com.br\/?s={search_term_string}"},"query-input":{"@type":"PropertyValueSpecification","valueRequired":true,"valueName":"search_term_string"}}],"inLanguage":"pt-BR"},{"@type":"Organization","@id":"https:\/\/revistaautobus.com.br\/#organization","name":"Revista AutoBus","url":"https:\/\/revistaautobus.com.br\/","logo":{"@type":"ImageObject","inLanguage":"pt-BR","@id":"https:\/\/revistaautobus.com.br\/#\/schema\/logo\/image\/","url":"https:\/\/revistaautobus.com.br\/wp-content\/uploads\/2024\/11\/logo_revista_autobus_fb.png","contentUrl":"https:\/\/revistaautobus.com.br\/wp-content\/uploads\/2024\/11\/logo_revista_autobus_fb.png","width":836,"height":227,"caption":"Revista AutoBus"},"image":{"@id":"https:\/\/revistaautobus.com.br\/#\/schema\/logo\/image\/"},"sameAs":["https:\/\/www.facebook.com\/antonio.ferro.3150","https:\/\/www.instagram.com\/revistaautobus\/"]},{"@type":"Person","@id":"https:\/\/revistaautobus.com.br\/#\/schema\/person\/54af7c3eb83a310e42ef686ef6d16f50","name":"Antonio Ferro","image":{"@type":"ImageObject","inLanguage":"pt-BR","@id":"https:\/\/revistaautobus.com.br\/wp-content\/uploads\/2025\/12\/editor_antonio_ferro-150x150.jpg","url":"https:\/\/revistaautobus.com.br\/wp-content\/uploads\/2025\/12\/editor_antonio_ferro-150x150.jpg","contentUrl":"https:\/\/revistaautobus.com.br\/wp-content\/uploads\/2025\/12\/editor_antonio_ferro-150x150.jpg","caption":"Antonio Ferro"},"description":"infobus@uol.com.br","url":"https:\/\/revistaautobus.com.br\/?author=2"}]}},"jetpack_featured_media_url":"https:\/\/revistaautobus.com.br\/wp-content\/uploads\/2025\/03\/IMG-20250307-WA0035.jpg","jetpack_sharing_enabled":true,"_links":{"self":[{"href":"https:\/\/revistaautobus.com.br\/index.php?rest_route=\/wp\/v2\/posts\/14739","targetHints":{"allow":["GET"]}}],"collection":[{"href":"https:\/\/revistaautobus.com.br\/index.php?rest_route=\/wp\/v2\/posts"}],"about":[{"href":"https:\/\/revistaautobus.com.br\/index.php?rest_route=\/wp\/v2\/types\/post"}],"author":[{"embeddable":true,"href":"https:\/\/revistaautobus.com.br\/index.php?rest_route=\/wp\/v2\/users\/2"}],"replies":[{"embeddable":true,"href":"https:\/\/revistaautobus.com.br\/index.php?rest_route=%2Fwp%2Fv2%2Fcomments&post=14739"}],"version-history":[{"count":4,"href":"https:\/\/revistaautobus.com.br\/index.php?rest_route=\/wp\/v2\/posts\/14739\/revisions"}],"predecessor-version":[{"id":14776,"href":"https:\/\/revistaautobus.com.br\/index.php?rest_route=\/wp\/v2\/posts\/14739\/revisions\/14776"}],"wp:featuredmedia":[{"embeddable":true,"href":"https:\/\/revistaautobus.com.br\/index.php?rest_route=\/wp\/v2\/media\/14740"}],"wp:attachment":[{"href":"https:\/\/revistaautobus.com.br\/index.php?rest_route=%2Fwp%2Fv2%2Fmedia&parent=14739"}],"wp:term":[{"taxonomy":"category","embeddable":true,"href":"https:\/\/revistaautobus.com.br\/index.php?rest_route=%2Fwp%2Fv2%2Fcategories&post=14739"},{"taxonomy":"post_tag","embeddable":true,"href":"https:\/\/revistaautobus.com.br\/index.php?rest_route=%2Fwp%2Fv2%2Ftags&post=14739"}],"curies":[{"name":"wp","href":"https:\/\/api.w.org\/{rel}","templated":true}]}}