{"id":1475,"date":"2019-03-25T07:55:00","date_gmt":"2019-03-25T10:55:00","guid":{"rendered":"https:\/\/vila8.com.br\/clientes\/autobus\/?p=1475"},"modified":"2021-06-23T11:43:35","modified_gmt":"2021-06-23T14:43:35","slug":"o-onibus-contribuindo-com-o-monitoramento-do-ar","status":"publish","type":"post","link":"https:\/\/revistaautobus.com.br\/?p=1475","title":{"rendered":"O \u00f4nibus contribuindo com o monitoramento do ar"},"content":{"rendered":"\n<p>O pesquisador Alessandro Santiago dos Santos, do Instituto de Pesquisas Tecnol\u00f3gicas (IPT), est\u00e1 a frente de um projeto que visa aumentar a capacidade de aferi\u00e7\u00e3o da qualidade do ar nas grandes cidades. Em seu doutorado na Escola Polit\u00e9cnica da Universidade de S\u00e3o Paulo (Poli-USP), ele mostrou que a instala\u00e7\u00e3o de sensores em \u00f4nibus melhora a precis\u00e3o dos dados, pois os ve\u00edculos t\u00eam uma regularidade de trajeto e os locais por onde passam, com alta concentra\u00e7\u00e3o populacional, s\u00e3o refer\u00eancias para a coleta de dados.<\/p>\n\n\n\n<p>Todas as informa\u00e7\u00f5es coletadas s\u00e3o processadas e enviadas \u00e0 um software no IPT que gera o mapeamento das machas de polui\u00e7\u00e3o. A revista AutoBus conversou por e-mail com Alessandro, que faz parte do Centro de Tecnologia da Informa\u00e7\u00e3o, Automa\u00e7\u00e3o e Mobilidade, sobre esse m\u00e9todo inovador que objetiva fomentar pol\u00edticas p\u00fablicas para o combate das emiss\u00f5es poluentes.<\/p>\n\n\n\n<p><em><strong>Revista AutoBus<\/strong>&nbsp;<\/em>&#8211; Qual o panorama sobre esse projeto para a medi\u00e7\u00e3o da qualidade do ar, qual foi o intuito, o que procurou saber, avaliar?<\/p>\n\n\n\n<p><em><strong>Alessandro Santiago<\/strong>&nbsp;<\/em>&#8211; Este projeto surgiu, conjuntamente com a uma tese de doutorado, onde se procurava ampliar a resolu\u00e7\u00e3o dos mapas de qualidade do ar da cidade de S\u00e3o Paulo, em que nos moldes tradicionais promovem uma vis\u00e3o geral da \u00e1rea urbana, mas n\u00e3o permitem analisar com detalhes pontos espec\u00edficos da cidade, como ruas,&nbsp;viadutos, esquinas, etc. Assim, a ideia era pesquisar alternativas que permitissem expandir a capacidade de an\u00e1lise por especialistas.<\/p>\n\n\n\n<p>O IPT, dentro de um programa de estimulo a inova\u00e7\u00e3o, identificou o potencial da solu\u00e7\u00e3o e realizou investimentos para a viabiliza\u00e7\u00e3o do projeto.<\/p>\n\n\n\n<p><em><strong>AutoBus<\/strong>&nbsp;<\/em>&#8211; Desde quando foram instalados os sensores nos \u00f4nibus? Quantos ve\u00edculos est\u00e3o envolvidos?<\/p>\n\n\n\n<p><em><strong>Alessandro&nbsp;<\/strong><\/em>&#8211; Desde 2017, os testes v\u00eam sendo feitos. A partir da implanta\u00e7\u00e3o at\u00e9 2018, o sensor percorreu a maioria das linhas de tr\u00f3lebus da cidade, por meio da instrumenta\u00e7\u00e3o de dois tr\u00f3lebus.<\/p>\n\n\n\n<p><em><strong>AutoBus<\/strong><\/em>&nbsp;&#8211; Por onde eles rodam ou rodaram?<\/p>\n\n\n\n<p><em><strong>Alessandro<\/strong><\/em>&nbsp;&#8211; A decis\u00e3o de instrumentar os tr\u00f3lebus foi estrat\u00e9gica, apesar de poder ser instalado em qualquer tipo de \u00f4nibus, a instala\u00e7\u00e3o em um tr\u00f3lebus elimina a d\u00favida que o sensor realmente est\u00e1 medindo o local por onde o \u00f4nibus passa. Assim, a grande parte dos locais mapeados envolvem o centro leste da capital paulista, por exemplo, a linha 2002-10 (Terminal Bandeira-Parque D. Pedro II).<\/p>\n\n\n\n<p><em><strong>AutoBus&nbsp;<\/strong><\/em>&#8211; Sabemos que a polui\u00e7\u00e3o \u00e9 um dos temas com mais abordagem negativa, proporcionando efeitos nocivos \u00e0 qualidade de vida. Mais do que medir a qualidade do ar, \u00e9 preciso haver solu\u00e7\u00f5es que promovam uma significativa redu\u00e7\u00e3o das emiss\u00f5es? Caso sim, quais seriam as propostas para esse fim?<\/p>\n\n\n\n<p><em><strong>Alessandro<\/strong><\/em>&nbsp;&#8211; Iniciativas de redu\u00e7\u00e3o de emiss\u00f5es em larga escala s\u00e3o complexas, por exemplo, mudar rapidamente toda a frota veicular para ve\u00edculos menos poluentes permeia uma s\u00e9rie de etapas complicadas em termos de gest\u00e3o. &nbsp;A ideia do projeto \u00e9 possibilitar analises mais detalhadas da \u00e1rea urbana, identificando pontos mais cr\u00edticos com rela\u00e7\u00e3o a concentra\u00e7\u00e3o de poluentes. Assim, pode-se implementar pol\u00edticas, que promovam mudan\u00e7as prioritariamente em \u00e1reas mais cr\u00edticas.<\/p>\n\n\n\n<p><em><strong>AutoBus<\/strong><\/em>&nbsp;&#8211; O transporte p\u00fablico feito pelo \u00f4nibus urbano busca se enquadrar na categoria de mobilidade limpa. Entretanto, ainda vemos poucas a\u00e7\u00f5es nesse sentido, com efeitos nada vis\u00edveis em rela\u00e7\u00e3o a investimentos em tecnologias limpas, combust\u00edveis alternativos, sistemas estruturais. O que \u00e9 preciso para que isso se concretize?<\/p>\n\n\n\n<p><em><strong>Alessandro<\/strong><\/em>&nbsp;&#8211; A resposta para esta pergunta \u00e9 o que se busca idealmente, mas a sociedade trabalha para encontrar este caminho. A melhoria da qualidade do ar abrange toda uma mudan\u00e7a cultural e estrutural de gerir as cidades e deve envolver toda a sociedade. As discuss\u00f5es sobre sustentabilidade ambiental ganham cada vez mais espa\u00e7o, e iniciativas do cidad\u00e3o, governo e empresas devem estar sintonizadas com os valores de preserva\u00e7\u00e3o, cada vez mais necess\u00e1rios. Assim, n\u00e3o apenas o governo deve implementar pol\u00edticas p\u00fablicas para este fim, mas o cidad\u00e3o deve se preocupar em estrat\u00e9gias de consumo consciente e empresas devem se preocupar em preservar o ambiente para as futuras gera\u00e7\u00f5es.<\/p>\n\n\n\n<p>Imagem &#8211; Reprodu\u00e7\u00e3o<\/p>\n","protected":false},"excerpt":{"rendered":"<p>A decis\u00e3o de instrumentar os tr\u00f3lebus foi estrat\u00e9gica, apesar de poder ser instalado em qualquer tipo de \u00f4nibus, a instala\u00e7\u00e3o em um tr\u00f3lebus elimina a d\u00favida que o sensor realmente est\u00e1 medindo o local por onde o \u00f4nibus passa<\/p>\n","protected":false},"author":2,"featured_media":1476,"comment_status":"open","ping_status":"open","sticky":false,"template":"","format":"standard","meta":{"_et_pb_use_builder":"off","_et_pb_old_content":"","_et_gb_content_width":"","_jetpack_memberships_contains_paid_content":false,"footnotes":""},"categories":[5],"tags":[],"class_list":["post-1475","post","type-post","status-publish","format-standard","has-post-thumbnail","hentry","category-conexao-mobilidade","et-has-post-format-content","et_post_format-et-post-format-standard"],"yoast_head":"<!-- This site is optimized with the Yoast SEO plugin v27.2 - https:\/\/yoast.com\/product\/yoast-seo-wordpress\/ -->\n<title>O \u00f4nibus contribuindo com o monitoramento do ar - Revista AutoBus<\/title>\n<meta name=\"robots\" content=\"index, follow, max-snippet:-1, max-image-preview:large, max-video-preview:-1\" \/>\n<link rel=\"canonical\" href=\"https:\/\/revistaautobus.com.br\/?p=1475\" \/>\n<meta property=\"og:locale\" content=\"pt_BR\" \/>\n<meta property=\"og:type\" content=\"article\" \/>\n<meta property=\"og:title\" content=\"O \u00f4nibus contribuindo com o monitoramento do ar - Revista AutoBus\" \/>\n<meta property=\"og:description\" content=\"A decis\u00e3o de instrumentar os tr\u00f3lebus foi estrat\u00e9gica, apesar de poder ser instalado em qualquer tipo de \u00f4nibus, a instala\u00e7\u00e3o em um tr\u00f3lebus elimina a d\u00favida que o sensor realmente est\u00e1 medindo o local por onde o \u00f4nibus passa\" \/>\n<meta property=\"og:url\" content=\"https:\/\/revistaautobus.com.br\/?p=1475\" \/>\n<meta property=\"og:site_name\" content=\"Revista AutoBus\" \/>\n<meta property=\"article:publisher\" content=\"https:\/\/www.facebook.com\/antonio.ferro.3150\" \/>\n<meta property=\"article:published_time\" content=\"2019-03-25T10:55:00+00:00\" \/>\n<meta property=\"article:modified_time\" content=\"2021-06-23T14:43:35+00:00\" \/>\n<meta property=\"og:image\" content=\"https:\/\/revistaautobus.com.br\/wp-content\/uploads\/2021\/06\/o-onibus-contribuindo-com-o-monitoramento-do-ar-1553522291.jpg\" \/>\n\t<meta property=\"og:image:width\" content=\"1200\" \/>\n\t<meta property=\"og:image:height\" content=\"900\" \/>\n\t<meta property=\"og:image:type\" content=\"image\/jpeg\" \/>\n<meta name=\"author\" content=\"Antonio Ferro\" \/>\n<meta name=\"twitter:card\" content=\"summary_large_image\" \/>\n<meta name=\"twitter:label1\" content=\"Escrito por\" \/>\n\t<meta name=\"twitter:data1\" content=\"Antonio Ferro\" \/>\n\t<meta name=\"twitter:label2\" content=\"Est. tempo de leitura\" \/>\n\t<meta name=\"twitter:data2\" content=\"4 minutos\" \/>\n<script type=\"application\/ld+json\" class=\"yoast-schema-graph\">{\"@context\":\"https:\/\/schema.org\",\"@graph\":[{\"@type\":\"Article\",\"@id\":\"https:\/\/revistaautobus.com.br\/?p=1475#article\",\"isPartOf\":{\"@id\":\"https:\/\/revistaautobus.com.br\/?p=1475\"},\"author\":{\"name\":\"Antonio Ferro\",\"@id\":\"https:\/\/revistaautobus.com.br\/#\/schema\/person\/54af7c3eb83a310e42ef686ef6d16f50\"},\"headline\":\"O \u00f4nibus contribuindo com o monitoramento do ar\",\"datePublished\":\"2019-03-25T10:55:00+00:00\",\"dateModified\":\"2021-06-23T14:43:35+00:00\",\"mainEntityOfPage\":{\"@id\":\"https:\/\/revistaautobus.com.br\/?p=1475\"},\"wordCount\":744,\"commentCount\":0,\"publisher\":{\"@id\":\"https:\/\/revistaautobus.com.br\/#organization\"},\"image\":{\"@id\":\"https:\/\/revistaautobus.com.br\/?p=1475#primaryimage\"},\"thumbnailUrl\":\"https:\/\/revistaautobus.com.br\/wp-content\/uploads\/2021\/06\/o-onibus-contribuindo-com-o-monitoramento-do-ar-1553522291.jpg\",\"articleSection\":[\"Conex\u00e3o Mobilidade\"],\"inLanguage\":\"pt-BR\",\"potentialAction\":[{\"@type\":\"CommentAction\",\"name\":\"Comment\",\"target\":[\"https:\/\/revistaautobus.com.br\/?p=1475#respond\"]}]},{\"@type\":\"WebPage\",\"@id\":\"https:\/\/revistaautobus.com.br\/?p=1475\",\"url\":\"https:\/\/revistaautobus.com.br\/?p=1475\",\"name\":\"O \u00f4nibus contribuindo com o monitoramento do ar - Revista AutoBus\",\"isPartOf\":{\"@id\":\"https:\/\/revistaautobus.com.br\/#website\"},\"primaryImageOfPage\":{\"@id\":\"https:\/\/revistaautobus.com.br\/?p=1475#primaryimage\"},\"image\":{\"@id\":\"https:\/\/revistaautobus.com.br\/?p=1475#primaryimage\"},\"thumbnailUrl\":\"https:\/\/revistaautobus.com.br\/wp-content\/uploads\/2021\/06\/o-onibus-contribuindo-com-o-monitoramento-do-ar-1553522291.jpg\",\"datePublished\":\"2019-03-25T10:55:00+00:00\",\"dateModified\":\"2021-06-23T14:43:35+00:00\",\"breadcrumb\":{\"@id\":\"https:\/\/revistaautobus.com.br\/?p=1475#breadcrumb\"},\"inLanguage\":\"pt-BR\",\"potentialAction\":[{\"@type\":\"ReadAction\",\"target\":[\"https:\/\/revistaautobus.com.br\/?p=1475\"]}]},{\"@type\":\"ImageObject\",\"inLanguage\":\"pt-BR\",\"@id\":\"https:\/\/revistaautobus.com.br\/?p=1475#primaryimage\",\"url\":\"https:\/\/revistaautobus.com.br\/wp-content\/uploads\/2021\/06\/o-onibus-contribuindo-com-o-monitoramento-do-ar-1553522291.jpg\",\"contentUrl\":\"https:\/\/revistaautobus.com.br\/wp-content\/uploads\/2021\/06\/o-onibus-contribuindo-com-o-monitoramento-do-ar-1553522291.jpg\",\"width\":1200,\"height\":900},{\"@type\":\"BreadcrumbList\",\"@id\":\"https:\/\/revistaautobus.com.br\/?p=1475#breadcrumb\",\"itemListElement\":[{\"@type\":\"ListItem\",\"position\":1,\"name\":\"In\u00edcio\",\"item\":\"https:\/\/revistaautobus.com.br\/\"},{\"@type\":\"ListItem\",\"position\":2,\"name\":\"O \u00f4nibus contribuindo com o monitoramento do ar\"}]},{\"@type\":\"WebSite\",\"@id\":\"https:\/\/revistaautobus.com.br\/#website\",\"url\":\"https:\/\/revistaautobus.com.br\/\",\"name\":\"Revista AutoBus\",\"description\":\"\",\"publisher\":{\"@id\":\"https:\/\/revistaautobus.com.br\/#organization\"},\"potentialAction\":[{\"@type\":\"SearchAction\",\"target\":{\"@type\":\"EntryPoint\",\"urlTemplate\":\"https:\/\/revistaautobus.com.br\/?s={search_term_string}\"},\"query-input\":{\"@type\":\"PropertyValueSpecification\",\"valueRequired\":true,\"valueName\":\"search_term_string\"}}],\"inLanguage\":\"pt-BR\"},{\"@type\":\"Organization\",\"@id\":\"https:\/\/revistaautobus.com.br\/#organization\",\"name\":\"Revista AutoBus\",\"url\":\"https:\/\/revistaautobus.com.br\/\",\"logo\":{\"@type\":\"ImageObject\",\"inLanguage\":\"pt-BR\",\"@id\":\"https:\/\/revistaautobus.com.br\/#\/schema\/logo\/image\/\",\"url\":\"https:\/\/revistaautobus.com.br\/wp-content\/uploads\/2024\/11\/logo_revista_autobus_fb.png\",\"contentUrl\":\"https:\/\/revistaautobus.com.br\/wp-content\/uploads\/2024\/11\/logo_revista_autobus_fb.png\",\"width\":836,\"height\":227,\"caption\":\"Revista AutoBus\"},\"image\":{\"@id\":\"https:\/\/revistaautobus.com.br\/#\/schema\/logo\/image\/\"},\"sameAs\":[\"https:\/\/www.facebook.com\/antonio.ferro.3150\",\"https:\/\/www.instagram.com\/revistaautobus\/\"]},{\"@type\":\"Person\",\"@id\":\"https:\/\/revistaautobus.com.br\/#\/schema\/person\/54af7c3eb83a310e42ef686ef6d16f50\",\"name\":\"Antonio Ferro\",\"image\":{\"@type\":\"ImageObject\",\"inLanguage\":\"pt-BR\",\"@id\":\"https:\/\/revistaautobus.com.br\/wp-content\/uploads\/2025\/12\/editor_antonio_ferro-150x150.jpg\",\"url\":\"https:\/\/revistaautobus.com.br\/wp-content\/uploads\/2025\/12\/editor_antonio_ferro-150x150.jpg\",\"contentUrl\":\"https:\/\/revistaautobus.com.br\/wp-content\/uploads\/2025\/12\/editor_antonio_ferro-150x150.jpg\",\"caption\":\"Antonio Ferro\"},\"description\":\"infobus@uol.com.br\",\"url\":\"https:\/\/revistaautobus.com.br\/?author=2\"}]}<\/script>\n<!-- \/ Yoast SEO plugin. -->","yoast_head_json":{"title":"O \u00f4nibus contribuindo com o monitoramento do ar - Revista AutoBus","robots":{"index":"index","follow":"follow","max-snippet":"max-snippet:-1","max-image-preview":"max-image-preview:large","max-video-preview":"max-video-preview:-1"},"canonical":"https:\/\/revistaautobus.com.br\/?p=1475","og_locale":"pt_BR","og_type":"article","og_title":"O \u00f4nibus contribuindo com o monitoramento do ar - Revista AutoBus","og_description":"A decis\u00e3o de instrumentar os tr\u00f3lebus foi estrat\u00e9gica, apesar de poder ser instalado em qualquer tipo de \u00f4nibus, a instala\u00e7\u00e3o em um tr\u00f3lebus elimina a d\u00favida que o sensor realmente est\u00e1 medindo o local por onde o \u00f4nibus passa","og_url":"https:\/\/revistaautobus.com.br\/?p=1475","og_site_name":"Revista AutoBus","article_publisher":"https:\/\/www.facebook.com\/antonio.ferro.3150","article_published_time":"2019-03-25T10:55:00+00:00","article_modified_time":"2021-06-23T14:43:35+00:00","og_image":[{"width":1200,"height":900,"url":"https:\/\/revistaautobus.com.br\/wp-content\/uploads\/2021\/06\/o-onibus-contribuindo-com-o-monitoramento-do-ar-1553522291.jpg","type":"image\/jpeg"}],"author":"Antonio Ferro","twitter_card":"summary_large_image","twitter_misc":{"Escrito por":"Antonio Ferro","Est. tempo de leitura":"4 minutos"},"schema":{"@context":"https:\/\/schema.org","@graph":[{"@type":"Article","@id":"https:\/\/revistaautobus.com.br\/?p=1475#article","isPartOf":{"@id":"https:\/\/revistaautobus.com.br\/?p=1475"},"author":{"name":"Antonio Ferro","@id":"https:\/\/revistaautobus.com.br\/#\/schema\/person\/54af7c3eb83a310e42ef686ef6d16f50"},"headline":"O \u00f4nibus contribuindo com o monitoramento do ar","datePublished":"2019-03-25T10:55:00+00:00","dateModified":"2021-06-23T14:43:35+00:00","mainEntityOfPage":{"@id":"https:\/\/revistaautobus.com.br\/?p=1475"},"wordCount":744,"commentCount":0,"publisher":{"@id":"https:\/\/revistaautobus.com.br\/#organization"},"image":{"@id":"https:\/\/revistaautobus.com.br\/?p=1475#primaryimage"},"thumbnailUrl":"https:\/\/revistaautobus.com.br\/wp-content\/uploads\/2021\/06\/o-onibus-contribuindo-com-o-monitoramento-do-ar-1553522291.jpg","articleSection":["Conex\u00e3o Mobilidade"],"inLanguage":"pt-BR","potentialAction":[{"@type":"CommentAction","name":"Comment","target":["https:\/\/revistaautobus.com.br\/?p=1475#respond"]}]},{"@type":"WebPage","@id":"https:\/\/revistaautobus.com.br\/?p=1475","url":"https:\/\/revistaautobus.com.br\/?p=1475","name":"O \u00f4nibus contribuindo com o monitoramento do ar - Revista AutoBus","isPartOf":{"@id":"https:\/\/revistaautobus.com.br\/#website"},"primaryImageOfPage":{"@id":"https:\/\/revistaautobus.com.br\/?p=1475#primaryimage"},"image":{"@id":"https:\/\/revistaautobus.com.br\/?p=1475#primaryimage"},"thumbnailUrl":"https:\/\/revistaautobus.com.br\/wp-content\/uploads\/2021\/06\/o-onibus-contribuindo-com-o-monitoramento-do-ar-1553522291.jpg","datePublished":"2019-03-25T10:55:00+00:00","dateModified":"2021-06-23T14:43:35+00:00","breadcrumb":{"@id":"https:\/\/revistaautobus.com.br\/?p=1475#breadcrumb"},"inLanguage":"pt-BR","potentialAction":[{"@type":"ReadAction","target":["https:\/\/revistaautobus.com.br\/?p=1475"]}]},{"@type":"ImageObject","inLanguage":"pt-BR","@id":"https:\/\/revistaautobus.com.br\/?p=1475#primaryimage","url":"https:\/\/revistaautobus.com.br\/wp-content\/uploads\/2021\/06\/o-onibus-contribuindo-com-o-monitoramento-do-ar-1553522291.jpg","contentUrl":"https:\/\/revistaautobus.com.br\/wp-content\/uploads\/2021\/06\/o-onibus-contribuindo-com-o-monitoramento-do-ar-1553522291.jpg","width":1200,"height":900},{"@type":"BreadcrumbList","@id":"https:\/\/revistaautobus.com.br\/?p=1475#breadcrumb","itemListElement":[{"@type":"ListItem","position":1,"name":"In\u00edcio","item":"https:\/\/revistaautobus.com.br\/"},{"@type":"ListItem","position":2,"name":"O \u00f4nibus contribuindo com o monitoramento do ar"}]},{"@type":"WebSite","@id":"https:\/\/revistaautobus.com.br\/#website","url":"https:\/\/revistaautobus.com.br\/","name":"Revista AutoBus","description":"","publisher":{"@id":"https:\/\/revistaautobus.com.br\/#organization"},"potentialAction":[{"@type":"SearchAction","target":{"@type":"EntryPoint","urlTemplate":"https:\/\/revistaautobus.com.br\/?s={search_term_string}"},"query-input":{"@type":"PropertyValueSpecification","valueRequired":true,"valueName":"search_term_string"}}],"inLanguage":"pt-BR"},{"@type":"Organization","@id":"https:\/\/revistaautobus.com.br\/#organization","name":"Revista AutoBus","url":"https:\/\/revistaautobus.com.br\/","logo":{"@type":"ImageObject","inLanguage":"pt-BR","@id":"https:\/\/revistaautobus.com.br\/#\/schema\/logo\/image\/","url":"https:\/\/revistaautobus.com.br\/wp-content\/uploads\/2024\/11\/logo_revista_autobus_fb.png","contentUrl":"https:\/\/revistaautobus.com.br\/wp-content\/uploads\/2024\/11\/logo_revista_autobus_fb.png","width":836,"height":227,"caption":"Revista AutoBus"},"image":{"@id":"https:\/\/revistaautobus.com.br\/#\/schema\/logo\/image\/"},"sameAs":["https:\/\/www.facebook.com\/antonio.ferro.3150","https:\/\/www.instagram.com\/revistaautobus\/"]},{"@type":"Person","@id":"https:\/\/revistaautobus.com.br\/#\/schema\/person\/54af7c3eb83a310e42ef686ef6d16f50","name":"Antonio Ferro","image":{"@type":"ImageObject","inLanguage":"pt-BR","@id":"https:\/\/revistaautobus.com.br\/wp-content\/uploads\/2025\/12\/editor_antonio_ferro-150x150.jpg","url":"https:\/\/revistaautobus.com.br\/wp-content\/uploads\/2025\/12\/editor_antonio_ferro-150x150.jpg","contentUrl":"https:\/\/revistaautobus.com.br\/wp-content\/uploads\/2025\/12\/editor_antonio_ferro-150x150.jpg","caption":"Antonio Ferro"},"description":"infobus@uol.com.br","url":"https:\/\/revistaautobus.com.br\/?author=2"}]}},"jetpack_featured_media_url":"https:\/\/revistaautobus.com.br\/wp-content\/uploads\/2021\/06\/o-onibus-contribuindo-com-o-monitoramento-do-ar-1553522291.jpg","jetpack_sharing_enabled":true,"_links":{"self":[{"href":"https:\/\/revistaautobus.com.br\/index.php?rest_route=\/wp\/v2\/posts\/1475","targetHints":{"allow":["GET"]}}],"collection":[{"href":"https:\/\/revistaautobus.com.br\/index.php?rest_route=\/wp\/v2\/posts"}],"about":[{"href":"https:\/\/revistaautobus.com.br\/index.php?rest_route=\/wp\/v2\/types\/post"}],"author":[{"embeddable":true,"href":"https:\/\/revistaautobus.com.br\/index.php?rest_route=\/wp\/v2\/users\/2"}],"replies":[{"embeddable":true,"href":"https:\/\/revistaautobus.com.br\/index.php?rest_route=%2Fwp%2Fv2%2Fcomments&post=1475"}],"version-history":[{"count":1,"href":"https:\/\/revistaautobus.com.br\/index.php?rest_route=\/wp\/v2\/posts\/1475\/revisions"}],"predecessor-version":[{"id":1477,"href":"https:\/\/revistaautobus.com.br\/index.php?rest_route=\/wp\/v2\/posts\/1475\/revisions\/1477"}],"wp:featuredmedia":[{"embeddable":true,"href":"https:\/\/revistaautobus.com.br\/index.php?rest_route=\/wp\/v2\/media\/1476"}],"wp:attachment":[{"href":"https:\/\/revistaautobus.com.br\/index.php?rest_route=%2Fwp%2Fv2%2Fmedia&parent=1475"}],"wp:term":[{"taxonomy":"category","embeddable":true,"href":"https:\/\/revistaautobus.com.br\/index.php?rest_route=%2Fwp%2Fv2%2Fcategories&post=1475"},{"taxonomy":"post_tag","embeddable":true,"href":"https:\/\/revistaautobus.com.br\/index.php?rest_route=%2Fwp%2Fv2%2Ftags&post=1475"}],"curies":[{"name":"wp","href":"https:\/\/api.w.org\/{rel}","templated":true}]}}