{"id":14798,"date":"2025-03-10T09:53:05","date_gmt":"2025-03-10T12:53:05","guid":{"rendered":"https:\/\/revistaautobus.com.br\/?p=14798"},"modified":"2025-03-10T09:53:05","modified_gmt":"2025-03-10T12:53:05","slug":"garagem-da-sustentabilidade","status":"publish","type":"post","link":"https:\/\/revistaautobus.com.br\/?p=14798","title":{"rendered":"Garagem da sustentabilidade"},"content":{"rendered":"<p>Fundada em 1994, na cidade paulista de Campinas por Jos\u00e9 Brigeiro J\u00fanior, a empresa Exclusiva Turismo, nome fantasia de REC PAZ Transporte e Turismo Ltda (homenagem \u00e0 ch\u00e1cara Recanto da Paz onde mora a m\u00e3e do propriet\u00e1rio da transportadora), com uma frota de oito peruas Kombi (quatro usadas e quatro novas) e oito \u00f4nibus, atendendo a tr\u00eas clientes da \u00e1rea industrial. \u201cAo longo dos anos fomos crescendo num mercado din\u00e2mico para poder atender \u00e0s diversas demandas dos v\u00e1rios nichos e clientes atuantes com a promo\u00e7\u00e3o da melhor mobilidade corporativa\u201d, disse J\u00fanior.<\/p>\n<p>O empres\u00e1rio salienta que seus servi\u00e7os atendem, apenas, a modalidade cont\u00ednua. \u201cJ\u00e1 fomos o maior prestador do turismo eventual da regi\u00e3o, onde estamos. Contudo, atualmente, focamos nossa aten\u00e7\u00e3o 100% \u00e0 opera\u00e7\u00e3o cont\u00ednua, por exigir um padr\u00e3o de frota veicular adequada com as necessidades e os custos dos servi\u00e7os. Claro que n\u00e3o deixamos de realizar algum transporte eventual, sempre atendendo pequenas demandas de nossos clientes\u201d, observou.<\/p>\n<p>A Exclusiva passou por todos os momentos, cr\u00edticos e favor\u00e1veis, em suas atividades ao longo de sua hist\u00f3ria, com dedica\u00e7\u00e3o, trabalho e muita resili\u00eancia frente aos problemas e desafios. Atualmente, s\u00e3o 12 clientes, da \u00e1rea de <em>e-commerce<\/em>, al\u00e9m do transporte escolar, atendidos por uma frota com 220 \u00f4nibus.<\/p>\n<div id=\"attachment_14800\" style=\"width: 1010px\" class=\"wp-caption alignnone\"><img loading=\"lazy\" decoding=\"async\" aria-describedby=\"caption-attachment-14800\" class=\"wp-image-14800 size-full\" src=\"https:\/\/revistaautobus.com.br\/wp-content\/uploads\/2025\/03\/IMG_20250221_104621893_HDR_AE.jpg\" alt=\"\" width=\"1000\" height=\"752\" srcset=\"https:\/\/revistaautobus.com.br\/wp-content\/uploads\/2025\/03\/IMG_20250221_104621893_HDR_AE.jpg 1000w, https:\/\/revistaautobus.com.br\/wp-content\/uploads\/2025\/03\/IMG_20250221_104621893_HDR_AE-300x226.jpg 300w, https:\/\/revistaautobus.com.br\/wp-content\/uploads\/2025\/03\/IMG_20250221_104621893_HDR_AE-768x578.jpg 768w\" sizes=\"(max-width: 1000px) 100vw, 1000px\" \/><p id=\"caption-attachment-14800\" class=\"wp-caption-text\"><span style=\"color: #008000;\"><em><strong>A lavagem dos \u00f4nibus \u00e9 feita com \u00e1gua de chuva e reaproveitada<\/strong><\/em><\/span><\/p><\/div>\n<p>Hoje, ap\u00f3s mais de 30 anos de atividades, a operadora se destaca no segmento com uma vis\u00e3o ambiental significativa, com iniciativas inovadoras frente ao setor de transportes. O tema \u00e9, segundo J\u00fanior, o resultado do interesse e investimentos em proporcionar condi\u00e7\u00f5es que favore\u00e7am o meio ambiente. \u201cDepois de um longo tempo aguardando regulariza\u00e7\u00e3o do terreno junto ao poder p\u00fablico municipal, conseguimos que nosso projeto fosse aprovado, com a constru\u00e7\u00e3o sendo realizada em tr\u00eas anos e meio, com todos os atributos relacionados \u00e0 sustentabilidade ambiental. Estamos aqui h\u00e1 dois anos e meio\u201d, ressaltou o empres\u00e1rio.<\/p>\n<p>A garagem da Exclusiva est\u00e1 localizada em um terreno de 21 mil metros quadrados, adquirido em 2011, com 4.500 metros quadrados de constru\u00e7\u00e3o. No contexto da sustentabilidade h\u00e1 diversas a\u00e7\u00f5es para que os recursos utilizados causem o menor impacto negativo ao meio ambiente. Por exemplo, a \u00e1gua de chuva \u00e9 coletada e usada no \u00faltimo est\u00e1gio da lavagem dos ve\u00edculos, que \u00e9 feita por \u00e1gua de reuso, tratada especificamente. \u201cTodo o ciclo de \u00e1gua usada nas lavagens passa por um processo de tratamento numa esta\u00e7\u00e3o pr\u00f3pria. Nossos tanques acomodam, desde a separa\u00e7\u00e3o do \u00f3leo e o tratamento, 240 mil litros. A caixa principal tem capacidade de 150 mil litros, suficientes para toda a lavagem de nossos \u00f4nibus por um per\u00edodo que gira entre 20 e 30 dias\u201d, informou J\u00fanior.<\/p>\n<div id=\"attachment_14801\" style=\"width: 1010px\" class=\"wp-caption alignnone\"><img loading=\"lazy\" decoding=\"async\" aria-describedby=\"caption-attachment-14801\" class=\"wp-image-14801 size-full\" src=\"https:\/\/revistaautobus.com.br\/wp-content\/uploads\/2025\/03\/IMG_20250221_105559474_HDR_AE.jpg\" alt=\"\" width=\"1000\" height=\"752\" srcset=\"https:\/\/revistaautobus.com.br\/wp-content\/uploads\/2025\/03\/IMG_20250221_105559474_HDR_AE.jpg 1000w, https:\/\/revistaautobus.com.br\/wp-content\/uploads\/2025\/03\/IMG_20250221_105559474_HDR_AE-300x226.jpg 300w, https:\/\/revistaautobus.com.br\/wp-content\/uploads\/2025\/03\/IMG_20250221_105559474_HDR_AE-768x578.jpg 768w\" sizes=\"(max-width: 1000px) 100vw, 1000px\" \/><p id=\"caption-attachment-14801\" class=\"wp-caption-text\"><span style=\"color: #008000;\"><em><strong>Esta\u00e7\u00e3o de tratamento da \u00e1gua servida<\/strong><\/em><\/span><\/p><\/div>\n<p>J\u00e1 a \u00e1gua para consumo humano \u00e9 vinda de po\u00e7o artesiano, que ap\u00f3s ser usada e descartada, segue para um sistema de limpeza inovador, composto por bananeiras, chamado evapotranspira\u00e7\u00e3o, tendo, ainda um tanque de 150 mil litros. \u201cEsse sistema \u00e9 comprovado por estudos ao ser reconhecido como saneamento ecol\u00f3gico. Inclusive, as bananas s\u00e3o comest\u00edveis\u201d, lembrou o diretor da Exclusiva. Al\u00e9m disso, todo o piso externo da garagem \u00e9 perme\u00e1vel, com blocos intertrav\u00e1veis.<\/p>\n<p>Quanto a gera\u00e7\u00e3o de energia, a empresa conta um sistema com placas fotovoltaicas com dimens\u00e3o em torno de 1.800 metros quadrados, que produz eletricidade enviada para a rede p\u00fablica. Na manuten\u00e7\u00e3o dos ve\u00edculos, a operadora investiu em alguns aspectos para proporcionar a mitiga\u00e7\u00e3o da pegada de carbono, como o descarte correto de pneus, componentes, pe\u00e7as e \u00f3leo utilizados nos ve\u00edculos. \u201cTamb\u00e9m produzimos o nitrog\u00eanio para ser usado na calibra\u00e7\u00e3o dos pneus dos \u00f4nibus. Esse fator, ao contr\u00e1rio do ar comprimido, permite que haja maior vida \u00fatil aos pneus ou menor desgaste dos mesmos, contribuindo com o ambiente ao resultar na diminui\u00e7\u00e3o do descarte desse insumo\u201d, observou J\u00fanior.<\/p>\n<div id=\"attachment_14802\" style=\"width: 1009px\" class=\"wp-caption alignnone\"><img loading=\"lazy\" decoding=\"async\" aria-describedby=\"caption-attachment-14802\" class=\"wp-image-14802 size-large\" src=\"https:\/\/revistaautobus.com.br\/wp-content\/uploads\/2025\/03\/Bananeiras-999x1024.jpg\" alt=\"\" width=\"999\" height=\"1024\" srcset=\"https:\/\/revistaautobus.com.br\/wp-content\/uploads\/2025\/03\/Bananeiras-999x1024.jpg 999w, https:\/\/revistaautobus.com.br\/wp-content\/uploads\/2025\/03\/Bananeiras-293x300.jpg 293w, https:\/\/revistaautobus.com.br\/wp-content\/uploads\/2025\/03\/Bananeiras-768x788.jpg 768w, https:\/\/revistaautobus.com.br\/wp-content\/uploads\/2025\/03\/Bananeiras-1498x1536.jpg 1498w, https:\/\/revistaautobus.com.br\/wp-content\/uploads\/2025\/03\/Bananeiras-1080x1107.jpg 1080w, https:\/\/revistaautobus.com.br\/wp-content\/uploads\/2025\/03\/Bananeiras.jpg 1614w\" sizes=\"(max-width: 999px) 100vw, 999px\" \/><p id=\"caption-attachment-14802\" class=\"wp-caption-text\"><span style=\"color: #008000;\"><em><strong>Bananeiras servem como filtros para o tratamento do esgoto<\/strong><\/em><\/span><\/p><\/div>\n<p>O lixo comum gerado n\u00e3o \u00e9 esquecido. Aquilo que \u00e9 reaproveit\u00e1vel, tamb\u00e9m, vai para o descarte apropriado. \u201cA n\u00edvel ambiental e de sustentabilidade, em nossas a\u00e7\u00f5es internas, conseguimos bons resultados. Claro que reduzir, de forma integral a pegada de carbono em nossas opera\u00e7\u00f5es, requer outras a\u00e7\u00f5es que j\u00e1 estamos estudando para alcan\u00e7ar isso. Por exemplo, precisamos ter uma \u00e1rea para que possamos plantar \u00e1rvores numa forma de compensar outras emiss\u00f5es poluentes que geramos. Isso exige investimentos e parcerias interessadas no prop\u00f3sito\u201d, disse o empres\u00e1rio.<\/p>\n<p>A empresa est\u00e1 a caminho de ser certificada com a norma ISO 14.001 como forma de divulgar todas as suas a\u00e7\u00f5es junto \u00e0s demandas de um mercado compromissado com o assunto ambiental. \u201cQueremos atender, tamb\u00e9m, um mercado que tenha a mesma vis\u00e3o da nossa empresa em termos de cuidados com o meio ambiente. \u00c9 um desafio perante \u00e0 todas as circunst\u00e2ncias, principalmente, financeiras em meio aos neg\u00f3cios do nosso setor. Contudo, posso dizer que, como pessoa, estou satisfeito com minhas iniciativas junto a sociedade\u201d, finalizou o executivo.<\/p>\n<p>Imagens &#8211; Revista AutoBus<\/p>\n","protected":false},"excerpt":{"rendered":"<p>O meio ambiente \u00e9 tema central da operadora de servi\u00e7os de fretamento na cidade de Campinas<\/p>\n","protected":false},"author":2,"featured_media":14799,"comment_status":"open","ping_status":"open","sticky":false,"template":"","format":"standard","meta":{"_et_pb_use_builder":"","_et_pb_old_content":"","_et_gb_content_width":"","_jetpack_memberships_contains_paid_content":false,"footnotes":""},"categories":[919,90],"tags":[920],"class_list":["post-14798","post","type-post","status-publish","format-standard","has-post-thumbnail","hentry","category-meio-ambiente","category-noticias","tag-exclusiva","et-has-post-format-content","et_post_format-et-post-format-standard"],"yoast_head":"<!-- This site is optimized with the Yoast SEO plugin v27.2 - https:\/\/yoast.com\/product\/yoast-seo-wordpress\/ -->\n<title>Garagem da sustentabilidade - Revista AutoBus<\/title>\n<meta name=\"robots\" content=\"index, follow, max-snippet:-1, max-image-preview:large, max-video-preview:-1\" \/>\n<link rel=\"canonical\" href=\"https:\/\/revistaautobus.com.br\/?p=14798\" \/>\n<meta property=\"og:locale\" content=\"pt_BR\" \/>\n<meta property=\"og:type\" content=\"article\" \/>\n<meta property=\"og:title\" content=\"Garagem da sustentabilidade - Revista AutoBus\" \/>\n<meta property=\"og:description\" content=\"O meio ambiente \u00e9 tema central da operadora de servi\u00e7os de fretamento na cidade de Campinas\" \/>\n<meta property=\"og:url\" content=\"https:\/\/revistaautobus.com.br\/?p=14798\" \/>\n<meta property=\"og:site_name\" content=\"Revista AutoBus\" \/>\n<meta property=\"article:publisher\" content=\"https:\/\/www.facebook.com\/antonio.ferro.3150\" \/>\n<meta property=\"article:published_time\" content=\"2025-03-10T12:53:05+00:00\" \/>\n<meta property=\"og:image\" content=\"https:\/\/revistaautobus.com.br\/wp-content\/uploads\/2025\/03\/IMG_20250221_104110510_HDR_AE.jpg\" \/>\n\t<meta property=\"og:image:width\" content=\"1000\" \/>\n\t<meta property=\"og:image:height\" content=\"752\" \/>\n\t<meta property=\"og:image:type\" content=\"image\/jpeg\" \/>\n<meta name=\"author\" content=\"Antonio Ferro\" \/>\n<meta name=\"twitter:card\" content=\"summary_large_image\" \/>\n<meta name=\"twitter:label1\" content=\"Escrito por\" \/>\n\t<meta name=\"twitter:data1\" content=\"Antonio Ferro\" \/>\n\t<meta name=\"twitter:label2\" content=\"Est. tempo de leitura\" \/>\n\t<meta name=\"twitter:data2\" content=\"6 minutos\" \/>\n<script type=\"application\/ld+json\" class=\"yoast-schema-graph\">{\"@context\":\"https:\/\/schema.org\",\"@graph\":[{\"@type\":\"Article\",\"@id\":\"https:\/\/revistaautobus.com.br\/?p=14798#article\",\"isPartOf\":{\"@id\":\"https:\/\/revistaautobus.com.br\/?p=14798\"},\"author\":{\"name\":\"Antonio Ferro\",\"@id\":\"https:\/\/revistaautobus.com.br\/#\/schema\/person\/54af7c3eb83a310e42ef686ef6d16f50\"},\"headline\":\"Garagem da sustentabilidade\",\"datePublished\":\"2025-03-10T12:53:05+00:00\",\"mainEntityOfPage\":{\"@id\":\"https:\/\/revistaautobus.com.br\/?p=14798\"},\"wordCount\":888,\"commentCount\":0,\"publisher\":{\"@id\":\"https:\/\/revistaautobus.com.br\/#organization\"},\"image\":{\"@id\":\"https:\/\/revistaautobus.com.br\/?p=14798#primaryimage\"},\"thumbnailUrl\":\"https:\/\/revistaautobus.com.br\/wp-content\/uploads\/2025\/03\/IMG_20250221_104110510_HDR_AE.jpg\",\"keywords\":[\"Exclusiva\"],\"articleSection\":[\"Meio ambiente\",\"Not\u00edcias\"],\"inLanguage\":\"pt-BR\",\"potentialAction\":[{\"@type\":\"CommentAction\",\"name\":\"Comment\",\"target\":[\"https:\/\/revistaautobus.com.br\/?p=14798#respond\"]}]},{\"@type\":\"WebPage\",\"@id\":\"https:\/\/revistaautobus.com.br\/?p=14798\",\"url\":\"https:\/\/revistaautobus.com.br\/?p=14798\",\"name\":\"Garagem da sustentabilidade - Revista AutoBus\",\"isPartOf\":{\"@id\":\"https:\/\/revistaautobus.com.br\/#website\"},\"primaryImageOfPage\":{\"@id\":\"https:\/\/revistaautobus.com.br\/?p=14798#primaryimage\"},\"image\":{\"@id\":\"https:\/\/revistaautobus.com.br\/?p=14798#primaryimage\"},\"thumbnailUrl\":\"https:\/\/revistaautobus.com.br\/wp-content\/uploads\/2025\/03\/IMG_20250221_104110510_HDR_AE.jpg\",\"datePublished\":\"2025-03-10T12:53:05+00:00\",\"breadcrumb\":{\"@id\":\"https:\/\/revistaautobus.com.br\/?p=14798#breadcrumb\"},\"inLanguage\":\"pt-BR\",\"potentialAction\":[{\"@type\":\"ReadAction\",\"target\":[\"https:\/\/revistaautobus.com.br\/?p=14798\"]}]},{\"@type\":\"ImageObject\",\"inLanguage\":\"pt-BR\",\"@id\":\"https:\/\/revistaautobus.com.br\/?p=14798#primaryimage\",\"url\":\"https:\/\/revistaautobus.com.br\/wp-content\/uploads\/2025\/03\/IMG_20250221_104110510_HDR_AE.jpg\",\"contentUrl\":\"https:\/\/revistaautobus.com.br\/wp-content\/uploads\/2025\/03\/IMG_20250221_104110510_HDR_AE.jpg\",\"width\":1000,\"height\":752},{\"@type\":\"BreadcrumbList\",\"@id\":\"https:\/\/revistaautobus.com.br\/?p=14798#breadcrumb\",\"itemListElement\":[{\"@type\":\"ListItem\",\"position\":1,\"name\":\"In\u00edcio\",\"item\":\"https:\/\/revistaautobus.com.br\/\"},{\"@type\":\"ListItem\",\"position\":2,\"name\":\"Garagem da sustentabilidade\"}]},{\"@type\":\"WebSite\",\"@id\":\"https:\/\/revistaautobus.com.br\/#website\",\"url\":\"https:\/\/revistaautobus.com.br\/\",\"name\":\"Revista AutoBus\",\"description\":\"\",\"publisher\":{\"@id\":\"https:\/\/revistaautobus.com.br\/#organization\"},\"potentialAction\":[{\"@type\":\"SearchAction\",\"target\":{\"@type\":\"EntryPoint\",\"urlTemplate\":\"https:\/\/revistaautobus.com.br\/?s={search_term_string}\"},\"query-input\":{\"@type\":\"PropertyValueSpecification\",\"valueRequired\":true,\"valueName\":\"search_term_string\"}}],\"inLanguage\":\"pt-BR\"},{\"@type\":\"Organization\",\"@id\":\"https:\/\/revistaautobus.com.br\/#organization\",\"name\":\"Revista AutoBus\",\"url\":\"https:\/\/revistaautobus.com.br\/\",\"logo\":{\"@type\":\"ImageObject\",\"inLanguage\":\"pt-BR\",\"@id\":\"https:\/\/revistaautobus.com.br\/#\/schema\/logo\/image\/\",\"url\":\"https:\/\/revistaautobus.com.br\/wp-content\/uploads\/2024\/11\/logo_revista_autobus_fb.png\",\"contentUrl\":\"https:\/\/revistaautobus.com.br\/wp-content\/uploads\/2024\/11\/logo_revista_autobus_fb.png\",\"width\":836,\"height\":227,\"caption\":\"Revista AutoBus\"},\"image\":{\"@id\":\"https:\/\/revistaautobus.com.br\/#\/schema\/logo\/image\/\"},\"sameAs\":[\"https:\/\/www.facebook.com\/antonio.ferro.3150\",\"https:\/\/www.instagram.com\/revistaautobus\/\"]},{\"@type\":\"Person\",\"@id\":\"https:\/\/revistaautobus.com.br\/#\/schema\/person\/54af7c3eb83a310e42ef686ef6d16f50\",\"name\":\"Antonio Ferro\",\"image\":{\"@type\":\"ImageObject\",\"inLanguage\":\"pt-BR\",\"@id\":\"https:\/\/revistaautobus.com.br\/wp-content\/uploads\/2025\/12\/editor_antonio_ferro-150x150.jpg\",\"url\":\"https:\/\/revistaautobus.com.br\/wp-content\/uploads\/2025\/12\/editor_antonio_ferro-150x150.jpg\",\"contentUrl\":\"https:\/\/revistaautobus.com.br\/wp-content\/uploads\/2025\/12\/editor_antonio_ferro-150x150.jpg\",\"caption\":\"Antonio Ferro\"},\"description\":\"infobus@uol.com.br\",\"url\":\"https:\/\/revistaautobus.com.br\/?author=2\"}]}<\/script>\n<!-- \/ Yoast SEO plugin. -->","yoast_head_json":{"title":"Garagem da sustentabilidade - Revista AutoBus","robots":{"index":"index","follow":"follow","max-snippet":"max-snippet:-1","max-image-preview":"max-image-preview:large","max-video-preview":"max-video-preview:-1"},"canonical":"https:\/\/revistaautobus.com.br\/?p=14798","og_locale":"pt_BR","og_type":"article","og_title":"Garagem da sustentabilidade - Revista AutoBus","og_description":"O meio ambiente \u00e9 tema central da operadora de servi\u00e7os de fretamento na cidade de Campinas","og_url":"https:\/\/revistaautobus.com.br\/?p=14798","og_site_name":"Revista AutoBus","article_publisher":"https:\/\/www.facebook.com\/antonio.ferro.3150","article_published_time":"2025-03-10T12:53:05+00:00","og_image":[{"width":1000,"height":752,"url":"https:\/\/revistaautobus.com.br\/wp-content\/uploads\/2025\/03\/IMG_20250221_104110510_HDR_AE.jpg","type":"image\/jpeg"}],"author":"Antonio Ferro","twitter_card":"summary_large_image","twitter_misc":{"Escrito por":"Antonio Ferro","Est. tempo de leitura":"6 minutos"},"schema":{"@context":"https:\/\/schema.org","@graph":[{"@type":"Article","@id":"https:\/\/revistaautobus.com.br\/?p=14798#article","isPartOf":{"@id":"https:\/\/revistaautobus.com.br\/?p=14798"},"author":{"name":"Antonio Ferro","@id":"https:\/\/revistaautobus.com.br\/#\/schema\/person\/54af7c3eb83a310e42ef686ef6d16f50"},"headline":"Garagem da sustentabilidade","datePublished":"2025-03-10T12:53:05+00:00","mainEntityOfPage":{"@id":"https:\/\/revistaautobus.com.br\/?p=14798"},"wordCount":888,"commentCount":0,"publisher":{"@id":"https:\/\/revistaautobus.com.br\/#organization"},"image":{"@id":"https:\/\/revistaautobus.com.br\/?p=14798#primaryimage"},"thumbnailUrl":"https:\/\/revistaautobus.com.br\/wp-content\/uploads\/2025\/03\/IMG_20250221_104110510_HDR_AE.jpg","keywords":["Exclusiva"],"articleSection":["Meio ambiente","Not\u00edcias"],"inLanguage":"pt-BR","potentialAction":[{"@type":"CommentAction","name":"Comment","target":["https:\/\/revistaautobus.com.br\/?p=14798#respond"]}]},{"@type":"WebPage","@id":"https:\/\/revistaautobus.com.br\/?p=14798","url":"https:\/\/revistaautobus.com.br\/?p=14798","name":"Garagem da sustentabilidade - Revista AutoBus","isPartOf":{"@id":"https:\/\/revistaautobus.com.br\/#website"},"primaryImageOfPage":{"@id":"https:\/\/revistaautobus.com.br\/?p=14798#primaryimage"},"image":{"@id":"https:\/\/revistaautobus.com.br\/?p=14798#primaryimage"},"thumbnailUrl":"https:\/\/revistaautobus.com.br\/wp-content\/uploads\/2025\/03\/IMG_20250221_104110510_HDR_AE.jpg","datePublished":"2025-03-10T12:53:05+00:00","breadcrumb":{"@id":"https:\/\/revistaautobus.com.br\/?p=14798#breadcrumb"},"inLanguage":"pt-BR","potentialAction":[{"@type":"ReadAction","target":["https:\/\/revistaautobus.com.br\/?p=14798"]}]},{"@type":"ImageObject","inLanguage":"pt-BR","@id":"https:\/\/revistaautobus.com.br\/?p=14798#primaryimage","url":"https:\/\/revistaautobus.com.br\/wp-content\/uploads\/2025\/03\/IMG_20250221_104110510_HDR_AE.jpg","contentUrl":"https:\/\/revistaautobus.com.br\/wp-content\/uploads\/2025\/03\/IMG_20250221_104110510_HDR_AE.jpg","width":1000,"height":752},{"@type":"BreadcrumbList","@id":"https:\/\/revistaautobus.com.br\/?p=14798#breadcrumb","itemListElement":[{"@type":"ListItem","position":1,"name":"In\u00edcio","item":"https:\/\/revistaautobus.com.br\/"},{"@type":"ListItem","position":2,"name":"Garagem da sustentabilidade"}]},{"@type":"WebSite","@id":"https:\/\/revistaautobus.com.br\/#website","url":"https:\/\/revistaautobus.com.br\/","name":"Revista AutoBus","description":"","publisher":{"@id":"https:\/\/revistaautobus.com.br\/#organization"},"potentialAction":[{"@type":"SearchAction","target":{"@type":"EntryPoint","urlTemplate":"https:\/\/revistaautobus.com.br\/?s={search_term_string}"},"query-input":{"@type":"PropertyValueSpecification","valueRequired":true,"valueName":"search_term_string"}}],"inLanguage":"pt-BR"},{"@type":"Organization","@id":"https:\/\/revistaautobus.com.br\/#organization","name":"Revista AutoBus","url":"https:\/\/revistaautobus.com.br\/","logo":{"@type":"ImageObject","inLanguage":"pt-BR","@id":"https:\/\/revistaautobus.com.br\/#\/schema\/logo\/image\/","url":"https:\/\/revistaautobus.com.br\/wp-content\/uploads\/2024\/11\/logo_revista_autobus_fb.png","contentUrl":"https:\/\/revistaautobus.com.br\/wp-content\/uploads\/2024\/11\/logo_revista_autobus_fb.png","width":836,"height":227,"caption":"Revista AutoBus"},"image":{"@id":"https:\/\/revistaautobus.com.br\/#\/schema\/logo\/image\/"},"sameAs":["https:\/\/www.facebook.com\/antonio.ferro.3150","https:\/\/www.instagram.com\/revistaautobus\/"]},{"@type":"Person","@id":"https:\/\/revistaautobus.com.br\/#\/schema\/person\/54af7c3eb83a310e42ef686ef6d16f50","name":"Antonio Ferro","image":{"@type":"ImageObject","inLanguage":"pt-BR","@id":"https:\/\/revistaautobus.com.br\/wp-content\/uploads\/2025\/12\/editor_antonio_ferro-150x150.jpg","url":"https:\/\/revistaautobus.com.br\/wp-content\/uploads\/2025\/12\/editor_antonio_ferro-150x150.jpg","contentUrl":"https:\/\/revistaautobus.com.br\/wp-content\/uploads\/2025\/12\/editor_antonio_ferro-150x150.jpg","caption":"Antonio Ferro"},"description":"infobus@uol.com.br","url":"https:\/\/revistaautobus.com.br\/?author=2"}]}},"jetpack_featured_media_url":"https:\/\/revistaautobus.com.br\/wp-content\/uploads\/2025\/03\/IMG_20250221_104110510_HDR_AE.jpg","jetpack_sharing_enabled":true,"_links":{"self":[{"href":"https:\/\/revistaautobus.com.br\/index.php?rest_route=\/wp\/v2\/posts\/14798","targetHints":{"allow":["GET"]}}],"collection":[{"href":"https:\/\/revistaautobus.com.br\/index.php?rest_route=\/wp\/v2\/posts"}],"about":[{"href":"https:\/\/revistaautobus.com.br\/index.php?rest_route=\/wp\/v2\/types\/post"}],"author":[{"embeddable":true,"href":"https:\/\/revistaautobus.com.br\/index.php?rest_route=\/wp\/v2\/users\/2"}],"replies":[{"embeddable":true,"href":"https:\/\/revistaautobus.com.br\/index.php?rest_route=%2Fwp%2Fv2%2Fcomments&post=14798"}],"version-history":[{"count":2,"href":"https:\/\/revistaautobus.com.br\/index.php?rest_route=\/wp\/v2\/posts\/14798\/revisions"}],"predecessor-version":[{"id":14804,"href":"https:\/\/revistaautobus.com.br\/index.php?rest_route=\/wp\/v2\/posts\/14798\/revisions\/14804"}],"wp:featuredmedia":[{"embeddable":true,"href":"https:\/\/revistaautobus.com.br\/index.php?rest_route=\/wp\/v2\/media\/14799"}],"wp:attachment":[{"href":"https:\/\/revistaautobus.com.br\/index.php?rest_route=%2Fwp%2Fv2%2Fmedia&parent=14798"}],"wp:term":[{"taxonomy":"category","embeddable":true,"href":"https:\/\/revistaautobus.com.br\/index.php?rest_route=%2Fwp%2Fv2%2Fcategories&post=14798"},{"taxonomy":"post_tag","embeddable":true,"href":"https:\/\/revistaautobus.com.br\/index.php?rest_route=%2Fwp%2Fv2%2Ftags&post=14798"}],"curies":[{"name":"wp","href":"https:\/\/api.w.org\/{rel}","templated":true}]}}