{"id":1490,"date":"2019-03-26T07:26:00","date_gmt":"2019-03-26T10:26:00","guid":{"rendered":"https:\/\/vila8.com.br\/clientes\/autobus\/?p=1490"},"modified":"2021-06-23T12:09:06","modified_gmt":"2021-06-23T15:09:06","slug":"negocios-internacionais-movimentam-o-setor-de-onibus","status":"publish","type":"post","link":"https:\/\/revistaautobus.com.br\/?p=1490","title":{"rendered":"Neg\u00f3cios internacionais movimentam o setor de \u00f4nibus"},"content":{"rendered":"\n<p>Tr\u00eas grandes fabricantes mundiais de \u00f4nibus anunciaram recentemente a incessante busca por novos neg\u00f3cios com o intuito de renovar as frotas do modal em v\u00e1rias localidades. A alem\u00e3 Mercedes-Benz ressaltou sua&nbsp;participa\u00e7\u00e3o no mercado da eletromobilidade com a produ\u00e7\u00e3o do modelo&nbsp;eCitaro (el\u00e9trico 100% a baterias). Sua tecnologia j\u00e1 se encontra em uso&nbsp;comercial na Alemanha, no transporte p\u00fablico de Hamburgo e Heidelberg. Al\u00e9m disso, haver\u00e1 expans\u00e3o de seu novo conceito para os mercados da Fran\u00e7a,&nbsp;Luxemburgo e Pol\u00f4nia, para demonstra\u00e7\u00e3o aos gestores do transporte p\u00fablico de suas qualidades e adequa\u00e7\u00e3o para o uso di\u00e1rio. De acordo com a montadora, entre as vantagens dos modelos el\u00e9tricos destacam-se a redu\u00e7\u00e3o da emiss\u00e3o de poluentes e o baixo \u00edndice de ru\u00eddos, proporcionando melhoria na qualidade do ar e no bem-estar a bordo para os usu\u00e1rios.<\/p>\n\n\n\n<p>Em linhas gerais, o eCitaro pode ser equipado com baterias que apresentam capacidade total de 243 kWh, al\u00e9m de motores el\u00e9tricos montados pr\u00f3ximos aos cubos das rodas. O gerenciamento t\u00e9rmico \u00e9 otimizado at\u00e9 o \u00faltimo detalhe, com o resfriamento da bateria, ar-condicionado com bomba de calor e componentes conectados, sendo um destaque na fabrica\u00e7\u00e3o de \u00f4nibus. Para a Mercedes-Benz, esses recursos garantem o consumo m\u00ednimo de energia, maior efici\u00eancia e autonomia. E ainda, o consumo de energia de um \u00f4nibus el\u00e9trico para o aquecimento e refrigera\u00e7\u00e3o pode chegar a 50%, fato que \u00e9 um&nbsp;verdadeiro desafio para os especialistas.<\/p>\n\n\n\n<figure class=\"wp-block-image\"><img decoding=\"async\" src=\"https:\/\/www.revistaautobus.com.br\/uploads\/images\/2019\/03\/294-1553607013.jpg\" alt=\"Neg\u00f3cios internacionais movimentam o setor de \u00f4nibus\" title=\"Neg\u00f3cios internacionais movimentam o setor de \u00f4nibus\"\/><\/figure>\n\n\n\n<p>Ainda no contexto da eletromobilidade, a fabricante alem\u00e3 destaca outro modelo urbano de sua gama de ve\u00edculos, o Citaro&nbsp;NGT&nbsp;h\u00edbrido com propuls\u00e3o a g\u00e1s natural, equipado com o m\u00f3dulo h\u00edbrido opcional, sendo at\u00e9 8,5% mais eficiente. Os motores a g\u00e1s reduzem em muito as emiss\u00f5es de material&nbsp;particulado e de NOx. Quando usado em conjunto com biog\u00e1s ou g\u00e1s natural, o Citaro&nbsp;NGT&nbsp;h\u00edbrido \u00e9 quase neutro quanto a polui\u00e7\u00e3o. E \u00e9 por essa tecnologia que os operadores de servi\u00e7os p\u00fablicos de Augsburg est\u00e3o optando com seus novos \u00f4nibus h\u00edbridos Citaro&nbsp;NGT.<\/p>\n\n\n\n<p>As opera\u00e7\u00f5es do transporte coletivo das cidades de Augsburg (Alemanha), Bourges (Fran\u00e7a), Madri e Aucorsa Cordoba (Espanha) e Liubliana (Eslov\u00eania) optaram pela referida tecnologia da marca da estrela de tr\u00eas pontas. E em Oldenburg, tamb\u00e9m na Alemanha, a&nbsp; empresa VWG colocar\u00e1 em opera\u00e7\u00e3o os primeiros Citaro&nbsp;NGT h\u00edbridos articulados do mundo.&nbsp;&nbsp;<\/p>\n\n\n\n<h3 class=\"wp-block-heading\"><em><strong>Volvo e Volgren na Austr\u00e1lia<\/strong><\/em><\/h3>\n\n\n\n<p>A Volvo em parceria com a encarro\u00e7adora Volgren, pertencente \u00e0 Marcopolo S\/A, ir\u00e1 disponibilizar 900 \u00f4nibus para a cidade australiana de Perth. Os&nbsp;ve\u00edculos ser\u00e3o fornecidos para a Autoridade de Transporte P\u00fablico (PTA),&nbsp;operadora estatal de transportes do governo local. O chassi Volvo B8RLE&nbsp;equipado com o propulsor a diesel Euro VI e a carro\u00e7aria Volgren ter\u00e3o um&nbsp;prot\u00f3tipo apresentado em agosto deste ano, sendo que a produ\u00e7\u00e3o comercial se inicia em outubro.<\/p>\n\n\n\n<figure class=\"wp-block-image\"><img decoding=\"async\" src=\"https:\/\/www.revistaautobus.com.br\/uploads\/images\/2019\/03\/294-1553607033.jpg\" alt=\"Neg\u00f3cios internacionais movimentam o setor de \u00f4nibus\" title=\"Neg\u00f3cios internacionais movimentam o setor de \u00f4nibus\"\/><\/figure>\n\n\n\n<p>Andr\u00e9 Armaganijan, diretor de Neg\u00f3cios Internacionais e Estrat\u00e9gia da&nbsp;Marcopolo S.A., enfatizou que o acordo envolver\u00e1 o fornecimento de 900 \u00f4nibus em at\u00e9 dez anos, com op\u00e7\u00e3o de renova\u00e7\u00e3o ap\u00f3s cinco anos. O contrato gerar\u00e1 para a Volgren receita de aproximadamente US$ 110 milh\u00f5es e o total US$ 220 milh\u00f5es se houver a renova\u00e7\u00e3o posterior. \u201cEste neg\u00f3cio est\u00e1 alinhado com a estrat\u00e9gia da Marcopolo de expandir suas atividades em todo o mundo e est\u00e1 entre os maiores j\u00e1 fechados pela nossa empresa, sem d\u00favida, o maior para a regi\u00e3o da \u00c1sia\/Pac\u00edfico\u201d, disse Armaganijan. A Volgren iniciou sua parceria com a PTA em 1999 e forneceu mais de 1.800 \u00f4nibus.<\/p>\n\n\n\n<p>Segundo Peter Dale, diretor executivo da encarro\u00e7adora australiana, o foco de promover t\u00e9cnicas de melhoria cont\u00ednua e o conceito LEAN de manufatura&nbsp;enxuta, deram \u00e0 Volgren a capacidade de atender grandes demandas como essa. \u201cA nossa capacidade de entregar grandes volumes de \u00f4nibus, no prazo e dentro do or\u00e7amento j\u00e1 est\u00e1 bem estabelecida. A opera\u00e7\u00e3o em Perth est\u00e1 perfeitamente posicionada para atender \u00e0 nova programa\u00e7\u00e3o de entrega da PTA e permitir\u00e1 o crescimento de frota de aproximadamente 30%\u201d, observou.<\/p>\n\n\n\n<p>Para a Volvo Buses, o neg\u00f3cio \u00e9 resultado da confian\u00e7a que a operadora&nbsp;australiana tem com a marca. \u201cCom este pedido a PTA continua a demonstrar forte confian\u00e7a na equipe Volvo. Temos uma excelente oportunidade para&nbsp;&nbsp; manter nossa parceria estrat\u00e9gica de longo prazo, apoiando a PTA e seus&nbsp;operadores para os pr\u00f3ximos 10 anos e outros a frente\u201d, comentou H\u00e5kan Agnevall, presidente da Volvo Buses.<\/p>\n\n\n\n<figure class=\"wp-block-image\"><img decoding=\"async\" src=\"https:\/\/www.revistaautobus.com.br\/uploads\/images\/2019\/03\/294-1553607052.jpg\" alt=\"Neg\u00f3cios internacionais movimentam o setor de \u00f4nibus\" title=\"Neg\u00f3cios internacionais movimentam o setor de \u00f4nibus\"\/><\/figure>\n\n\n\n<p>O executivo ainda ressaltou a configura\u00e7\u00e3o do chassi que ser\u00e1 fornecido, comentando que o modelo j\u00e1 \u00e9 reconhecido positivamente no pa\u00eds por suas caracter\u00edsticas&nbsp; operacionais. \u201cO Volvo B8RLE Euro VI est\u00e1 bem testado tanto no mercado australiano quanto global, e continua a definir o padr\u00e3o da ind\u00fastria para efici\u00eancia em combust\u00edvel, dirigibilidade e custo operacional total\u201d, disse Agnevall. A renova\u00e7\u00e3o ir\u00e1 aumentar a qualidade dos servi\u00e7os, com a oferta de \u00f4nibus de \u00faltima gera\u00e7\u00e3o.<\/p>\n\n\n\n<p>Ainda, de acordo com a montadora de chassis, uma m\u00e9dia de 90 \u00f4nibus ser\u00e3o entregues por ano ao longo do contrato, com um acordo inicial de cinco anos e uma op\u00e7\u00e3o para uma extens\u00e3o para mais cinco.<\/p>\n\n\n\n<p>Imagens &#8211; Daimler Buses, Volvo Buses e Volgren<\/p>\n","protected":false},"excerpt":{"rendered":"<p>Tr\u00eas grandes fabricantes mundiais de \u00f4nibus anunciaram recentemente a incessante busca por novos neg\u00f3cios com o intuito de renovar as frotas do modal em v\u00e1rias localidades<\/p>\n","protected":false},"author":2,"featured_media":1491,"comment_status":"open","ping_status":"open","sticky":false,"template":"","format":"standard","meta":{"_et_pb_use_builder":"off","_et_pb_old_content":"","_et_gb_content_width":"","_jetpack_memberships_contains_paid_content":false,"footnotes":""},"categories":[90],"tags":[],"class_list":["post-1490","post","type-post","status-publish","format-standard","has-post-thumbnail","hentry","category-noticias","et-has-post-format-content","et_post_format-et-post-format-standard"],"yoast_head":"<!-- This site is optimized with the Yoast SEO plugin v27.2 - https:\/\/yoast.com\/product\/yoast-seo-wordpress\/ -->\n<title>Neg\u00f3cios internacionais movimentam o setor de \u00f4nibus - Revista AutoBus<\/title>\n<meta name=\"robots\" content=\"index, follow, max-snippet:-1, max-image-preview:large, max-video-preview:-1\" \/>\n<link rel=\"canonical\" href=\"https:\/\/revistaautobus.com.br\/?p=1490\" \/>\n<meta property=\"og:locale\" content=\"pt_BR\" \/>\n<meta property=\"og:type\" content=\"article\" \/>\n<meta property=\"og:title\" content=\"Neg\u00f3cios internacionais movimentam o setor de \u00f4nibus - Revista AutoBus\" \/>\n<meta property=\"og:description\" content=\"Tr\u00eas grandes fabricantes mundiais de \u00f4nibus anunciaram recentemente a incessante busca por novos neg\u00f3cios com o intuito de renovar as frotas do modal em v\u00e1rias localidades\" \/>\n<meta property=\"og:url\" content=\"https:\/\/revistaautobus.com.br\/?p=1490\" \/>\n<meta property=\"og:site_name\" content=\"Revista AutoBus\" \/>\n<meta property=\"article:publisher\" content=\"https:\/\/www.facebook.com\/antonio.ferro.3150\" \/>\n<meta property=\"article:published_time\" content=\"2019-03-26T10:26:00+00:00\" \/>\n<meta property=\"article:modified_time\" content=\"2021-06-23T15:09:06+00:00\" \/>\n<meta property=\"og:image\" content=\"https:\/\/revistaautobus.com.br\/wp-content\/uploads\/2021\/06\/negocios-internacionais-movimentam-o-setor-de-onibus-1553606993.jpg\" \/>\n\t<meta property=\"og:image:width\" content=\"1200\" \/>\n\t<meta property=\"og:image:height\" content=\"628\" \/>\n\t<meta property=\"og:image:type\" content=\"image\/jpeg\" \/>\n<meta name=\"author\" content=\"Antonio Ferro\" \/>\n<meta name=\"twitter:card\" content=\"summary_large_image\" \/>\n<meta name=\"twitter:label1\" content=\"Escrito por\" \/>\n\t<meta name=\"twitter:data1\" content=\"Antonio Ferro\" \/>\n\t<meta name=\"twitter:label2\" content=\"Est. tempo de leitura\" \/>\n\t<meta name=\"twitter:data2\" content=\"5 minutos\" \/>\n<script type=\"application\/ld+json\" class=\"yoast-schema-graph\">{\"@context\":\"https:\/\/schema.org\",\"@graph\":[{\"@type\":\"Article\",\"@id\":\"https:\/\/revistaautobus.com.br\/?p=1490#article\",\"isPartOf\":{\"@id\":\"https:\/\/revistaautobus.com.br\/?p=1490\"},\"author\":{\"name\":\"Antonio Ferro\",\"@id\":\"https:\/\/revistaautobus.com.br\/#\/schema\/person\/54af7c3eb83a310e42ef686ef6d16f50\"},\"headline\":\"Neg\u00f3cios internacionais movimentam o setor de \u00f4nibus\",\"datePublished\":\"2019-03-26T10:26:00+00:00\",\"dateModified\":\"2021-06-23T15:09:06+00:00\",\"mainEntityOfPage\":{\"@id\":\"https:\/\/revistaautobus.com.br\/?p=1490\"},\"wordCount\":943,\"commentCount\":0,\"publisher\":{\"@id\":\"https:\/\/revistaautobus.com.br\/#organization\"},\"image\":{\"@id\":\"https:\/\/revistaautobus.com.br\/?p=1490#primaryimage\"},\"thumbnailUrl\":\"https:\/\/revistaautobus.com.br\/wp-content\/uploads\/2021\/06\/negocios-internacionais-movimentam-o-setor-de-onibus-1553606993.jpg\",\"articleSection\":[\"Not\u00edcias\"],\"inLanguage\":\"pt-BR\",\"potentialAction\":[{\"@type\":\"CommentAction\",\"name\":\"Comment\",\"target\":[\"https:\/\/revistaautobus.com.br\/?p=1490#respond\"]}]},{\"@type\":\"WebPage\",\"@id\":\"https:\/\/revistaautobus.com.br\/?p=1490\",\"url\":\"https:\/\/revistaautobus.com.br\/?p=1490\",\"name\":\"Neg\u00f3cios internacionais movimentam o setor de \u00f4nibus - Revista AutoBus\",\"isPartOf\":{\"@id\":\"https:\/\/revistaautobus.com.br\/#website\"},\"primaryImageOfPage\":{\"@id\":\"https:\/\/revistaautobus.com.br\/?p=1490#primaryimage\"},\"image\":{\"@id\":\"https:\/\/revistaautobus.com.br\/?p=1490#primaryimage\"},\"thumbnailUrl\":\"https:\/\/revistaautobus.com.br\/wp-content\/uploads\/2021\/06\/negocios-internacionais-movimentam-o-setor-de-onibus-1553606993.jpg\",\"datePublished\":\"2019-03-26T10:26:00+00:00\",\"dateModified\":\"2021-06-23T15:09:06+00:00\",\"breadcrumb\":{\"@id\":\"https:\/\/revistaautobus.com.br\/?p=1490#breadcrumb\"},\"inLanguage\":\"pt-BR\",\"potentialAction\":[{\"@type\":\"ReadAction\",\"target\":[\"https:\/\/revistaautobus.com.br\/?p=1490\"]}]},{\"@type\":\"ImageObject\",\"inLanguage\":\"pt-BR\",\"@id\":\"https:\/\/revistaautobus.com.br\/?p=1490#primaryimage\",\"url\":\"https:\/\/revistaautobus.com.br\/wp-content\/uploads\/2021\/06\/negocios-internacionais-movimentam-o-setor-de-onibus-1553606993.jpg\",\"contentUrl\":\"https:\/\/revistaautobus.com.br\/wp-content\/uploads\/2021\/06\/negocios-internacionais-movimentam-o-setor-de-onibus-1553606993.jpg\",\"width\":1200,\"height\":628},{\"@type\":\"BreadcrumbList\",\"@id\":\"https:\/\/revistaautobus.com.br\/?p=1490#breadcrumb\",\"itemListElement\":[{\"@type\":\"ListItem\",\"position\":1,\"name\":\"In\u00edcio\",\"item\":\"https:\/\/revistaautobus.com.br\/\"},{\"@type\":\"ListItem\",\"position\":2,\"name\":\"Neg\u00f3cios internacionais movimentam o setor de \u00f4nibus\"}]},{\"@type\":\"WebSite\",\"@id\":\"https:\/\/revistaautobus.com.br\/#website\",\"url\":\"https:\/\/revistaautobus.com.br\/\",\"name\":\"Revista AutoBus\",\"description\":\"\",\"publisher\":{\"@id\":\"https:\/\/revistaautobus.com.br\/#organization\"},\"potentialAction\":[{\"@type\":\"SearchAction\",\"target\":{\"@type\":\"EntryPoint\",\"urlTemplate\":\"https:\/\/revistaautobus.com.br\/?s={search_term_string}\"},\"query-input\":{\"@type\":\"PropertyValueSpecification\",\"valueRequired\":true,\"valueName\":\"search_term_string\"}}],\"inLanguage\":\"pt-BR\"},{\"@type\":\"Organization\",\"@id\":\"https:\/\/revistaautobus.com.br\/#organization\",\"name\":\"Revista AutoBus\",\"url\":\"https:\/\/revistaautobus.com.br\/\",\"logo\":{\"@type\":\"ImageObject\",\"inLanguage\":\"pt-BR\",\"@id\":\"https:\/\/revistaautobus.com.br\/#\/schema\/logo\/image\/\",\"url\":\"https:\/\/revistaautobus.com.br\/wp-content\/uploads\/2024\/11\/logo_revista_autobus_fb.png\",\"contentUrl\":\"https:\/\/revistaautobus.com.br\/wp-content\/uploads\/2024\/11\/logo_revista_autobus_fb.png\",\"width\":836,\"height\":227,\"caption\":\"Revista AutoBus\"},\"image\":{\"@id\":\"https:\/\/revistaautobus.com.br\/#\/schema\/logo\/image\/\"},\"sameAs\":[\"https:\/\/www.facebook.com\/antonio.ferro.3150\",\"https:\/\/www.instagram.com\/revistaautobus\/\"]},{\"@type\":\"Person\",\"@id\":\"https:\/\/revistaautobus.com.br\/#\/schema\/person\/54af7c3eb83a310e42ef686ef6d16f50\",\"name\":\"Antonio Ferro\",\"image\":{\"@type\":\"ImageObject\",\"inLanguage\":\"pt-BR\",\"@id\":\"https:\/\/revistaautobus.com.br\/wp-content\/uploads\/2025\/12\/editor_antonio_ferro-150x150.jpg\",\"url\":\"https:\/\/revistaautobus.com.br\/wp-content\/uploads\/2025\/12\/editor_antonio_ferro-150x150.jpg\",\"contentUrl\":\"https:\/\/revistaautobus.com.br\/wp-content\/uploads\/2025\/12\/editor_antonio_ferro-150x150.jpg\",\"caption\":\"Antonio Ferro\"},\"description\":\"infobus@uol.com.br\",\"url\":\"https:\/\/revistaautobus.com.br\/?author=2\"}]}<\/script>\n<!-- \/ Yoast SEO plugin. -->","yoast_head_json":{"title":"Neg\u00f3cios internacionais movimentam o setor de \u00f4nibus - Revista AutoBus","robots":{"index":"index","follow":"follow","max-snippet":"max-snippet:-1","max-image-preview":"max-image-preview:large","max-video-preview":"max-video-preview:-1"},"canonical":"https:\/\/revistaautobus.com.br\/?p=1490","og_locale":"pt_BR","og_type":"article","og_title":"Neg\u00f3cios internacionais movimentam o setor de \u00f4nibus - Revista AutoBus","og_description":"Tr\u00eas grandes fabricantes mundiais de \u00f4nibus anunciaram recentemente a incessante busca por novos neg\u00f3cios com o intuito de renovar as frotas do modal em v\u00e1rias localidades","og_url":"https:\/\/revistaautobus.com.br\/?p=1490","og_site_name":"Revista AutoBus","article_publisher":"https:\/\/www.facebook.com\/antonio.ferro.3150","article_published_time":"2019-03-26T10:26:00+00:00","article_modified_time":"2021-06-23T15:09:06+00:00","og_image":[{"width":1200,"height":628,"url":"https:\/\/revistaautobus.com.br\/wp-content\/uploads\/2021\/06\/negocios-internacionais-movimentam-o-setor-de-onibus-1553606993.jpg","type":"image\/jpeg"}],"author":"Antonio Ferro","twitter_card":"summary_large_image","twitter_misc":{"Escrito por":"Antonio Ferro","Est. tempo de leitura":"5 minutos"},"schema":{"@context":"https:\/\/schema.org","@graph":[{"@type":"Article","@id":"https:\/\/revistaautobus.com.br\/?p=1490#article","isPartOf":{"@id":"https:\/\/revistaautobus.com.br\/?p=1490"},"author":{"name":"Antonio Ferro","@id":"https:\/\/revistaautobus.com.br\/#\/schema\/person\/54af7c3eb83a310e42ef686ef6d16f50"},"headline":"Neg\u00f3cios internacionais movimentam o setor de \u00f4nibus","datePublished":"2019-03-26T10:26:00+00:00","dateModified":"2021-06-23T15:09:06+00:00","mainEntityOfPage":{"@id":"https:\/\/revistaautobus.com.br\/?p=1490"},"wordCount":943,"commentCount":0,"publisher":{"@id":"https:\/\/revistaautobus.com.br\/#organization"},"image":{"@id":"https:\/\/revistaautobus.com.br\/?p=1490#primaryimage"},"thumbnailUrl":"https:\/\/revistaautobus.com.br\/wp-content\/uploads\/2021\/06\/negocios-internacionais-movimentam-o-setor-de-onibus-1553606993.jpg","articleSection":["Not\u00edcias"],"inLanguage":"pt-BR","potentialAction":[{"@type":"CommentAction","name":"Comment","target":["https:\/\/revistaautobus.com.br\/?p=1490#respond"]}]},{"@type":"WebPage","@id":"https:\/\/revistaautobus.com.br\/?p=1490","url":"https:\/\/revistaautobus.com.br\/?p=1490","name":"Neg\u00f3cios internacionais movimentam o setor de \u00f4nibus - Revista AutoBus","isPartOf":{"@id":"https:\/\/revistaautobus.com.br\/#website"},"primaryImageOfPage":{"@id":"https:\/\/revistaautobus.com.br\/?p=1490#primaryimage"},"image":{"@id":"https:\/\/revistaautobus.com.br\/?p=1490#primaryimage"},"thumbnailUrl":"https:\/\/revistaautobus.com.br\/wp-content\/uploads\/2021\/06\/negocios-internacionais-movimentam-o-setor-de-onibus-1553606993.jpg","datePublished":"2019-03-26T10:26:00+00:00","dateModified":"2021-06-23T15:09:06+00:00","breadcrumb":{"@id":"https:\/\/revistaautobus.com.br\/?p=1490#breadcrumb"},"inLanguage":"pt-BR","potentialAction":[{"@type":"ReadAction","target":["https:\/\/revistaautobus.com.br\/?p=1490"]}]},{"@type":"ImageObject","inLanguage":"pt-BR","@id":"https:\/\/revistaautobus.com.br\/?p=1490#primaryimage","url":"https:\/\/revistaautobus.com.br\/wp-content\/uploads\/2021\/06\/negocios-internacionais-movimentam-o-setor-de-onibus-1553606993.jpg","contentUrl":"https:\/\/revistaautobus.com.br\/wp-content\/uploads\/2021\/06\/negocios-internacionais-movimentam-o-setor-de-onibus-1553606993.jpg","width":1200,"height":628},{"@type":"BreadcrumbList","@id":"https:\/\/revistaautobus.com.br\/?p=1490#breadcrumb","itemListElement":[{"@type":"ListItem","position":1,"name":"In\u00edcio","item":"https:\/\/revistaautobus.com.br\/"},{"@type":"ListItem","position":2,"name":"Neg\u00f3cios internacionais movimentam o setor de \u00f4nibus"}]},{"@type":"WebSite","@id":"https:\/\/revistaautobus.com.br\/#website","url":"https:\/\/revistaautobus.com.br\/","name":"Revista AutoBus","description":"","publisher":{"@id":"https:\/\/revistaautobus.com.br\/#organization"},"potentialAction":[{"@type":"SearchAction","target":{"@type":"EntryPoint","urlTemplate":"https:\/\/revistaautobus.com.br\/?s={search_term_string}"},"query-input":{"@type":"PropertyValueSpecification","valueRequired":true,"valueName":"search_term_string"}}],"inLanguage":"pt-BR"},{"@type":"Organization","@id":"https:\/\/revistaautobus.com.br\/#organization","name":"Revista AutoBus","url":"https:\/\/revistaautobus.com.br\/","logo":{"@type":"ImageObject","inLanguage":"pt-BR","@id":"https:\/\/revistaautobus.com.br\/#\/schema\/logo\/image\/","url":"https:\/\/revistaautobus.com.br\/wp-content\/uploads\/2024\/11\/logo_revista_autobus_fb.png","contentUrl":"https:\/\/revistaautobus.com.br\/wp-content\/uploads\/2024\/11\/logo_revista_autobus_fb.png","width":836,"height":227,"caption":"Revista AutoBus"},"image":{"@id":"https:\/\/revistaautobus.com.br\/#\/schema\/logo\/image\/"},"sameAs":["https:\/\/www.facebook.com\/antonio.ferro.3150","https:\/\/www.instagram.com\/revistaautobus\/"]},{"@type":"Person","@id":"https:\/\/revistaautobus.com.br\/#\/schema\/person\/54af7c3eb83a310e42ef686ef6d16f50","name":"Antonio Ferro","image":{"@type":"ImageObject","inLanguage":"pt-BR","@id":"https:\/\/revistaautobus.com.br\/wp-content\/uploads\/2025\/12\/editor_antonio_ferro-150x150.jpg","url":"https:\/\/revistaautobus.com.br\/wp-content\/uploads\/2025\/12\/editor_antonio_ferro-150x150.jpg","contentUrl":"https:\/\/revistaautobus.com.br\/wp-content\/uploads\/2025\/12\/editor_antonio_ferro-150x150.jpg","caption":"Antonio Ferro"},"description":"infobus@uol.com.br","url":"https:\/\/revistaautobus.com.br\/?author=2"}]}},"jetpack_featured_media_url":"https:\/\/revistaautobus.com.br\/wp-content\/uploads\/2021\/06\/negocios-internacionais-movimentam-o-setor-de-onibus-1553606993.jpg","jetpack_sharing_enabled":true,"_links":{"self":[{"href":"https:\/\/revistaautobus.com.br\/index.php?rest_route=\/wp\/v2\/posts\/1490","targetHints":{"allow":["GET"]}}],"collection":[{"href":"https:\/\/revistaautobus.com.br\/index.php?rest_route=\/wp\/v2\/posts"}],"about":[{"href":"https:\/\/revistaautobus.com.br\/index.php?rest_route=\/wp\/v2\/types\/post"}],"author":[{"embeddable":true,"href":"https:\/\/revistaautobus.com.br\/index.php?rest_route=\/wp\/v2\/users\/2"}],"replies":[{"embeddable":true,"href":"https:\/\/revistaautobus.com.br\/index.php?rest_route=%2Fwp%2Fv2%2Fcomments&post=1490"}],"version-history":[{"count":1,"href":"https:\/\/revistaautobus.com.br\/index.php?rest_route=\/wp\/v2\/posts\/1490\/revisions"}],"predecessor-version":[{"id":1492,"href":"https:\/\/revistaautobus.com.br\/index.php?rest_route=\/wp\/v2\/posts\/1490\/revisions\/1492"}],"wp:featuredmedia":[{"embeddable":true,"href":"https:\/\/revistaautobus.com.br\/index.php?rest_route=\/wp\/v2\/media\/1491"}],"wp:attachment":[{"href":"https:\/\/revistaautobus.com.br\/index.php?rest_route=%2Fwp%2Fv2%2Fmedia&parent=1490"}],"wp:term":[{"taxonomy":"category","embeddable":true,"href":"https:\/\/revistaautobus.com.br\/index.php?rest_route=%2Fwp%2Fv2%2Fcategories&post=1490"},{"taxonomy":"post_tag","embeddable":true,"href":"https:\/\/revistaautobus.com.br\/index.php?rest_route=%2Fwp%2Fv2%2Ftags&post=1490"}],"curies":[{"name":"wp","href":"https:\/\/api.w.org\/{rel}","templated":true}]}}