{"id":1496,"date":"2019-04-01T13:40:00","date_gmt":"2019-04-01T16:40:00","guid":{"rendered":"https:\/\/vila8.com.br\/clientes\/autobus\/?p=1496"},"modified":"2021-06-23T12:11:25","modified_gmt":"2021-06-23T15:11:25","slug":"ntu-e-a-publicacao-sobre-transporte","status":"publish","type":"post","link":"https:\/\/revistaautobus.com.br\/?p=1496","title":{"rendered":"NTU e a publica\u00e7\u00e3o sobre transporte"},"content":{"rendered":"\n<p>A Associa\u00e7\u00e3o Nacional das Empresas de Transportes Urbanos (NTU) participou da elabora\u00e7\u00e3o da publica\u00e7\u00e3o &#8220;Construindo hoje o amanh\u00e3 &#8211; Propostas para o Transporte P\u00fablico e a Mobilidade Urbana Sustent\u00e1vel no Brasil&#8221;. O documento re\u00fane diversas sugest\u00f5es, organizadas em cinco programas considerados essenciais para se construir um transporte p\u00fablico de boa qualidade, com transpar\u00eancia e pre\u00e7os acess\u00edveis aos passageiros. As a\u00e7\u00f5es, diretivas e metas apresentadas servem de refer\u00eancia para governantes, gestores p\u00fablicos e operadores do servi\u00e7o e foram elaboradas como subs\u00eddio para pol\u00edticas p\u00fablicas de mobilidade urbana.<\/p>\n\n\n\n<p>De acordo com a entidade, a primeira proposta \u00e9 o programa emergencial de qualifica\u00e7\u00e3o da infraestrutura para o transporte p\u00fablico urbano por \u00f4nibus, que trata de quest\u00f5es estruturantes urgentes; o programa recomenda a implanta\u00e7\u00e3o de quase 9 mil quil\u00f4metros de faixas e corredores exclusivos para \u00f4nibus nas 111 cidades brasileiras com mais de 250 mil habitantes, permitindo o aumento da velocidade operacional dos \u00f4nibus, diminui\u00e7\u00e3o do tempo de viagem, aumento da pontualidade e redu\u00e7\u00e3o dos custos do transporte, entre outros benef\u00edcios.<\/p>\n\n\n\n<p>O segundo cap\u00edtulo prop\u00f5e um novo modelo de financiamento do custeio do servi\u00e7o, com a cobertura de at\u00e9 50%&nbsp;dos custos do transporte p\u00fablico por fontes extra-tarif\u00e1rias. Isso permitir\u00e1 a redu\u00e7\u00e3o das tarifas e a recupera\u00e7\u00e3o de at\u00e9 20% dos passageiros que trocaram o transporte coletivo por outras alternativas, como o transporte individual, que t\u00eam agravado os congestionamentos e o caos urbano.<\/p>\n\n\n\n<p>No cap\u00edtulo tr\u00eas, o programa de padr\u00f5es de qualidade, que define um conjunto de indicadores e a\u00e7\u00f5es de melhoria do servi\u00e7o, t\u00e3o desejada pelo passageiro. Na sequ\u00eancia, o programa de transporte p\u00fablico como instrumento de sustentabilidade e desenvolvimento social sugere a utiliza\u00e7\u00e3o do tempo das viagens e do espa\u00e7o interno dos coletivos para o desenvolvimento de a\u00e7\u00f5es de cunho social, culturais e educativas com passageiros. Por fim, o&nbsp;cap\u00edtulo cinco traz propostas para um modelo de gest\u00e3o transparente do transporte p\u00fablico, permitindo \u00e0 sociedade livre acesso a informa\u00e7\u00f5es sobre a oferta e demanda do servi\u00e7o, receitas e custos da opera\u00e7\u00e3o, facilitando o di\u00e1logo com a sociedade sobre quest\u00f5es como composi\u00e7\u00e3o da tarifa e facilitando a gest\u00e3o e melhoria do servi\u00e7o.&nbsp; \u201cSomente um trabalho feito pelo conjunto de entidades comprometidas com a mobilidade urbana como um todo e com a melhoria do transporte coletivo no Brasil poder\u00e1, de fato, alcan\u00e7ar resultados efetivos na busca por um transporte p\u00fablico de boa qualidade&#8221;, observou Ot\u00e1vio Cunha, presidente executivo da NTU.<\/p>\n","protected":false},"excerpt":{"rendered":"<p>As a\u00e7\u00f5es, diretivas e metas apresentadas servem de refer\u00eancia para governantes, gestores p\u00fablicos e operadores do servi\u00e7o e foram elaboradas como subs\u00eddio para pol\u00edticas p\u00fablicas de mobilidade urbana<\/p>\n","protected":false},"author":2,"featured_media":1497,"comment_status":"open","ping_status":"open","sticky":false,"template":"","format":"standard","meta":{"_et_pb_use_builder":"off","_et_pb_old_content":"","_et_gb_content_width":"","_jetpack_memberships_contains_paid_content":false,"footnotes":""},"categories":[90],"tags":[],"class_list":["post-1496","post","type-post","status-publish","format-standard","has-post-thumbnail","hentry","category-noticias","et-has-post-format-content","et_post_format-et-post-format-standard"],"yoast_head":"<!-- This site is optimized with the Yoast SEO plugin v27.2 - https:\/\/yoast.com\/product\/yoast-seo-wordpress\/ -->\n<title>NTU e a publica\u00e7\u00e3o sobre transporte - Revista AutoBus<\/title>\n<meta name=\"robots\" content=\"index, follow, max-snippet:-1, max-image-preview:large, max-video-preview:-1\" \/>\n<link rel=\"canonical\" href=\"https:\/\/revistaautobus.com.br\/?p=1496\" \/>\n<meta property=\"og:locale\" content=\"pt_BR\" \/>\n<meta property=\"og:type\" content=\"article\" \/>\n<meta property=\"og:title\" content=\"NTU e a publica\u00e7\u00e3o sobre transporte - Revista AutoBus\" \/>\n<meta property=\"og:description\" content=\"As a\u00e7\u00f5es, diretivas e metas apresentadas servem de refer\u00eancia para governantes, gestores p\u00fablicos e operadores do servi\u00e7o e foram elaboradas como subs\u00eddio para pol\u00edticas p\u00fablicas de mobilidade urbana\" \/>\n<meta property=\"og:url\" content=\"https:\/\/revistaautobus.com.br\/?p=1496\" \/>\n<meta property=\"og:site_name\" content=\"Revista AutoBus\" \/>\n<meta property=\"article:publisher\" content=\"https:\/\/www.facebook.com\/antonio.ferro.3150\" \/>\n<meta property=\"article:published_time\" content=\"2019-04-01T16:40:00+00:00\" \/>\n<meta property=\"article:modified_time\" content=\"2021-06-23T15:11:25+00:00\" \/>\n<meta property=\"og:image\" content=\"https:\/\/revistaautobus.com.br\/wp-content\/uploads\/2021\/06\/ntu-e-a-publicacao-sobre-transporte-1554147684.jpg\" \/>\n\t<meta property=\"og:image:width\" content=\"827\" \/>\n\t<meta property=\"og:image:height\" content=\"1103\" \/>\n\t<meta property=\"og:image:type\" content=\"image\/jpeg\" \/>\n<meta name=\"author\" content=\"Antonio Ferro\" \/>\n<meta name=\"twitter:card\" content=\"summary_large_image\" \/>\n<meta name=\"twitter:label1\" content=\"Escrito por\" \/>\n\t<meta name=\"twitter:data1\" content=\"Antonio Ferro\" \/>\n\t<meta name=\"twitter:label2\" content=\"Est. tempo de leitura\" \/>\n\t<meta name=\"twitter:data2\" content=\"2 minutos\" \/>\n<script type=\"application\/ld+json\" class=\"yoast-schema-graph\">{\"@context\":\"https:\/\/schema.org\",\"@graph\":[{\"@type\":\"Article\",\"@id\":\"https:\/\/revistaautobus.com.br\/?p=1496#article\",\"isPartOf\":{\"@id\":\"https:\/\/revistaautobus.com.br\/?p=1496\"},\"author\":{\"name\":\"Antonio Ferro\",\"@id\":\"https:\/\/revistaautobus.com.br\/#\/schema\/person\/54af7c3eb83a310e42ef686ef6d16f50\"},\"headline\":\"NTU e a publica\u00e7\u00e3o sobre transporte\",\"datePublished\":\"2019-04-01T16:40:00+00:00\",\"dateModified\":\"2021-06-23T15:11:25+00:00\",\"mainEntityOfPage\":{\"@id\":\"https:\/\/revistaautobus.com.br\/?p=1496\"},\"wordCount\":458,\"commentCount\":0,\"publisher\":{\"@id\":\"https:\/\/revistaautobus.com.br\/#organization\"},\"image\":{\"@id\":\"https:\/\/revistaautobus.com.br\/?p=1496#primaryimage\"},\"thumbnailUrl\":\"https:\/\/revistaautobus.com.br\/wp-content\/uploads\/2021\/06\/ntu-e-a-publicacao-sobre-transporte-1554147684.jpg\",\"articleSection\":[\"Not\u00edcias\"],\"inLanguage\":\"pt-BR\",\"potentialAction\":[{\"@type\":\"CommentAction\",\"name\":\"Comment\",\"target\":[\"https:\/\/revistaautobus.com.br\/?p=1496#respond\"]}]},{\"@type\":\"WebPage\",\"@id\":\"https:\/\/revistaautobus.com.br\/?p=1496\",\"url\":\"https:\/\/revistaautobus.com.br\/?p=1496\",\"name\":\"NTU e a publica\u00e7\u00e3o sobre transporte - Revista AutoBus\",\"isPartOf\":{\"@id\":\"https:\/\/revistaautobus.com.br\/#website\"},\"primaryImageOfPage\":{\"@id\":\"https:\/\/revistaautobus.com.br\/?p=1496#primaryimage\"},\"image\":{\"@id\":\"https:\/\/revistaautobus.com.br\/?p=1496#primaryimage\"},\"thumbnailUrl\":\"https:\/\/revistaautobus.com.br\/wp-content\/uploads\/2021\/06\/ntu-e-a-publicacao-sobre-transporte-1554147684.jpg\",\"datePublished\":\"2019-04-01T16:40:00+00:00\",\"dateModified\":\"2021-06-23T15:11:25+00:00\",\"breadcrumb\":{\"@id\":\"https:\/\/revistaautobus.com.br\/?p=1496#breadcrumb\"},\"inLanguage\":\"pt-BR\",\"potentialAction\":[{\"@type\":\"ReadAction\",\"target\":[\"https:\/\/revistaautobus.com.br\/?p=1496\"]}]},{\"@type\":\"ImageObject\",\"inLanguage\":\"pt-BR\",\"@id\":\"https:\/\/revistaautobus.com.br\/?p=1496#primaryimage\",\"url\":\"https:\/\/revistaautobus.com.br\/wp-content\/uploads\/2021\/06\/ntu-e-a-publicacao-sobre-transporte-1554147684.jpg\",\"contentUrl\":\"https:\/\/revistaautobus.com.br\/wp-content\/uploads\/2021\/06\/ntu-e-a-publicacao-sobre-transporte-1554147684.jpg\",\"width\":827,\"height\":1103},{\"@type\":\"BreadcrumbList\",\"@id\":\"https:\/\/revistaautobus.com.br\/?p=1496#breadcrumb\",\"itemListElement\":[{\"@type\":\"ListItem\",\"position\":1,\"name\":\"In\u00edcio\",\"item\":\"https:\/\/revistaautobus.com.br\/\"},{\"@type\":\"ListItem\",\"position\":2,\"name\":\"NTU e a publica\u00e7\u00e3o sobre transporte\"}]},{\"@type\":\"WebSite\",\"@id\":\"https:\/\/revistaautobus.com.br\/#website\",\"url\":\"https:\/\/revistaautobus.com.br\/\",\"name\":\"Revista AutoBus\",\"description\":\"\",\"publisher\":{\"@id\":\"https:\/\/revistaautobus.com.br\/#organization\"},\"potentialAction\":[{\"@type\":\"SearchAction\",\"target\":{\"@type\":\"EntryPoint\",\"urlTemplate\":\"https:\/\/revistaautobus.com.br\/?s={search_term_string}\"},\"query-input\":{\"@type\":\"PropertyValueSpecification\",\"valueRequired\":true,\"valueName\":\"search_term_string\"}}],\"inLanguage\":\"pt-BR\"},{\"@type\":\"Organization\",\"@id\":\"https:\/\/revistaautobus.com.br\/#organization\",\"name\":\"Revista AutoBus\",\"url\":\"https:\/\/revistaautobus.com.br\/\",\"logo\":{\"@type\":\"ImageObject\",\"inLanguage\":\"pt-BR\",\"@id\":\"https:\/\/revistaautobus.com.br\/#\/schema\/logo\/image\/\",\"url\":\"https:\/\/revistaautobus.com.br\/wp-content\/uploads\/2024\/11\/logo_revista_autobus_fb.png\",\"contentUrl\":\"https:\/\/revistaautobus.com.br\/wp-content\/uploads\/2024\/11\/logo_revista_autobus_fb.png\",\"width\":836,\"height\":227,\"caption\":\"Revista AutoBus\"},\"image\":{\"@id\":\"https:\/\/revistaautobus.com.br\/#\/schema\/logo\/image\/\"},\"sameAs\":[\"https:\/\/www.facebook.com\/antonio.ferro.3150\",\"https:\/\/www.instagram.com\/revistaautobus\/\"]},{\"@type\":\"Person\",\"@id\":\"https:\/\/revistaautobus.com.br\/#\/schema\/person\/54af7c3eb83a310e42ef686ef6d16f50\",\"name\":\"Antonio Ferro\",\"image\":{\"@type\":\"ImageObject\",\"inLanguage\":\"pt-BR\",\"@id\":\"https:\/\/revistaautobus.com.br\/wp-content\/uploads\/2025\/12\/editor_antonio_ferro-150x150.jpg\",\"url\":\"https:\/\/revistaautobus.com.br\/wp-content\/uploads\/2025\/12\/editor_antonio_ferro-150x150.jpg\",\"contentUrl\":\"https:\/\/revistaautobus.com.br\/wp-content\/uploads\/2025\/12\/editor_antonio_ferro-150x150.jpg\",\"caption\":\"Antonio Ferro\"},\"description\":\"infobus@uol.com.br\",\"url\":\"https:\/\/revistaautobus.com.br\/?author=2\"}]}<\/script>\n<!-- \/ Yoast SEO plugin. -->","yoast_head_json":{"title":"NTU e a publica\u00e7\u00e3o sobre transporte - Revista AutoBus","robots":{"index":"index","follow":"follow","max-snippet":"max-snippet:-1","max-image-preview":"max-image-preview:large","max-video-preview":"max-video-preview:-1"},"canonical":"https:\/\/revistaautobus.com.br\/?p=1496","og_locale":"pt_BR","og_type":"article","og_title":"NTU e a publica\u00e7\u00e3o sobre transporte - Revista AutoBus","og_description":"As a\u00e7\u00f5es, diretivas e metas apresentadas servem de refer\u00eancia para governantes, gestores p\u00fablicos e operadores do servi\u00e7o e foram elaboradas como subs\u00eddio para pol\u00edticas p\u00fablicas de mobilidade urbana","og_url":"https:\/\/revistaautobus.com.br\/?p=1496","og_site_name":"Revista AutoBus","article_publisher":"https:\/\/www.facebook.com\/antonio.ferro.3150","article_published_time":"2019-04-01T16:40:00+00:00","article_modified_time":"2021-06-23T15:11:25+00:00","og_image":[{"width":827,"height":1103,"url":"https:\/\/revistaautobus.com.br\/wp-content\/uploads\/2021\/06\/ntu-e-a-publicacao-sobre-transporte-1554147684.jpg","type":"image\/jpeg"}],"author":"Antonio Ferro","twitter_card":"summary_large_image","twitter_misc":{"Escrito por":"Antonio Ferro","Est. tempo de leitura":"2 minutos"},"schema":{"@context":"https:\/\/schema.org","@graph":[{"@type":"Article","@id":"https:\/\/revistaautobus.com.br\/?p=1496#article","isPartOf":{"@id":"https:\/\/revistaautobus.com.br\/?p=1496"},"author":{"name":"Antonio Ferro","@id":"https:\/\/revistaautobus.com.br\/#\/schema\/person\/54af7c3eb83a310e42ef686ef6d16f50"},"headline":"NTU e a publica\u00e7\u00e3o sobre transporte","datePublished":"2019-04-01T16:40:00+00:00","dateModified":"2021-06-23T15:11:25+00:00","mainEntityOfPage":{"@id":"https:\/\/revistaautobus.com.br\/?p=1496"},"wordCount":458,"commentCount":0,"publisher":{"@id":"https:\/\/revistaautobus.com.br\/#organization"},"image":{"@id":"https:\/\/revistaautobus.com.br\/?p=1496#primaryimage"},"thumbnailUrl":"https:\/\/revistaautobus.com.br\/wp-content\/uploads\/2021\/06\/ntu-e-a-publicacao-sobre-transporte-1554147684.jpg","articleSection":["Not\u00edcias"],"inLanguage":"pt-BR","potentialAction":[{"@type":"CommentAction","name":"Comment","target":["https:\/\/revistaautobus.com.br\/?p=1496#respond"]}]},{"@type":"WebPage","@id":"https:\/\/revistaautobus.com.br\/?p=1496","url":"https:\/\/revistaautobus.com.br\/?p=1496","name":"NTU e a publica\u00e7\u00e3o sobre transporte - Revista AutoBus","isPartOf":{"@id":"https:\/\/revistaautobus.com.br\/#website"},"primaryImageOfPage":{"@id":"https:\/\/revistaautobus.com.br\/?p=1496#primaryimage"},"image":{"@id":"https:\/\/revistaautobus.com.br\/?p=1496#primaryimage"},"thumbnailUrl":"https:\/\/revistaautobus.com.br\/wp-content\/uploads\/2021\/06\/ntu-e-a-publicacao-sobre-transporte-1554147684.jpg","datePublished":"2019-04-01T16:40:00+00:00","dateModified":"2021-06-23T15:11:25+00:00","breadcrumb":{"@id":"https:\/\/revistaautobus.com.br\/?p=1496#breadcrumb"},"inLanguage":"pt-BR","potentialAction":[{"@type":"ReadAction","target":["https:\/\/revistaautobus.com.br\/?p=1496"]}]},{"@type":"ImageObject","inLanguage":"pt-BR","@id":"https:\/\/revistaautobus.com.br\/?p=1496#primaryimage","url":"https:\/\/revistaautobus.com.br\/wp-content\/uploads\/2021\/06\/ntu-e-a-publicacao-sobre-transporte-1554147684.jpg","contentUrl":"https:\/\/revistaautobus.com.br\/wp-content\/uploads\/2021\/06\/ntu-e-a-publicacao-sobre-transporte-1554147684.jpg","width":827,"height":1103},{"@type":"BreadcrumbList","@id":"https:\/\/revistaautobus.com.br\/?p=1496#breadcrumb","itemListElement":[{"@type":"ListItem","position":1,"name":"In\u00edcio","item":"https:\/\/revistaautobus.com.br\/"},{"@type":"ListItem","position":2,"name":"NTU e a publica\u00e7\u00e3o sobre transporte"}]},{"@type":"WebSite","@id":"https:\/\/revistaautobus.com.br\/#website","url":"https:\/\/revistaautobus.com.br\/","name":"Revista AutoBus","description":"","publisher":{"@id":"https:\/\/revistaautobus.com.br\/#organization"},"potentialAction":[{"@type":"SearchAction","target":{"@type":"EntryPoint","urlTemplate":"https:\/\/revistaautobus.com.br\/?s={search_term_string}"},"query-input":{"@type":"PropertyValueSpecification","valueRequired":true,"valueName":"search_term_string"}}],"inLanguage":"pt-BR"},{"@type":"Organization","@id":"https:\/\/revistaautobus.com.br\/#organization","name":"Revista AutoBus","url":"https:\/\/revistaautobus.com.br\/","logo":{"@type":"ImageObject","inLanguage":"pt-BR","@id":"https:\/\/revistaautobus.com.br\/#\/schema\/logo\/image\/","url":"https:\/\/revistaautobus.com.br\/wp-content\/uploads\/2024\/11\/logo_revista_autobus_fb.png","contentUrl":"https:\/\/revistaautobus.com.br\/wp-content\/uploads\/2024\/11\/logo_revista_autobus_fb.png","width":836,"height":227,"caption":"Revista AutoBus"},"image":{"@id":"https:\/\/revistaautobus.com.br\/#\/schema\/logo\/image\/"},"sameAs":["https:\/\/www.facebook.com\/antonio.ferro.3150","https:\/\/www.instagram.com\/revistaautobus\/"]},{"@type":"Person","@id":"https:\/\/revistaautobus.com.br\/#\/schema\/person\/54af7c3eb83a310e42ef686ef6d16f50","name":"Antonio Ferro","image":{"@type":"ImageObject","inLanguage":"pt-BR","@id":"https:\/\/revistaautobus.com.br\/wp-content\/uploads\/2025\/12\/editor_antonio_ferro-150x150.jpg","url":"https:\/\/revistaautobus.com.br\/wp-content\/uploads\/2025\/12\/editor_antonio_ferro-150x150.jpg","contentUrl":"https:\/\/revistaautobus.com.br\/wp-content\/uploads\/2025\/12\/editor_antonio_ferro-150x150.jpg","caption":"Antonio Ferro"},"description":"infobus@uol.com.br","url":"https:\/\/revistaautobus.com.br\/?author=2"}]}},"jetpack_featured_media_url":"https:\/\/revistaautobus.com.br\/wp-content\/uploads\/2021\/06\/ntu-e-a-publicacao-sobre-transporte-1554147684.jpg","jetpack_sharing_enabled":true,"_links":{"self":[{"href":"https:\/\/revistaautobus.com.br\/index.php?rest_route=\/wp\/v2\/posts\/1496","targetHints":{"allow":["GET"]}}],"collection":[{"href":"https:\/\/revistaautobus.com.br\/index.php?rest_route=\/wp\/v2\/posts"}],"about":[{"href":"https:\/\/revistaautobus.com.br\/index.php?rest_route=\/wp\/v2\/types\/post"}],"author":[{"embeddable":true,"href":"https:\/\/revistaautobus.com.br\/index.php?rest_route=\/wp\/v2\/users\/2"}],"replies":[{"embeddable":true,"href":"https:\/\/revistaautobus.com.br\/index.php?rest_route=%2Fwp%2Fv2%2Fcomments&post=1496"}],"version-history":[{"count":1,"href":"https:\/\/revistaautobus.com.br\/index.php?rest_route=\/wp\/v2\/posts\/1496\/revisions"}],"predecessor-version":[{"id":1498,"href":"https:\/\/revistaautobus.com.br\/index.php?rest_route=\/wp\/v2\/posts\/1496\/revisions\/1498"}],"wp:featuredmedia":[{"embeddable":true,"href":"https:\/\/revistaautobus.com.br\/index.php?rest_route=\/wp\/v2\/media\/1497"}],"wp:attachment":[{"href":"https:\/\/revistaautobus.com.br\/index.php?rest_route=%2Fwp%2Fv2%2Fmedia&parent=1496"}],"wp:term":[{"taxonomy":"category","embeddable":true,"href":"https:\/\/revistaautobus.com.br\/index.php?rest_route=%2Fwp%2Fv2%2Fcategories&post=1496"},{"taxonomy":"post_tag","embeddable":true,"href":"https:\/\/revistaautobus.com.br\/index.php?rest_route=%2Fwp%2Fv2%2Ftags&post=1496"}],"curies":[{"name":"wp","href":"https:\/\/api.w.org\/{rel}","templated":true}]}}