{"id":15180,"date":"2025-04-21T16:44:27","date_gmt":"2025-04-21T19:44:27","guid":{"rendered":"https:\/\/revistaautobus.com.br\/?p=15180"},"modified":"2025-04-21T16:44:27","modified_gmt":"2025-04-21T19:44:27","slug":"mercedes-benz-premia-concessionarios-por-acoes-socioambientais-e-foco-na-satisfacao-do-cliente","status":"publish","type":"post","link":"https:\/\/revistaautobus.com.br\/?p=15180","title":{"rendered":"Mercedes-Benz premia concession\u00e1rios por a\u00e7\u00f5es socioambientais e foco na satisfa\u00e7\u00e3o do cliente"},"content":{"rendered":"<p><span style=\"color: #993366;\"><em><strong>Espa\u00e7o Mercedes-Benz<\/strong><\/em><\/span><\/p>\n<p>A Mercedes-Benz do Brasil anunciou premia\u00e7\u00f5es de reconhecimento aos seus concession\u00e1rios pelo compromisso com a sustentabilidade e com a satisfa\u00e7\u00e3o dos clientes. Em evento realizado no Espa\u00e7o Mercedes, na f\u00e1brica de S\u00e3o Bernardo do Campo (SP), foram revelados os destaques do Pr\u00eamio de Responsabilidade Socioambiental, Pr\u00eamio Cliente Satisfeito e Programa de Certifica\u00e7\u00e3o <em>StarClass<\/em>.<\/p>\n<p>Concession\u00e1rios da marca e, tamb\u00e9m, os fornecedores da Mercedes-Benz do Brasil constituem os p\u00fablicos-alvo do Pr\u00eamio de Responsabilidade Socioambiental, que visa reconhecer as melhores pr\u00e1ticas que beneficiam o meio ambiente e a sociedade.<\/p>\n<p>\u201cPor meio dessa a\u00e7\u00e3o, a Empresa busca estimular, divulgar e homenagear o desenvolvimento sustent\u00e1vel implantado na Rede de Concession\u00e1rios e nos fornecedores, reconhecendo os que adotam pr\u00e1ticas ambientalmente corretas e socialmente justas, a fim de promover a cultura de compromisso com a sustentabilidade\u201d, ressalta Jefferson Ferrarez, vice-presidente de Vendas, Marketing e Pe\u00e7as &amp; Servi\u00e7os Caminh\u00f5es da Mercedes-Benz do Brasil.<\/p>\n<p>O Pr\u00eamio Mercedes-Benz de Responsabilidade Socioambiental \u00e9 uma iniciativa que segue os princ\u00edpios de sustentabilidade, impulsionando a\u00e7\u00f5es junto aos parceiros de neg\u00f3cios e a toda cadeia produtiva alinhadas aos Objetivos de Desenvolvimento Sustent\u00e1vel (ODS) da ONU, um apelo global \u00e0 a\u00e7\u00e3o para diminuir a pobreza, proteger o meio ambiente e o clima e garantir que as pessoas, em todos os lugares, possam desfrutar de paz e prosperidade.<\/p>\n<p>Com o prop\u00f3sito de estabelecer par\u00e2metros de qualidade visando alcan\u00e7ar a excel\u00eancia no atendimento e na presta\u00e7\u00e3o de servi\u00e7os e solu\u00e7\u00f5es para os clientes, a Mercedes-Benz realiza, anualmente, o Programa de Certifica\u00e7\u00e3o <em>StarClass<\/em>, avaliando os concession\u00e1rios de todo o Pa\u00eds.<\/p>\n<p>O programa referente a 2024 certificou 105 concession\u00e1rios em caminh\u00f5es e 96 em \u00f4nibus, conferindo os trof\u00e9us Ouro, Prata e Bronze de acordo com o desempenho do concession\u00e1rio em cada segmento de neg\u00f3cio, al\u00e9m de entregar o trof\u00e9u Safira para os destaques regionais.<\/p>\n<p>A Savana de Ponta Grossa (PR) foi o grande vencedor geral do ano, conquistando o Pr\u00eamio Diamante pela segunda vez nos \u00faltimos cinco anos. Para conquistar o Diamante, o concession\u00e1rio deve receber certifica\u00e7\u00e3o Ouro em todos os segmentos em que atua, maior pontua\u00e7\u00e3o no ranking de indicadores de Vendas e de Pe\u00e7as &amp; Servi\u00e7os, al\u00e9m de ter inscrito projetos nos Pr\u00eamios de Responsabilidade Socioambiental e Cliente Satisfeito. Com isso, o Grupo Savana acumula quatro certifica\u00e7\u00f5es Diamante, nos \u00faltimos cinco anos, as outras duas foram conquistadas pela Savana Joinville (SC).<\/p>\n<p>\u201cAs 96 certifica\u00e7\u00f5es de concession\u00e1rios em \u00f4nibus reafirmam a for\u00e7a e a abrang\u00eancia da nossa Rede no segmento. Isso consolida o atendimento especializado aos clientes como um diferencial de mercado da marca, com destaque especial \u00e0 Rede Center Bus, que vai al\u00e9m, contando com uma equipe dedicada aos frotistas do transporte de passageiros\u201d, afirma Walter Barbosa, vice-presidente de Vendas, Marketing e Pe\u00e7as &amp; Servi\u00e7os \u00d4nibus da Mercedes-Benz do Brasil.<\/p>\n<p>\u201cNossa Rede alcan\u00e7ou um resultado importante no \u00faltimo ano, mostrando sua evolu\u00e7\u00e3o no <em>StarClass.<\/em> Todos os indicadores do programa melhoraram em rela\u00e7\u00e3o a 2023 e o crescimento da pontua\u00e7\u00e3o no modelo de gest\u00e3o de processos tamb\u00e9m merece destaque\u201d, ressalta Sandro Onofre, gerente s\u00eanior de Desenvolvimento da Rede de Concession\u00e1rios Caminh\u00f5es e \u00d4nibus &amp; Treinamentos da Mercedes-Benz do Brasil.<\/p>\n<p><em>Vencedores do 14\u00ba Pr\u00eamio de Responsabilidade Socioambiental<\/em><\/p>\n<p>De Nigris S\u00e3o Paulo \u2013 \u201cEco Tag De Nigris\u201d: Chaveiros ecol\u00f3gicos, feitos de material biodegrad\u00e1vel e com sementes embutidas, s\u00e3o entregues aos clientes que adquirem ve\u00edculos ou realizam servi\u00e7os.<\/p>\n<p>Guanabara Diesel \u2013 \u201cJovens do Futuro\u201d: O concession\u00e1rio selecionou 13 jovens em situa\u00e7\u00e3o de vulnerabilidade para oferecer treinamentos t\u00e9cnicos e te\u00f3ricos, a fim de inseri-los no mercado de trabalho.<\/p>\n<p>STA Caminh\u00f5es \u2013 \u201cDescarte Premiado\u201d (bicampe\u00e3o): O projeto incentiva o descarte correto de \u00f3leo queimado. Associado a um programa de fidelidade para quem compra \u00f3leo no balc\u00e3o de pe\u00e7as, a campanha oferece incentivo financeiro e garante o descarte correto do \u00f3leo.<\/p>\n<p><em>Ganhadores do 12\u00ba Pr\u00eamio Cliente Satisfeito<\/em><\/p>\n<p>Em sua 12\u00aa edi\u00e7\u00e3o, o Pr\u00eamio Cliente Satisfeito busca reconhecer iniciativas dos Concession\u00e1rios voltadas \u00e0 entrega de solu\u00e7\u00f5es no atendimento e no relacionamento com os clientes.<\/p>\n<p>\u201cParab\u00e9ns aos concession\u00e1rios que se destacaram ao longo de 2024. Isso demonstra envolvimento e comprometimento com a qualidade e excel\u00eancia frente \u00e0s demandas do dia a dia. \u201cAssim como fazemos na f\u00e1brica, nossa Rede trabalha tendo o cliente na ordem do dia, focando sempre a sua satisfa\u00e7\u00e3o e fideliza\u00e7\u00e3o\u201d, afirma Jefferson Ferrarez.<\/p>\n<p>Rodobens Imperatriz \u2013 \u201cEntrega Benz\u201d: Um QR code aplicado na interface do caminh\u00e3o facilita o acesso do motorista e do cliente \u00e0s informa\u00e7\u00f5es do ve\u00edculo e revis\u00e3o, entre outras fun\u00e7\u00f5es.<\/p>\n<p>Rodobens Marab\u00e1 \u2013 \u201cStatus Manuten\u00e7\u00e3o\u201d: Em uma plataforma <em>on- line<\/em>, o cliente pode acompanhar a manuten\u00e7\u00e3o do ve\u00edculo na oficina, desde a entrada at\u00e9 a conclus\u00e3o dos servi\u00e7os.<\/p>\n<p>Sperandio Chapec\u00f3 \u2013 \u201cSolu\u00e7\u00e3o Completa Sperandio\u201d: O projeto, realizado em parceria com a Fabet, atrela a venda de ve\u00edculos \u00e0 indica\u00e7\u00e3o e capacita\u00e7\u00e3o de motoristas.<\/p>\n<p>Imagem &#8211; Divulga\u00e7\u00e3o<\/p>\n","protected":false},"excerpt":{"rendered":"<p>O Pr\u00eamio Mercedes-Benz de Responsabilidade Socioambiental \u00e9 uma iniciativa que segue os princ\u00edpios de sustentabilidade, impulsionando a\u00e7\u00f5es junto aos parceiros de neg\u00f3cios e a toda cadeia produtiva alinhadas aos Objetivos de Desenvolvimento Sustent\u00e1vel<\/p>\n","protected":false},"author":2,"featured_media":15181,"comment_status":"open","ping_status":"open","sticky":false,"template":"","format":"standard","meta":{"_et_pb_use_builder":"","_et_pb_old_content":"","_et_gb_content_width":"","_jetpack_memberships_contains_paid_content":false,"footnotes":""},"categories":[10,90],"tags":[17],"class_list":["post-15180","post","type-post","status-publish","format-standard","has-post-thumbnail","hentry","category-montadoras","category-noticias","tag-mercedes-benz","et-has-post-format-content","et_post_format-et-post-format-standard"],"yoast_head":"<!-- This site is optimized with the Yoast SEO plugin v27.2 - https:\/\/yoast.com\/product\/yoast-seo-wordpress\/ -->\n<title>Mercedes-Benz premia concession\u00e1rios por a\u00e7\u00f5es socioambientais e foco na satisfa\u00e7\u00e3o do cliente - Revista AutoBus<\/title>\n<meta name=\"robots\" content=\"index, follow, max-snippet:-1, max-image-preview:large, max-video-preview:-1\" \/>\n<link rel=\"canonical\" href=\"https:\/\/revistaautobus.com.br\/?p=15180\" \/>\n<meta property=\"og:locale\" content=\"pt_BR\" \/>\n<meta property=\"og:type\" content=\"article\" \/>\n<meta property=\"og:title\" content=\"Mercedes-Benz premia concession\u00e1rios por a\u00e7\u00f5es socioambientais e foco na satisfa\u00e7\u00e3o do cliente - Revista AutoBus\" \/>\n<meta property=\"og:description\" content=\"O Pr\u00eamio Mercedes-Benz de Responsabilidade Socioambiental \u00e9 uma iniciativa que segue os princ\u00edpios de sustentabilidade, impulsionando a\u00e7\u00f5es junto aos parceiros de neg\u00f3cios e a toda cadeia produtiva alinhadas aos Objetivos de Desenvolvimento Sustent\u00e1vel\" \/>\n<meta property=\"og:url\" content=\"https:\/\/revistaautobus.com.br\/?p=15180\" \/>\n<meta property=\"og:site_name\" content=\"Revista AutoBus\" \/>\n<meta property=\"article:publisher\" content=\"https:\/\/www.facebook.com\/antonio.ferro.3150\" \/>\n<meta property=\"article:published_time\" content=\"2025-04-21T19:44:27+00:00\" \/>\n<meta property=\"og:image\" content=\"https:\/\/revistaautobus.com.br\/wp-content\/uploads\/2025\/04\/20250410_9ded93a8d61f4a749e5fd8722af04b04_foto-capa.png\" \/>\n\t<meta property=\"og:image:width\" content=\"1000\" \/>\n\t<meta property=\"og:image:height\" content=\"666\" \/>\n\t<meta property=\"og:image:type\" content=\"image\/png\" \/>\n<meta name=\"author\" content=\"Antonio Ferro\" \/>\n<meta name=\"twitter:card\" content=\"summary_large_image\" \/>\n<meta name=\"twitter:label1\" content=\"Escrito por\" \/>\n\t<meta name=\"twitter:data1\" content=\"Antonio Ferro\" \/>\n\t<meta name=\"twitter:label2\" content=\"Est. tempo de leitura\" \/>\n\t<meta name=\"twitter:data2\" content=\"5 minutos\" \/>\n<script type=\"application\/ld+json\" class=\"yoast-schema-graph\">{\"@context\":\"https:\/\/schema.org\",\"@graph\":[{\"@type\":\"Article\",\"@id\":\"https:\/\/revistaautobus.com.br\/?p=15180#article\",\"isPartOf\":{\"@id\":\"https:\/\/revistaautobus.com.br\/?p=15180\"},\"author\":{\"name\":\"Antonio Ferro\",\"@id\":\"https:\/\/revistaautobus.com.br\/#\/schema\/person\/54af7c3eb83a310e42ef686ef6d16f50\"},\"headline\":\"Mercedes-Benz premia concession\u00e1rios por a\u00e7\u00f5es socioambientais e foco na satisfa\u00e7\u00e3o do cliente\",\"datePublished\":\"2025-04-21T19:44:27+00:00\",\"mainEntityOfPage\":{\"@id\":\"https:\/\/revistaautobus.com.br\/?p=15180\"},\"wordCount\":894,\"commentCount\":0,\"publisher\":{\"@id\":\"https:\/\/revistaautobus.com.br\/#organization\"},\"image\":{\"@id\":\"https:\/\/revistaautobus.com.br\/?p=15180#primaryimage\"},\"thumbnailUrl\":\"https:\/\/revistaautobus.com.br\/wp-content\/uploads\/2025\/04\/20250410_9ded93a8d61f4a749e5fd8722af04b04_foto-capa.png\",\"keywords\":[\"mercedes-benz\"],\"articleSection\":[\"Montadoras\",\"Not\u00edcias\"],\"inLanguage\":\"pt-BR\",\"potentialAction\":[{\"@type\":\"CommentAction\",\"name\":\"Comment\",\"target\":[\"https:\/\/revistaautobus.com.br\/?p=15180#respond\"]}]},{\"@type\":\"WebPage\",\"@id\":\"https:\/\/revistaautobus.com.br\/?p=15180\",\"url\":\"https:\/\/revistaautobus.com.br\/?p=15180\",\"name\":\"Mercedes-Benz premia concession\u00e1rios por a\u00e7\u00f5es socioambientais e foco na satisfa\u00e7\u00e3o do cliente - Revista AutoBus\",\"isPartOf\":{\"@id\":\"https:\/\/revistaautobus.com.br\/#website\"},\"primaryImageOfPage\":{\"@id\":\"https:\/\/revistaautobus.com.br\/?p=15180#primaryimage\"},\"image\":{\"@id\":\"https:\/\/revistaautobus.com.br\/?p=15180#primaryimage\"},\"thumbnailUrl\":\"https:\/\/revistaautobus.com.br\/wp-content\/uploads\/2025\/04\/20250410_9ded93a8d61f4a749e5fd8722af04b04_foto-capa.png\",\"datePublished\":\"2025-04-21T19:44:27+00:00\",\"breadcrumb\":{\"@id\":\"https:\/\/revistaautobus.com.br\/?p=15180#breadcrumb\"},\"inLanguage\":\"pt-BR\",\"potentialAction\":[{\"@type\":\"ReadAction\",\"target\":[\"https:\/\/revistaautobus.com.br\/?p=15180\"]}]},{\"@type\":\"ImageObject\",\"inLanguage\":\"pt-BR\",\"@id\":\"https:\/\/revistaautobus.com.br\/?p=15180#primaryimage\",\"url\":\"https:\/\/revistaautobus.com.br\/wp-content\/uploads\/2025\/04\/20250410_9ded93a8d61f4a749e5fd8722af04b04_foto-capa.png\",\"contentUrl\":\"https:\/\/revistaautobus.com.br\/wp-content\/uploads\/2025\/04\/20250410_9ded93a8d61f4a749e5fd8722af04b04_foto-capa.png\",\"width\":1000,\"height\":666},{\"@type\":\"BreadcrumbList\",\"@id\":\"https:\/\/revistaautobus.com.br\/?p=15180#breadcrumb\",\"itemListElement\":[{\"@type\":\"ListItem\",\"position\":1,\"name\":\"In\u00edcio\",\"item\":\"https:\/\/revistaautobus.com.br\/\"},{\"@type\":\"ListItem\",\"position\":2,\"name\":\"Mercedes-Benz premia concession\u00e1rios por a\u00e7\u00f5es socioambientais e foco na satisfa\u00e7\u00e3o do cliente\"}]},{\"@type\":\"WebSite\",\"@id\":\"https:\/\/revistaautobus.com.br\/#website\",\"url\":\"https:\/\/revistaautobus.com.br\/\",\"name\":\"Revista AutoBus\",\"description\":\"\",\"publisher\":{\"@id\":\"https:\/\/revistaautobus.com.br\/#organization\"},\"potentialAction\":[{\"@type\":\"SearchAction\",\"target\":{\"@type\":\"EntryPoint\",\"urlTemplate\":\"https:\/\/revistaautobus.com.br\/?s={search_term_string}\"},\"query-input\":{\"@type\":\"PropertyValueSpecification\",\"valueRequired\":true,\"valueName\":\"search_term_string\"}}],\"inLanguage\":\"pt-BR\"},{\"@type\":\"Organization\",\"@id\":\"https:\/\/revistaautobus.com.br\/#organization\",\"name\":\"Revista AutoBus\",\"url\":\"https:\/\/revistaautobus.com.br\/\",\"logo\":{\"@type\":\"ImageObject\",\"inLanguage\":\"pt-BR\",\"@id\":\"https:\/\/revistaautobus.com.br\/#\/schema\/logo\/image\/\",\"url\":\"https:\/\/revistaautobus.com.br\/wp-content\/uploads\/2024\/11\/logo_revista_autobus_fb.png\",\"contentUrl\":\"https:\/\/revistaautobus.com.br\/wp-content\/uploads\/2024\/11\/logo_revista_autobus_fb.png\",\"width\":836,\"height\":227,\"caption\":\"Revista AutoBus\"},\"image\":{\"@id\":\"https:\/\/revistaautobus.com.br\/#\/schema\/logo\/image\/\"},\"sameAs\":[\"https:\/\/www.facebook.com\/antonio.ferro.3150\",\"https:\/\/www.instagram.com\/revistaautobus\/\"]},{\"@type\":\"Person\",\"@id\":\"https:\/\/revistaautobus.com.br\/#\/schema\/person\/54af7c3eb83a310e42ef686ef6d16f50\",\"name\":\"Antonio Ferro\",\"image\":{\"@type\":\"ImageObject\",\"inLanguage\":\"pt-BR\",\"@id\":\"https:\/\/revistaautobus.com.br\/wp-content\/uploads\/2025\/12\/editor_antonio_ferro-150x150.jpg\",\"url\":\"https:\/\/revistaautobus.com.br\/wp-content\/uploads\/2025\/12\/editor_antonio_ferro-150x150.jpg\",\"contentUrl\":\"https:\/\/revistaautobus.com.br\/wp-content\/uploads\/2025\/12\/editor_antonio_ferro-150x150.jpg\",\"caption\":\"Antonio Ferro\"},\"description\":\"infobus@uol.com.br\",\"url\":\"https:\/\/revistaautobus.com.br\/?author=2\"}]}<\/script>\n<!-- \/ Yoast SEO plugin. -->","yoast_head_json":{"title":"Mercedes-Benz premia concession\u00e1rios por a\u00e7\u00f5es socioambientais e foco na satisfa\u00e7\u00e3o do cliente - Revista AutoBus","robots":{"index":"index","follow":"follow","max-snippet":"max-snippet:-1","max-image-preview":"max-image-preview:large","max-video-preview":"max-video-preview:-1"},"canonical":"https:\/\/revistaautobus.com.br\/?p=15180","og_locale":"pt_BR","og_type":"article","og_title":"Mercedes-Benz premia concession\u00e1rios por a\u00e7\u00f5es socioambientais e foco na satisfa\u00e7\u00e3o do cliente - Revista AutoBus","og_description":"O Pr\u00eamio Mercedes-Benz de Responsabilidade Socioambiental \u00e9 uma iniciativa que segue os princ\u00edpios de sustentabilidade, impulsionando a\u00e7\u00f5es junto aos parceiros de neg\u00f3cios e a toda cadeia produtiva alinhadas aos Objetivos de Desenvolvimento Sustent\u00e1vel","og_url":"https:\/\/revistaautobus.com.br\/?p=15180","og_site_name":"Revista AutoBus","article_publisher":"https:\/\/www.facebook.com\/antonio.ferro.3150","article_published_time":"2025-04-21T19:44:27+00:00","og_image":[{"width":1000,"height":666,"url":"https:\/\/revistaautobus.com.br\/wp-content\/uploads\/2025\/04\/20250410_9ded93a8d61f4a749e5fd8722af04b04_foto-capa.png","type":"image\/png"}],"author":"Antonio Ferro","twitter_card":"summary_large_image","twitter_misc":{"Escrito por":"Antonio Ferro","Est. tempo de leitura":"5 minutos"},"schema":{"@context":"https:\/\/schema.org","@graph":[{"@type":"Article","@id":"https:\/\/revistaautobus.com.br\/?p=15180#article","isPartOf":{"@id":"https:\/\/revistaautobus.com.br\/?p=15180"},"author":{"name":"Antonio Ferro","@id":"https:\/\/revistaautobus.com.br\/#\/schema\/person\/54af7c3eb83a310e42ef686ef6d16f50"},"headline":"Mercedes-Benz premia concession\u00e1rios por a\u00e7\u00f5es socioambientais e foco na satisfa\u00e7\u00e3o do cliente","datePublished":"2025-04-21T19:44:27+00:00","mainEntityOfPage":{"@id":"https:\/\/revistaautobus.com.br\/?p=15180"},"wordCount":894,"commentCount":0,"publisher":{"@id":"https:\/\/revistaautobus.com.br\/#organization"},"image":{"@id":"https:\/\/revistaautobus.com.br\/?p=15180#primaryimage"},"thumbnailUrl":"https:\/\/revistaautobus.com.br\/wp-content\/uploads\/2025\/04\/20250410_9ded93a8d61f4a749e5fd8722af04b04_foto-capa.png","keywords":["mercedes-benz"],"articleSection":["Montadoras","Not\u00edcias"],"inLanguage":"pt-BR","potentialAction":[{"@type":"CommentAction","name":"Comment","target":["https:\/\/revistaautobus.com.br\/?p=15180#respond"]}]},{"@type":"WebPage","@id":"https:\/\/revistaautobus.com.br\/?p=15180","url":"https:\/\/revistaautobus.com.br\/?p=15180","name":"Mercedes-Benz premia concession\u00e1rios por a\u00e7\u00f5es socioambientais e foco na satisfa\u00e7\u00e3o do cliente - Revista AutoBus","isPartOf":{"@id":"https:\/\/revistaautobus.com.br\/#website"},"primaryImageOfPage":{"@id":"https:\/\/revistaautobus.com.br\/?p=15180#primaryimage"},"image":{"@id":"https:\/\/revistaautobus.com.br\/?p=15180#primaryimage"},"thumbnailUrl":"https:\/\/revistaautobus.com.br\/wp-content\/uploads\/2025\/04\/20250410_9ded93a8d61f4a749e5fd8722af04b04_foto-capa.png","datePublished":"2025-04-21T19:44:27+00:00","breadcrumb":{"@id":"https:\/\/revistaautobus.com.br\/?p=15180#breadcrumb"},"inLanguage":"pt-BR","potentialAction":[{"@type":"ReadAction","target":["https:\/\/revistaautobus.com.br\/?p=15180"]}]},{"@type":"ImageObject","inLanguage":"pt-BR","@id":"https:\/\/revistaautobus.com.br\/?p=15180#primaryimage","url":"https:\/\/revistaautobus.com.br\/wp-content\/uploads\/2025\/04\/20250410_9ded93a8d61f4a749e5fd8722af04b04_foto-capa.png","contentUrl":"https:\/\/revistaautobus.com.br\/wp-content\/uploads\/2025\/04\/20250410_9ded93a8d61f4a749e5fd8722af04b04_foto-capa.png","width":1000,"height":666},{"@type":"BreadcrumbList","@id":"https:\/\/revistaautobus.com.br\/?p=15180#breadcrumb","itemListElement":[{"@type":"ListItem","position":1,"name":"In\u00edcio","item":"https:\/\/revistaautobus.com.br\/"},{"@type":"ListItem","position":2,"name":"Mercedes-Benz premia concession\u00e1rios por a\u00e7\u00f5es socioambientais e foco na satisfa\u00e7\u00e3o do cliente"}]},{"@type":"WebSite","@id":"https:\/\/revistaautobus.com.br\/#website","url":"https:\/\/revistaautobus.com.br\/","name":"Revista AutoBus","description":"","publisher":{"@id":"https:\/\/revistaautobus.com.br\/#organization"},"potentialAction":[{"@type":"SearchAction","target":{"@type":"EntryPoint","urlTemplate":"https:\/\/revistaautobus.com.br\/?s={search_term_string}"},"query-input":{"@type":"PropertyValueSpecification","valueRequired":true,"valueName":"search_term_string"}}],"inLanguage":"pt-BR"},{"@type":"Organization","@id":"https:\/\/revistaautobus.com.br\/#organization","name":"Revista AutoBus","url":"https:\/\/revistaautobus.com.br\/","logo":{"@type":"ImageObject","inLanguage":"pt-BR","@id":"https:\/\/revistaautobus.com.br\/#\/schema\/logo\/image\/","url":"https:\/\/revistaautobus.com.br\/wp-content\/uploads\/2024\/11\/logo_revista_autobus_fb.png","contentUrl":"https:\/\/revistaautobus.com.br\/wp-content\/uploads\/2024\/11\/logo_revista_autobus_fb.png","width":836,"height":227,"caption":"Revista AutoBus"},"image":{"@id":"https:\/\/revistaautobus.com.br\/#\/schema\/logo\/image\/"},"sameAs":["https:\/\/www.facebook.com\/antonio.ferro.3150","https:\/\/www.instagram.com\/revistaautobus\/"]},{"@type":"Person","@id":"https:\/\/revistaautobus.com.br\/#\/schema\/person\/54af7c3eb83a310e42ef686ef6d16f50","name":"Antonio Ferro","image":{"@type":"ImageObject","inLanguage":"pt-BR","@id":"https:\/\/revistaautobus.com.br\/wp-content\/uploads\/2025\/12\/editor_antonio_ferro-150x150.jpg","url":"https:\/\/revistaautobus.com.br\/wp-content\/uploads\/2025\/12\/editor_antonio_ferro-150x150.jpg","contentUrl":"https:\/\/revistaautobus.com.br\/wp-content\/uploads\/2025\/12\/editor_antonio_ferro-150x150.jpg","caption":"Antonio Ferro"},"description":"infobus@uol.com.br","url":"https:\/\/revistaautobus.com.br\/?author=2"}]}},"jetpack_featured_media_url":"https:\/\/revistaautobus.com.br\/wp-content\/uploads\/2025\/04\/20250410_9ded93a8d61f4a749e5fd8722af04b04_foto-capa.png","jetpack_sharing_enabled":true,"_links":{"self":[{"href":"https:\/\/revistaautobus.com.br\/index.php?rest_route=\/wp\/v2\/posts\/15180","targetHints":{"allow":["GET"]}}],"collection":[{"href":"https:\/\/revistaautobus.com.br\/index.php?rest_route=\/wp\/v2\/posts"}],"about":[{"href":"https:\/\/revistaautobus.com.br\/index.php?rest_route=\/wp\/v2\/types\/post"}],"author":[{"embeddable":true,"href":"https:\/\/revistaautobus.com.br\/index.php?rest_route=\/wp\/v2\/users\/2"}],"replies":[{"embeddable":true,"href":"https:\/\/revistaautobus.com.br\/index.php?rest_route=%2Fwp%2Fv2%2Fcomments&post=15180"}],"version-history":[{"count":2,"href":"https:\/\/revistaautobus.com.br\/index.php?rest_route=\/wp\/v2\/posts\/15180\/revisions"}],"predecessor-version":[{"id":15183,"href":"https:\/\/revistaautobus.com.br\/index.php?rest_route=\/wp\/v2\/posts\/15180\/revisions\/15183"}],"wp:featuredmedia":[{"embeddable":true,"href":"https:\/\/revistaautobus.com.br\/index.php?rest_route=\/wp\/v2\/media\/15181"}],"wp:attachment":[{"href":"https:\/\/revistaautobus.com.br\/index.php?rest_route=%2Fwp%2Fv2%2Fmedia&parent=15180"}],"wp:term":[{"taxonomy":"category","embeddable":true,"href":"https:\/\/revistaautobus.com.br\/index.php?rest_route=%2Fwp%2Fv2%2Fcategories&post=15180"},{"taxonomy":"post_tag","embeddable":true,"href":"https:\/\/revistaautobus.com.br\/index.php?rest_route=%2Fwp%2Fv2%2Ftags&post=15180"}],"curies":[{"name":"wp","href":"https:\/\/api.w.org\/{rel}","templated":true}]}}